{"id":31074,"date":"2022-11-22T10:23:08","date_gmt":"2022-11-22T08:23:08","guid":{"rendered":"https:\/\/www.garciafaura.com\/garcia-faura-participa-a-veteco-fira-internacional-de-la-finestra-la-facana-i-la-proteccio-solar\/"},"modified":"2022-11-22T12:44:00","modified_gmt":"2022-11-22T10:44:00","slug":"garcia-faura-participa-a-veteco-fira-internacional-de-la-finestra-la-facana-i-la-proteccio-solar","status":"publish","type":"post","link":"https:\/\/www.garciafaura.com\/fr\/garcia-faura-participa-a-veteco-fira-internacional-de-la-finestra-la-facana-i-la-proteccio-solar\/","title":{"rendered":"GARCIA FAURA participe \u00e0 Veteco, salon international de la fen\u00eatre, de la fa\u00e7ade et de la protection solaire"},"content":{"rendered":"<p style=\"text-align: justify;\"><strong>GARCIA FAURA a eu l&rsquo;occasion d&rsquo;expliquer sa m\u00e9thodologie de construction et de travail dans le cadre du salon Veteco, le salon international des fen\u00eatres, des fa\u00e7ades et de la protection solaire. Le salon s&rsquo;est d\u00e9roul\u00e9 \u00e0 Madrid du 15 au 18 novembre et a r\u00e9uni des milliers de professionnels des domaines de l&rsquo;architecture, de la construction et du secteur immobilier.<\/strong><\/p>\n<p style=\"text-align: justify;\">Invit\u00e9 par <a href=\"https:\/\/www.technal.com\/fr\/fr\/particuliers\/?utm_source=google&amp;utm_medium=sea&amp;utm_campaign=filrouge&amp;utm_id=marque&amp;utm_source=AdWords&amp;utm_medium=CPC&amp;utm_term=technal&amp;utm_campaign=&amp;gclid=Cj0KCQiAg_KbBhDLARIsANx7wAyOlL7iuu9OgjuI3itwJZWkplwpCDlkNzPVGJjrq6vOgRAmdGmI4H8aAiQfEALw_wcB\" target=\"_blank\" rel=\"noopener\"><strong>Technal<\/strong><\/a> et <a href=\"https:\/\/www.wicona.com\/fr\/fr\/\" target=\"_blank\" rel=\"noopener\"><strong>Wicona<\/strong><\/a>, <strong>GARCIA FAURA<\/strong> a particip\u00e9 \u00e0 une discussion sur le projet de <strong>fa\u00e7ade innovant<\/strong> que l&rsquo;entreprise a d\u00e9velopp\u00e9 cette ann\u00e9e pour la r\u00e9habilitation d&rsquo;un b\u00e2timent r\u00e9sidentiel \u00e0 Sant Quirze del Vall\u00e8s (Barcelone).<\/p>\n<p style=\"text-align: justify;\">Le projet faisait partie du <strong>programme europ\u00e9en Plug-n-Harvest<\/strong>, financ\u00e9 par le <strong>programme Horizon 2020 de l&rsquo;Union Europ\u00e9enne<\/strong>, et qui vise \u00e0 d\u00e9velopper des projets de construction modulaire, qui permettent des \u00e9conomies d&rsquo;\u00e9nergie, de faibles co\u00fbts d&rsquo;installation et favorisent l&rsquo;\u00e9conomie circulaire. Sous ces pr\u00e9misses, le <a href=\"https:\/\/www.garciafaura.com\/fr\/garcia-faura-desenvolupa-una-innovadora-facana-modular-per-a-un-complex-residencial-a-sant-quirze-del-valles\/\" target=\"_blank\" rel=\"noopener\"><strong>projet de Sant Quirze del Vall\u00e8s<\/strong><\/a> a \u00e9t\u00e9 abord\u00e9.<\/p>\n<p style=\"text-align: justify;\"><strong>GARCIA FAURA<\/strong> a \u00e9t\u00e9 l&rsquo;entreprise charg\u00e9e de d\u00e9velopper un prototype de <strong>fa\u00e7ade modulaire et innovant<\/strong>, test\u00e9 en laboratoire et valid\u00e9 par des audits qualit\u00e9. La conception de la production, la fabrication des modules et l&rsquo;ex\u00e9cution des travaux d&rsquo;installation ont \u00e9t\u00e9 d\u00e9velopp\u00e9es.<\/p>\n<p style=\"text-align: justify;\">C&rsquo;est <strong>Toni D\u00edaz, responsable de la Division R\u00e9sidentielle de GARCIA FAURA<\/strong>, qui a expliqu\u00e9 tout ce processus \u00e0 <a href=\"https:\/\/www.ifema.es\/veteco\" target=\"_blank\" rel=\"noopener\"><strong>Veteco<\/strong><\/a> (photo), invit\u00e9 par deux des partenaires que l&rsquo;entreprise a eus pour ce travail : <strong>Wicona<\/strong> et <strong>Technal<\/strong>. Le projet a \u00e9t\u00e9 men\u00e9 par l&rsquo;agence catalane du logement, propri\u00e9taire du b\u00e2timent, et a b\u00e9n\u00e9fici\u00e9 de la participation du cabinet d&rsquo;architecture <a href=\"https:\/\/www.picharchitects.com\/?lang=en\" target=\"_blank\" rel=\"noopener\"><strong>Pich-Aguilera<\/strong><\/a> et de la soci\u00e9t\u00e9 <a href=\"http:\/\/www.entinema.com\/\" target=\"_blank\" rel=\"noopener\"><strong>Enitema<\/strong><\/a>.<\/p>\n","protected":false},"excerpt":{"rendered":"<p>GARCIA FAURA a eu l&rsquo;occasion d&rsquo;expliquer sa m\u00e9thodologie de construction et de travail dans le cadre du salon Veteco, le salon international des fen\u00eatres, des fa\u00e7ades et de la protection solaire. Le salon s&rsquo;est d\u00e9roul\u00e9 \u00e0 Madrid du 15 au&hellip;<\/p>\n","protected":false},"author":3,"featured_media":31070,"comment_status":"closed","ping_status":"open","sticky":false,"template":"","format":"gallery","meta":{"footnotes":""},"categories":[2],"tags":[],"post_series":[],"class_list":["post-31074","post","type-post","status-publish","format-gallery","has-post-thumbnail","hentry","category-actualite","post_format-post-format-gallery","entry","has-media"],"yoast_head":"<!-- This site is optimized with the Yoast SEO plugin v26.7 - https:\/\/yoast.com\/wordpress\/plugins\/seo\/ -->\n<title>GARCIA FAURA participe \u00e0 Veteco, salon international de la fen\u00eatre, de la fa\u00e7ade et de la protection solaire - GARCIA FAURA<\/title>\n<meta name=\"description\" content=\"Arquitectura en Alumini, Inox, Ferro i Vidre\" \/>\n<meta name=\"robots\" content=\"index, follow, max-snippet:-1, max-image-preview:large, max-video-preview:-1\" \/>\n<link rel=\"canonical\" href=\"https:\/\/www.garciafaura.com\/fr\/garcia-faura-participa-a-veteco-fira-internacional-de-la-finestra-la-facana-i-la-proteccio-solar\/\" \/>\n<meta property=\"og:locale\" content=\"fr_FR\" \/>\n<meta property=\"og:type\" content=\"article\" \/>\n<meta property=\"og:title\" content=\"GARCIA FAURA participe \u00e0 Veteco, salon international de la fen\u00eatre, de la fa\u00e7ade et de la protection solaire - GARCIA FAURA\" \/>\n<meta property=\"og:description\" content=\"Arquitectura en Alumini, Inox, Ferro i Vidre\" \/>\n<meta property=\"og:url\" content=\"https:\/\/www.garciafaura.com\/fr\/garcia-faura-participa-a-veteco-fira-internacional-de-la-finestra-la-facana-i-la-proteccio-solar\/\" \/>\n<meta property=\"og:site_name\" content=\"GARCIA FAURA\" \/>\n<meta property=\"article:published_time\" content=\"2022-11-22T08:23:08+00:00\" \/>\n<meta property=\"article:modified_time\" content=\"2022-11-22T10:44:00+00:00\" \/>\n<meta property=\"og:image\" content=\"https:\/\/www.garciafaura.com\/wp-content\/uploads\/2022\/11\/Toni-Diaz-Veteco.jpg\" \/>\n\t<meta property=\"og:image:width\" content=\"1280\" \/>\n\t<meta property=\"og:image:height\" content=\"1040\" \/>\n\t<meta property=\"og:image:type\" content=\"image\/jpeg\" \/>\n<meta name=\"author\" content=\"David Achell\" \/>\n<meta name=\"twitter:card\" content=\"summary_large_image\" \/>\n<meta name=\"twitter:label1\" content=\"\u00c9crit par\" \/>\n\t<meta name=\"twitter:data1\" content=\"David Achell\" \/>\n\t<meta name=\"twitter:label2\" content=\"Dur\u00e9e de lecture estim\u00e9e\" \/>\n\t<meta name=\"twitter:data2\" content=\"2 minutes\" \/>\n<script type=\"application\/ld+json\" class=\"yoast-schema-graph\">{\"@context\":\"https:\/\/schema.org\",\"@graph\":[{\"@type\":\"Article\",\"@id\":\"https:\/\/www.garciafaura.com\/fr\/garcia-faura-participa-a-veteco-fira-internacional-de-la-finestra-la-facana-i-la-proteccio-solar\/#article\",\"isPartOf\":{\"@id\":\"https:\/\/www.garciafaura.com\/fr\/garcia-faura-participa-a-veteco-fira-internacional-de-la-finestra-la-facana-i-la-proteccio-solar\/\"},\"author\":{\"name\":\"David Achell\",\"@id\":\"https:\/\/www.garciafaura.com\/fr\/#\/schema\/person\/b4b75e69b33fac3446071909bec106b0\"},\"headline\":\"GARCIA FAURA participe \u00e0 Veteco, salon international de la fen\u00eatre, de la fa\u00e7ade et de la protection solaire\",\"datePublished\":\"2022-11-22T08:23:08+00:00\",\"dateModified\":\"2022-11-22T10:44:00+00:00\",\"mainEntityOfPage\":{\"@id\":\"https:\/\/www.garciafaura.com\/fr\/garcia-faura-participa-a-veteco-fira-internacional-de-la-finestra-la-facana-i-la-proteccio-solar\/\"},\"wordCount\":312,\"publisher\":{\"@id\":\"https:\/\/www.garciafaura.com\/fr\/#organization\"},\"image\":{\"@id\":\"https:\/\/www.garciafaura.com\/fr\/garcia-faura-participa-a-veteco-fira-internacional-de-la-finestra-la-facana-i-la-proteccio-solar\/#primaryimage\"},\"thumbnailUrl\":\"https:\/\/www.garciafaura.com\/wp-content\/uploads\/2022\/11\/Toni-Diaz-Veteco.jpg\",\"articleSection\":[\"Actualit\u00e9\"],\"inLanguage\":\"fr-FR\"},{\"@type\":\"WebPage\",\"@id\":\"https:\/\/www.garciafaura.com\/fr\/garcia-faura-participa-a-veteco-fira-internacional-de-la-finestra-la-facana-i-la-proteccio-solar\/\",\"url\":\"https:\/\/www.garciafaura.com\/fr\/garcia-faura-participa-a-veteco-fira-internacional-de-la-finestra-la-facana-i-la-proteccio-solar\/\",\"name\":\"GARCIA FAURA participe \u00e0 Veteco, salon international de la fen\u00eatre, de la fa\u00e7ade et de la protection solaire - GARCIA FAURA\",\"isPartOf\":{\"@id\":\"https:\/\/www.garciafaura.com\/fr\/#website\"},\"primaryImageOfPage\":{\"@id\":\"https:\/\/www.garciafaura.com\/fr\/garcia-faura-participa-a-veteco-fira-internacional-de-la-finestra-la-facana-i-la-proteccio-solar\/#primaryimage\"},\"image\":{\"@id\":\"https:\/\/www.garciafaura.com\/fr\/garcia-faura-participa-a-veteco-fira-internacional-de-la-finestra-la-facana-i-la-proteccio-solar\/#primaryimage\"},\"thumbnailUrl\":\"https:\/\/www.garciafaura.com\/wp-content\/uploads\/2022\/11\/Toni-Diaz-Veteco.jpg\",\"datePublished\":\"2022-11-22T08:23:08+00:00\",\"dateModified\":\"2022-11-22T10:44:00+00:00\",\"description\":\"Arquitectura en Alumini, Inox, Ferro i Vidre\",\"breadcrumb\":{\"@id\":\"https:\/\/www.garciafaura.com\/fr\/garcia-faura-participa-a-veteco-fira-internacional-de-la-finestra-la-facana-i-la-proteccio-solar\/#breadcrumb\"},\"inLanguage\":\"fr-FR\",\"potentialAction\":[{\"@type\":\"ReadAction\",\"target\":[\"https:\/\/www.garciafaura.com\/fr\/garcia-faura-participa-a-veteco-fira-internacional-de-la-finestra-la-facana-i-la-proteccio-solar\/\"]}]},{\"@type\":\"ImageObject\",\"inLanguage\":\"fr-FR\",\"@id\":\"https:\/\/www.garciafaura.com\/fr\/garcia-faura-participa-a-veteco-fira-internacional-de-la-finestra-la-facana-i-la-proteccio-solar\/#primaryimage\",\"url\":\"https:\/\/www.garciafaura.com\/wp-content\/uploads\/2022\/11\/Toni-Diaz-Veteco.jpg\",\"contentUrl\":\"https:\/\/www.garciafaura.com\/wp-content\/uploads\/2022\/11\/Toni-Diaz-Veteco.jpg\",\"width\":1280,\"height\":1040,\"caption\":\"Toni Diaz Veteco Garcia Faura\"},{\"@type\":\"BreadcrumbList\",\"@id\":\"https:\/\/www.garciafaura.com\/fr\/garcia-faura-participa-a-veteco-fira-internacional-de-la-finestra-la-facana-i-la-proteccio-solar\/#breadcrumb\",\"itemListElement\":[{\"@type\":\"ListItem\",\"position\":1,\"name\":\"Inici\",\"item\":\"https:\/\/www.garciafaura.com\/fr\/\"},{\"@type\":\"ListItem\",\"position\":2,\"name\":\"GARCIA FAURA participe \u00e0 Veteco, salon international de la fen\u00eatre, de la fa\u00e7ade et de la protection solaire\"}]},{\"@type\":\"WebSite\",\"@id\":\"https:\/\/www.garciafaura.com\/fr\/#website\",\"url\":\"https:\/\/www.garciafaura.com\/fr\/\",\"name\":\"GARCIA FAURA\",\"description\":\"Arquitectura en Alumini, Inox, Ferro i Vidre\",\"publisher\":{\"@id\":\"https:\/\/www.garciafaura.com\/fr\/#organization\"},\"potentialAction\":[{\"@type\":\"SearchAction\",\"target\":{\"@type\":\"EntryPoint\",\"urlTemplate\":\"https:\/\/www.garciafaura.com\/fr\/?s={search_term_string}\"},\"query-input\":{\"@type\":\"PropertyValueSpecification\",\"valueRequired\":true,\"valueName\":\"search_term_string\"}}],\"inLanguage\":\"fr-FR\"},{\"@type\":\"Organization\",\"@id\":\"https:\/\/www.garciafaura.com\/fr\/#organization\",\"name\":\"GARCIA FAURA\",\"url\":\"https:\/\/www.garciafaura.com\/fr\/\",\"logo\":{\"@type\":\"ImageObject\",\"inLanguage\":\"fr-FR\",\"@id\":\"https:\/\/www.garciafaura.com\/fr\/#\/schema\/logo\/image\/\",\"url\":\"https:\/\/www.garciafaura.com\/wp-content\/uploads\/2018\/09\/Garcia-Faura.png\",\"contentUrl\":\"https:\/\/www.garciafaura.com\/wp-content\/uploads\/2018\/09\/Garcia-Faura.png\",\"width\":512,\"height\":512,\"caption\":\"GARCIA FAURA\"},\"image\":{\"@id\":\"https:\/\/www.garciafaura.com\/fr\/#\/schema\/logo\/image\/\"},\"sameAs\":[\"https:\/\/www.youtube.com\/user\/GARCIAFAURA\"]},{\"@type\":\"Person\",\"@id\":\"https:\/\/www.garciafaura.com\/fr\/#\/schema\/person\/b4b75e69b33fac3446071909bec106b0\",\"name\":\"David Achell\",\"image\":{\"@type\":\"ImageObject\",\"inLanguage\":\"fr-FR\",\"@id\":\"https:\/\/www.garciafaura.com\/fr\/#\/schema\/person\/image\/\",\"url\":\"https:\/\/secure.gravatar.com\/avatar\/03900210afc1f61bce737bcb4a79c02e2c997f171e3eca839b5a4cbe03846c90?s=96&d=blank&r=g\",\"contentUrl\":\"https:\/\/secure.gravatar.com\/avatar\/03900210afc1f61bce737bcb4a79c02e2c997f171e3eca839b5a4cbe03846c90?s=96&d=blank&r=g\",\"caption\":\"David Achell\"}}]}<\/script>\n<!-- \/ Yoast SEO plugin. -->","yoast_head_json":{"title":"GARCIA FAURA participe \u00e0 Veteco, salon international de la fen\u00eatre, de la fa\u00e7ade et de la protection solaire - GARCIA FAURA","description":"Arquitectura en Alumini, Inox, Ferro i Vidre","robots":{"index":"index","follow":"follow","max-snippet":"max-snippet:-1","max-image-preview":"max-image-preview:large","max-video-preview":"max-video-preview:-1"},"canonical":"https:\/\/www.garciafaura.com\/fr\/garcia-faura-participa-a-veteco-fira-internacional-de-la-finestra-la-facana-i-la-proteccio-solar\/","og_locale":"fr_FR","og_type":"article","og_title":"GARCIA FAURA participe \u00e0 Veteco, salon international de la fen\u00eatre, de la fa\u00e7ade et de la protection solaire - GARCIA FAURA","og_description":"Arquitectura en Alumini, Inox, Ferro i Vidre","og_url":"https:\/\/www.garciafaura.com\/fr\/garcia-faura-participa-a-veteco-fira-internacional-de-la-finestra-la-facana-i-la-proteccio-solar\/","og_site_name":"GARCIA FAURA","article_published_time":"2022-11-22T08:23:08+00:00","article_modified_time":"2022-11-22T10:44:00+00:00","og_image":[{"width":1280,"height":1040,"url":"https:\/\/www.garciafaura.com\/wp-content\/uploads\/2022\/11\/Toni-Diaz-Veteco.jpg","type":"image\/jpeg"}],"author":"David Achell","twitter_card":"summary_large_image","twitter_misc":{"\u00c9crit par":"David Achell","Dur\u00e9e de lecture estim\u00e9e":"2 minutes"},"schema":{"@context":"https:\/\/schema.org","@graph":[{"@type":"Article","@id":"https:\/\/www.garciafaura.com\/fr\/garcia-faura-participa-a-veteco-fira-internacional-de-la-finestra-la-facana-i-la-proteccio-solar\/#article","isPartOf":{"@id":"https:\/\/www.garciafaura.com\/fr\/garcia-faura-participa-a-veteco-fira-internacional-de-la-finestra-la-facana-i-la-proteccio-solar\/"},"author":{"name":"David Achell","@id":"https:\/\/www.garciafaura.com\/fr\/#\/schema\/person\/b4b75e69b33fac3446071909bec106b0"},"headline":"GARCIA FAURA participe \u00e0 Veteco, salon international de la fen\u00eatre, de la fa\u00e7ade et de la protection solaire","datePublished":"2022-11-22T08:23:08+00:00","dateModified":"2022-11-22T10:44:00+00:00","mainEntityOfPage":{"@id":"https:\/\/www.garciafaura.com\/fr\/garcia-faura-participa-a-veteco-fira-internacional-de-la-finestra-la-facana-i-la-proteccio-solar\/"},"wordCount":312,"publisher":{"@id":"https:\/\/www.garciafaura.com\/fr\/#organization"},"image":{"@id":"https:\/\/www.garciafaura.com\/fr\/garcia-faura-participa-a-veteco-fira-internacional-de-la-finestra-la-facana-i-la-proteccio-solar\/#primaryimage"},"thumbnailUrl":"https:\/\/www.garciafaura.com\/wp-content\/uploads\/2022\/11\/Toni-Diaz-Veteco.jpg","articleSection":["Actualit\u00e9"],"inLanguage":"fr-FR"},{"@type":"WebPage","@id":"https:\/\/www.garciafaura.com\/fr\/garcia-faura-participa-a-veteco-fira-internacional-de-la-finestra-la-facana-i-la-proteccio-solar\/","url":"https:\/\/www.garciafaura.com\/fr\/garcia-faura-participa-a-veteco-fira-internacional-de-la-finestra-la-facana-i-la-proteccio-solar\/","name":"GARCIA FAURA participe \u00e0 Veteco, salon international de la fen\u00eatre, de la fa\u00e7ade et de la protection solaire - GARCIA FAURA","isPartOf":{"@id":"https:\/\/www.garciafaura.com\/fr\/#website"},"primaryImageOfPage":{"@id":"https:\/\/www.garciafaura.com\/fr\/garcia-faura-participa-a-veteco-fira-internacional-de-la-finestra-la-facana-i-la-proteccio-solar\/#primaryimage"},"image":{"@id":"https:\/\/www.garciafaura.com\/fr\/garcia-faura-participa-a-veteco-fira-internacional-de-la-finestra-la-facana-i-la-proteccio-solar\/#primaryimage"},"thumbnailUrl":"https:\/\/www.garciafaura.com\/wp-content\/uploads\/2022\/11\/Toni-Diaz-Veteco.jpg","datePublished":"2022-11-22T08:23:08+00:00","dateModified":"2022-11-22T10:44:00+00:00","description":"Arquitectura en Alumini, Inox, Ferro i Vidre","breadcrumb":{"@id":"https:\/\/www.garciafaura.com\/fr\/garcia-faura-participa-a-veteco-fira-internacional-de-la-finestra-la-facana-i-la-proteccio-solar\/#breadcrumb"},"inLanguage":"fr-FR","potentialAction":[{"@type":"ReadAction","target":["https:\/\/www.garciafaura.com\/fr\/garcia-faura-participa-a-veteco-fira-internacional-de-la-finestra-la-facana-i-la-proteccio-solar\/"]}]},{"@type":"ImageObject","inLanguage":"fr-FR","@id":"https:\/\/www.garciafaura.com\/fr\/garcia-faura-participa-a-veteco-fira-internacional-de-la-finestra-la-facana-i-la-proteccio-solar\/#primaryimage","url":"https:\/\/www.garciafaura.com\/wp-content\/uploads\/2022\/11\/Toni-Diaz-Veteco.jpg","contentUrl":"https:\/\/www.garciafaura.com\/wp-content\/uploads\/2022\/11\/Toni-Diaz-Veteco.jpg","width":1280,"height":1040,"caption":"Toni Diaz Veteco Garcia Faura"},{"@type":"BreadcrumbList","@id":"https:\/\/www.garciafaura.com\/fr\/garcia-faura-participa-a-veteco-fira-internacional-de-la-finestra-la-facana-i-la-proteccio-solar\/#breadcrumb","itemListElement":[{"@type":"ListItem","position":1,"name":"Inici","item":"https:\/\/www.garciafaura.com\/fr\/"},{"@type":"ListItem","position":2,"name":"GARCIA FAURA participe \u00e0 Veteco, salon international de la fen\u00eatre, de la fa\u00e7ade et de la protection solaire"}]},{"@type":"WebSite","@id":"https:\/\/www.garciafaura.com\/fr\/#website","url":"https:\/\/www.garciafaura.com\/fr\/","name":"GARCIA FAURA","description":"Arquitectura en Alumini, Inox, Ferro i Vidre","publisher":{"@id":"https:\/\/www.garciafaura.com\/fr\/#organization"},"potentialAction":[{"@type":"SearchAction","target":{"@type":"EntryPoint","urlTemplate":"https:\/\/www.garciafaura.com\/fr\/?s={search_term_string}"},"query-input":{"@type":"PropertyValueSpecification","valueRequired":true,"valueName":"search_term_string"}}],"inLanguage":"fr-FR"},{"@type":"Organization","@id":"https:\/\/www.garciafaura.com\/fr\/#organization","name":"GARCIA FAURA","url":"https:\/\/www.garciafaura.com\/fr\/","logo":{"@type":"ImageObject","inLanguage":"fr-FR","@id":"https:\/\/www.garciafaura.com\/fr\/#\/schema\/logo\/image\/","url":"https:\/\/www.garciafaura.com\/wp-content\/uploads\/2018\/09\/Garcia-Faura.png","contentUrl":"https:\/\/www.garciafaura.com\/wp-content\/uploads\/2018\/09\/Garcia-Faura.png","width":512,"height":512,"caption":"GARCIA FAURA"},"image":{"@id":"https:\/\/www.garciafaura.com\/fr\/#\/schema\/logo\/image\/"},"sameAs":["https:\/\/www.youtube.com\/user\/GARCIAFAURA"]},{"@type":"Person","@id":"https:\/\/www.garciafaura.com\/fr\/#\/schema\/person\/b4b75e69b33fac3446071909bec106b0","name":"David Achell","image":{"@type":"ImageObject","inLanguage":"fr-FR","@id":"https:\/\/www.garciafaura.com\/fr\/#\/schema\/person\/image\/","url":"https:\/\/secure.gravatar.com\/avatar\/03900210afc1f61bce737bcb4a79c02e2c997f171e3eca839b5a4cbe03846c90?s=96&d=blank&r=g","contentUrl":"https:\/\/secure.gravatar.com\/avatar\/03900210afc1f61bce737bcb4a79c02e2c997f171e3eca839b5a4cbe03846c90?s=96&d=blank&r=g","caption":"David Achell"}}]}},"_links":{"self":[{"href":"https:\/\/www.garciafaura.com\/fr\/wp-json\/wp\/v2\/posts\/31074","targetHints":{"allow":["GET"]}}],"collection":[{"href":"https:\/\/www.garciafaura.com\/fr\/wp-json\/wp\/v2\/posts"}],"about":[{"href":"https:\/\/www.garciafaura.com\/fr\/wp-json\/wp\/v2\/types\/post"}],"author":[{"embeddable":true,"href":"https:\/\/www.garciafaura.com\/fr\/wp-json\/wp\/v2\/users\/3"}],"replies":[{"embeddable":true,"href":"https:\/\/www.garciafaura.com\/fr\/wp-json\/wp\/v2\/comments?post=31074"}],"version-history":[{"count":2,"href":"https:\/\/www.garciafaura.com\/fr\/wp-json\/wp\/v2\/posts\/31074\/revisions"}],"predecessor-version":[{"id":31079,"href":"https:\/\/www.garciafaura.com\/fr\/wp-json\/wp\/v2\/posts\/31074\/revisions\/31079"}],"wp:featuredmedia":[{"embeddable":true,"href":"https:\/\/www.garciafaura.com\/fr\/wp-json\/wp\/v2\/media\/31070"}],"wp:attachment":[{"href":"https:\/\/www.garciafaura.com\/fr\/wp-json\/wp\/v2\/media?parent=31074"}],"wp:term":[{"taxonomy":"category","embeddable":true,"href":"https:\/\/www.garciafaura.com\/fr\/wp-json\/wp\/v2\/categories?post=31074"},{"taxonomy":"post_tag","embeddable":true,"href":"https:\/\/www.garciafaura.com\/fr\/wp-json\/wp\/v2\/tags?post=31074"},{"taxonomy":"post_series","embeddable":true,"href":"https:\/\/www.garciafaura.com\/fr\/wp-json\/wp\/v2\/post_series?post=31074"}],"curies":[{"name":"wp","href":"https:\/\/api.w.org\/{rel}","templated":true}]}}