{"id":30996,"date":"2022-11-15T18:20:46","date_gmt":"2022-11-15T16:20:46","guid":{"rendered":"https:\/\/www.garciafaura.com\/rehabilitacio-de-facana-per-a-millorar-lestetica-leficiencia-i-les-prestacions-dun-edifici-doficines\/"},"modified":"2022-11-15T18:29:17","modified_gmt":"2022-11-15T16:29:17","slug":"rehabilitacio-de-facana-per-a-millorar-lestetica-leficiencia-i-les-prestacions-dun-edifici-doficines","status":"publish","type":"post","link":"https:\/\/www.garciafaura.com\/fr\/rehabilitacio-de-facana-per-a-millorar-lestetica-leficiencia-i-les-prestacions-dun-edifici-doficines\/","title":{"rendered":"R\u00e9habilitation des fa\u00e7ades pour am\u00e9liorer l&rsquo;esth\u00e9tique, l&rsquo;efficacit\u00e9 et la performance d&rsquo;un b\u00e2timent de bureaux"},"content":{"rendered":"<p style=\"text-align: justify;\"><strong>GARCIA FAURA ex\u00e9cute la r\u00e9novation de la fa\u00e7ade de l&rsquo;immeuble commercial Diagonal 67 \u00e0 Barcelone. L&rsquo;intervention consiste en la cr\u00e9ation d&rsquo;une nouvelle section de mur-rideau qui couvrira les trous et les caissons d&rsquo;ascenseur. Ainsi, il est possible de donner une continuit\u00e9 de fa\u00e7ade aux murs-rideaux d\u00e9j\u00e0 existants.<\/strong><\/p>\n<p style=\"text-align: justify;\">L&rsquo;intervention vise \u00e0 am\u00e9liorer l&rsquo;esth\u00e9tique et la s\u00e9curit\u00e9, \u00e0 augmenter la luminosit\u00e9 de la <strong>fa\u00e7ade<\/strong> sud du b\u00e2timent et \u00e0 am\u00e9liorer l&rsquo;efficacit\u00e9 g\u00e9n\u00e9rale du b\u00e2timent. Les travaux pr\u00e9voient la cr\u00e9ation d&rsquo;un nouveau <strong>mur-rideau<\/strong> et des nouveaux secteurs de protection incendie, ainsi que l&rsquo;installation d&rsquo;un <strong>ensemble de lames motoris\u00e9es \u00e0 ouverture \u00e0 l\u2019italienne<\/strong>.<\/p>\n<p style=\"text-align: justify;\">L&rsquo;action est dirig\u00e9e depuis la <strong>Division Maintenance de GARCIA FAURA<\/strong> qui, ces derniers temps, s&rsquo;est sp\u00e9cialis\u00e9e dans les interventions de <strong>r\u00e9habilitation<\/strong> et d&rsquo;am\u00e9lioration de l&rsquo;efficacit\u00e9 des b\u00e2timents tertiaires.<\/p>\n<p style=\"text-align: justify;\">Un secteur, celui de la <strong>r\u00e9habilitation<\/strong>, en forte croissance, en grande partie en raison de la n\u00e9cessit\u00e9 de mettre \u00e0 jour des installations anciennes, mais aussi en raison d&rsquo;une plus grande prise de conscience de l&rsquo;avantage social et \u00e9conomique d&rsquo;une <strong>fa\u00e7ade<\/strong> efficace.<\/p>\n<p style=\"text-align: justify;\">Ainsi, un diagnostic de l&rsquo;\u00e9tat des <strong>fa\u00e7ades<\/strong> d&rsquo;un b\u00e2timent permet d&rsquo;identifier les besoins de maintenance et les opportunit\u00e9s d&rsquo;am\u00e9lioration sur des aspects tels que l&rsquo;efficacit\u00e9 \u00e9nerg\u00e9tique et de meilleures performances techniques et acoustiques.<\/p>\n","protected":false},"excerpt":{"rendered":"<p>GARCIA FAURA ex\u00e9cute la r\u00e9novation de la fa\u00e7ade de l&rsquo;immeuble commercial Diagonal 67 \u00e0 Barcelone. L&rsquo;intervention consiste en la cr\u00e9ation d&rsquo;une nouvelle section de mur-rideau qui couvrira les trous et les caissons d&rsquo;ascenseur. Ainsi, il est possible de donner une&hellip;<\/p>\n","protected":false},"author":3,"featured_media":30992,"comment_status":"closed","ping_status":"open","sticky":false,"template":"","format":"gallery","meta":{"footnotes":""},"categories":[2],"tags":[],"post_series":[],"class_list":["post-30996","post","type-post","status-publish","format-gallery","has-post-thumbnail","hentry","category-actualite","post_format-post-format-gallery","entry","has-media"],"yoast_head":"<!-- This site is optimized with the Yoast SEO plugin v26.7 - https:\/\/yoast.com\/wordpress\/plugins\/seo\/ -->\n<title>R\u00e9habilitation des fa\u00e7ades pour am\u00e9liorer l&#039;esth\u00e9tique, l&#039;efficacit\u00e9 et la performance d&#039;un b\u00e2timent de bureaux - GARCIA FAURA<\/title>\n<meta name=\"description\" content=\"Arquitectura en Alumini, Inox, Ferro i Vidre\" \/>\n<meta name=\"robots\" content=\"index, follow, max-snippet:-1, max-image-preview:large, max-video-preview:-1\" \/>\n<link rel=\"canonical\" href=\"https:\/\/www.garciafaura.com\/fr\/rehabilitacio-de-facana-per-a-millorar-lestetica-leficiencia-i-les-prestacions-dun-edifici-doficines\/\" \/>\n<meta property=\"og:locale\" content=\"fr_FR\" \/>\n<meta property=\"og:type\" content=\"article\" \/>\n<meta property=\"og:title\" content=\"R\u00e9habilitation des fa\u00e7ades pour am\u00e9liorer l&#039;esth\u00e9tique, l&#039;efficacit\u00e9 et la performance d&#039;un b\u00e2timent de bureaux - GARCIA FAURA\" \/>\n<meta property=\"og:description\" content=\"Arquitectura en Alumini, Inox, Ferro i Vidre\" \/>\n<meta property=\"og:url\" content=\"https:\/\/www.garciafaura.com\/fr\/rehabilitacio-de-facana-per-a-millorar-lestetica-leficiencia-i-les-prestacions-dun-edifici-doficines\/\" \/>\n<meta property=\"og:site_name\" content=\"GARCIA FAURA\" \/>\n<meta property=\"article:published_time\" content=\"2022-11-15T16:20:46+00:00\" \/>\n<meta property=\"article:modified_time\" content=\"2022-11-15T16:29:17+00:00\" \/>\n<meta property=\"og:image\" content=\"https:\/\/www.garciafaura.com\/wp-content\/uploads\/2022\/11\/Diagonal67_0.jpg\" \/>\n\t<meta property=\"og:image:width\" content=\"1024\" \/>\n\t<meta property=\"og:image:height\" content=\"768\" \/>\n\t<meta property=\"og:image:type\" content=\"image\/jpeg\" \/>\n<meta name=\"author\" content=\"David Achell\" \/>\n<meta name=\"twitter:card\" content=\"summary_large_image\" \/>\n<meta name=\"twitter:label1\" content=\"\u00c9crit par\" \/>\n\t<meta name=\"twitter:data1\" content=\"David Achell\" \/>\n\t<meta name=\"twitter:label2\" content=\"Dur\u00e9e de lecture estim\u00e9e\" \/>\n\t<meta name=\"twitter:data2\" content=\"2 minutes\" \/>\n<script type=\"application\/ld+json\" class=\"yoast-schema-graph\">{\"@context\":\"https:\/\/schema.org\",\"@graph\":[{\"@type\":\"Article\",\"@id\":\"https:\/\/www.garciafaura.com\/fr\/rehabilitacio-de-facana-per-a-millorar-lestetica-leficiencia-i-les-prestacions-dun-edifici-doficines\/#article\",\"isPartOf\":{\"@id\":\"https:\/\/www.garciafaura.com\/fr\/rehabilitacio-de-facana-per-a-millorar-lestetica-leficiencia-i-les-prestacions-dun-edifici-doficines\/\"},\"author\":{\"name\":\"David Achell\",\"@id\":\"https:\/\/www.garciafaura.com\/fr\/#\/schema\/person\/b4b75e69b33fac3446071909bec106b0\"},\"headline\":\"R\u00e9habilitation des fa\u00e7ades pour am\u00e9liorer l&rsquo;esth\u00e9tique, l&rsquo;efficacit\u00e9 et la performance d&rsquo;un b\u00e2timent de bureaux\",\"datePublished\":\"2022-11-15T16:20:46+00:00\",\"dateModified\":\"2022-11-15T16:29:17+00:00\",\"mainEntityOfPage\":{\"@id\":\"https:\/\/www.garciafaura.com\/fr\/rehabilitacio-de-facana-per-a-millorar-lestetica-leficiencia-i-les-prestacions-dun-edifici-doficines\/\"},\"wordCount\":271,\"publisher\":{\"@id\":\"https:\/\/www.garciafaura.com\/fr\/#organization\"},\"image\":{\"@id\":\"https:\/\/www.garciafaura.com\/fr\/rehabilitacio-de-facana-per-a-millorar-lestetica-leficiencia-i-les-prestacions-dun-edifici-doficines\/#primaryimage\"},\"thumbnailUrl\":\"https:\/\/www.garciafaura.com\/wp-content\/uploads\/2022\/11\/Diagonal67_0.jpg\",\"articleSection\":[\"Actualit\u00e9\"],\"inLanguage\":\"fr-FR\"},{\"@type\":\"WebPage\",\"@id\":\"https:\/\/www.garciafaura.com\/fr\/rehabilitacio-de-facana-per-a-millorar-lestetica-leficiencia-i-les-prestacions-dun-edifici-doficines\/\",\"url\":\"https:\/\/www.garciafaura.com\/fr\/rehabilitacio-de-facana-per-a-millorar-lestetica-leficiencia-i-les-prestacions-dun-edifici-doficines\/\",\"name\":\"R\u00e9habilitation des fa\u00e7ades pour am\u00e9liorer l'esth\u00e9tique, l'efficacit\u00e9 et la performance d'un b\u00e2timent de bureaux - GARCIA FAURA\",\"isPartOf\":{\"@id\":\"https:\/\/www.garciafaura.com\/fr\/#website\"},\"primaryImageOfPage\":{\"@id\":\"https:\/\/www.garciafaura.com\/fr\/rehabilitacio-de-facana-per-a-millorar-lestetica-leficiencia-i-les-prestacions-dun-edifici-doficines\/#primaryimage\"},\"image\":{\"@id\":\"https:\/\/www.garciafaura.com\/fr\/rehabilitacio-de-facana-per-a-millorar-lestetica-leficiencia-i-les-prestacions-dun-edifici-doficines\/#primaryimage\"},\"thumbnailUrl\":\"https:\/\/www.garciafaura.com\/wp-content\/uploads\/2022\/11\/Diagonal67_0.jpg\",\"datePublished\":\"2022-11-15T16:20:46+00:00\",\"dateModified\":\"2022-11-15T16:29:17+00:00\",\"description\":\"Arquitectura en Alumini, Inox, Ferro i Vidre\",\"breadcrumb\":{\"@id\":\"https:\/\/www.garciafaura.com\/fr\/rehabilitacio-de-facana-per-a-millorar-lestetica-leficiencia-i-les-prestacions-dun-edifici-doficines\/#breadcrumb\"},\"inLanguage\":\"fr-FR\",\"potentialAction\":[{\"@type\":\"ReadAction\",\"target\":[\"https:\/\/www.garciafaura.com\/fr\/rehabilitacio-de-facana-per-a-millorar-lestetica-leficiencia-i-les-prestacions-dun-edifici-doficines\/\"]}]},{\"@type\":\"ImageObject\",\"inLanguage\":\"fr-FR\",\"@id\":\"https:\/\/www.garciafaura.com\/fr\/rehabilitacio-de-facana-per-a-millorar-lestetica-leficiencia-i-les-prestacions-dun-edifici-doficines\/#primaryimage\",\"url\":\"https:\/\/www.garciafaura.com\/wp-content\/uploads\/2022\/11\/Diagonal67_0.jpg\",\"contentUrl\":\"https:\/\/www.garciafaura.com\/wp-content\/uploads\/2022\/11\/Diagonal67_0.jpg\",\"width\":1024,\"height\":768,\"caption\":\"Garcia Faura fa\u00e7ade Diagonal 67\"},{\"@type\":\"BreadcrumbList\",\"@id\":\"https:\/\/www.garciafaura.com\/fr\/rehabilitacio-de-facana-per-a-millorar-lestetica-leficiencia-i-les-prestacions-dun-edifici-doficines\/#breadcrumb\",\"itemListElement\":[{\"@type\":\"ListItem\",\"position\":1,\"name\":\"Inici\",\"item\":\"https:\/\/www.garciafaura.com\/fr\/\"},{\"@type\":\"ListItem\",\"position\":2,\"name\":\"R\u00e9habilitation des fa\u00e7ades pour am\u00e9liorer l&#8217;esth\u00e9tique, l&#8217;efficacit\u00e9 et la performance d&#8217;un b\u00e2timent de bureaux\"}]},{\"@type\":\"WebSite\",\"@id\":\"https:\/\/www.garciafaura.com\/fr\/#website\",\"url\":\"https:\/\/www.garciafaura.com\/fr\/\",\"name\":\"GARCIA FAURA\",\"description\":\"Arquitectura en Alumini, Inox, Ferro i Vidre\",\"publisher\":{\"@id\":\"https:\/\/www.garciafaura.com\/fr\/#organization\"},\"potentialAction\":[{\"@type\":\"SearchAction\",\"target\":{\"@type\":\"EntryPoint\",\"urlTemplate\":\"https:\/\/www.garciafaura.com\/fr\/?s={search_term_string}\"},\"query-input\":{\"@type\":\"PropertyValueSpecification\",\"valueRequired\":true,\"valueName\":\"search_term_string\"}}],\"inLanguage\":\"fr-FR\"},{\"@type\":\"Organization\",\"@id\":\"https:\/\/www.garciafaura.com\/fr\/#organization\",\"name\":\"GARCIA FAURA\",\"url\":\"https:\/\/www.garciafaura.com\/fr\/\",\"logo\":{\"@type\":\"ImageObject\",\"inLanguage\":\"fr-FR\",\"@id\":\"https:\/\/www.garciafaura.com\/fr\/#\/schema\/logo\/image\/\",\"url\":\"https:\/\/www.garciafaura.com\/wp-content\/uploads\/2018\/09\/Garcia-Faura.png\",\"contentUrl\":\"https:\/\/www.garciafaura.com\/wp-content\/uploads\/2018\/09\/Garcia-Faura.png\",\"width\":512,\"height\":512,\"caption\":\"GARCIA FAURA\"},\"image\":{\"@id\":\"https:\/\/www.garciafaura.com\/fr\/#\/schema\/logo\/image\/\"},\"sameAs\":[\"https:\/\/www.youtube.com\/user\/GARCIAFAURA\"]},{\"@type\":\"Person\",\"@id\":\"https:\/\/www.garciafaura.com\/fr\/#\/schema\/person\/b4b75e69b33fac3446071909bec106b0\",\"name\":\"David Achell\",\"image\":{\"@type\":\"ImageObject\",\"inLanguage\":\"fr-FR\",\"@id\":\"https:\/\/www.garciafaura.com\/fr\/#\/schema\/person\/image\/\",\"url\":\"https:\/\/secure.gravatar.com\/avatar\/03900210afc1f61bce737bcb4a79c02e2c997f171e3eca839b5a4cbe03846c90?s=96&d=blank&r=g\",\"contentUrl\":\"https:\/\/secure.gravatar.com\/avatar\/03900210afc1f61bce737bcb4a79c02e2c997f171e3eca839b5a4cbe03846c90?s=96&d=blank&r=g\",\"caption\":\"David Achell\"}}]}<\/script>\n<!-- \/ Yoast SEO plugin. -->","yoast_head_json":{"title":"R\u00e9habilitation des fa\u00e7ades pour am\u00e9liorer l'esth\u00e9tique, l'efficacit\u00e9 et la performance d'un b\u00e2timent de bureaux - GARCIA FAURA","description":"Arquitectura en Alumini, Inox, Ferro i Vidre","robots":{"index":"index","follow":"follow","max-snippet":"max-snippet:-1","max-image-preview":"max-image-preview:large","max-video-preview":"max-video-preview:-1"},"canonical":"https:\/\/www.garciafaura.com\/fr\/rehabilitacio-de-facana-per-a-millorar-lestetica-leficiencia-i-les-prestacions-dun-edifici-doficines\/","og_locale":"fr_FR","og_type":"article","og_title":"R\u00e9habilitation des fa\u00e7ades pour am\u00e9liorer l'esth\u00e9tique, l'efficacit\u00e9 et la performance d'un b\u00e2timent de bureaux - GARCIA FAURA","og_description":"Arquitectura en Alumini, Inox, Ferro i Vidre","og_url":"https:\/\/www.garciafaura.com\/fr\/rehabilitacio-de-facana-per-a-millorar-lestetica-leficiencia-i-les-prestacions-dun-edifici-doficines\/","og_site_name":"GARCIA FAURA","article_published_time":"2022-11-15T16:20:46+00:00","article_modified_time":"2022-11-15T16:29:17+00:00","og_image":[{"width":1024,"height":768,"url":"https:\/\/www.garciafaura.com\/wp-content\/uploads\/2022\/11\/Diagonal67_0.jpg","type":"image\/jpeg"}],"author":"David Achell","twitter_card":"summary_large_image","twitter_misc":{"\u00c9crit par":"David Achell","Dur\u00e9e de lecture estim\u00e9e":"2 minutes"},"schema":{"@context":"https:\/\/schema.org","@graph":[{"@type":"Article","@id":"https:\/\/www.garciafaura.com\/fr\/rehabilitacio-de-facana-per-a-millorar-lestetica-leficiencia-i-les-prestacions-dun-edifici-doficines\/#article","isPartOf":{"@id":"https:\/\/www.garciafaura.com\/fr\/rehabilitacio-de-facana-per-a-millorar-lestetica-leficiencia-i-les-prestacions-dun-edifici-doficines\/"},"author":{"name":"David Achell","@id":"https:\/\/www.garciafaura.com\/fr\/#\/schema\/person\/b4b75e69b33fac3446071909bec106b0"},"headline":"R\u00e9habilitation des fa\u00e7ades pour am\u00e9liorer l&rsquo;esth\u00e9tique, l&rsquo;efficacit\u00e9 et la performance d&rsquo;un b\u00e2timent de bureaux","datePublished":"2022-11-15T16:20:46+00:00","dateModified":"2022-11-15T16:29:17+00:00","mainEntityOfPage":{"@id":"https:\/\/www.garciafaura.com\/fr\/rehabilitacio-de-facana-per-a-millorar-lestetica-leficiencia-i-les-prestacions-dun-edifici-doficines\/"},"wordCount":271,"publisher":{"@id":"https:\/\/www.garciafaura.com\/fr\/#organization"},"image":{"@id":"https:\/\/www.garciafaura.com\/fr\/rehabilitacio-de-facana-per-a-millorar-lestetica-leficiencia-i-les-prestacions-dun-edifici-doficines\/#primaryimage"},"thumbnailUrl":"https:\/\/www.garciafaura.com\/wp-content\/uploads\/2022\/11\/Diagonal67_0.jpg","articleSection":["Actualit\u00e9"],"inLanguage":"fr-FR"},{"@type":"WebPage","@id":"https:\/\/www.garciafaura.com\/fr\/rehabilitacio-de-facana-per-a-millorar-lestetica-leficiencia-i-les-prestacions-dun-edifici-doficines\/","url":"https:\/\/www.garciafaura.com\/fr\/rehabilitacio-de-facana-per-a-millorar-lestetica-leficiencia-i-les-prestacions-dun-edifici-doficines\/","name":"R\u00e9habilitation des fa\u00e7ades pour am\u00e9liorer l'esth\u00e9tique, l'efficacit\u00e9 et la performance d'un b\u00e2timent de bureaux - GARCIA FAURA","isPartOf":{"@id":"https:\/\/www.garciafaura.com\/fr\/#website"},"primaryImageOfPage":{"@id":"https:\/\/www.garciafaura.com\/fr\/rehabilitacio-de-facana-per-a-millorar-lestetica-leficiencia-i-les-prestacions-dun-edifici-doficines\/#primaryimage"},"image":{"@id":"https:\/\/www.garciafaura.com\/fr\/rehabilitacio-de-facana-per-a-millorar-lestetica-leficiencia-i-les-prestacions-dun-edifici-doficines\/#primaryimage"},"thumbnailUrl":"https:\/\/www.garciafaura.com\/wp-content\/uploads\/2022\/11\/Diagonal67_0.jpg","datePublished":"2022-11-15T16:20:46+00:00","dateModified":"2022-11-15T16:29:17+00:00","description":"Arquitectura en Alumini, Inox, Ferro i Vidre","breadcrumb":{"@id":"https:\/\/www.garciafaura.com\/fr\/rehabilitacio-de-facana-per-a-millorar-lestetica-leficiencia-i-les-prestacions-dun-edifici-doficines\/#breadcrumb"},"inLanguage":"fr-FR","potentialAction":[{"@type":"ReadAction","target":["https:\/\/www.garciafaura.com\/fr\/rehabilitacio-de-facana-per-a-millorar-lestetica-leficiencia-i-les-prestacions-dun-edifici-doficines\/"]}]},{"@type":"ImageObject","inLanguage":"fr-FR","@id":"https:\/\/www.garciafaura.com\/fr\/rehabilitacio-de-facana-per-a-millorar-lestetica-leficiencia-i-les-prestacions-dun-edifici-doficines\/#primaryimage","url":"https:\/\/www.garciafaura.com\/wp-content\/uploads\/2022\/11\/Diagonal67_0.jpg","contentUrl":"https:\/\/www.garciafaura.com\/wp-content\/uploads\/2022\/11\/Diagonal67_0.jpg","width":1024,"height":768,"caption":"Garcia Faura fa\u00e7ade Diagonal 67"},{"@type":"BreadcrumbList","@id":"https:\/\/www.garciafaura.com\/fr\/rehabilitacio-de-facana-per-a-millorar-lestetica-leficiencia-i-les-prestacions-dun-edifici-doficines\/#breadcrumb","itemListElement":[{"@type":"ListItem","position":1,"name":"Inici","item":"https:\/\/www.garciafaura.com\/fr\/"},{"@type":"ListItem","position":2,"name":"R\u00e9habilitation des fa\u00e7ades pour am\u00e9liorer l&#8217;esth\u00e9tique, l&#8217;efficacit\u00e9 et la performance d&#8217;un b\u00e2timent de bureaux"}]},{"@type":"WebSite","@id":"https:\/\/www.garciafaura.com\/fr\/#website","url":"https:\/\/www.garciafaura.com\/fr\/","name":"GARCIA FAURA","description":"Arquitectura en Alumini, Inox, Ferro i Vidre","publisher":{"@id":"https:\/\/www.garciafaura.com\/fr\/#organization"},"potentialAction":[{"@type":"SearchAction","target":{"@type":"EntryPoint","urlTemplate":"https:\/\/www.garciafaura.com\/fr\/?s={search_term_string}"},"query-input":{"@type":"PropertyValueSpecification","valueRequired":true,"valueName":"search_term_string"}}],"inLanguage":"fr-FR"},{"@type":"Organization","@id":"https:\/\/www.garciafaura.com\/fr\/#organization","name":"GARCIA FAURA","url":"https:\/\/www.garciafaura.com\/fr\/","logo":{"@type":"ImageObject","inLanguage":"fr-FR","@id":"https:\/\/www.garciafaura.com\/fr\/#\/schema\/logo\/image\/","url":"https:\/\/www.garciafaura.com\/wp-content\/uploads\/2018\/09\/Garcia-Faura.png","contentUrl":"https:\/\/www.garciafaura.com\/wp-content\/uploads\/2018\/09\/Garcia-Faura.png","width":512,"height":512,"caption":"GARCIA FAURA"},"image":{"@id":"https:\/\/www.garciafaura.com\/fr\/#\/schema\/logo\/image\/"},"sameAs":["https:\/\/www.youtube.com\/user\/GARCIAFAURA"]},{"@type":"Person","@id":"https:\/\/www.garciafaura.com\/fr\/#\/schema\/person\/b4b75e69b33fac3446071909bec106b0","name":"David Achell","image":{"@type":"ImageObject","inLanguage":"fr-FR","@id":"https:\/\/www.garciafaura.com\/fr\/#\/schema\/person\/image\/","url":"https:\/\/secure.gravatar.com\/avatar\/03900210afc1f61bce737bcb4a79c02e2c997f171e3eca839b5a4cbe03846c90?s=96&d=blank&r=g","contentUrl":"https:\/\/secure.gravatar.com\/avatar\/03900210afc1f61bce737bcb4a79c02e2c997f171e3eca839b5a4cbe03846c90?s=96&d=blank&r=g","caption":"David Achell"}}]}},"_links":{"self":[{"href":"https:\/\/www.garciafaura.com\/fr\/wp-json\/wp\/v2\/posts\/30996","targetHints":{"allow":["GET"]}}],"collection":[{"href":"https:\/\/www.garciafaura.com\/fr\/wp-json\/wp\/v2\/posts"}],"about":[{"href":"https:\/\/www.garciafaura.com\/fr\/wp-json\/wp\/v2\/types\/post"}],"author":[{"embeddable":true,"href":"https:\/\/www.garciafaura.com\/fr\/wp-json\/wp\/v2\/users\/3"}],"replies":[{"embeddable":true,"href":"https:\/\/www.garciafaura.com\/fr\/wp-json\/wp\/v2\/comments?post=30996"}],"version-history":[{"count":2,"href":"https:\/\/www.garciafaura.com\/fr\/wp-json\/wp\/v2\/posts\/30996\/revisions"}],"predecessor-version":[{"id":31003,"href":"https:\/\/www.garciafaura.com\/fr\/wp-json\/wp\/v2\/posts\/30996\/revisions\/31003"}],"wp:featuredmedia":[{"embeddable":true,"href":"https:\/\/www.garciafaura.com\/fr\/wp-json\/wp\/v2\/media\/30992"}],"wp:attachment":[{"href":"https:\/\/www.garciafaura.com\/fr\/wp-json\/wp\/v2\/media?parent=30996"}],"wp:term":[{"taxonomy":"category","embeddable":true,"href":"https:\/\/www.garciafaura.com\/fr\/wp-json\/wp\/v2\/categories?post=30996"},{"taxonomy":"post_tag","embeddable":true,"href":"https:\/\/www.garciafaura.com\/fr\/wp-json\/wp\/v2\/tags?post=30996"},{"taxonomy":"post_series","embeddable":true,"href":"https:\/\/www.garciafaura.com\/fr\/wp-json\/wp\/v2\/post_series?post=30996"}],"curies":[{"name":"wp","href":"https:\/\/api.w.org\/{rel}","templated":true}]}}