{"id":30631,"date":"2022-10-20T15:17:56","date_gmt":"2022-10-20T13:17:56","guid":{"rendered":"https:\/\/www.garciafaura.com\/el-selvamar-business-campus-comenca-la-seva-activitat-al-22-de-barcelona\/"},"modified":"2022-10-20T17:04:09","modified_gmt":"2022-10-20T15:04:09","slug":"el-selvamar-business-campus-comenca-la-seva-activitat-al-22-de-barcelona","status":"publish","type":"post","link":"https:\/\/www.garciafaura.com\/fr\/el-selvamar-business-campus-comenca-la-seva-activitat-al-22-de-barcelona\/","title":{"rendered":"Le SelvaMar Business Campus commence son activit\u00e9 au quartier 22@ \u00e0 Barcelone"},"content":{"rendered":"<p style=\"text-align: justify;\"><strong>Le parc d&rsquo;activit\u00e9s SelvaMar Business Campus, avec fa\u00e7ades d\u00e9velopp\u00e9es par GARCIA FAURA, commercialise d\u00e9j\u00e0 ses espaces et commence \u00e0 recevoir ses premiers occupants. Il s&rsquo;agit d&rsquo;un complexe de quatre b\u00e2timents qui totalisent plus de 30.000 m\u00e8tres carr\u00e9s de bureaux modernes, sains et productifs.<\/strong><\/p>\n<p style=\"text-align: justify;\">Le <a href=\"https:\/\/selvamarbusinesscampus.com\/\" target=\"_blank\" rel=\"noopener\"><strong>SelvaMar Business Campus<\/strong><\/a>, situ\u00e9 au <strong>22@<\/strong>, le quartier de l&rsquo;innovation technologique de la capitale catalane, compte quatre b\u00e2timents : le <strong>b\u00e2timent Arroba<\/strong>, le <strong>b\u00e2timent Espacio<\/strong>, le <strong>b\u00e2timent Control<\/strong> et le <strong>b\u00e2timent Haut<\/strong>. Ce dernier est le plus haut, avec 13 \u00e9tages (avec plus de 10.000 m\u00e8tres carr\u00e9s de bureaux) et une terrasse de 429 m\u00e8tres carr\u00e9s.<\/p>\n<p style=\"text-align: justify;\">Le parc d&rsquo;activit\u00e9s propose des bureaux lumineux, spacieux, polyvalents et modulables, ainsi que des espaces verts ext\u00e9rieurs, des espaces de r\u00e9union et un environnement qui facilite un travail dynamique et sain, avec un emplacement id\u00e9al pour se d\u00e9placer dans la ville avec n&rsquo;importe quel moyen de transport.<\/p>\n<p style=\"text-align: justify;\">De plus, le projet poss\u00e8de les <strong>certificats environnementaux WELL Gold et LEED Platinum<\/strong> car les b\u00e2timents \u00e9conomisent plus de la moiti\u00e9 de la consommation d&rsquo;eau \u00e0 l&rsquo;int\u00e9rieur et recyclent tout ce qui est utilis\u00e9 pour irriguer les espaces verts. La ventilation des int\u00e9rieurs est \u00e9galement contr\u00f4l\u00e9e avec des capteurs de CO\u2082 et la production d&rsquo;\u00e9nergie renouvelable est encourag\u00e9e et il y a une zone de recyclage des d\u00e9chets, entre autres mesures.<\/p>\n<p style=\"text-align: justify;\">Une part importante de la contribution \u00e0 l&rsquo;efficacit\u00e9 \u00e9nerg\u00e9tique du complexe est apport\u00e9e par la <strong>fa\u00e7ade d\u00e9velopp\u00e9e par GARCIA FAURA<\/strong>. 18.000 m\u00e8tres carr\u00e9s de <strong>mur-rideau de type Stick traditionnel<\/strong>, compos\u00e9 avec <strong>vitrages avec s\u00e9rigraphie num\u00e9rique<\/strong>, dans un projet unique et \u00e0 grande \u00e9chelle appel\u00e9 \u00e0 devenir une r\u00e9f\u00e9rence dans le quartier technologique de la capitale catalane.<\/p>\n<p style=\"text-align: justify;\"><strong>GARCIA FAURA<\/strong> signe \u00e9galement, dans ce projet, d&rsquo;autres interventions, telles que la <strong>fabrication et l&rsquo;installation de 150 fen\u00eatres d\u2019ouverture italienne, 60 portes, 3.200 m\u00e8tres lin\u00e9aires de lames verticales et 350 m\u00e8tres carr\u00e9s de syst\u00e8mes de lames ventil\u00e9es<\/strong>, entre autres actions.<\/p>\n","protected":false},"excerpt":{"rendered":"<p>Le parc d&rsquo;activit\u00e9s SelvaMar Business Campus, avec fa\u00e7ades d\u00e9velopp\u00e9es par GARCIA FAURA, commercialise d\u00e9j\u00e0 ses espaces et commence \u00e0 recevoir ses premiers occupants. Il s&rsquo;agit d&rsquo;un complexe de quatre b\u00e2timents qui totalisent plus de 30.000 m\u00e8tres carr\u00e9s de bureaux modernes,&hellip;<\/p>\n","protected":false},"author":3,"featured_media":30648,"comment_status":"closed","ping_status":"open","sticky":false,"template":"","format":"standard","meta":{"footnotes":""},"categories":[2],"tags":[],"post_series":[],"class_list":["post-30631","post","type-post","status-publish","format-standard","has-post-thumbnail","hentry","category-actualite","entry","has-media"],"yoast_head":"<!-- This site is optimized with the Yoast SEO plugin v26.7 - https:\/\/yoast.com\/wordpress\/plugins\/seo\/ -->\n<title>Le SelvaMar Business Campus commence son activit\u00e9 au quartier 22@ \u00e0 Barcelone - GARCIA FAURA<\/title>\n<meta name=\"description\" content=\"Arquitectura en Alumini, Inox, Ferro i Vidre\" \/>\n<meta name=\"robots\" content=\"index, follow, max-snippet:-1, max-image-preview:large, max-video-preview:-1\" \/>\n<link rel=\"canonical\" href=\"https:\/\/www.garciafaura.com\/fr\/el-selvamar-business-campus-comenca-la-seva-activitat-al-22-de-barcelona\/\" \/>\n<meta property=\"og:locale\" content=\"fr_FR\" \/>\n<meta property=\"og:type\" content=\"article\" \/>\n<meta property=\"og:title\" content=\"Le SelvaMar Business Campus commence son activit\u00e9 au quartier 22@ \u00e0 Barcelone - GARCIA FAURA\" \/>\n<meta property=\"og:description\" content=\"Arquitectura en Alumini, Inox, Ferro i Vidre\" \/>\n<meta property=\"og:url\" content=\"https:\/\/www.garciafaura.com\/fr\/el-selvamar-business-campus-comenca-la-seva-activitat-al-22-de-barcelona\/\" \/>\n<meta property=\"og:site_name\" content=\"GARCIA FAURA\" \/>\n<meta property=\"article:published_time\" content=\"2022-10-20T13:17:56+00:00\" \/>\n<meta property=\"article:modified_time\" content=\"2022-10-20T15:04:09+00:00\" \/>\n<meta property=\"og:image\" content=\"https:\/\/www.garciafaura.com\/wp-content\/uploads\/2022\/10\/SelvaMar-Business-Campus-scaled.jpg\" \/>\n\t<meta property=\"og:image:width\" content=\"2560\" \/>\n\t<meta property=\"og:image:height\" content=\"1707\" \/>\n\t<meta property=\"og:image:type\" content=\"image\/jpeg\" \/>\n<meta name=\"author\" content=\"David Achell\" \/>\n<meta name=\"twitter:card\" content=\"summary_large_image\" \/>\n<meta name=\"twitter:label1\" content=\"\u00c9crit par\" \/>\n\t<meta name=\"twitter:data1\" content=\"David Achell\" \/>\n\t<meta name=\"twitter:label2\" content=\"Dur\u00e9e de lecture estim\u00e9e\" \/>\n\t<meta name=\"twitter:data2\" content=\"2 minutes\" \/>\n<script type=\"application\/ld+json\" class=\"yoast-schema-graph\">{\"@context\":\"https:\/\/schema.org\",\"@graph\":[{\"@type\":\"Article\",\"@id\":\"https:\/\/www.garciafaura.com\/fr\/el-selvamar-business-campus-comenca-la-seva-activitat-al-22-de-barcelona\/#article\",\"isPartOf\":{\"@id\":\"https:\/\/www.garciafaura.com\/fr\/el-selvamar-business-campus-comenca-la-seva-activitat-al-22-de-barcelona\/\"},\"author\":{\"name\":\"David Achell\",\"@id\":\"https:\/\/www.garciafaura.com\/fr\/#\/schema\/person\/b4b75e69b33fac3446071909bec106b0\"},\"headline\":\"Le SelvaMar Business Campus commence son activit\u00e9 au quartier 22@ \u00e0 Barcelone\",\"datePublished\":\"2022-10-20T13:17:56+00:00\",\"dateModified\":\"2022-10-20T15:04:09+00:00\",\"mainEntityOfPage\":{\"@id\":\"https:\/\/www.garciafaura.com\/fr\/el-selvamar-business-campus-comenca-la-seva-activitat-al-22-de-barcelona\/\"},\"wordCount\":369,\"publisher\":{\"@id\":\"https:\/\/www.garciafaura.com\/fr\/#organization\"},\"image\":{\"@id\":\"https:\/\/www.garciafaura.com\/fr\/el-selvamar-business-campus-comenca-la-seva-activitat-al-22-de-barcelona\/#primaryimage\"},\"thumbnailUrl\":\"https:\/\/www.garciafaura.com\/wp-content\/uploads\/2022\/10\/SelvaMar-Business-Campus-scaled.jpg\",\"articleSection\":[\"Actualit\u00e9\"],\"inLanguage\":\"fr-FR\"},{\"@type\":\"WebPage\",\"@id\":\"https:\/\/www.garciafaura.com\/fr\/el-selvamar-business-campus-comenca-la-seva-activitat-al-22-de-barcelona\/\",\"url\":\"https:\/\/www.garciafaura.com\/fr\/el-selvamar-business-campus-comenca-la-seva-activitat-al-22-de-barcelona\/\",\"name\":\"Le SelvaMar Business Campus commence son activit\u00e9 au quartier 22@ \u00e0 Barcelone - GARCIA FAURA\",\"isPartOf\":{\"@id\":\"https:\/\/www.garciafaura.com\/fr\/#website\"},\"primaryImageOfPage\":{\"@id\":\"https:\/\/www.garciafaura.com\/fr\/el-selvamar-business-campus-comenca-la-seva-activitat-al-22-de-barcelona\/#primaryimage\"},\"image\":{\"@id\":\"https:\/\/www.garciafaura.com\/fr\/el-selvamar-business-campus-comenca-la-seva-activitat-al-22-de-barcelona\/#primaryimage\"},\"thumbnailUrl\":\"https:\/\/www.garciafaura.com\/wp-content\/uploads\/2022\/10\/SelvaMar-Business-Campus-scaled.jpg\",\"datePublished\":\"2022-10-20T13:17:56+00:00\",\"dateModified\":\"2022-10-20T15:04:09+00:00\",\"description\":\"Arquitectura en Alumini, Inox, Ferro i Vidre\",\"breadcrumb\":{\"@id\":\"https:\/\/www.garciafaura.com\/fr\/el-selvamar-business-campus-comenca-la-seva-activitat-al-22-de-barcelona\/#breadcrumb\"},\"inLanguage\":\"fr-FR\",\"potentialAction\":[{\"@type\":\"ReadAction\",\"target\":[\"https:\/\/www.garciafaura.com\/fr\/el-selvamar-business-campus-comenca-la-seva-activitat-al-22-de-barcelona\/\"]}]},{\"@type\":\"ImageObject\",\"inLanguage\":\"fr-FR\",\"@id\":\"https:\/\/www.garciafaura.com\/fr\/el-selvamar-business-campus-comenca-la-seva-activitat-al-22-de-barcelona\/#primaryimage\",\"url\":\"https:\/\/www.garciafaura.com\/wp-content\/uploads\/2022\/10\/SelvaMar-Business-Campus-scaled.jpg\",\"contentUrl\":\"https:\/\/www.garciafaura.com\/wp-content\/uploads\/2022\/10\/SelvaMar-Business-Campus-scaled.jpg\",\"width\":2560,\"height\":1707},{\"@type\":\"BreadcrumbList\",\"@id\":\"https:\/\/www.garciafaura.com\/fr\/el-selvamar-business-campus-comenca-la-seva-activitat-al-22-de-barcelona\/#breadcrumb\",\"itemListElement\":[{\"@type\":\"ListItem\",\"position\":1,\"name\":\"Inici\",\"item\":\"https:\/\/www.garciafaura.com\/fr\/\"},{\"@type\":\"ListItem\",\"position\":2,\"name\":\"Le SelvaMar Business Campus commence son activit\u00e9 au quartier 22@ \u00e0 Barcelone\"}]},{\"@type\":\"WebSite\",\"@id\":\"https:\/\/www.garciafaura.com\/fr\/#website\",\"url\":\"https:\/\/www.garciafaura.com\/fr\/\",\"name\":\"GARCIA FAURA\",\"description\":\"Arquitectura en Alumini, Inox, Ferro i Vidre\",\"publisher\":{\"@id\":\"https:\/\/www.garciafaura.com\/fr\/#organization\"},\"potentialAction\":[{\"@type\":\"SearchAction\",\"target\":{\"@type\":\"EntryPoint\",\"urlTemplate\":\"https:\/\/www.garciafaura.com\/fr\/?s={search_term_string}\"},\"query-input\":{\"@type\":\"PropertyValueSpecification\",\"valueRequired\":true,\"valueName\":\"search_term_string\"}}],\"inLanguage\":\"fr-FR\"},{\"@type\":\"Organization\",\"@id\":\"https:\/\/www.garciafaura.com\/fr\/#organization\",\"name\":\"GARCIA FAURA\",\"url\":\"https:\/\/www.garciafaura.com\/fr\/\",\"logo\":{\"@type\":\"ImageObject\",\"inLanguage\":\"fr-FR\",\"@id\":\"https:\/\/www.garciafaura.com\/fr\/#\/schema\/logo\/image\/\",\"url\":\"https:\/\/www.garciafaura.com\/wp-content\/uploads\/2018\/09\/Garcia-Faura.png\",\"contentUrl\":\"https:\/\/www.garciafaura.com\/wp-content\/uploads\/2018\/09\/Garcia-Faura.png\",\"width\":512,\"height\":512,\"caption\":\"GARCIA FAURA\"},\"image\":{\"@id\":\"https:\/\/www.garciafaura.com\/fr\/#\/schema\/logo\/image\/\"},\"sameAs\":[\"https:\/\/www.youtube.com\/user\/GARCIAFAURA\"]},{\"@type\":\"Person\",\"@id\":\"https:\/\/www.garciafaura.com\/fr\/#\/schema\/person\/b4b75e69b33fac3446071909bec106b0\",\"name\":\"David Achell\",\"image\":{\"@type\":\"ImageObject\",\"inLanguage\":\"fr-FR\",\"@id\":\"https:\/\/www.garciafaura.com\/fr\/#\/schema\/person\/image\/\",\"url\":\"https:\/\/secure.gravatar.com\/avatar\/03900210afc1f61bce737bcb4a79c02e2c997f171e3eca839b5a4cbe03846c90?s=96&d=blank&r=g\",\"contentUrl\":\"https:\/\/secure.gravatar.com\/avatar\/03900210afc1f61bce737bcb4a79c02e2c997f171e3eca839b5a4cbe03846c90?s=96&d=blank&r=g\",\"caption\":\"David Achell\"}}]}<\/script>\n<!-- \/ Yoast SEO plugin. -->","yoast_head_json":{"title":"Le SelvaMar Business Campus commence son activit\u00e9 au quartier 22@ \u00e0 Barcelone - GARCIA FAURA","description":"Arquitectura en Alumini, Inox, Ferro i Vidre","robots":{"index":"index","follow":"follow","max-snippet":"max-snippet:-1","max-image-preview":"max-image-preview:large","max-video-preview":"max-video-preview:-1"},"canonical":"https:\/\/www.garciafaura.com\/fr\/el-selvamar-business-campus-comenca-la-seva-activitat-al-22-de-barcelona\/","og_locale":"fr_FR","og_type":"article","og_title":"Le SelvaMar Business Campus commence son activit\u00e9 au quartier 22@ \u00e0 Barcelone - GARCIA FAURA","og_description":"Arquitectura en Alumini, Inox, Ferro i Vidre","og_url":"https:\/\/www.garciafaura.com\/fr\/el-selvamar-business-campus-comenca-la-seva-activitat-al-22-de-barcelona\/","og_site_name":"GARCIA FAURA","article_published_time":"2022-10-20T13:17:56+00:00","article_modified_time":"2022-10-20T15:04:09+00:00","og_image":[{"width":2560,"height":1707,"url":"https:\/\/www.garciafaura.com\/wp-content\/uploads\/2022\/10\/SelvaMar-Business-Campus-scaled.jpg","type":"image\/jpeg"}],"author":"David Achell","twitter_card":"summary_large_image","twitter_misc":{"\u00c9crit par":"David Achell","Dur\u00e9e de lecture estim\u00e9e":"2 minutes"},"schema":{"@context":"https:\/\/schema.org","@graph":[{"@type":"Article","@id":"https:\/\/www.garciafaura.com\/fr\/el-selvamar-business-campus-comenca-la-seva-activitat-al-22-de-barcelona\/#article","isPartOf":{"@id":"https:\/\/www.garciafaura.com\/fr\/el-selvamar-business-campus-comenca-la-seva-activitat-al-22-de-barcelona\/"},"author":{"name":"David Achell","@id":"https:\/\/www.garciafaura.com\/fr\/#\/schema\/person\/b4b75e69b33fac3446071909bec106b0"},"headline":"Le SelvaMar Business Campus commence son activit\u00e9 au quartier 22@ \u00e0 Barcelone","datePublished":"2022-10-20T13:17:56+00:00","dateModified":"2022-10-20T15:04:09+00:00","mainEntityOfPage":{"@id":"https:\/\/www.garciafaura.com\/fr\/el-selvamar-business-campus-comenca-la-seva-activitat-al-22-de-barcelona\/"},"wordCount":369,"publisher":{"@id":"https:\/\/www.garciafaura.com\/fr\/#organization"},"image":{"@id":"https:\/\/www.garciafaura.com\/fr\/el-selvamar-business-campus-comenca-la-seva-activitat-al-22-de-barcelona\/#primaryimage"},"thumbnailUrl":"https:\/\/www.garciafaura.com\/wp-content\/uploads\/2022\/10\/SelvaMar-Business-Campus-scaled.jpg","articleSection":["Actualit\u00e9"],"inLanguage":"fr-FR"},{"@type":"WebPage","@id":"https:\/\/www.garciafaura.com\/fr\/el-selvamar-business-campus-comenca-la-seva-activitat-al-22-de-barcelona\/","url":"https:\/\/www.garciafaura.com\/fr\/el-selvamar-business-campus-comenca-la-seva-activitat-al-22-de-barcelona\/","name":"Le SelvaMar Business Campus commence son activit\u00e9 au quartier 22@ \u00e0 Barcelone - GARCIA FAURA","isPartOf":{"@id":"https:\/\/www.garciafaura.com\/fr\/#website"},"primaryImageOfPage":{"@id":"https:\/\/www.garciafaura.com\/fr\/el-selvamar-business-campus-comenca-la-seva-activitat-al-22-de-barcelona\/#primaryimage"},"image":{"@id":"https:\/\/www.garciafaura.com\/fr\/el-selvamar-business-campus-comenca-la-seva-activitat-al-22-de-barcelona\/#primaryimage"},"thumbnailUrl":"https:\/\/www.garciafaura.com\/wp-content\/uploads\/2022\/10\/SelvaMar-Business-Campus-scaled.jpg","datePublished":"2022-10-20T13:17:56+00:00","dateModified":"2022-10-20T15:04:09+00:00","description":"Arquitectura en Alumini, Inox, Ferro i Vidre","breadcrumb":{"@id":"https:\/\/www.garciafaura.com\/fr\/el-selvamar-business-campus-comenca-la-seva-activitat-al-22-de-barcelona\/#breadcrumb"},"inLanguage":"fr-FR","potentialAction":[{"@type":"ReadAction","target":["https:\/\/www.garciafaura.com\/fr\/el-selvamar-business-campus-comenca-la-seva-activitat-al-22-de-barcelona\/"]}]},{"@type":"ImageObject","inLanguage":"fr-FR","@id":"https:\/\/www.garciafaura.com\/fr\/el-selvamar-business-campus-comenca-la-seva-activitat-al-22-de-barcelona\/#primaryimage","url":"https:\/\/www.garciafaura.com\/wp-content\/uploads\/2022\/10\/SelvaMar-Business-Campus-scaled.jpg","contentUrl":"https:\/\/www.garciafaura.com\/wp-content\/uploads\/2022\/10\/SelvaMar-Business-Campus-scaled.jpg","width":2560,"height":1707},{"@type":"BreadcrumbList","@id":"https:\/\/www.garciafaura.com\/fr\/el-selvamar-business-campus-comenca-la-seva-activitat-al-22-de-barcelona\/#breadcrumb","itemListElement":[{"@type":"ListItem","position":1,"name":"Inici","item":"https:\/\/www.garciafaura.com\/fr\/"},{"@type":"ListItem","position":2,"name":"Le SelvaMar Business Campus commence son activit\u00e9 au quartier 22@ \u00e0 Barcelone"}]},{"@type":"WebSite","@id":"https:\/\/www.garciafaura.com\/fr\/#website","url":"https:\/\/www.garciafaura.com\/fr\/","name":"GARCIA FAURA","description":"Arquitectura en Alumini, Inox, Ferro i Vidre","publisher":{"@id":"https:\/\/www.garciafaura.com\/fr\/#organization"},"potentialAction":[{"@type":"SearchAction","target":{"@type":"EntryPoint","urlTemplate":"https:\/\/www.garciafaura.com\/fr\/?s={search_term_string}"},"query-input":{"@type":"PropertyValueSpecification","valueRequired":true,"valueName":"search_term_string"}}],"inLanguage":"fr-FR"},{"@type":"Organization","@id":"https:\/\/www.garciafaura.com\/fr\/#organization","name":"GARCIA FAURA","url":"https:\/\/www.garciafaura.com\/fr\/","logo":{"@type":"ImageObject","inLanguage":"fr-FR","@id":"https:\/\/www.garciafaura.com\/fr\/#\/schema\/logo\/image\/","url":"https:\/\/www.garciafaura.com\/wp-content\/uploads\/2018\/09\/Garcia-Faura.png","contentUrl":"https:\/\/www.garciafaura.com\/wp-content\/uploads\/2018\/09\/Garcia-Faura.png","width":512,"height":512,"caption":"GARCIA FAURA"},"image":{"@id":"https:\/\/www.garciafaura.com\/fr\/#\/schema\/logo\/image\/"},"sameAs":["https:\/\/www.youtube.com\/user\/GARCIAFAURA"]},{"@type":"Person","@id":"https:\/\/www.garciafaura.com\/fr\/#\/schema\/person\/b4b75e69b33fac3446071909bec106b0","name":"David Achell","image":{"@type":"ImageObject","inLanguage":"fr-FR","@id":"https:\/\/www.garciafaura.com\/fr\/#\/schema\/person\/image\/","url":"https:\/\/secure.gravatar.com\/avatar\/03900210afc1f61bce737bcb4a79c02e2c997f171e3eca839b5a4cbe03846c90?s=96&d=blank&r=g","contentUrl":"https:\/\/secure.gravatar.com\/avatar\/03900210afc1f61bce737bcb4a79c02e2c997f171e3eca839b5a4cbe03846c90?s=96&d=blank&r=g","caption":"David Achell"}}]}},"_links":{"self":[{"href":"https:\/\/www.garciafaura.com\/fr\/wp-json\/wp\/v2\/posts\/30631","targetHints":{"allow":["GET"]}}],"collection":[{"href":"https:\/\/www.garciafaura.com\/fr\/wp-json\/wp\/v2\/posts"}],"about":[{"href":"https:\/\/www.garciafaura.com\/fr\/wp-json\/wp\/v2\/types\/post"}],"author":[{"embeddable":true,"href":"https:\/\/www.garciafaura.com\/fr\/wp-json\/wp\/v2\/users\/3"}],"replies":[{"embeddable":true,"href":"https:\/\/www.garciafaura.com\/fr\/wp-json\/wp\/v2\/comments?post=30631"}],"version-history":[{"count":2,"href":"https:\/\/www.garciafaura.com\/fr\/wp-json\/wp\/v2\/posts\/30631\/revisions"}],"predecessor-version":[{"id":30638,"href":"https:\/\/www.garciafaura.com\/fr\/wp-json\/wp\/v2\/posts\/30631\/revisions\/30638"}],"wp:featuredmedia":[{"embeddable":true,"href":"https:\/\/www.garciafaura.com\/fr\/wp-json\/wp\/v2\/media\/30648"}],"wp:attachment":[{"href":"https:\/\/www.garciafaura.com\/fr\/wp-json\/wp\/v2\/media?parent=30631"}],"wp:term":[{"taxonomy":"category","embeddable":true,"href":"https:\/\/www.garciafaura.com\/fr\/wp-json\/wp\/v2\/categories?post=30631"},{"taxonomy":"post_tag","embeddable":true,"href":"https:\/\/www.garciafaura.com\/fr\/wp-json\/wp\/v2\/tags?post=30631"},{"taxonomy":"post_series","embeddable":true,"href":"https:\/\/www.garciafaura.com\/fr\/wp-json\/wp\/v2\/post_series?post=30631"}],"curies":[{"name":"wp","href":"https:\/\/api.w.org\/{rel}","templated":true}]}}