{"id":30341,"date":"2022-09-12T11:03:08","date_gmt":"2022-09-12T09:03:08","guid":{"rendered":"https:\/\/www.garciafaura.com\/tancaments-de-garcia-faura-en-el-nou-edifici-de-linstitut-de-mollet\/"},"modified":"2022-09-12T11:10:14","modified_gmt":"2022-09-12T09:10:14","slug":"tancaments-de-garcia-faura-en-el-nou-edifici-de-linstitut-de-mollet","status":"publish","type":"post","link":"https:\/\/www.garciafaura.com\/fr\/tancaments-de-garcia-faura-en-el-nou-edifici-de-linstitut-de-mollet\/","title":{"rendered":"Menuiseries de GARCIA FAURA dans le nouveau b\u00e2timent du lyc\u00e9e de Mollet del Vall\u00e8s (Barcelone)"},"content":{"rendered":"<p style=\"text-align: justify;\"><strong>GARCIA FAURA participera \u00e0 la construction d&rsquo;un nouveau b\u00e2timent pour un lyc\u00e9e \u00e0 Mollet del Vall\u00e8s (Barcelone) avec l&rsquo;installation de plus de 750 m\u00e8tres carr\u00e9s de menuiseries \u00e0 rupture de pont thermique et \u00e0 haute performance.<\/strong><\/p>\n<p style=\"text-align: justify;\">A la fin de l&rsquo;ann\u00e9e derni\u00e8re ont d\u00e9but\u00e9 les travaux de r\u00e9novation et d&rsquo;extension d&rsquo;un b\u00e2timent du lyc\u00e9e de Mollet del Vall\u00e8s (Barcelone) qui accueillera des formations en automobile, m\u00e9canique et chimie.<\/p>\n<p style=\"text-align: justify;\">C&rsquo;est une structure qui aura 4.560 m\u00e8tres carr\u00e9s et sera compos\u00e9e de trois niveaux, et qui remplacera le b\u00e2timent dit C, qui a \u00e9t\u00e9 construit en 1979. Cet espace \u00e9tait devenu trop exigu pour les ateliers des cycles de formation.<\/p>\n<p style=\"text-align: justify;\">L&rsquo;intervention de <strong>GARCIA FAURA<\/strong> consistera en l&rsquo;<strong>installation de 288 menuiseries en aluminium et verre<\/strong>, qui totalisent pr\u00e8s de 750 m\u00e8tres carr\u00e9s, avec une <strong>rupture de pont thermique<\/strong> pour garantir une bonne isolation thermique et acoustique des locaux de formation. Dix unit\u00e9s d&rsquo;enceintes en acier \u00e0 haute performance et de m\u00e9canismes de s\u00e9curit\u00e9 seront \u00e9galement install\u00e9es.<\/p>\n<p style=\"text-align: justify;\">L&rsquo;action au <strong>lyc\u00e9e Mollet<\/strong> (qui accueille plus de 1.300 \u00e9l\u00e8ves de l&rsquo;ESO et du cycle de formation) comprendra une urbanisation au sein m\u00eame de l&rsquo;ensemble du p\u00f4le p\u00e9dagogique de 1.288 m\u00e8tres carr\u00e9s et qui entra\u00eenera la d\u00e9molition d&rsquo;autres b\u00e2timents.<\/p>\n","protected":false},"excerpt":{"rendered":"<p>GARCIA FAURA participera \u00e0 la construction d&rsquo;un nouveau b\u00e2timent pour un lyc\u00e9e \u00e0 Mollet del Vall\u00e8s (Barcelone) avec l&rsquo;installation de plus de 750 m\u00e8tres carr\u00e9s de menuiseries \u00e0 rupture de pont thermique et \u00e0 haute performance. A la fin de&hellip;<\/p>\n","protected":false},"author":3,"featured_media":30333,"comment_status":"closed","ping_status":"open","sticky":false,"template":"","format":"gallery","meta":{"footnotes":""},"categories":[2],"tags":[],"post_series":[],"class_list":["post-30341","post","type-post","status-publish","format-gallery","has-post-thumbnail","hentry","category-actualite","post_format-post-format-gallery","entry","has-media"],"yoast_head":"<!-- This site is optimized with the Yoast SEO plugin v26.7 - https:\/\/yoast.com\/wordpress\/plugins\/seo\/ -->\n<title>Menuiseries de GARCIA FAURA dans le nouveau b\u00e2timent du lyc\u00e9e de Mollet del Vall\u00e8s (Barcelone) - GARCIA FAURA<\/title>\n<meta name=\"description\" content=\"Arquitectura en Alumini, Inox, Ferro i Vidre\" \/>\n<meta name=\"robots\" content=\"index, follow, max-snippet:-1, max-image-preview:large, max-video-preview:-1\" \/>\n<link rel=\"canonical\" href=\"https:\/\/www.garciafaura.com\/fr\/tancaments-de-garcia-faura-en-el-nou-edifici-de-linstitut-de-mollet\/\" \/>\n<meta property=\"og:locale\" content=\"fr_FR\" \/>\n<meta property=\"og:type\" content=\"article\" \/>\n<meta property=\"og:title\" content=\"Menuiseries de GARCIA FAURA dans le nouveau b\u00e2timent du lyc\u00e9e de Mollet del Vall\u00e8s (Barcelone) - GARCIA FAURA\" \/>\n<meta property=\"og:description\" content=\"Arquitectura en Alumini, Inox, Ferro i Vidre\" \/>\n<meta property=\"og:url\" content=\"https:\/\/www.garciafaura.com\/fr\/tancaments-de-garcia-faura-en-el-nou-edifici-de-linstitut-de-mollet\/\" \/>\n<meta property=\"og:site_name\" content=\"GARCIA FAURA\" \/>\n<meta property=\"article:published_time\" content=\"2022-09-12T09:03:08+00:00\" \/>\n<meta property=\"article:modified_time\" content=\"2022-09-12T09:10:14+00:00\" \/>\n<meta property=\"og:image\" content=\"https:\/\/www.garciafaura.com\/wp-content\/uploads\/2022\/09\/InsMollet.jpeg\" \/>\n\t<meta property=\"og:image:width\" content=\"983\" \/>\n\t<meta property=\"og:image:height\" content=\"421\" \/>\n\t<meta property=\"og:image:type\" content=\"image\/jpeg\" \/>\n<meta name=\"author\" content=\"David Achell\" \/>\n<meta name=\"twitter:card\" content=\"summary_large_image\" \/>\n<meta name=\"twitter:label1\" content=\"\u00c9crit par\" \/>\n\t<meta name=\"twitter:data1\" content=\"David Achell\" \/>\n\t<meta name=\"twitter:label2\" content=\"Dur\u00e9e de lecture estim\u00e9e\" \/>\n\t<meta name=\"twitter:data2\" content=\"2 minutes\" \/>\n<script type=\"application\/ld+json\" class=\"yoast-schema-graph\">{\"@context\":\"https:\/\/schema.org\",\"@graph\":[{\"@type\":\"Article\",\"@id\":\"https:\/\/www.garciafaura.com\/fr\/tancaments-de-garcia-faura-en-el-nou-edifici-de-linstitut-de-mollet\/#article\",\"isPartOf\":{\"@id\":\"https:\/\/www.garciafaura.com\/fr\/tancaments-de-garcia-faura-en-el-nou-edifici-de-linstitut-de-mollet\/\"},\"author\":{\"name\":\"David Achell\",\"@id\":\"https:\/\/www.garciafaura.com\/fr\/#\/schema\/person\/b4b75e69b33fac3446071909bec106b0\"},\"headline\":\"Menuiseries de GARCIA FAURA dans le nouveau b\u00e2timent du lyc\u00e9e de Mollet del Vall\u00e8s (Barcelone)\",\"datePublished\":\"2022-09-12T09:03:08+00:00\",\"dateModified\":\"2022-09-12T09:10:14+00:00\",\"mainEntityOfPage\":{\"@id\":\"https:\/\/www.garciafaura.com\/fr\/tancaments-de-garcia-faura-en-el-nou-edifici-de-linstitut-de-mollet\/\"},\"wordCount\":255,\"publisher\":{\"@id\":\"https:\/\/www.garciafaura.com\/fr\/#organization\"},\"image\":{\"@id\":\"https:\/\/www.garciafaura.com\/fr\/tancaments-de-garcia-faura-en-el-nou-edifici-de-linstitut-de-mollet\/#primaryimage\"},\"thumbnailUrl\":\"https:\/\/www.garciafaura.com\/wp-content\/uploads\/2022\/09\/InsMollet.jpeg\",\"articleSection\":[\"Actualit\u00e9\"],\"inLanguage\":\"fr-FR\"},{\"@type\":\"WebPage\",\"@id\":\"https:\/\/www.garciafaura.com\/fr\/tancaments-de-garcia-faura-en-el-nou-edifici-de-linstitut-de-mollet\/\",\"url\":\"https:\/\/www.garciafaura.com\/fr\/tancaments-de-garcia-faura-en-el-nou-edifici-de-linstitut-de-mollet\/\",\"name\":\"Menuiseries de GARCIA FAURA dans le nouveau b\u00e2timent du lyc\u00e9e de Mollet del Vall\u00e8s (Barcelone) - GARCIA FAURA\",\"isPartOf\":{\"@id\":\"https:\/\/www.garciafaura.com\/fr\/#website\"},\"primaryImageOfPage\":{\"@id\":\"https:\/\/www.garciafaura.com\/fr\/tancaments-de-garcia-faura-en-el-nou-edifici-de-linstitut-de-mollet\/#primaryimage\"},\"image\":{\"@id\":\"https:\/\/www.garciafaura.com\/fr\/tancaments-de-garcia-faura-en-el-nou-edifici-de-linstitut-de-mollet\/#primaryimage\"},\"thumbnailUrl\":\"https:\/\/www.garciafaura.com\/wp-content\/uploads\/2022\/09\/InsMollet.jpeg\",\"datePublished\":\"2022-09-12T09:03:08+00:00\",\"dateModified\":\"2022-09-12T09:10:14+00:00\",\"description\":\"Arquitectura en Alumini, Inox, Ferro i Vidre\",\"breadcrumb\":{\"@id\":\"https:\/\/www.garciafaura.com\/fr\/tancaments-de-garcia-faura-en-el-nou-edifici-de-linstitut-de-mollet\/#breadcrumb\"},\"inLanguage\":\"fr-FR\",\"potentialAction\":[{\"@type\":\"ReadAction\",\"target\":[\"https:\/\/www.garciafaura.com\/fr\/tancaments-de-garcia-faura-en-el-nou-edifici-de-linstitut-de-mollet\/\"]}]},{\"@type\":\"ImageObject\",\"inLanguage\":\"fr-FR\",\"@id\":\"https:\/\/www.garciafaura.com\/fr\/tancaments-de-garcia-faura-en-el-nou-edifici-de-linstitut-de-mollet\/#primaryimage\",\"url\":\"https:\/\/www.garciafaura.com\/wp-content\/uploads\/2022\/09\/InsMollet.jpeg\",\"contentUrl\":\"https:\/\/www.garciafaura.com\/wp-content\/uploads\/2022\/09\/InsMollet.jpeg\",\"width\":983,\"height\":421},{\"@type\":\"BreadcrumbList\",\"@id\":\"https:\/\/www.garciafaura.com\/fr\/tancaments-de-garcia-faura-en-el-nou-edifici-de-linstitut-de-mollet\/#breadcrumb\",\"itemListElement\":[{\"@type\":\"ListItem\",\"position\":1,\"name\":\"Inici\",\"item\":\"https:\/\/www.garciafaura.com\/fr\/\"},{\"@type\":\"ListItem\",\"position\":2,\"name\":\"Menuiseries de GARCIA FAURA dans le nouveau b\u00e2timent du lyc\u00e9e de Mollet del Vall\u00e8s (Barcelone)\"}]},{\"@type\":\"WebSite\",\"@id\":\"https:\/\/www.garciafaura.com\/fr\/#website\",\"url\":\"https:\/\/www.garciafaura.com\/fr\/\",\"name\":\"GARCIA FAURA\",\"description\":\"Arquitectura en Alumini, Inox, Ferro i Vidre\",\"publisher\":{\"@id\":\"https:\/\/www.garciafaura.com\/fr\/#organization\"},\"potentialAction\":[{\"@type\":\"SearchAction\",\"target\":{\"@type\":\"EntryPoint\",\"urlTemplate\":\"https:\/\/www.garciafaura.com\/fr\/?s={search_term_string}\"},\"query-input\":{\"@type\":\"PropertyValueSpecification\",\"valueRequired\":true,\"valueName\":\"search_term_string\"}}],\"inLanguage\":\"fr-FR\"},{\"@type\":\"Organization\",\"@id\":\"https:\/\/www.garciafaura.com\/fr\/#organization\",\"name\":\"GARCIA FAURA\",\"url\":\"https:\/\/www.garciafaura.com\/fr\/\",\"logo\":{\"@type\":\"ImageObject\",\"inLanguage\":\"fr-FR\",\"@id\":\"https:\/\/www.garciafaura.com\/fr\/#\/schema\/logo\/image\/\",\"url\":\"https:\/\/www.garciafaura.com\/wp-content\/uploads\/2018\/09\/Garcia-Faura.png\",\"contentUrl\":\"https:\/\/www.garciafaura.com\/wp-content\/uploads\/2018\/09\/Garcia-Faura.png\",\"width\":512,\"height\":512,\"caption\":\"GARCIA FAURA\"},\"image\":{\"@id\":\"https:\/\/www.garciafaura.com\/fr\/#\/schema\/logo\/image\/\"},\"sameAs\":[\"https:\/\/www.youtube.com\/user\/GARCIAFAURA\"]},{\"@type\":\"Person\",\"@id\":\"https:\/\/www.garciafaura.com\/fr\/#\/schema\/person\/b4b75e69b33fac3446071909bec106b0\",\"name\":\"David Achell\",\"image\":{\"@type\":\"ImageObject\",\"inLanguage\":\"fr-FR\",\"@id\":\"https:\/\/www.garciafaura.com\/fr\/#\/schema\/person\/image\/\",\"url\":\"https:\/\/secure.gravatar.com\/avatar\/03900210afc1f61bce737bcb4a79c02e2c997f171e3eca839b5a4cbe03846c90?s=96&d=blank&r=g\",\"contentUrl\":\"https:\/\/secure.gravatar.com\/avatar\/03900210afc1f61bce737bcb4a79c02e2c997f171e3eca839b5a4cbe03846c90?s=96&d=blank&r=g\",\"caption\":\"David Achell\"}}]}<\/script>\n<!-- \/ Yoast SEO plugin. -->","yoast_head_json":{"title":"Menuiseries de GARCIA FAURA dans le nouveau b\u00e2timent du lyc\u00e9e de Mollet del Vall\u00e8s (Barcelone) - GARCIA FAURA","description":"Arquitectura en Alumini, Inox, Ferro i Vidre","robots":{"index":"index","follow":"follow","max-snippet":"max-snippet:-1","max-image-preview":"max-image-preview:large","max-video-preview":"max-video-preview:-1"},"canonical":"https:\/\/www.garciafaura.com\/fr\/tancaments-de-garcia-faura-en-el-nou-edifici-de-linstitut-de-mollet\/","og_locale":"fr_FR","og_type":"article","og_title":"Menuiseries de GARCIA FAURA dans le nouveau b\u00e2timent du lyc\u00e9e de Mollet del Vall\u00e8s (Barcelone) - GARCIA FAURA","og_description":"Arquitectura en Alumini, Inox, Ferro i Vidre","og_url":"https:\/\/www.garciafaura.com\/fr\/tancaments-de-garcia-faura-en-el-nou-edifici-de-linstitut-de-mollet\/","og_site_name":"GARCIA FAURA","article_published_time":"2022-09-12T09:03:08+00:00","article_modified_time":"2022-09-12T09:10:14+00:00","og_image":[{"width":983,"height":421,"url":"https:\/\/www.garciafaura.com\/wp-content\/uploads\/2022\/09\/InsMollet.jpeg","type":"image\/jpeg"}],"author":"David Achell","twitter_card":"summary_large_image","twitter_misc":{"\u00c9crit par":"David Achell","Dur\u00e9e de lecture estim\u00e9e":"2 minutes"},"schema":{"@context":"https:\/\/schema.org","@graph":[{"@type":"Article","@id":"https:\/\/www.garciafaura.com\/fr\/tancaments-de-garcia-faura-en-el-nou-edifici-de-linstitut-de-mollet\/#article","isPartOf":{"@id":"https:\/\/www.garciafaura.com\/fr\/tancaments-de-garcia-faura-en-el-nou-edifici-de-linstitut-de-mollet\/"},"author":{"name":"David Achell","@id":"https:\/\/www.garciafaura.com\/fr\/#\/schema\/person\/b4b75e69b33fac3446071909bec106b0"},"headline":"Menuiseries de GARCIA FAURA dans le nouveau b\u00e2timent du lyc\u00e9e de Mollet del Vall\u00e8s (Barcelone)","datePublished":"2022-09-12T09:03:08+00:00","dateModified":"2022-09-12T09:10:14+00:00","mainEntityOfPage":{"@id":"https:\/\/www.garciafaura.com\/fr\/tancaments-de-garcia-faura-en-el-nou-edifici-de-linstitut-de-mollet\/"},"wordCount":255,"publisher":{"@id":"https:\/\/www.garciafaura.com\/fr\/#organization"},"image":{"@id":"https:\/\/www.garciafaura.com\/fr\/tancaments-de-garcia-faura-en-el-nou-edifici-de-linstitut-de-mollet\/#primaryimage"},"thumbnailUrl":"https:\/\/www.garciafaura.com\/wp-content\/uploads\/2022\/09\/InsMollet.jpeg","articleSection":["Actualit\u00e9"],"inLanguage":"fr-FR"},{"@type":"WebPage","@id":"https:\/\/www.garciafaura.com\/fr\/tancaments-de-garcia-faura-en-el-nou-edifici-de-linstitut-de-mollet\/","url":"https:\/\/www.garciafaura.com\/fr\/tancaments-de-garcia-faura-en-el-nou-edifici-de-linstitut-de-mollet\/","name":"Menuiseries de GARCIA FAURA dans le nouveau b\u00e2timent du lyc\u00e9e de Mollet del Vall\u00e8s (Barcelone) - GARCIA FAURA","isPartOf":{"@id":"https:\/\/www.garciafaura.com\/fr\/#website"},"primaryImageOfPage":{"@id":"https:\/\/www.garciafaura.com\/fr\/tancaments-de-garcia-faura-en-el-nou-edifici-de-linstitut-de-mollet\/#primaryimage"},"image":{"@id":"https:\/\/www.garciafaura.com\/fr\/tancaments-de-garcia-faura-en-el-nou-edifici-de-linstitut-de-mollet\/#primaryimage"},"thumbnailUrl":"https:\/\/www.garciafaura.com\/wp-content\/uploads\/2022\/09\/InsMollet.jpeg","datePublished":"2022-09-12T09:03:08+00:00","dateModified":"2022-09-12T09:10:14+00:00","description":"Arquitectura en Alumini, Inox, Ferro i Vidre","breadcrumb":{"@id":"https:\/\/www.garciafaura.com\/fr\/tancaments-de-garcia-faura-en-el-nou-edifici-de-linstitut-de-mollet\/#breadcrumb"},"inLanguage":"fr-FR","potentialAction":[{"@type":"ReadAction","target":["https:\/\/www.garciafaura.com\/fr\/tancaments-de-garcia-faura-en-el-nou-edifici-de-linstitut-de-mollet\/"]}]},{"@type":"ImageObject","inLanguage":"fr-FR","@id":"https:\/\/www.garciafaura.com\/fr\/tancaments-de-garcia-faura-en-el-nou-edifici-de-linstitut-de-mollet\/#primaryimage","url":"https:\/\/www.garciafaura.com\/wp-content\/uploads\/2022\/09\/InsMollet.jpeg","contentUrl":"https:\/\/www.garciafaura.com\/wp-content\/uploads\/2022\/09\/InsMollet.jpeg","width":983,"height":421},{"@type":"BreadcrumbList","@id":"https:\/\/www.garciafaura.com\/fr\/tancaments-de-garcia-faura-en-el-nou-edifici-de-linstitut-de-mollet\/#breadcrumb","itemListElement":[{"@type":"ListItem","position":1,"name":"Inici","item":"https:\/\/www.garciafaura.com\/fr\/"},{"@type":"ListItem","position":2,"name":"Menuiseries de GARCIA FAURA dans le nouveau b\u00e2timent du lyc\u00e9e de Mollet del Vall\u00e8s (Barcelone)"}]},{"@type":"WebSite","@id":"https:\/\/www.garciafaura.com\/fr\/#website","url":"https:\/\/www.garciafaura.com\/fr\/","name":"GARCIA FAURA","description":"Arquitectura en Alumini, Inox, Ferro i Vidre","publisher":{"@id":"https:\/\/www.garciafaura.com\/fr\/#organization"},"potentialAction":[{"@type":"SearchAction","target":{"@type":"EntryPoint","urlTemplate":"https:\/\/www.garciafaura.com\/fr\/?s={search_term_string}"},"query-input":{"@type":"PropertyValueSpecification","valueRequired":true,"valueName":"search_term_string"}}],"inLanguage":"fr-FR"},{"@type":"Organization","@id":"https:\/\/www.garciafaura.com\/fr\/#organization","name":"GARCIA FAURA","url":"https:\/\/www.garciafaura.com\/fr\/","logo":{"@type":"ImageObject","inLanguage":"fr-FR","@id":"https:\/\/www.garciafaura.com\/fr\/#\/schema\/logo\/image\/","url":"https:\/\/www.garciafaura.com\/wp-content\/uploads\/2018\/09\/Garcia-Faura.png","contentUrl":"https:\/\/www.garciafaura.com\/wp-content\/uploads\/2018\/09\/Garcia-Faura.png","width":512,"height":512,"caption":"GARCIA FAURA"},"image":{"@id":"https:\/\/www.garciafaura.com\/fr\/#\/schema\/logo\/image\/"},"sameAs":["https:\/\/www.youtube.com\/user\/GARCIAFAURA"]},{"@type":"Person","@id":"https:\/\/www.garciafaura.com\/fr\/#\/schema\/person\/b4b75e69b33fac3446071909bec106b0","name":"David Achell","image":{"@type":"ImageObject","inLanguage":"fr-FR","@id":"https:\/\/www.garciafaura.com\/fr\/#\/schema\/person\/image\/","url":"https:\/\/secure.gravatar.com\/avatar\/03900210afc1f61bce737bcb4a79c02e2c997f171e3eca839b5a4cbe03846c90?s=96&d=blank&r=g","contentUrl":"https:\/\/secure.gravatar.com\/avatar\/03900210afc1f61bce737bcb4a79c02e2c997f171e3eca839b5a4cbe03846c90?s=96&d=blank&r=g","caption":"David Achell"}}]}},"_links":{"self":[{"href":"https:\/\/www.garciafaura.com\/fr\/wp-json\/wp\/v2\/posts\/30341","targetHints":{"allow":["GET"]}}],"collection":[{"href":"https:\/\/www.garciafaura.com\/fr\/wp-json\/wp\/v2\/posts"}],"about":[{"href":"https:\/\/www.garciafaura.com\/fr\/wp-json\/wp\/v2\/types\/post"}],"author":[{"embeddable":true,"href":"https:\/\/www.garciafaura.com\/fr\/wp-json\/wp\/v2\/users\/3"}],"replies":[{"embeddable":true,"href":"https:\/\/www.garciafaura.com\/fr\/wp-json\/wp\/v2\/comments?post=30341"}],"version-history":[{"count":2,"href":"https:\/\/www.garciafaura.com\/fr\/wp-json\/wp\/v2\/posts\/30341\/revisions"}],"predecessor-version":[{"id":30346,"href":"https:\/\/www.garciafaura.com\/fr\/wp-json\/wp\/v2\/posts\/30341\/revisions\/30346"}],"wp:featuredmedia":[{"embeddable":true,"href":"https:\/\/www.garciafaura.com\/fr\/wp-json\/wp\/v2\/media\/30333"}],"wp:attachment":[{"href":"https:\/\/www.garciafaura.com\/fr\/wp-json\/wp\/v2\/media?parent=30341"}],"wp:term":[{"taxonomy":"category","embeddable":true,"href":"https:\/\/www.garciafaura.com\/fr\/wp-json\/wp\/v2\/categories?post=30341"},{"taxonomy":"post_tag","embeddable":true,"href":"https:\/\/www.garciafaura.com\/fr\/wp-json\/wp\/v2\/tags?post=30341"},{"taxonomy":"post_series","embeddable":true,"href":"https:\/\/www.garciafaura.com\/fr\/wp-json\/wp\/v2\/post_series?post=30341"}],"curies":[{"name":"wp","href":"https:\/\/api.w.org\/{rel}","templated":true}]}}