{"id":30317,"date":"2022-08-24T09:49:46","date_gmt":"2022-08-24T07:49:46","guid":{"rendered":"https:\/\/www.garciafaura.com\/tancaments-de-garcia-faura-per-al-nou-centre-doncologia-radioterapica-de-granollers\/"},"modified":"2022-09-05T11:41:03","modified_gmt":"2022-09-05T09:41:03","slug":"tancaments-de-garcia-faura-per-al-nou-centre-doncologia-radioterapica-de-granollers","status":"publish","type":"post","link":"https:\/\/www.garciafaura.com\/fr\/tancaments-de-garcia-faura-per-al-nou-centre-doncologia-radioterapica-de-granollers\/","title":{"rendered":"Menuiseries de GARCIA FAURA pour le nouveau Centre de Radioth\u00e9rapie Oncologique de Granollers"},"content":{"rendered":"<p style=\"text-align: justify;\"><strong>Le Centre de Radioth\u00e9rapie Oncologique en construction \u00e0 Granollers int\u00e9grera des menuiseries en aluminium et verre de GARCIA FAURA, r\u00e9alis\u00e9es \u00e0 partir d&rsquo;une solution technique d\u00e9velopp\u00e9e par le bureau d&rsquo;\u00e9tudes de l&rsquo;entreprise.<\/strong><\/p>\n<p style=\"text-align: justify;\"><strong>GARCIA FAURA<\/strong> est responsable du d\u00e9veloppement, de la fabrication et de l&rsquo;installation de 247 unit\u00e9s de menuiseries en aluminium et en verre pour le <strong>Centre de Radioth\u00e9rapie Oncologique<\/strong> en construction \u00e0 Granollers, \u00e0 c\u00f4t\u00e9 de l&rsquo;H\u00f4pital G\u00e9n\u00e9ral de la capitale du Vall\u00e8s Oriental.<\/p>\n<p style=\"text-align: justify;\">Les menuiseries ont \u00e9t\u00e9 d\u00e9velopp\u00e9es sur la base d&rsquo;une solution technique propre d\u00e9velopp\u00e9e par le Bureau Technique de <strong>GARCIA FAURA<\/strong>. Les menuiseries fixes sont combin\u00e9es avec des ouvertures praticables et oscillantes, ainsi que des portes d&rsquo;acc\u00e8s.<\/p>\n<p style=\"text-align: justify;\">Les vitrages int\u00e8grent des couches de contr\u00f4le solaire pour augmenter le confort de l&rsquo;installation et am\u00e9liorer ses performances thermiques. Il est pr\u00e9vu d&rsquo;ex\u00e9cuter les phases de production et d&rsquo;installation en environ deux mois.<\/p>\n<h3 style=\"text-align: justify;\"><strong>Un centre pour \u00e9viter les d\u00e9placements<\/strong><\/h3>\n<p style=\"text-align: justify;\">Le Centre de radioth\u00e9rapie oncologique sera une installation satellite de l&rsquo;Hospital Cl\u00ednic de Barcelona destin\u00e9e aux soins oncologiques des patients r\u00e9sidant dans le Vall\u00e8s Oriental et Osona. Cela \u00e9vitera \u00e0 ces patients d&rsquo;avoir \u00e0 se rendre \u00e0 Barcelone pour leurs traitements.<\/p>\n<p style=\"text-align: justify;\">\u00c0 cet \u00e9gard, le Centre sera dot\u00e9 de technologies de pointe telles que deux acc\u00e9l\u00e9rateurs lin\u00e9aires \u00e0 haute \u00e9nergie (qui permettront l&rsquo;administration de pr\u00e8s de 450 traitements par acc\u00e9l\u00e9rateur par ann\u00e9e) et un \u00e9quipement de tomographie informatis\u00e9e (CT) qui int\u00e8gre un syst\u00e8me 4D pour l&rsquo;acquisition des mouvements respiratoires.<\/p>\n<p style=\"text-align: justify;\">L&rsquo;\u00e9quipement aura deux \u00e9tages, un pour la radioth\u00e9rapie et un autre pour la dialyse, avec les espaces de consultation respectifs et les espaces communs. Son design se distingue par des int\u00e9rieurs chaleureux et intimes pour les patients, et par une fa\u00e7ade en mat\u00e9riau c\u00e9ramique.<\/p>\n","protected":false},"excerpt":{"rendered":"<p>Le Centre de Radioth\u00e9rapie Oncologique en construction \u00e0 Granollers int\u00e9grera des menuiseries en aluminium et verre de GARCIA FAURA, r\u00e9alis\u00e9es \u00e0 partir d&rsquo;une solution technique d\u00e9velopp\u00e9e par le bureau d&rsquo;\u00e9tudes de l&rsquo;entreprise. GARCIA FAURA est responsable du d\u00e9veloppement, de la&hellip;<\/p>\n","protected":false},"author":3,"featured_media":30246,"comment_status":"closed","ping_status":"open","sticky":false,"template":"","format":"gallery","meta":{"footnotes":""},"categories":[2],"tags":[],"post_series":[],"class_list":["post-30317","post","type-post","status-publish","format-gallery","has-post-thumbnail","hentry","category-actualite","post_format-post-format-gallery","entry","has-media"],"yoast_head":"<!-- This site is optimized with the Yoast SEO plugin v26.7 - https:\/\/yoast.com\/wordpress\/plugins\/seo\/ -->\n<title>Menuiseries de GARCIA FAURA pour le nouveau Centre de Radioth\u00e9rapie Oncologique de Granollers - GARCIA FAURA<\/title>\n<meta name=\"description\" content=\"Arquitectura en Alumini, Inox, Ferro i Vidre\" \/>\n<meta name=\"robots\" content=\"index, follow, max-snippet:-1, max-image-preview:large, max-video-preview:-1\" \/>\n<link rel=\"canonical\" href=\"https:\/\/www.garciafaura.com\/fr\/tancaments-de-garcia-faura-per-al-nou-centre-doncologia-radioterapica-de-granollers\/\" \/>\n<meta property=\"og:locale\" content=\"fr_FR\" \/>\n<meta property=\"og:type\" content=\"article\" \/>\n<meta property=\"og:title\" content=\"Menuiseries de GARCIA FAURA pour le nouveau Centre de Radioth\u00e9rapie Oncologique de Granollers - GARCIA FAURA\" \/>\n<meta property=\"og:description\" content=\"Arquitectura en Alumini, Inox, Ferro i Vidre\" \/>\n<meta property=\"og:url\" content=\"https:\/\/www.garciafaura.com\/fr\/tancaments-de-garcia-faura-per-al-nou-centre-doncologia-radioterapica-de-granollers\/\" \/>\n<meta property=\"og:site_name\" content=\"GARCIA FAURA\" \/>\n<meta property=\"article:published_time\" content=\"2022-08-24T07:49:46+00:00\" \/>\n<meta property=\"article:modified_time\" content=\"2022-09-05T09:41:03+00:00\" \/>\n<meta property=\"og:image\" content=\"https:\/\/www.garciafaura.com\/wp-content\/uploads\/2022\/08\/01_PeuFoto_Casa_Solo_arquitectes__BAAS_arquitectura-e1661327467675.webp\" \/>\n\t<meta property=\"og:image:width\" content=\"1920\" \/>\n\t<meta property=\"og:image:height\" content=\"1767\" \/>\n\t<meta property=\"og:image:type\" content=\"image\/webp\" \/>\n<meta name=\"author\" content=\"David Achell\" \/>\n<meta name=\"twitter:card\" content=\"summary_large_image\" \/>\n<meta name=\"twitter:label1\" content=\"\u00c9crit par\" \/>\n\t<meta name=\"twitter:data1\" content=\"David Achell\" \/>\n\t<meta name=\"twitter:label2\" content=\"Dur\u00e9e de lecture estim\u00e9e\" \/>\n\t<meta name=\"twitter:data2\" content=\"2 minutes\" \/>\n<script type=\"application\/ld+json\" class=\"yoast-schema-graph\">{\"@context\":\"https:\/\/schema.org\",\"@graph\":[{\"@type\":\"Article\",\"@id\":\"https:\/\/www.garciafaura.com\/fr\/tancaments-de-garcia-faura-per-al-nou-centre-doncologia-radioterapica-de-granollers\/#article\",\"isPartOf\":{\"@id\":\"https:\/\/www.garciafaura.com\/fr\/tancaments-de-garcia-faura-per-al-nou-centre-doncologia-radioterapica-de-granollers\/\"},\"author\":{\"name\":\"David Achell\",\"@id\":\"https:\/\/www.garciafaura.com\/fr\/#\/schema\/person\/b4b75e69b33fac3446071909bec106b0\"},\"headline\":\"Menuiseries de GARCIA FAURA pour le nouveau Centre de Radioth\u00e9rapie Oncologique de Granollers\",\"datePublished\":\"2022-08-24T07:49:46+00:00\",\"dateModified\":\"2022-09-05T09:41:03+00:00\",\"mainEntityOfPage\":{\"@id\":\"https:\/\/www.garciafaura.com\/fr\/tancaments-de-garcia-faura-per-al-nou-centre-doncologia-radioterapica-de-granollers\/\"},\"wordCount\":347,\"publisher\":{\"@id\":\"https:\/\/www.garciafaura.com\/fr\/#organization\"},\"image\":{\"@id\":\"https:\/\/www.garciafaura.com\/fr\/tancaments-de-garcia-faura-per-al-nou-centre-doncologia-radioterapica-de-granollers\/#primaryimage\"},\"thumbnailUrl\":\"https:\/\/www.garciafaura.com\/wp-content\/uploads\/2022\/08\/01_PeuFoto_Casa_Solo_arquitectes__BAAS_arquitectura-e1661327467675.webp\",\"articleSection\":[\"Actualit\u00e9\"],\"inLanguage\":\"fr-FR\"},{\"@type\":\"WebPage\",\"@id\":\"https:\/\/www.garciafaura.com\/fr\/tancaments-de-garcia-faura-per-al-nou-centre-doncologia-radioterapica-de-granollers\/\",\"url\":\"https:\/\/www.garciafaura.com\/fr\/tancaments-de-garcia-faura-per-al-nou-centre-doncologia-radioterapica-de-granollers\/\",\"name\":\"Menuiseries de GARCIA FAURA pour le nouveau Centre de Radioth\u00e9rapie Oncologique de Granollers - GARCIA FAURA\",\"isPartOf\":{\"@id\":\"https:\/\/www.garciafaura.com\/fr\/#website\"},\"primaryImageOfPage\":{\"@id\":\"https:\/\/www.garciafaura.com\/fr\/tancaments-de-garcia-faura-per-al-nou-centre-doncologia-radioterapica-de-granollers\/#primaryimage\"},\"image\":{\"@id\":\"https:\/\/www.garciafaura.com\/fr\/tancaments-de-garcia-faura-per-al-nou-centre-doncologia-radioterapica-de-granollers\/#primaryimage\"},\"thumbnailUrl\":\"https:\/\/www.garciafaura.com\/wp-content\/uploads\/2022\/08\/01_PeuFoto_Casa_Solo_arquitectes__BAAS_arquitectura-e1661327467675.webp\",\"datePublished\":\"2022-08-24T07:49:46+00:00\",\"dateModified\":\"2022-09-05T09:41:03+00:00\",\"description\":\"Arquitectura en Alumini, Inox, Ferro i Vidre\",\"breadcrumb\":{\"@id\":\"https:\/\/www.garciafaura.com\/fr\/tancaments-de-garcia-faura-per-al-nou-centre-doncologia-radioterapica-de-granollers\/#breadcrumb\"},\"inLanguage\":\"fr-FR\",\"potentialAction\":[{\"@type\":\"ReadAction\",\"target\":[\"https:\/\/www.garciafaura.com\/fr\/tancaments-de-garcia-faura-per-al-nou-centre-doncologia-radioterapica-de-granollers\/\"]}]},{\"@type\":\"ImageObject\",\"inLanguage\":\"fr-FR\",\"@id\":\"https:\/\/www.garciafaura.com\/fr\/tancaments-de-garcia-faura-per-al-nou-centre-doncologia-radioterapica-de-granollers\/#primaryimage\",\"url\":\"https:\/\/www.garciafaura.com\/wp-content\/uploads\/2022\/08\/01_PeuFoto_Casa_Solo_arquitectes__BAAS_arquitectura-e1661327467675.webp\",\"contentUrl\":\"https:\/\/www.garciafaura.com\/wp-content\/uploads\/2022\/08\/01_PeuFoto_Casa_Solo_arquitectes__BAAS_arquitectura-e1661327467675.webp\",\"width\":1920,\"height\":1767,\"caption\":\"Foto: Casa Solo Arquitectes | BAAS Arquitectura\"},{\"@type\":\"BreadcrumbList\",\"@id\":\"https:\/\/www.garciafaura.com\/fr\/tancaments-de-garcia-faura-per-al-nou-centre-doncologia-radioterapica-de-granollers\/#breadcrumb\",\"itemListElement\":[{\"@type\":\"ListItem\",\"position\":1,\"name\":\"Inici\",\"item\":\"https:\/\/www.garciafaura.com\/fr\/\"},{\"@type\":\"ListItem\",\"position\":2,\"name\":\"Menuiseries de GARCIA FAURA pour le nouveau Centre de Radioth\u00e9rapie Oncologique de Granollers\"}]},{\"@type\":\"WebSite\",\"@id\":\"https:\/\/www.garciafaura.com\/fr\/#website\",\"url\":\"https:\/\/www.garciafaura.com\/fr\/\",\"name\":\"GARCIA FAURA\",\"description\":\"Arquitectura en Alumini, Inox, Ferro i Vidre\",\"publisher\":{\"@id\":\"https:\/\/www.garciafaura.com\/fr\/#organization\"},\"potentialAction\":[{\"@type\":\"SearchAction\",\"target\":{\"@type\":\"EntryPoint\",\"urlTemplate\":\"https:\/\/www.garciafaura.com\/fr\/?s={search_term_string}\"},\"query-input\":{\"@type\":\"PropertyValueSpecification\",\"valueRequired\":true,\"valueName\":\"search_term_string\"}}],\"inLanguage\":\"fr-FR\"},{\"@type\":\"Organization\",\"@id\":\"https:\/\/www.garciafaura.com\/fr\/#organization\",\"name\":\"GARCIA FAURA\",\"url\":\"https:\/\/www.garciafaura.com\/fr\/\",\"logo\":{\"@type\":\"ImageObject\",\"inLanguage\":\"fr-FR\",\"@id\":\"https:\/\/www.garciafaura.com\/fr\/#\/schema\/logo\/image\/\",\"url\":\"https:\/\/www.garciafaura.com\/wp-content\/uploads\/2018\/09\/Garcia-Faura.png\",\"contentUrl\":\"https:\/\/www.garciafaura.com\/wp-content\/uploads\/2018\/09\/Garcia-Faura.png\",\"width\":512,\"height\":512,\"caption\":\"GARCIA FAURA\"},\"image\":{\"@id\":\"https:\/\/www.garciafaura.com\/fr\/#\/schema\/logo\/image\/\"},\"sameAs\":[\"https:\/\/www.youtube.com\/user\/GARCIAFAURA\"]},{\"@type\":\"Person\",\"@id\":\"https:\/\/www.garciafaura.com\/fr\/#\/schema\/person\/b4b75e69b33fac3446071909bec106b0\",\"name\":\"David Achell\",\"image\":{\"@type\":\"ImageObject\",\"inLanguage\":\"fr-FR\",\"@id\":\"https:\/\/www.garciafaura.com\/fr\/#\/schema\/person\/image\/\",\"url\":\"https:\/\/secure.gravatar.com\/avatar\/03900210afc1f61bce737bcb4a79c02e2c997f171e3eca839b5a4cbe03846c90?s=96&d=blank&r=g\",\"contentUrl\":\"https:\/\/secure.gravatar.com\/avatar\/03900210afc1f61bce737bcb4a79c02e2c997f171e3eca839b5a4cbe03846c90?s=96&d=blank&r=g\",\"caption\":\"David Achell\"}}]}<\/script>\n<!-- \/ Yoast SEO plugin. -->","yoast_head_json":{"title":"Menuiseries de GARCIA FAURA pour le nouveau Centre de Radioth\u00e9rapie Oncologique de Granollers - GARCIA FAURA","description":"Arquitectura en Alumini, Inox, Ferro i Vidre","robots":{"index":"index","follow":"follow","max-snippet":"max-snippet:-1","max-image-preview":"max-image-preview:large","max-video-preview":"max-video-preview:-1"},"canonical":"https:\/\/www.garciafaura.com\/fr\/tancaments-de-garcia-faura-per-al-nou-centre-doncologia-radioterapica-de-granollers\/","og_locale":"fr_FR","og_type":"article","og_title":"Menuiseries de GARCIA FAURA pour le nouveau Centre de Radioth\u00e9rapie Oncologique de Granollers - GARCIA FAURA","og_description":"Arquitectura en Alumini, Inox, Ferro i Vidre","og_url":"https:\/\/www.garciafaura.com\/fr\/tancaments-de-garcia-faura-per-al-nou-centre-doncologia-radioterapica-de-granollers\/","og_site_name":"GARCIA FAURA","article_published_time":"2022-08-24T07:49:46+00:00","article_modified_time":"2022-09-05T09:41:03+00:00","og_image":[{"width":1920,"height":1767,"url":"https:\/\/www.garciafaura.com\/wp-content\/uploads\/2022\/08\/01_PeuFoto_Casa_Solo_arquitectes__BAAS_arquitectura-e1661327467675.webp","type":"image\/webp"}],"author":"David Achell","twitter_card":"summary_large_image","twitter_misc":{"\u00c9crit par":"David Achell","Dur\u00e9e de lecture estim\u00e9e":"2 minutes"},"schema":{"@context":"https:\/\/schema.org","@graph":[{"@type":"Article","@id":"https:\/\/www.garciafaura.com\/fr\/tancaments-de-garcia-faura-per-al-nou-centre-doncologia-radioterapica-de-granollers\/#article","isPartOf":{"@id":"https:\/\/www.garciafaura.com\/fr\/tancaments-de-garcia-faura-per-al-nou-centre-doncologia-radioterapica-de-granollers\/"},"author":{"name":"David Achell","@id":"https:\/\/www.garciafaura.com\/fr\/#\/schema\/person\/b4b75e69b33fac3446071909bec106b0"},"headline":"Menuiseries de GARCIA FAURA pour le nouveau Centre de Radioth\u00e9rapie Oncologique de Granollers","datePublished":"2022-08-24T07:49:46+00:00","dateModified":"2022-09-05T09:41:03+00:00","mainEntityOfPage":{"@id":"https:\/\/www.garciafaura.com\/fr\/tancaments-de-garcia-faura-per-al-nou-centre-doncologia-radioterapica-de-granollers\/"},"wordCount":347,"publisher":{"@id":"https:\/\/www.garciafaura.com\/fr\/#organization"},"image":{"@id":"https:\/\/www.garciafaura.com\/fr\/tancaments-de-garcia-faura-per-al-nou-centre-doncologia-radioterapica-de-granollers\/#primaryimage"},"thumbnailUrl":"https:\/\/www.garciafaura.com\/wp-content\/uploads\/2022\/08\/01_PeuFoto_Casa_Solo_arquitectes__BAAS_arquitectura-e1661327467675.webp","articleSection":["Actualit\u00e9"],"inLanguage":"fr-FR"},{"@type":"WebPage","@id":"https:\/\/www.garciafaura.com\/fr\/tancaments-de-garcia-faura-per-al-nou-centre-doncologia-radioterapica-de-granollers\/","url":"https:\/\/www.garciafaura.com\/fr\/tancaments-de-garcia-faura-per-al-nou-centre-doncologia-radioterapica-de-granollers\/","name":"Menuiseries de GARCIA FAURA pour le nouveau Centre de Radioth\u00e9rapie Oncologique de Granollers - GARCIA FAURA","isPartOf":{"@id":"https:\/\/www.garciafaura.com\/fr\/#website"},"primaryImageOfPage":{"@id":"https:\/\/www.garciafaura.com\/fr\/tancaments-de-garcia-faura-per-al-nou-centre-doncologia-radioterapica-de-granollers\/#primaryimage"},"image":{"@id":"https:\/\/www.garciafaura.com\/fr\/tancaments-de-garcia-faura-per-al-nou-centre-doncologia-radioterapica-de-granollers\/#primaryimage"},"thumbnailUrl":"https:\/\/www.garciafaura.com\/wp-content\/uploads\/2022\/08\/01_PeuFoto_Casa_Solo_arquitectes__BAAS_arquitectura-e1661327467675.webp","datePublished":"2022-08-24T07:49:46+00:00","dateModified":"2022-09-05T09:41:03+00:00","description":"Arquitectura en Alumini, Inox, Ferro i Vidre","breadcrumb":{"@id":"https:\/\/www.garciafaura.com\/fr\/tancaments-de-garcia-faura-per-al-nou-centre-doncologia-radioterapica-de-granollers\/#breadcrumb"},"inLanguage":"fr-FR","potentialAction":[{"@type":"ReadAction","target":["https:\/\/www.garciafaura.com\/fr\/tancaments-de-garcia-faura-per-al-nou-centre-doncologia-radioterapica-de-granollers\/"]}]},{"@type":"ImageObject","inLanguage":"fr-FR","@id":"https:\/\/www.garciafaura.com\/fr\/tancaments-de-garcia-faura-per-al-nou-centre-doncologia-radioterapica-de-granollers\/#primaryimage","url":"https:\/\/www.garciafaura.com\/wp-content\/uploads\/2022\/08\/01_PeuFoto_Casa_Solo_arquitectes__BAAS_arquitectura-e1661327467675.webp","contentUrl":"https:\/\/www.garciafaura.com\/wp-content\/uploads\/2022\/08\/01_PeuFoto_Casa_Solo_arquitectes__BAAS_arquitectura-e1661327467675.webp","width":1920,"height":1767,"caption":"Foto: Casa Solo Arquitectes | BAAS Arquitectura"},{"@type":"BreadcrumbList","@id":"https:\/\/www.garciafaura.com\/fr\/tancaments-de-garcia-faura-per-al-nou-centre-doncologia-radioterapica-de-granollers\/#breadcrumb","itemListElement":[{"@type":"ListItem","position":1,"name":"Inici","item":"https:\/\/www.garciafaura.com\/fr\/"},{"@type":"ListItem","position":2,"name":"Menuiseries de GARCIA FAURA pour le nouveau Centre de Radioth\u00e9rapie Oncologique de Granollers"}]},{"@type":"WebSite","@id":"https:\/\/www.garciafaura.com\/fr\/#website","url":"https:\/\/www.garciafaura.com\/fr\/","name":"GARCIA FAURA","description":"Arquitectura en Alumini, Inox, Ferro i Vidre","publisher":{"@id":"https:\/\/www.garciafaura.com\/fr\/#organization"},"potentialAction":[{"@type":"SearchAction","target":{"@type":"EntryPoint","urlTemplate":"https:\/\/www.garciafaura.com\/fr\/?s={search_term_string}"},"query-input":{"@type":"PropertyValueSpecification","valueRequired":true,"valueName":"search_term_string"}}],"inLanguage":"fr-FR"},{"@type":"Organization","@id":"https:\/\/www.garciafaura.com\/fr\/#organization","name":"GARCIA FAURA","url":"https:\/\/www.garciafaura.com\/fr\/","logo":{"@type":"ImageObject","inLanguage":"fr-FR","@id":"https:\/\/www.garciafaura.com\/fr\/#\/schema\/logo\/image\/","url":"https:\/\/www.garciafaura.com\/wp-content\/uploads\/2018\/09\/Garcia-Faura.png","contentUrl":"https:\/\/www.garciafaura.com\/wp-content\/uploads\/2018\/09\/Garcia-Faura.png","width":512,"height":512,"caption":"GARCIA FAURA"},"image":{"@id":"https:\/\/www.garciafaura.com\/fr\/#\/schema\/logo\/image\/"},"sameAs":["https:\/\/www.youtube.com\/user\/GARCIAFAURA"]},{"@type":"Person","@id":"https:\/\/www.garciafaura.com\/fr\/#\/schema\/person\/b4b75e69b33fac3446071909bec106b0","name":"David Achell","image":{"@type":"ImageObject","inLanguage":"fr-FR","@id":"https:\/\/www.garciafaura.com\/fr\/#\/schema\/person\/image\/","url":"https:\/\/secure.gravatar.com\/avatar\/03900210afc1f61bce737bcb4a79c02e2c997f171e3eca839b5a4cbe03846c90?s=96&d=blank&r=g","contentUrl":"https:\/\/secure.gravatar.com\/avatar\/03900210afc1f61bce737bcb4a79c02e2c997f171e3eca839b5a4cbe03846c90?s=96&d=blank&r=g","caption":"David Achell"}}]}},"_links":{"self":[{"href":"https:\/\/www.garciafaura.com\/fr\/wp-json\/wp\/v2\/posts\/30317","targetHints":{"allow":["GET"]}}],"collection":[{"href":"https:\/\/www.garciafaura.com\/fr\/wp-json\/wp\/v2\/posts"}],"about":[{"href":"https:\/\/www.garciafaura.com\/fr\/wp-json\/wp\/v2\/types\/post"}],"author":[{"embeddable":true,"href":"https:\/\/www.garciafaura.com\/fr\/wp-json\/wp\/v2\/users\/3"}],"replies":[{"embeddable":true,"href":"https:\/\/www.garciafaura.com\/fr\/wp-json\/wp\/v2\/comments?post=30317"}],"version-history":[{"count":2,"href":"https:\/\/www.garciafaura.com\/fr\/wp-json\/wp\/v2\/posts\/30317\/revisions"}],"predecessor-version":[{"id":30319,"href":"https:\/\/www.garciafaura.com\/fr\/wp-json\/wp\/v2\/posts\/30317\/revisions\/30319"}],"wp:featuredmedia":[{"embeddable":true,"href":"https:\/\/www.garciafaura.com\/fr\/wp-json\/wp\/v2\/media\/30246"}],"wp:attachment":[{"href":"https:\/\/www.garciafaura.com\/fr\/wp-json\/wp\/v2\/media?parent=30317"}],"wp:term":[{"taxonomy":"category","embeddable":true,"href":"https:\/\/www.garciafaura.com\/fr\/wp-json\/wp\/v2\/categories?post=30317"},{"taxonomy":"post_tag","embeddable":true,"href":"https:\/\/www.garciafaura.com\/fr\/wp-json\/wp\/v2\/tags?post=30317"},{"taxonomy":"post_series","embeddable":true,"href":"https:\/\/www.garciafaura.com\/fr\/wp-json\/wp\/v2\/post_series?post=30317"}],"curies":[{"name":"wp","href":"https:\/\/api.w.org\/{rel}","templated":true}]}}