{"id":30187,"date":"2022-07-12T12:11:18","date_gmt":"2022-07-12T10:11:18","guid":{"rendered":"https:\/\/www.garciafaura.com\/mur-cortina-de-garcia-faura-per-a-un-nou-edifici-doficines-de-barcelona\/"},"modified":"2022-07-14T14:09:14","modified_gmt":"2022-07-14T12:09:14","slug":"mur-cortina-de-garcia-faura-per-a-un-nou-edifici-doficines-de-barcelona","status":"publish","type":"post","link":"https:\/\/www.garciafaura.com\/fr\/mur-cortina-de-garcia-faura-per-a-un-nou-edifici-doficines-de-barcelona\/","title":{"rendered":"Mur-rideau de GARCIA FAURA pour un nouveau b\u00e2timent de bureaux \u00e0 Barcelone"},"content":{"rendered":"<p style=\"text-align: justify;\"><strong>Au 89 rue Balmes \u00e0 Barcelone se trouve l&rsquo;un des immeubles de bureaux les plus exclusifs de la capitale catalane. Apr\u00e8s une r\u00e9novation compl\u00e8te, la propri\u00e9t\u00e9 offrira des fonctionnalit\u00e9s avanc\u00e9es dans un environnement imbattable.<\/strong><\/p>\n<p style=\"text-align: justify;\">Le b\u00e2timent, de 7.675 m\u00e8tres carr\u00e9s et neuf \u00e9tages, b\u00e9n\u00e9ficie d&rsquo;un emplacement privil\u00e9gi\u00e9 au c\u0153ur de l&rsquo;Eixample de Barcelone. Un emplacement central et au milieu de l&rsquo;axe financier et commercial de la ville, bien desservi et avec de nombreux services de la ville.<\/p>\n<p style=\"text-align: justify;\">Il s&rsquo;agit d&rsquo;un b\u00e2timent fonctionnel et de haute qualit\u00e9 gr\u00e2ce \u00e0 la r\u00e9novation int\u00e9rieure et ext\u00e9rieure. Dans ce dernier aspect, <strong>GARCIA FAURA<\/strong> interviendra avec le d\u00e9veloppement, la fabrication et l&rsquo;installation d&rsquo;une nouvelle fa\u00e7ade.<\/p>\n<p style=\"text-align: justify;\">Concr\u00e8tement, l&rsquo;entreprise construira mille m\u00e8tres carr\u00e9s de mur-rideau entre \u00e9tages, en plus de 120 m\u00e8tres carr\u00e9s de mur-rideau avec acc\u00e8s aux terrasses et fa\u00e7ades de la cour int\u00e9rieure.<\/p>\n<p style=\"text-align: justify;\"><strong>GARCIA FAURA<\/strong> signera \u00e9galement le renforcement structurel des bords des dalles avec des \u00e9l\u00e9ments m\u00e9talliques exclusifs, qui totalisent plus de 37.000 kilos d&rsquo;acier. Il ex\u00e9cutera \u00e9galement la double peau de fa\u00e7ade, avec 447 m\u00e8tres carr\u00e9s de lames en c\u00e9ramique, et des finitions de fa\u00e7ade m\u00e9talliques avec des t\u00f4les pli\u00e9es et des \u00e9l\u00e9ments ornementaux.<\/p>\n<p style=\"text-align: justify;\">A l&rsquo;int\u00e9rieur, le b\u00e2timent b\u00e9n\u00e9ficiera d&rsquo;un nouveau design des \u00e9tages, avec des espaces communs plus performants, destin\u00e9s au confort et au bon am\u00e9nagement des bureaux. Avec cette intervention, la propri\u00e9t\u00e9 obtiendra la <strong>certification BREEAM construction durable<\/strong>.<\/p>\n","protected":false},"excerpt":{"rendered":"<p>Au 89 rue Balmes \u00e0 Barcelone se trouve l&rsquo;un des immeubles de bureaux les plus exclusifs de la capitale catalane. Apr\u00e8s une r\u00e9novation compl\u00e8te, la propri\u00e9t\u00e9 offrira des fonctionnalit\u00e9s avanc\u00e9es dans un environnement imbattable. Le b\u00e2timent, de 7.675 m\u00e8tres carr\u00e9s&hellip;<\/p>\n","protected":false},"author":3,"featured_media":29619,"comment_status":"closed","ping_status":"open","sticky":false,"template":"","format":"gallery","meta":{"footnotes":""},"categories":[2],"tags":[],"post_series":[],"class_list":["post-30187","post","type-post","status-publish","format-gallery","has-post-thumbnail","hentry","category-actualite","post_format-post-format-gallery","entry","has-media"],"yoast_head":"<!-- This site is optimized with the Yoast SEO plugin v26.7 - https:\/\/yoast.com\/wordpress\/plugins\/seo\/ -->\n<title>Mur-rideau de GARCIA FAURA pour un nouveau b\u00e2timent de bureaux \u00e0 Barcelone - GARCIA FAURA<\/title>\n<meta name=\"description\" content=\"Arquitectura en Alumini, Inox, Ferro i Vidre\" \/>\n<meta name=\"robots\" content=\"index, follow, max-snippet:-1, max-image-preview:large, max-video-preview:-1\" \/>\n<link rel=\"canonical\" href=\"https:\/\/www.garciafaura.com\/fr\/mur-cortina-de-garcia-faura-per-a-un-nou-edifici-doficines-de-barcelona\/\" \/>\n<meta property=\"og:locale\" content=\"fr_FR\" \/>\n<meta property=\"og:type\" content=\"article\" \/>\n<meta property=\"og:title\" content=\"Mur-rideau de GARCIA FAURA pour un nouveau b\u00e2timent de bureaux \u00e0 Barcelone - GARCIA FAURA\" \/>\n<meta property=\"og:description\" content=\"Arquitectura en Alumini, Inox, Ferro i Vidre\" \/>\n<meta property=\"og:url\" content=\"https:\/\/www.garciafaura.com\/fr\/mur-cortina-de-garcia-faura-per-a-un-nou-edifici-doficines-de-barcelona\/\" \/>\n<meta property=\"og:site_name\" content=\"GARCIA FAURA\" \/>\n<meta property=\"article:published_time\" content=\"2022-07-12T10:11:18+00:00\" \/>\n<meta property=\"article:modified_time\" content=\"2022-07-14T12:09:14+00:00\" \/>\n<meta property=\"og:image\" content=\"https:\/\/www.garciafaura.com\/wp-content\/uploads\/2022\/06\/Balmes89-00.jpg\" \/>\n\t<meta property=\"og:image:width\" content=\"1200\" \/>\n\t<meta property=\"og:image:height\" content=\"628\" \/>\n\t<meta property=\"og:image:type\" content=\"image\/jpeg\" \/>\n<meta name=\"author\" content=\"David Achell\" \/>\n<meta name=\"twitter:card\" content=\"summary_large_image\" \/>\n<meta name=\"twitter:label1\" content=\"\u00c9crit par\" \/>\n\t<meta name=\"twitter:data1\" content=\"David Achell\" \/>\n\t<meta name=\"twitter:label2\" content=\"Dur\u00e9e de lecture estim\u00e9e\" \/>\n\t<meta name=\"twitter:data2\" content=\"1 minute\" \/>\n<script type=\"application\/ld+json\" class=\"yoast-schema-graph\">{\"@context\":\"https:\/\/schema.org\",\"@graph\":[{\"@type\":\"Article\",\"@id\":\"https:\/\/www.garciafaura.com\/fr\/mur-cortina-de-garcia-faura-per-a-un-nou-edifici-doficines-de-barcelona\/#article\",\"isPartOf\":{\"@id\":\"https:\/\/www.garciafaura.com\/fr\/mur-cortina-de-garcia-faura-per-a-un-nou-edifici-doficines-de-barcelona\/\"},\"author\":{\"name\":\"David Achell\",\"@id\":\"https:\/\/www.garciafaura.com\/fr\/#\/schema\/person\/b4b75e69b33fac3446071909bec106b0\"},\"headline\":\"Mur-rideau de GARCIA FAURA pour un nouveau b\u00e2timent de bureaux \u00e0 Barcelone\",\"datePublished\":\"2022-07-12T10:11:18+00:00\",\"dateModified\":\"2022-07-14T12:09:14+00:00\",\"mainEntityOfPage\":{\"@id\":\"https:\/\/www.garciafaura.com\/fr\/mur-cortina-de-garcia-faura-per-a-un-nou-edifici-doficines-de-barcelona\/\"},\"wordCount\":291,\"publisher\":{\"@id\":\"https:\/\/www.garciafaura.com\/fr\/#organization\"},\"image\":{\"@id\":\"https:\/\/www.garciafaura.com\/fr\/mur-cortina-de-garcia-faura-per-a-un-nou-edifici-doficines-de-barcelona\/#primaryimage\"},\"thumbnailUrl\":\"https:\/\/www.garciafaura.com\/wp-content\/uploads\/2022\/06\/Balmes89-00.jpg\",\"articleSection\":[\"Actualit\u00e9\"],\"inLanguage\":\"fr-FR\"},{\"@type\":\"WebPage\",\"@id\":\"https:\/\/www.garciafaura.com\/fr\/mur-cortina-de-garcia-faura-per-a-un-nou-edifici-doficines-de-barcelona\/\",\"url\":\"https:\/\/www.garciafaura.com\/fr\/mur-cortina-de-garcia-faura-per-a-un-nou-edifici-doficines-de-barcelona\/\",\"name\":\"Mur-rideau de GARCIA FAURA pour un nouveau b\u00e2timent de bureaux \u00e0 Barcelone - GARCIA FAURA\",\"isPartOf\":{\"@id\":\"https:\/\/www.garciafaura.com\/fr\/#website\"},\"primaryImageOfPage\":{\"@id\":\"https:\/\/www.garciafaura.com\/fr\/mur-cortina-de-garcia-faura-per-a-un-nou-edifici-doficines-de-barcelona\/#primaryimage\"},\"image\":{\"@id\":\"https:\/\/www.garciafaura.com\/fr\/mur-cortina-de-garcia-faura-per-a-un-nou-edifici-doficines-de-barcelona\/#primaryimage\"},\"thumbnailUrl\":\"https:\/\/www.garciafaura.com\/wp-content\/uploads\/2022\/06\/Balmes89-00.jpg\",\"datePublished\":\"2022-07-12T10:11:18+00:00\",\"dateModified\":\"2022-07-14T12:09:14+00:00\",\"description\":\"Arquitectura en Alumini, Inox, Ferro i Vidre\",\"breadcrumb\":{\"@id\":\"https:\/\/www.garciafaura.com\/fr\/mur-cortina-de-garcia-faura-per-a-un-nou-edifici-doficines-de-barcelona\/#breadcrumb\"},\"inLanguage\":\"fr-FR\",\"potentialAction\":[{\"@type\":\"ReadAction\",\"target\":[\"https:\/\/www.garciafaura.com\/fr\/mur-cortina-de-garcia-faura-per-a-un-nou-edifici-doficines-de-barcelona\/\"]}]},{\"@type\":\"ImageObject\",\"inLanguage\":\"fr-FR\",\"@id\":\"https:\/\/www.garciafaura.com\/fr\/mur-cortina-de-garcia-faura-per-a-un-nou-edifici-doficines-de-barcelona\/#primaryimage\",\"url\":\"https:\/\/www.garciafaura.com\/wp-content\/uploads\/2022\/06\/Balmes89-00.jpg\",\"contentUrl\":\"https:\/\/www.garciafaura.com\/wp-content\/uploads\/2022\/06\/Balmes89-00.jpg\",\"width\":1200,\"height\":628},{\"@type\":\"BreadcrumbList\",\"@id\":\"https:\/\/www.garciafaura.com\/fr\/mur-cortina-de-garcia-faura-per-a-un-nou-edifici-doficines-de-barcelona\/#breadcrumb\",\"itemListElement\":[{\"@type\":\"ListItem\",\"position\":1,\"name\":\"Inici\",\"item\":\"https:\/\/www.garciafaura.com\/fr\/\"},{\"@type\":\"ListItem\",\"position\":2,\"name\":\"Mur-rideau de GARCIA FAURA pour un nouveau b\u00e2timent de bureaux \u00e0 Barcelone\"}]},{\"@type\":\"WebSite\",\"@id\":\"https:\/\/www.garciafaura.com\/fr\/#website\",\"url\":\"https:\/\/www.garciafaura.com\/fr\/\",\"name\":\"GARCIA FAURA\",\"description\":\"Arquitectura en Alumini, Inox, Ferro i Vidre\",\"publisher\":{\"@id\":\"https:\/\/www.garciafaura.com\/fr\/#organization\"},\"potentialAction\":[{\"@type\":\"SearchAction\",\"target\":{\"@type\":\"EntryPoint\",\"urlTemplate\":\"https:\/\/www.garciafaura.com\/fr\/?s={search_term_string}\"},\"query-input\":{\"@type\":\"PropertyValueSpecification\",\"valueRequired\":true,\"valueName\":\"search_term_string\"}}],\"inLanguage\":\"fr-FR\"},{\"@type\":\"Organization\",\"@id\":\"https:\/\/www.garciafaura.com\/fr\/#organization\",\"name\":\"GARCIA FAURA\",\"url\":\"https:\/\/www.garciafaura.com\/fr\/\",\"logo\":{\"@type\":\"ImageObject\",\"inLanguage\":\"fr-FR\",\"@id\":\"https:\/\/www.garciafaura.com\/fr\/#\/schema\/logo\/image\/\",\"url\":\"https:\/\/www.garciafaura.com\/wp-content\/uploads\/2018\/09\/Garcia-Faura.png\",\"contentUrl\":\"https:\/\/www.garciafaura.com\/wp-content\/uploads\/2018\/09\/Garcia-Faura.png\",\"width\":512,\"height\":512,\"caption\":\"GARCIA FAURA\"},\"image\":{\"@id\":\"https:\/\/www.garciafaura.com\/fr\/#\/schema\/logo\/image\/\"},\"sameAs\":[\"https:\/\/www.youtube.com\/user\/GARCIAFAURA\"]},{\"@type\":\"Person\",\"@id\":\"https:\/\/www.garciafaura.com\/fr\/#\/schema\/person\/b4b75e69b33fac3446071909bec106b0\",\"name\":\"David Achell\",\"image\":{\"@type\":\"ImageObject\",\"inLanguage\":\"fr-FR\",\"@id\":\"https:\/\/www.garciafaura.com\/fr\/#\/schema\/person\/image\/\",\"url\":\"https:\/\/secure.gravatar.com\/avatar\/03900210afc1f61bce737bcb4a79c02e2c997f171e3eca839b5a4cbe03846c90?s=96&d=blank&r=g\",\"contentUrl\":\"https:\/\/secure.gravatar.com\/avatar\/03900210afc1f61bce737bcb4a79c02e2c997f171e3eca839b5a4cbe03846c90?s=96&d=blank&r=g\",\"caption\":\"David Achell\"}}]}<\/script>\n<!-- \/ Yoast SEO plugin. -->","yoast_head_json":{"title":"Mur-rideau de GARCIA FAURA pour un nouveau b\u00e2timent de bureaux \u00e0 Barcelone - GARCIA FAURA","description":"Arquitectura en Alumini, Inox, Ferro i Vidre","robots":{"index":"index","follow":"follow","max-snippet":"max-snippet:-1","max-image-preview":"max-image-preview:large","max-video-preview":"max-video-preview:-1"},"canonical":"https:\/\/www.garciafaura.com\/fr\/mur-cortina-de-garcia-faura-per-a-un-nou-edifici-doficines-de-barcelona\/","og_locale":"fr_FR","og_type":"article","og_title":"Mur-rideau de GARCIA FAURA pour un nouveau b\u00e2timent de bureaux \u00e0 Barcelone - GARCIA FAURA","og_description":"Arquitectura en Alumini, Inox, Ferro i Vidre","og_url":"https:\/\/www.garciafaura.com\/fr\/mur-cortina-de-garcia-faura-per-a-un-nou-edifici-doficines-de-barcelona\/","og_site_name":"GARCIA FAURA","article_published_time":"2022-07-12T10:11:18+00:00","article_modified_time":"2022-07-14T12:09:14+00:00","og_image":[{"width":1200,"height":628,"url":"https:\/\/www.garciafaura.com\/wp-content\/uploads\/2022\/06\/Balmes89-00.jpg","type":"image\/jpeg"}],"author":"David Achell","twitter_card":"summary_large_image","twitter_misc":{"\u00c9crit par":"David Achell","Dur\u00e9e de lecture estim\u00e9e":"1 minute"},"schema":{"@context":"https:\/\/schema.org","@graph":[{"@type":"Article","@id":"https:\/\/www.garciafaura.com\/fr\/mur-cortina-de-garcia-faura-per-a-un-nou-edifici-doficines-de-barcelona\/#article","isPartOf":{"@id":"https:\/\/www.garciafaura.com\/fr\/mur-cortina-de-garcia-faura-per-a-un-nou-edifici-doficines-de-barcelona\/"},"author":{"name":"David Achell","@id":"https:\/\/www.garciafaura.com\/fr\/#\/schema\/person\/b4b75e69b33fac3446071909bec106b0"},"headline":"Mur-rideau de GARCIA FAURA pour un nouveau b\u00e2timent de bureaux \u00e0 Barcelone","datePublished":"2022-07-12T10:11:18+00:00","dateModified":"2022-07-14T12:09:14+00:00","mainEntityOfPage":{"@id":"https:\/\/www.garciafaura.com\/fr\/mur-cortina-de-garcia-faura-per-a-un-nou-edifici-doficines-de-barcelona\/"},"wordCount":291,"publisher":{"@id":"https:\/\/www.garciafaura.com\/fr\/#organization"},"image":{"@id":"https:\/\/www.garciafaura.com\/fr\/mur-cortina-de-garcia-faura-per-a-un-nou-edifici-doficines-de-barcelona\/#primaryimage"},"thumbnailUrl":"https:\/\/www.garciafaura.com\/wp-content\/uploads\/2022\/06\/Balmes89-00.jpg","articleSection":["Actualit\u00e9"],"inLanguage":"fr-FR"},{"@type":"WebPage","@id":"https:\/\/www.garciafaura.com\/fr\/mur-cortina-de-garcia-faura-per-a-un-nou-edifici-doficines-de-barcelona\/","url":"https:\/\/www.garciafaura.com\/fr\/mur-cortina-de-garcia-faura-per-a-un-nou-edifici-doficines-de-barcelona\/","name":"Mur-rideau de GARCIA FAURA pour un nouveau b\u00e2timent de bureaux \u00e0 Barcelone - GARCIA FAURA","isPartOf":{"@id":"https:\/\/www.garciafaura.com\/fr\/#website"},"primaryImageOfPage":{"@id":"https:\/\/www.garciafaura.com\/fr\/mur-cortina-de-garcia-faura-per-a-un-nou-edifici-doficines-de-barcelona\/#primaryimage"},"image":{"@id":"https:\/\/www.garciafaura.com\/fr\/mur-cortina-de-garcia-faura-per-a-un-nou-edifici-doficines-de-barcelona\/#primaryimage"},"thumbnailUrl":"https:\/\/www.garciafaura.com\/wp-content\/uploads\/2022\/06\/Balmes89-00.jpg","datePublished":"2022-07-12T10:11:18+00:00","dateModified":"2022-07-14T12:09:14+00:00","description":"Arquitectura en Alumini, Inox, Ferro i Vidre","breadcrumb":{"@id":"https:\/\/www.garciafaura.com\/fr\/mur-cortina-de-garcia-faura-per-a-un-nou-edifici-doficines-de-barcelona\/#breadcrumb"},"inLanguage":"fr-FR","potentialAction":[{"@type":"ReadAction","target":["https:\/\/www.garciafaura.com\/fr\/mur-cortina-de-garcia-faura-per-a-un-nou-edifici-doficines-de-barcelona\/"]}]},{"@type":"ImageObject","inLanguage":"fr-FR","@id":"https:\/\/www.garciafaura.com\/fr\/mur-cortina-de-garcia-faura-per-a-un-nou-edifici-doficines-de-barcelona\/#primaryimage","url":"https:\/\/www.garciafaura.com\/wp-content\/uploads\/2022\/06\/Balmes89-00.jpg","contentUrl":"https:\/\/www.garciafaura.com\/wp-content\/uploads\/2022\/06\/Balmes89-00.jpg","width":1200,"height":628},{"@type":"BreadcrumbList","@id":"https:\/\/www.garciafaura.com\/fr\/mur-cortina-de-garcia-faura-per-a-un-nou-edifici-doficines-de-barcelona\/#breadcrumb","itemListElement":[{"@type":"ListItem","position":1,"name":"Inici","item":"https:\/\/www.garciafaura.com\/fr\/"},{"@type":"ListItem","position":2,"name":"Mur-rideau de GARCIA FAURA pour un nouveau b\u00e2timent de bureaux \u00e0 Barcelone"}]},{"@type":"WebSite","@id":"https:\/\/www.garciafaura.com\/fr\/#website","url":"https:\/\/www.garciafaura.com\/fr\/","name":"GARCIA FAURA","description":"Arquitectura en Alumini, Inox, Ferro i Vidre","publisher":{"@id":"https:\/\/www.garciafaura.com\/fr\/#organization"},"potentialAction":[{"@type":"SearchAction","target":{"@type":"EntryPoint","urlTemplate":"https:\/\/www.garciafaura.com\/fr\/?s={search_term_string}"},"query-input":{"@type":"PropertyValueSpecification","valueRequired":true,"valueName":"search_term_string"}}],"inLanguage":"fr-FR"},{"@type":"Organization","@id":"https:\/\/www.garciafaura.com\/fr\/#organization","name":"GARCIA FAURA","url":"https:\/\/www.garciafaura.com\/fr\/","logo":{"@type":"ImageObject","inLanguage":"fr-FR","@id":"https:\/\/www.garciafaura.com\/fr\/#\/schema\/logo\/image\/","url":"https:\/\/www.garciafaura.com\/wp-content\/uploads\/2018\/09\/Garcia-Faura.png","contentUrl":"https:\/\/www.garciafaura.com\/wp-content\/uploads\/2018\/09\/Garcia-Faura.png","width":512,"height":512,"caption":"GARCIA FAURA"},"image":{"@id":"https:\/\/www.garciafaura.com\/fr\/#\/schema\/logo\/image\/"},"sameAs":["https:\/\/www.youtube.com\/user\/GARCIAFAURA"]},{"@type":"Person","@id":"https:\/\/www.garciafaura.com\/fr\/#\/schema\/person\/b4b75e69b33fac3446071909bec106b0","name":"David Achell","image":{"@type":"ImageObject","inLanguage":"fr-FR","@id":"https:\/\/www.garciafaura.com\/fr\/#\/schema\/person\/image\/","url":"https:\/\/secure.gravatar.com\/avatar\/03900210afc1f61bce737bcb4a79c02e2c997f171e3eca839b5a4cbe03846c90?s=96&d=blank&r=g","contentUrl":"https:\/\/secure.gravatar.com\/avatar\/03900210afc1f61bce737bcb4a79c02e2c997f171e3eca839b5a4cbe03846c90?s=96&d=blank&r=g","caption":"David Achell"}}]}},"_links":{"self":[{"href":"https:\/\/www.garciafaura.com\/fr\/wp-json\/wp\/v2\/posts\/30187","targetHints":{"allow":["GET"]}}],"collection":[{"href":"https:\/\/www.garciafaura.com\/fr\/wp-json\/wp\/v2\/posts"}],"about":[{"href":"https:\/\/www.garciafaura.com\/fr\/wp-json\/wp\/v2\/types\/post"}],"author":[{"embeddable":true,"href":"https:\/\/www.garciafaura.com\/fr\/wp-json\/wp\/v2\/users\/3"}],"replies":[{"embeddable":true,"href":"https:\/\/www.garciafaura.com\/fr\/wp-json\/wp\/v2\/comments?post=30187"}],"version-history":[{"count":4,"href":"https:\/\/www.garciafaura.com\/fr\/wp-json\/wp\/v2\/posts\/30187\/revisions"}],"predecessor-version":[{"id":30203,"href":"https:\/\/www.garciafaura.com\/fr\/wp-json\/wp\/v2\/posts\/30187\/revisions\/30203"}],"wp:featuredmedia":[{"embeddable":true,"href":"https:\/\/www.garciafaura.com\/fr\/wp-json\/wp\/v2\/media\/29619"}],"wp:attachment":[{"href":"https:\/\/www.garciafaura.com\/fr\/wp-json\/wp\/v2\/media?parent=30187"}],"wp:term":[{"taxonomy":"category","embeddable":true,"href":"https:\/\/www.garciafaura.com\/fr\/wp-json\/wp\/v2\/categories?post=30187"},{"taxonomy":"post_tag","embeddable":true,"href":"https:\/\/www.garciafaura.com\/fr\/wp-json\/wp\/v2\/tags?post=30187"},{"taxonomy":"post_series","embeddable":true,"href":"https:\/\/www.garciafaura.com\/fr\/wp-json\/wp\/v2\/post_series?post=30187"}],"curies":[{"name":"wp","href":"https:\/\/api.w.org\/{rel}","templated":true}]}}