{"id":29691,"date":"2022-06-28T12:12:10","date_gmt":"2022-06-28T10:12:10","guid":{"rendered":"https:\/\/www.garciafaura.com\/entra-en-funcionament-a-barcelona-el-sjd-pediatric-cancer-center\/"},"modified":"2022-06-28T12:21:00","modified_gmt":"2022-06-28T10:21:00","slug":"entra-en-funcionament-a-barcelona-el-sjd-pediatric-cancer-center","status":"publish","type":"post","link":"https:\/\/www.garciafaura.com\/fr\/entra-en-funcionament-a-barcelona-el-sjd-pediatric-cancer-center\/","title":{"rendered":"Mise en service du SJD Pediatric Cancer Center \u00e0 Barcelone"},"content":{"rendered":"<p style=\"text-align: justify;\"><strong>Le Sant Joan de D\u00e9u Pediatric Cancer Center est d\u00e9j\u00e0 une r\u00e9alit\u00e9. Il s&rsquo;agit du premier centre monographique d&rsquo;oncologie p\u00e9diatrique en Espagne et le deuxi\u00e8me en Europe, pour lequel GARCIA FAURA a fabriqu\u00e9 et install\u00e9 des fa\u00e7ades, des menuiseries et d&rsquo;autres \u00e9l\u00e9ments d&rsquo;architecture ext\u00e9rieure.<\/strong><\/p>\n<p style=\"text-align: justify;\">Le <a href=\"https:\/\/www.sjdhospitalbarcelona.org\/fr\" target=\"_blank\" rel=\"noopener\">SJD Pediatric Cancer Center<\/a> se compose d&rsquo;un b\u00e2timent de 14.000 m\u00e8tres carr\u00e9s reli\u00e9 \u00e0 l&rsquo;h\u00f4pital St. Joan de D\u00e9u par une galerie couverte sur\u00e9lev\u00e9e. Le b\u00e2timent a cinq \u00e9tages avec des espaces pour les soins m\u00e9dicaux et la recherche.<\/p>\n<p style=\"text-align: justify;\">Le centre dispose \u00e9galement de services avanc\u00e9s pour le traitement du cancer infantile, ainsi que d&rsquo;espaces communs confortables avec beaucoup de lumi\u00e8re et d&rsquo;espace pour favoriser le bien-\u00eatre des patients et de leurs familles.<\/p>\n<p style=\"text-align: justify;\">Pour ce projet, <strong>GARCIA FAURA<\/strong> a d\u00e9velopp\u00e9 un <strong>mur-rideau<\/strong> de 350 m\u00e8tres carr\u00e9s, en plus de 2.000 m\u00e8tres carr\u00e9s de <strong>brise-soleil innovants<\/strong>. \u00c9galement 1.800 m\u00e8tres carr\u00e9s de <strong>menuiseries en aluminium et en verre \u00e0 rupture de pont thermique et de hautes performances techniques<\/strong>, ainsi que d&rsquo;autres travaux architecturaux ext\u00e9rieurs.<\/p>\n<p style=\"text-align: justify;\">Ces solutions visent \u00e0 offrir le maximum de confort acoustique et thermique aux personnes qui utilisent l&rsquo;\u00e9quipement ainsi qu&rsquo;aux plus de 150 personnes qui exercent leur activit\u00e9 professionnelle.<\/p>\n<p style=\"text-align: justify;\">La construction du nouvel \u00e9tablissement de sant\u00e9 a \u00e9t\u00e9 en grande partie financ\u00e9e par une campagne qui, depuis 2017, a permis de r\u00e9colter 37 millions d&rsquo;euros. Cela a fait d&rsquo;un centre qui consolide un mod\u00e8le de recherche, de soins et de soins en oncologie p\u00e9diatrique unique en Europe une r\u00e9alit\u00e9.<\/p>\n","protected":false},"excerpt":{"rendered":"<p>Le Sant Joan de D\u00e9u Pediatric Cancer Center est d\u00e9j\u00e0 une r\u00e9alit\u00e9. Il s&rsquo;agit du premier centre monographique d&rsquo;oncologie p\u00e9diatrique en Espagne et le deuxi\u00e8me en Europe, pour lequel GARCIA FAURA a fabriqu\u00e9 et install\u00e9 des fa\u00e7ades, des menuiseries et&hellip;<\/p>\n","protected":false},"author":3,"featured_media":29678,"comment_status":"closed","ping_status":"open","sticky":false,"template":"","format":"gallery","meta":{"footnotes":""},"categories":[2],"tags":[],"post_series":[],"class_list":["post-29691","post","type-post","status-publish","format-gallery","has-post-thumbnail","hentry","category-actualite","post_format-post-format-gallery","entry","has-media"],"yoast_head":"<!-- This site is optimized with the Yoast SEO plugin v26.7 - https:\/\/yoast.com\/wordpress\/plugins\/seo\/ -->\n<title>Mise en service du SJD Pediatric Cancer Center \u00e0 Barcelone - GARCIA FAURA<\/title>\n<meta name=\"description\" content=\"Arquitectura en Alumini, Inox, Ferro i Vidre\" \/>\n<meta name=\"robots\" content=\"index, follow, max-snippet:-1, max-image-preview:large, max-video-preview:-1\" \/>\n<link rel=\"canonical\" href=\"https:\/\/www.garciafaura.com\/fr\/entra-en-funcionament-a-barcelona-el-sjd-pediatric-cancer-center\/\" \/>\n<meta property=\"og:locale\" content=\"fr_FR\" \/>\n<meta property=\"og:type\" content=\"article\" \/>\n<meta property=\"og:title\" content=\"Mise en service du SJD Pediatric Cancer Center \u00e0 Barcelone - GARCIA FAURA\" \/>\n<meta property=\"og:description\" content=\"Arquitectura en Alumini, Inox, Ferro i Vidre\" \/>\n<meta property=\"og:url\" content=\"https:\/\/www.garciafaura.com\/fr\/entra-en-funcionament-a-barcelona-el-sjd-pediatric-cancer-center\/\" \/>\n<meta property=\"og:site_name\" content=\"GARCIA FAURA\" \/>\n<meta property=\"article:published_time\" content=\"2022-06-28T10:12:10+00:00\" \/>\n<meta property=\"article:modified_time\" content=\"2022-06-28T10:21:00+00:00\" \/>\n<meta property=\"og:image\" content=\"https:\/\/www.garciafaura.com\/wp-content\/uploads\/2022\/06\/SJD-Pediatric-Cancer-Centre-Barcelona-Fachada-1-PCCB-scaled.jpg\" \/>\n\t<meta property=\"og:image:width\" content=\"2560\" \/>\n\t<meta property=\"og:image:height\" content=\"1441\" \/>\n\t<meta property=\"og:image:type\" content=\"image\/jpeg\" \/>\n<meta name=\"author\" content=\"David Achell\" \/>\n<meta name=\"twitter:card\" content=\"summary_large_image\" \/>\n<meta name=\"twitter:label1\" content=\"\u00c9crit par\" \/>\n\t<meta name=\"twitter:data1\" content=\"David Achell\" \/>\n\t<meta name=\"twitter:label2\" content=\"Dur\u00e9e de lecture estim\u00e9e\" \/>\n\t<meta name=\"twitter:data2\" content=\"1 minute\" \/>\n<script type=\"application\/ld+json\" class=\"yoast-schema-graph\">{\"@context\":\"https:\/\/schema.org\",\"@graph\":[{\"@type\":\"Article\",\"@id\":\"https:\/\/www.garciafaura.com\/fr\/entra-en-funcionament-a-barcelona-el-sjd-pediatric-cancer-center\/#article\",\"isPartOf\":{\"@id\":\"https:\/\/www.garciafaura.com\/fr\/entra-en-funcionament-a-barcelona-el-sjd-pediatric-cancer-center\/\"},\"author\":{\"name\":\"David Achell\",\"@id\":\"https:\/\/www.garciafaura.com\/fr\/#\/schema\/person\/b4b75e69b33fac3446071909bec106b0\"},\"headline\":\"Mise en service du SJD Pediatric Cancer Center \u00e0 Barcelone\",\"datePublished\":\"2022-06-28T10:12:10+00:00\",\"dateModified\":\"2022-06-28T10:21:00+00:00\",\"mainEntityOfPage\":{\"@id\":\"https:\/\/www.garciafaura.com\/fr\/entra-en-funcionament-a-barcelona-el-sjd-pediatric-cancer-center\/\"},\"wordCount\":290,\"publisher\":{\"@id\":\"https:\/\/www.garciafaura.com\/fr\/#organization\"},\"image\":{\"@id\":\"https:\/\/www.garciafaura.com\/fr\/entra-en-funcionament-a-barcelona-el-sjd-pediatric-cancer-center\/#primaryimage\"},\"thumbnailUrl\":\"https:\/\/www.garciafaura.com\/wp-content\/uploads\/2022\/06\/SJD-Pediatric-Cancer-Centre-Barcelona-Fachada-1-PCCB-scaled.jpg\",\"articleSection\":[\"Actualit\u00e9\"],\"inLanguage\":\"fr-FR\"},{\"@type\":\"WebPage\",\"@id\":\"https:\/\/www.garciafaura.com\/fr\/entra-en-funcionament-a-barcelona-el-sjd-pediatric-cancer-center\/\",\"url\":\"https:\/\/www.garciafaura.com\/fr\/entra-en-funcionament-a-barcelona-el-sjd-pediatric-cancer-center\/\",\"name\":\"Mise en service du SJD Pediatric Cancer Center \u00e0 Barcelone - GARCIA FAURA\",\"isPartOf\":{\"@id\":\"https:\/\/www.garciafaura.com\/fr\/#website\"},\"primaryImageOfPage\":{\"@id\":\"https:\/\/www.garciafaura.com\/fr\/entra-en-funcionament-a-barcelona-el-sjd-pediatric-cancer-center\/#primaryimage\"},\"image\":{\"@id\":\"https:\/\/www.garciafaura.com\/fr\/entra-en-funcionament-a-barcelona-el-sjd-pediatric-cancer-center\/#primaryimage\"},\"thumbnailUrl\":\"https:\/\/www.garciafaura.com\/wp-content\/uploads\/2022\/06\/SJD-Pediatric-Cancer-Centre-Barcelona-Fachada-1-PCCB-scaled.jpg\",\"datePublished\":\"2022-06-28T10:12:10+00:00\",\"dateModified\":\"2022-06-28T10:21:00+00:00\",\"description\":\"Arquitectura en Alumini, Inox, Ferro i Vidre\",\"breadcrumb\":{\"@id\":\"https:\/\/www.garciafaura.com\/fr\/entra-en-funcionament-a-barcelona-el-sjd-pediatric-cancer-center\/#breadcrumb\"},\"inLanguage\":\"fr-FR\",\"potentialAction\":[{\"@type\":\"ReadAction\",\"target\":[\"https:\/\/www.garciafaura.com\/fr\/entra-en-funcionament-a-barcelona-el-sjd-pediatric-cancer-center\/\"]}]},{\"@type\":\"ImageObject\",\"inLanguage\":\"fr-FR\",\"@id\":\"https:\/\/www.garciafaura.com\/fr\/entra-en-funcionament-a-barcelona-el-sjd-pediatric-cancer-center\/#primaryimage\",\"url\":\"https:\/\/www.garciafaura.com\/wp-content\/uploads\/2022\/06\/SJD-Pediatric-Cancer-Centre-Barcelona-Fachada-1-PCCB-scaled.jpg\",\"contentUrl\":\"https:\/\/www.garciafaura.com\/wp-content\/uploads\/2022\/06\/SJD-Pediatric-Cancer-Centre-Barcelona-Fachada-1-PCCB-scaled.jpg\",\"width\":2560,\"height\":1441,\"caption\":\"Photo: SJD Pediatric Cancer Center Barcelona\"},{\"@type\":\"BreadcrumbList\",\"@id\":\"https:\/\/www.garciafaura.com\/fr\/entra-en-funcionament-a-barcelona-el-sjd-pediatric-cancer-center\/#breadcrumb\",\"itemListElement\":[{\"@type\":\"ListItem\",\"position\":1,\"name\":\"Inici\",\"item\":\"https:\/\/www.garciafaura.com\/fr\/\"},{\"@type\":\"ListItem\",\"position\":2,\"name\":\"Mise en service du SJD Pediatric Cancer Center \u00e0 Barcelone\"}]},{\"@type\":\"WebSite\",\"@id\":\"https:\/\/www.garciafaura.com\/fr\/#website\",\"url\":\"https:\/\/www.garciafaura.com\/fr\/\",\"name\":\"GARCIA FAURA\",\"description\":\"Arquitectura en Alumini, Inox, Ferro i Vidre\",\"publisher\":{\"@id\":\"https:\/\/www.garciafaura.com\/fr\/#organization\"},\"potentialAction\":[{\"@type\":\"SearchAction\",\"target\":{\"@type\":\"EntryPoint\",\"urlTemplate\":\"https:\/\/www.garciafaura.com\/fr\/?s={search_term_string}\"},\"query-input\":{\"@type\":\"PropertyValueSpecification\",\"valueRequired\":true,\"valueName\":\"search_term_string\"}}],\"inLanguage\":\"fr-FR\"},{\"@type\":\"Organization\",\"@id\":\"https:\/\/www.garciafaura.com\/fr\/#organization\",\"name\":\"GARCIA FAURA\",\"url\":\"https:\/\/www.garciafaura.com\/fr\/\",\"logo\":{\"@type\":\"ImageObject\",\"inLanguage\":\"fr-FR\",\"@id\":\"https:\/\/www.garciafaura.com\/fr\/#\/schema\/logo\/image\/\",\"url\":\"https:\/\/www.garciafaura.com\/wp-content\/uploads\/2018\/09\/Garcia-Faura.png\",\"contentUrl\":\"https:\/\/www.garciafaura.com\/wp-content\/uploads\/2018\/09\/Garcia-Faura.png\",\"width\":512,\"height\":512,\"caption\":\"GARCIA FAURA\"},\"image\":{\"@id\":\"https:\/\/www.garciafaura.com\/fr\/#\/schema\/logo\/image\/\"},\"sameAs\":[\"https:\/\/www.youtube.com\/user\/GARCIAFAURA\"]},{\"@type\":\"Person\",\"@id\":\"https:\/\/www.garciafaura.com\/fr\/#\/schema\/person\/b4b75e69b33fac3446071909bec106b0\",\"name\":\"David Achell\",\"image\":{\"@type\":\"ImageObject\",\"inLanguage\":\"fr-FR\",\"@id\":\"https:\/\/www.garciafaura.com\/fr\/#\/schema\/person\/image\/\",\"url\":\"https:\/\/secure.gravatar.com\/avatar\/03900210afc1f61bce737bcb4a79c02e2c997f171e3eca839b5a4cbe03846c90?s=96&d=blank&r=g\",\"contentUrl\":\"https:\/\/secure.gravatar.com\/avatar\/03900210afc1f61bce737bcb4a79c02e2c997f171e3eca839b5a4cbe03846c90?s=96&d=blank&r=g\",\"caption\":\"David Achell\"}}]}<\/script>\n<!-- \/ Yoast SEO plugin. -->","yoast_head_json":{"title":"Mise en service du SJD Pediatric Cancer Center \u00e0 Barcelone - GARCIA FAURA","description":"Arquitectura en Alumini, Inox, Ferro i Vidre","robots":{"index":"index","follow":"follow","max-snippet":"max-snippet:-1","max-image-preview":"max-image-preview:large","max-video-preview":"max-video-preview:-1"},"canonical":"https:\/\/www.garciafaura.com\/fr\/entra-en-funcionament-a-barcelona-el-sjd-pediatric-cancer-center\/","og_locale":"fr_FR","og_type":"article","og_title":"Mise en service du SJD Pediatric Cancer Center \u00e0 Barcelone - GARCIA FAURA","og_description":"Arquitectura en Alumini, Inox, Ferro i Vidre","og_url":"https:\/\/www.garciafaura.com\/fr\/entra-en-funcionament-a-barcelona-el-sjd-pediatric-cancer-center\/","og_site_name":"GARCIA FAURA","article_published_time":"2022-06-28T10:12:10+00:00","article_modified_time":"2022-06-28T10:21:00+00:00","og_image":[{"width":2560,"height":1441,"url":"https:\/\/www.garciafaura.com\/wp-content\/uploads\/2022\/06\/SJD-Pediatric-Cancer-Centre-Barcelona-Fachada-1-PCCB-scaled.jpg","type":"image\/jpeg"}],"author":"David Achell","twitter_card":"summary_large_image","twitter_misc":{"\u00c9crit par":"David Achell","Dur\u00e9e de lecture estim\u00e9e":"1 minute"},"schema":{"@context":"https:\/\/schema.org","@graph":[{"@type":"Article","@id":"https:\/\/www.garciafaura.com\/fr\/entra-en-funcionament-a-barcelona-el-sjd-pediatric-cancer-center\/#article","isPartOf":{"@id":"https:\/\/www.garciafaura.com\/fr\/entra-en-funcionament-a-barcelona-el-sjd-pediatric-cancer-center\/"},"author":{"name":"David Achell","@id":"https:\/\/www.garciafaura.com\/fr\/#\/schema\/person\/b4b75e69b33fac3446071909bec106b0"},"headline":"Mise en service du SJD Pediatric Cancer Center \u00e0 Barcelone","datePublished":"2022-06-28T10:12:10+00:00","dateModified":"2022-06-28T10:21:00+00:00","mainEntityOfPage":{"@id":"https:\/\/www.garciafaura.com\/fr\/entra-en-funcionament-a-barcelona-el-sjd-pediatric-cancer-center\/"},"wordCount":290,"publisher":{"@id":"https:\/\/www.garciafaura.com\/fr\/#organization"},"image":{"@id":"https:\/\/www.garciafaura.com\/fr\/entra-en-funcionament-a-barcelona-el-sjd-pediatric-cancer-center\/#primaryimage"},"thumbnailUrl":"https:\/\/www.garciafaura.com\/wp-content\/uploads\/2022\/06\/SJD-Pediatric-Cancer-Centre-Barcelona-Fachada-1-PCCB-scaled.jpg","articleSection":["Actualit\u00e9"],"inLanguage":"fr-FR"},{"@type":"WebPage","@id":"https:\/\/www.garciafaura.com\/fr\/entra-en-funcionament-a-barcelona-el-sjd-pediatric-cancer-center\/","url":"https:\/\/www.garciafaura.com\/fr\/entra-en-funcionament-a-barcelona-el-sjd-pediatric-cancer-center\/","name":"Mise en service du SJD Pediatric Cancer Center \u00e0 Barcelone - GARCIA FAURA","isPartOf":{"@id":"https:\/\/www.garciafaura.com\/fr\/#website"},"primaryImageOfPage":{"@id":"https:\/\/www.garciafaura.com\/fr\/entra-en-funcionament-a-barcelona-el-sjd-pediatric-cancer-center\/#primaryimage"},"image":{"@id":"https:\/\/www.garciafaura.com\/fr\/entra-en-funcionament-a-barcelona-el-sjd-pediatric-cancer-center\/#primaryimage"},"thumbnailUrl":"https:\/\/www.garciafaura.com\/wp-content\/uploads\/2022\/06\/SJD-Pediatric-Cancer-Centre-Barcelona-Fachada-1-PCCB-scaled.jpg","datePublished":"2022-06-28T10:12:10+00:00","dateModified":"2022-06-28T10:21:00+00:00","description":"Arquitectura en Alumini, Inox, Ferro i Vidre","breadcrumb":{"@id":"https:\/\/www.garciafaura.com\/fr\/entra-en-funcionament-a-barcelona-el-sjd-pediatric-cancer-center\/#breadcrumb"},"inLanguage":"fr-FR","potentialAction":[{"@type":"ReadAction","target":["https:\/\/www.garciafaura.com\/fr\/entra-en-funcionament-a-barcelona-el-sjd-pediatric-cancer-center\/"]}]},{"@type":"ImageObject","inLanguage":"fr-FR","@id":"https:\/\/www.garciafaura.com\/fr\/entra-en-funcionament-a-barcelona-el-sjd-pediatric-cancer-center\/#primaryimage","url":"https:\/\/www.garciafaura.com\/wp-content\/uploads\/2022\/06\/SJD-Pediatric-Cancer-Centre-Barcelona-Fachada-1-PCCB-scaled.jpg","contentUrl":"https:\/\/www.garciafaura.com\/wp-content\/uploads\/2022\/06\/SJD-Pediatric-Cancer-Centre-Barcelona-Fachada-1-PCCB-scaled.jpg","width":2560,"height":1441,"caption":"Photo: SJD Pediatric Cancer Center Barcelona"},{"@type":"BreadcrumbList","@id":"https:\/\/www.garciafaura.com\/fr\/entra-en-funcionament-a-barcelona-el-sjd-pediatric-cancer-center\/#breadcrumb","itemListElement":[{"@type":"ListItem","position":1,"name":"Inici","item":"https:\/\/www.garciafaura.com\/fr\/"},{"@type":"ListItem","position":2,"name":"Mise en service du SJD Pediatric Cancer Center \u00e0 Barcelone"}]},{"@type":"WebSite","@id":"https:\/\/www.garciafaura.com\/fr\/#website","url":"https:\/\/www.garciafaura.com\/fr\/","name":"GARCIA FAURA","description":"Arquitectura en Alumini, Inox, Ferro i Vidre","publisher":{"@id":"https:\/\/www.garciafaura.com\/fr\/#organization"},"potentialAction":[{"@type":"SearchAction","target":{"@type":"EntryPoint","urlTemplate":"https:\/\/www.garciafaura.com\/fr\/?s={search_term_string}"},"query-input":{"@type":"PropertyValueSpecification","valueRequired":true,"valueName":"search_term_string"}}],"inLanguage":"fr-FR"},{"@type":"Organization","@id":"https:\/\/www.garciafaura.com\/fr\/#organization","name":"GARCIA FAURA","url":"https:\/\/www.garciafaura.com\/fr\/","logo":{"@type":"ImageObject","inLanguage":"fr-FR","@id":"https:\/\/www.garciafaura.com\/fr\/#\/schema\/logo\/image\/","url":"https:\/\/www.garciafaura.com\/wp-content\/uploads\/2018\/09\/Garcia-Faura.png","contentUrl":"https:\/\/www.garciafaura.com\/wp-content\/uploads\/2018\/09\/Garcia-Faura.png","width":512,"height":512,"caption":"GARCIA FAURA"},"image":{"@id":"https:\/\/www.garciafaura.com\/fr\/#\/schema\/logo\/image\/"},"sameAs":["https:\/\/www.youtube.com\/user\/GARCIAFAURA"]},{"@type":"Person","@id":"https:\/\/www.garciafaura.com\/fr\/#\/schema\/person\/b4b75e69b33fac3446071909bec106b0","name":"David Achell","image":{"@type":"ImageObject","inLanguage":"fr-FR","@id":"https:\/\/www.garciafaura.com\/fr\/#\/schema\/person\/image\/","url":"https:\/\/secure.gravatar.com\/avatar\/03900210afc1f61bce737bcb4a79c02e2c997f171e3eca839b5a4cbe03846c90?s=96&d=blank&r=g","contentUrl":"https:\/\/secure.gravatar.com\/avatar\/03900210afc1f61bce737bcb4a79c02e2c997f171e3eca839b5a4cbe03846c90?s=96&d=blank&r=g","caption":"David Achell"}}]}},"_links":{"self":[{"href":"https:\/\/www.garciafaura.com\/fr\/wp-json\/wp\/v2\/posts\/29691","targetHints":{"allow":["GET"]}}],"collection":[{"href":"https:\/\/www.garciafaura.com\/fr\/wp-json\/wp\/v2\/posts"}],"about":[{"href":"https:\/\/www.garciafaura.com\/fr\/wp-json\/wp\/v2\/types\/post"}],"author":[{"embeddable":true,"href":"https:\/\/www.garciafaura.com\/fr\/wp-json\/wp\/v2\/users\/3"}],"replies":[{"embeddable":true,"href":"https:\/\/www.garciafaura.com\/fr\/wp-json\/wp\/v2\/comments?post=29691"}],"version-history":[{"count":2,"href":"https:\/\/www.garciafaura.com\/fr\/wp-json\/wp\/v2\/posts\/29691\/revisions"}],"predecessor-version":[{"id":29696,"href":"https:\/\/www.garciafaura.com\/fr\/wp-json\/wp\/v2\/posts\/29691\/revisions\/29696"}],"wp:featuredmedia":[{"embeddable":true,"href":"https:\/\/www.garciafaura.com\/fr\/wp-json\/wp\/v2\/media\/29678"}],"wp:attachment":[{"href":"https:\/\/www.garciafaura.com\/fr\/wp-json\/wp\/v2\/media?parent=29691"}],"wp:term":[{"taxonomy":"category","embeddable":true,"href":"https:\/\/www.garciafaura.com\/fr\/wp-json\/wp\/v2\/categories?post=29691"},{"taxonomy":"post_tag","embeddable":true,"href":"https:\/\/www.garciafaura.com\/fr\/wp-json\/wp\/v2\/tags?post=29691"},{"taxonomy":"post_series","embeddable":true,"href":"https:\/\/www.garciafaura.com\/fr\/wp-json\/wp\/v2\/post_series?post=29691"}],"curies":[{"name":"wp","href":"https:\/\/api.w.org\/{rel}","templated":true}]}}