{"id":29448,"date":"2022-06-17T16:37:58","date_gmt":"2022-06-17T14:37:58","guid":{"rendered":"https:\/\/www.garciafaura.com\/garcia-faura-finaliza-la-rehabilitacion-del-edificio-morland-en-paris\/"},"modified":"2022-06-17T16:51:38","modified_gmt":"2022-06-17T14:51:38","slug":"garcia-faura-finaliza-la-rehabilitacion-del-edificio-morland-en-paris","status":"publish","type":"post","link":"https:\/\/www.garciafaura.com\/fr\/garcia-faura-finaliza-la-rehabilitacion-del-edificio-morland-en-paris\/","title":{"rendered":"GARCIA FAURA ach\u00e8ve les travaux du projet Morland Mixit\u00e9 Capitale \u00e0 Paris"},"content":{"rendered":"<p style=\"text-align: justify;\"><strong>GARCIA FAURA a particip\u00e9 \u00e0 la r\u00e9habilitation structurelle et architecturale de Morland Mixit\u00e9 Capitale, l&rsquo;ancien si\u00e8ge administratif de la pr\u00e9fecture de Paris et qui, apr\u00e8s les travaux, est devenu un b\u00e2timent \u00e0 plus de onze usages ouverts aux citoyens et visiteurs de la ville. <\/strong><\/p>\n<p style=\"text-align: justify;\">La transformation urbaine de cet immeuble, imagin\u00e9 et con\u00e7u par <strong>David Chipperfield Architectes<\/strong> et <strong>CALQ Architecture<\/strong>, comprend un h\u00f4tel, une auberge pour jeunes touristes, des appartements priv\u00e9s, des bureaux, une cr\u00e8che, un restaurant, une zone commerciale et m\u00eame un march\u00e9 au rez-de-chauss\u00e9e.<\/p>\n<p style=\"text-align: justify;\">C&rsquo;est \u00e0 cet \u00e9tage que <strong>GARCIA FAURA<\/strong> a concentr\u00e9 une grande partie de son intervention. Plus pr\u00e9cis\u00e9ment, avec l&rsquo;installation de 1.450 m\u00e8tres carr\u00e9s de <strong>mur-rideau<\/strong>, de diff\u00e9rentes compositions, tailles et conceptions. Une partie, avec des zones courbes form\u00e9es par de grands vitrages. Et une autre partie, une verri\u00e8re de plus de cent m\u00e8tres carr\u00e9s, sur une structure m\u00e9tallique, qui forme un patio int\u00e9rieur vitr\u00e9 entour\u00e9 d&rsquo;un mur-rideau.<\/p>\n<p style=\"text-align: justify;\">GARCIA FAURA a \u00e9galement fabriqu\u00e9 et install\u00e9 23 <strong>portes en fer<\/strong> et 267 unit\u00e9s de <strong>fen\u00eatres en fer et vitrage avec r\u00e9sistance au feu EI60<\/strong>. Cette r\u00e9sistance au feu a \u00e9t\u00e9 confirm\u00e9e par une s\u00e9rie de tests dans des laboratoires sp\u00e9cialis\u00e9s en France.<\/p>\n<p style=\"text-align: justify;\">Le projet <strong>Morland Mixit\u00e9 Capitale<\/strong> est constitu\u00e9 d&rsquo;un ensemble d&rsquo;immeubles \u00e0 la fois c\u00f4t\u00e9 Seine et c\u00f4t\u00e9 boulevard Morland, tous deux reli\u00e9s par une rue int\u00e9rieure. L&rsquo;espace restauration et une vue unique et spectaculaire sur Paris ouverte \u00e0 tous se situent aux deux derniers \u00e9tages.<\/p>\n","protected":false},"excerpt":{"rendered":"<p>GARCIA FAURA a particip\u00e9 \u00e0 la r\u00e9habilitation structurelle et architecturale de Morland Mixit\u00e9 Capitale, l&rsquo;ancien si\u00e8ge administratif de la pr\u00e9fecture de Paris et qui, apr\u00e8s les travaux, est devenu un b\u00e2timent \u00e0 plus de onze usages ouverts aux citoyens et&hellip;<\/p>\n","protected":false},"author":3,"featured_media":29465,"comment_status":"closed","ping_status":"open","sticky":false,"template":"","format":"gallery","meta":{"footnotes":""},"categories":[2],"tags":[],"post_series":[],"class_list":["post-29448","post","type-post","status-publish","format-gallery","has-post-thumbnail","hentry","category-actualite","post_format-post-format-gallery","entry","has-media"],"yoast_head":"<!-- This site is optimized with the Yoast SEO plugin v26.7 - https:\/\/yoast.com\/wordpress\/plugins\/seo\/ -->\n<title>GARCIA FAURA ach\u00e8ve les travaux du projet Morland Mixit\u00e9 Capitale \u00e0 Paris - GARCIA FAURA<\/title>\n<meta name=\"description\" content=\"Arquitectura en Alumini, Inox, Ferro i Vidre\" \/>\n<meta name=\"robots\" content=\"index, follow, max-snippet:-1, max-image-preview:large, max-video-preview:-1\" \/>\n<link rel=\"canonical\" href=\"https:\/\/www.garciafaura.com\/fr\/garcia-faura-finaliza-la-rehabilitacion-del-edificio-morland-en-paris\/\" \/>\n<meta property=\"og:locale\" content=\"fr_FR\" \/>\n<meta property=\"og:type\" content=\"article\" \/>\n<meta property=\"og:title\" content=\"GARCIA FAURA ach\u00e8ve les travaux du projet Morland Mixit\u00e9 Capitale \u00e0 Paris - GARCIA FAURA\" \/>\n<meta property=\"og:description\" content=\"Arquitectura en Alumini, Inox, Ferro i Vidre\" \/>\n<meta property=\"og:url\" content=\"https:\/\/www.garciafaura.com\/fr\/garcia-faura-finaliza-la-rehabilitacion-del-edificio-morland-en-paris\/\" \/>\n<meta property=\"og:site_name\" content=\"GARCIA FAURA\" \/>\n<meta property=\"article:published_time\" content=\"2022-06-17T14:37:58+00:00\" \/>\n<meta property=\"article:modified_time\" content=\"2022-06-17T14:51:38+00:00\" \/>\n<meta property=\"og:image\" content=\"https:\/\/www.garciafaura.com\/wp-content\/uploads\/2022\/06\/Morland-03-scaled.jpg\" \/>\n\t<meta property=\"og:image:width\" content=\"2560\" \/>\n\t<meta property=\"og:image:height\" content=\"1920\" \/>\n\t<meta property=\"og:image:type\" content=\"image\/jpeg\" \/>\n<meta name=\"author\" content=\"David Achell\" \/>\n<meta name=\"twitter:card\" content=\"summary_large_image\" \/>\n<meta name=\"twitter:label1\" content=\"\u00c9crit par\" \/>\n\t<meta name=\"twitter:data1\" content=\"David Achell\" \/>\n\t<meta name=\"twitter:label2\" content=\"Dur\u00e9e de lecture estim\u00e9e\" \/>\n\t<meta name=\"twitter:data2\" content=\"1 minute\" \/>\n<script type=\"application\/ld+json\" class=\"yoast-schema-graph\">{\"@context\":\"https:\/\/schema.org\",\"@graph\":[{\"@type\":\"Article\",\"@id\":\"https:\/\/www.garciafaura.com\/fr\/garcia-faura-finaliza-la-rehabilitacion-del-edificio-morland-en-paris\/#article\",\"isPartOf\":{\"@id\":\"https:\/\/www.garciafaura.com\/fr\/garcia-faura-finaliza-la-rehabilitacion-del-edificio-morland-en-paris\/\"},\"author\":{\"name\":\"David Achell\",\"@id\":\"https:\/\/www.garciafaura.com\/fr\/#\/schema\/person\/b4b75e69b33fac3446071909bec106b0\"},\"headline\":\"GARCIA FAURA ach\u00e8ve les travaux du projet Morland Mixit\u00e9 Capitale \u00e0 Paris\",\"datePublished\":\"2022-06-17T14:37:58+00:00\",\"dateModified\":\"2022-06-17T14:51:38+00:00\",\"mainEntityOfPage\":{\"@id\":\"https:\/\/www.garciafaura.com\/fr\/garcia-faura-finaliza-la-rehabilitacion-del-edificio-morland-en-paris\/\"},\"wordCount\":286,\"publisher\":{\"@id\":\"https:\/\/www.garciafaura.com\/fr\/#organization\"},\"image\":{\"@id\":\"https:\/\/www.garciafaura.com\/fr\/garcia-faura-finaliza-la-rehabilitacion-del-edificio-morland-en-paris\/#primaryimage\"},\"thumbnailUrl\":\"https:\/\/www.garciafaura.com\/wp-content\/uploads\/2022\/06\/Morland-03-scaled.jpg\",\"articleSection\":[\"Actualit\u00e9\"],\"inLanguage\":\"fr-FR\"},{\"@type\":\"WebPage\",\"@id\":\"https:\/\/www.garciafaura.com\/fr\/garcia-faura-finaliza-la-rehabilitacion-del-edificio-morland-en-paris\/\",\"url\":\"https:\/\/www.garciafaura.com\/fr\/garcia-faura-finaliza-la-rehabilitacion-del-edificio-morland-en-paris\/\",\"name\":\"GARCIA FAURA ach\u00e8ve les travaux du projet Morland Mixit\u00e9 Capitale \u00e0 Paris - GARCIA FAURA\",\"isPartOf\":{\"@id\":\"https:\/\/www.garciafaura.com\/fr\/#website\"},\"primaryImageOfPage\":{\"@id\":\"https:\/\/www.garciafaura.com\/fr\/garcia-faura-finaliza-la-rehabilitacion-del-edificio-morland-en-paris\/#primaryimage\"},\"image\":{\"@id\":\"https:\/\/www.garciafaura.com\/fr\/garcia-faura-finaliza-la-rehabilitacion-del-edificio-morland-en-paris\/#primaryimage\"},\"thumbnailUrl\":\"https:\/\/www.garciafaura.com\/wp-content\/uploads\/2022\/06\/Morland-03-scaled.jpg\",\"datePublished\":\"2022-06-17T14:37:58+00:00\",\"dateModified\":\"2022-06-17T14:51:38+00:00\",\"description\":\"Arquitectura en Alumini, Inox, Ferro i Vidre\",\"breadcrumb\":{\"@id\":\"https:\/\/www.garciafaura.com\/fr\/garcia-faura-finaliza-la-rehabilitacion-del-edificio-morland-en-paris\/#breadcrumb\"},\"inLanguage\":\"fr-FR\",\"potentialAction\":[{\"@type\":\"ReadAction\",\"target\":[\"https:\/\/www.garciafaura.com\/fr\/garcia-faura-finaliza-la-rehabilitacion-del-edificio-morland-en-paris\/\"]}]},{\"@type\":\"ImageObject\",\"inLanguage\":\"fr-FR\",\"@id\":\"https:\/\/www.garciafaura.com\/fr\/garcia-faura-finaliza-la-rehabilitacion-del-edificio-morland-en-paris\/#primaryimage\",\"url\":\"https:\/\/www.garciafaura.com\/wp-content\/uploads\/2022\/06\/Morland-03-scaled.jpg\",\"contentUrl\":\"https:\/\/www.garciafaura.com\/wp-content\/uploads\/2022\/06\/Morland-03-scaled.jpg\",\"width\":2560,\"height\":1920},{\"@type\":\"BreadcrumbList\",\"@id\":\"https:\/\/www.garciafaura.com\/fr\/garcia-faura-finaliza-la-rehabilitacion-del-edificio-morland-en-paris\/#breadcrumb\",\"itemListElement\":[{\"@type\":\"ListItem\",\"position\":1,\"name\":\"Inici\",\"item\":\"https:\/\/www.garciafaura.com\/fr\/\"},{\"@type\":\"ListItem\",\"position\":2,\"name\":\"GARCIA FAURA ach\u00e8ve les travaux du projet Morland Mixit\u00e9 Capitale \u00e0 Paris\"}]},{\"@type\":\"WebSite\",\"@id\":\"https:\/\/www.garciafaura.com\/fr\/#website\",\"url\":\"https:\/\/www.garciafaura.com\/fr\/\",\"name\":\"GARCIA FAURA\",\"description\":\"Arquitectura en Alumini, Inox, Ferro i Vidre\",\"publisher\":{\"@id\":\"https:\/\/www.garciafaura.com\/fr\/#organization\"},\"potentialAction\":[{\"@type\":\"SearchAction\",\"target\":{\"@type\":\"EntryPoint\",\"urlTemplate\":\"https:\/\/www.garciafaura.com\/fr\/?s={search_term_string}\"},\"query-input\":{\"@type\":\"PropertyValueSpecification\",\"valueRequired\":true,\"valueName\":\"search_term_string\"}}],\"inLanguage\":\"fr-FR\"},{\"@type\":\"Organization\",\"@id\":\"https:\/\/www.garciafaura.com\/fr\/#organization\",\"name\":\"GARCIA FAURA\",\"url\":\"https:\/\/www.garciafaura.com\/fr\/\",\"logo\":{\"@type\":\"ImageObject\",\"inLanguage\":\"fr-FR\",\"@id\":\"https:\/\/www.garciafaura.com\/fr\/#\/schema\/logo\/image\/\",\"url\":\"https:\/\/www.garciafaura.com\/wp-content\/uploads\/2018\/09\/Garcia-Faura.png\",\"contentUrl\":\"https:\/\/www.garciafaura.com\/wp-content\/uploads\/2018\/09\/Garcia-Faura.png\",\"width\":512,\"height\":512,\"caption\":\"GARCIA FAURA\"},\"image\":{\"@id\":\"https:\/\/www.garciafaura.com\/fr\/#\/schema\/logo\/image\/\"},\"sameAs\":[\"https:\/\/www.youtube.com\/user\/GARCIAFAURA\"]},{\"@type\":\"Person\",\"@id\":\"https:\/\/www.garciafaura.com\/fr\/#\/schema\/person\/b4b75e69b33fac3446071909bec106b0\",\"name\":\"David Achell\",\"image\":{\"@type\":\"ImageObject\",\"inLanguage\":\"fr-FR\",\"@id\":\"https:\/\/www.garciafaura.com\/fr\/#\/schema\/person\/image\/\",\"url\":\"https:\/\/secure.gravatar.com\/avatar\/03900210afc1f61bce737bcb4a79c02e2c997f171e3eca839b5a4cbe03846c90?s=96&d=blank&r=g\",\"contentUrl\":\"https:\/\/secure.gravatar.com\/avatar\/03900210afc1f61bce737bcb4a79c02e2c997f171e3eca839b5a4cbe03846c90?s=96&d=blank&r=g\",\"caption\":\"David Achell\"}}]}<\/script>\n<!-- \/ Yoast SEO plugin. -->","yoast_head_json":{"title":"GARCIA FAURA ach\u00e8ve les travaux du projet Morland Mixit\u00e9 Capitale \u00e0 Paris - GARCIA FAURA","description":"Arquitectura en Alumini, Inox, Ferro i Vidre","robots":{"index":"index","follow":"follow","max-snippet":"max-snippet:-1","max-image-preview":"max-image-preview:large","max-video-preview":"max-video-preview:-1"},"canonical":"https:\/\/www.garciafaura.com\/fr\/garcia-faura-finaliza-la-rehabilitacion-del-edificio-morland-en-paris\/","og_locale":"fr_FR","og_type":"article","og_title":"GARCIA FAURA ach\u00e8ve les travaux du projet Morland Mixit\u00e9 Capitale \u00e0 Paris - GARCIA FAURA","og_description":"Arquitectura en Alumini, Inox, Ferro i Vidre","og_url":"https:\/\/www.garciafaura.com\/fr\/garcia-faura-finaliza-la-rehabilitacion-del-edificio-morland-en-paris\/","og_site_name":"GARCIA FAURA","article_published_time":"2022-06-17T14:37:58+00:00","article_modified_time":"2022-06-17T14:51:38+00:00","og_image":[{"width":2560,"height":1920,"url":"https:\/\/www.garciafaura.com\/wp-content\/uploads\/2022\/06\/Morland-03-scaled.jpg","type":"image\/jpeg"}],"author":"David Achell","twitter_card":"summary_large_image","twitter_misc":{"\u00c9crit par":"David Achell","Dur\u00e9e de lecture estim\u00e9e":"1 minute"},"schema":{"@context":"https:\/\/schema.org","@graph":[{"@type":"Article","@id":"https:\/\/www.garciafaura.com\/fr\/garcia-faura-finaliza-la-rehabilitacion-del-edificio-morland-en-paris\/#article","isPartOf":{"@id":"https:\/\/www.garciafaura.com\/fr\/garcia-faura-finaliza-la-rehabilitacion-del-edificio-morland-en-paris\/"},"author":{"name":"David Achell","@id":"https:\/\/www.garciafaura.com\/fr\/#\/schema\/person\/b4b75e69b33fac3446071909bec106b0"},"headline":"GARCIA FAURA ach\u00e8ve les travaux du projet Morland Mixit\u00e9 Capitale \u00e0 Paris","datePublished":"2022-06-17T14:37:58+00:00","dateModified":"2022-06-17T14:51:38+00:00","mainEntityOfPage":{"@id":"https:\/\/www.garciafaura.com\/fr\/garcia-faura-finaliza-la-rehabilitacion-del-edificio-morland-en-paris\/"},"wordCount":286,"publisher":{"@id":"https:\/\/www.garciafaura.com\/fr\/#organization"},"image":{"@id":"https:\/\/www.garciafaura.com\/fr\/garcia-faura-finaliza-la-rehabilitacion-del-edificio-morland-en-paris\/#primaryimage"},"thumbnailUrl":"https:\/\/www.garciafaura.com\/wp-content\/uploads\/2022\/06\/Morland-03-scaled.jpg","articleSection":["Actualit\u00e9"],"inLanguage":"fr-FR"},{"@type":"WebPage","@id":"https:\/\/www.garciafaura.com\/fr\/garcia-faura-finaliza-la-rehabilitacion-del-edificio-morland-en-paris\/","url":"https:\/\/www.garciafaura.com\/fr\/garcia-faura-finaliza-la-rehabilitacion-del-edificio-morland-en-paris\/","name":"GARCIA FAURA ach\u00e8ve les travaux du projet Morland Mixit\u00e9 Capitale \u00e0 Paris - GARCIA FAURA","isPartOf":{"@id":"https:\/\/www.garciafaura.com\/fr\/#website"},"primaryImageOfPage":{"@id":"https:\/\/www.garciafaura.com\/fr\/garcia-faura-finaliza-la-rehabilitacion-del-edificio-morland-en-paris\/#primaryimage"},"image":{"@id":"https:\/\/www.garciafaura.com\/fr\/garcia-faura-finaliza-la-rehabilitacion-del-edificio-morland-en-paris\/#primaryimage"},"thumbnailUrl":"https:\/\/www.garciafaura.com\/wp-content\/uploads\/2022\/06\/Morland-03-scaled.jpg","datePublished":"2022-06-17T14:37:58+00:00","dateModified":"2022-06-17T14:51:38+00:00","description":"Arquitectura en Alumini, Inox, Ferro i Vidre","breadcrumb":{"@id":"https:\/\/www.garciafaura.com\/fr\/garcia-faura-finaliza-la-rehabilitacion-del-edificio-morland-en-paris\/#breadcrumb"},"inLanguage":"fr-FR","potentialAction":[{"@type":"ReadAction","target":["https:\/\/www.garciafaura.com\/fr\/garcia-faura-finaliza-la-rehabilitacion-del-edificio-morland-en-paris\/"]}]},{"@type":"ImageObject","inLanguage":"fr-FR","@id":"https:\/\/www.garciafaura.com\/fr\/garcia-faura-finaliza-la-rehabilitacion-del-edificio-morland-en-paris\/#primaryimage","url":"https:\/\/www.garciafaura.com\/wp-content\/uploads\/2022\/06\/Morland-03-scaled.jpg","contentUrl":"https:\/\/www.garciafaura.com\/wp-content\/uploads\/2022\/06\/Morland-03-scaled.jpg","width":2560,"height":1920},{"@type":"BreadcrumbList","@id":"https:\/\/www.garciafaura.com\/fr\/garcia-faura-finaliza-la-rehabilitacion-del-edificio-morland-en-paris\/#breadcrumb","itemListElement":[{"@type":"ListItem","position":1,"name":"Inici","item":"https:\/\/www.garciafaura.com\/fr\/"},{"@type":"ListItem","position":2,"name":"GARCIA FAURA ach\u00e8ve les travaux du projet Morland Mixit\u00e9 Capitale \u00e0 Paris"}]},{"@type":"WebSite","@id":"https:\/\/www.garciafaura.com\/fr\/#website","url":"https:\/\/www.garciafaura.com\/fr\/","name":"GARCIA FAURA","description":"Arquitectura en Alumini, Inox, Ferro i Vidre","publisher":{"@id":"https:\/\/www.garciafaura.com\/fr\/#organization"},"potentialAction":[{"@type":"SearchAction","target":{"@type":"EntryPoint","urlTemplate":"https:\/\/www.garciafaura.com\/fr\/?s={search_term_string}"},"query-input":{"@type":"PropertyValueSpecification","valueRequired":true,"valueName":"search_term_string"}}],"inLanguage":"fr-FR"},{"@type":"Organization","@id":"https:\/\/www.garciafaura.com\/fr\/#organization","name":"GARCIA FAURA","url":"https:\/\/www.garciafaura.com\/fr\/","logo":{"@type":"ImageObject","inLanguage":"fr-FR","@id":"https:\/\/www.garciafaura.com\/fr\/#\/schema\/logo\/image\/","url":"https:\/\/www.garciafaura.com\/wp-content\/uploads\/2018\/09\/Garcia-Faura.png","contentUrl":"https:\/\/www.garciafaura.com\/wp-content\/uploads\/2018\/09\/Garcia-Faura.png","width":512,"height":512,"caption":"GARCIA FAURA"},"image":{"@id":"https:\/\/www.garciafaura.com\/fr\/#\/schema\/logo\/image\/"},"sameAs":["https:\/\/www.youtube.com\/user\/GARCIAFAURA"]},{"@type":"Person","@id":"https:\/\/www.garciafaura.com\/fr\/#\/schema\/person\/b4b75e69b33fac3446071909bec106b0","name":"David Achell","image":{"@type":"ImageObject","inLanguage":"fr-FR","@id":"https:\/\/www.garciafaura.com\/fr\/#\/schema\/person\/image\/","url":"https:\/\/secure.gravatar.com\/avatar\/03900210afc1f61bce737bcb4a79c02e2c997f171e3eca839b5a4cbe03846c90?s=96&d=blank&r=g","contentUrl":"https:\/\/secure.gravatar.com\/avatar\/03900210afc1f61bce737bcb4a79c02e2c997f171e3eca839b5a4cbe03846c90?s=96&d=blank&r=g","caption":"David Achell"}}]}},"_links":{"self":[{"href":"https:\/\/www.garciafaura.com\/fr\/wp-json\/wp\/v2\/posts\/29448","targetHints":{"allow":["GET"]}}],"collection":[{"href":"https:\/\/www.garciafaura.com\/fr\/wp-json\/wp\/v2\/posts"}],"about":[{"href":"https:\/\/www.garciafaura.com\/fr\/wp-json\/wp\/v2\/types\/post"}],"author":[{"embeddable":true,"href":"https:\/\/www.garciafaura.com\/fr\/wp-json\/wp\/v2\/users\/3"}],"replies":[{"embeddable":true,"href":"https:\/\/www.garciafaura.com\/fr\/wp-json\/wp\/v2\/comments?post=29448"}],"version-history":[{"count":2,"href":"https:\/\/www.garciafaura.com\/fr\/wp-json\/wp\/v2\/posts\/29448\/revisions"}],"predecessor-version":[{"id":29452,"href":"https:\/\/www.garciafaura.com\/fr\/wp-json\/wp\/v2\/posts\/29448\/revisions\/29452"}],"wp:featuredmedia":[{"embeddable":true,"href":"https:\/\/www.garciafaura.com\/fr\/wp-json\/wp\/v2\/media\/29465"}],"wp:attachment":[{"href":"https:\/\/www.garciafaura.com\/fr\/wp-json\/wp\/v2\/media?parent=29448"}],"wp:term":[{"taxonomy":"category","embeddable":true,"href":"https:\/\/www.garciafaura.com\/fr\/wp-json\/wp\/v2\/categories?post=29448"},{"taxonomy":"post_tag","embeddable":true,"href":"https:\/\/www.garciafaura.com\/fr\/wp-json\/wp\/v2\/tags?post=29448"},{"taxonomy":"post_series","embeddable":true,"href":"https:\/\/www.garciafaura.com\/fr\/wp-json\/wp\/v2\/post_series?post=29448"}],"curies":[{"name":"wp","href":"https:\/\/api.w.org\/{rel}","templated":true}]}}