{"id":29416,"date":"2022-05-26T10:08:56","date_gmt":"2022-05-26T08:08:56","guid":{"rendered":"https:\/\/www.garciafaura.com\/garcia-faura-remodela-facanes-al-parc-empresarial-cerro-de-los-gamos-de-madrid\/"},"modified":"2022-05-26T10:16:17","modified_gmt":"2022-05-26T08:16:17","slug":"garcia-faura-remodela-facanes-al-parc-empresarial-cerro-de-los-gamos-de-madrid","status":"publish","type":"post","link":"https:\/\/www.garciafaura.com\/fr\/garcia-faura-remodela-facanes-al-parc-empresarial-cerro-de-los-gamos-de-madrid\/","title":{"rendered":"GARCIA FAURA r\u00e9nove les fa\u00e7ades du parc d&rsquo;affaires Cerro de los Gamos \u00e0 Madrid"},"content":{"rendered":"<p style=\"text-align: justify;\"><strong>GARCIA FAURA va \u00e0 intervenir \u00e0 la r\u00e9novation du parc d&rsquo;activit\u00e9s Cerro de los Gamos \u00e0 Pozuelo de Alarc\u00f3n (Madrid), un complexe qui accueille certaines des principales entreprises espagnoles du secteur de la technologie et de l&rsquo;innovation. L&rsquo;entreprise r\u00e9alisera la r\u00e9novation des fa\u00e7ades de deux des b\u00e2timents qui composent le complexe.<\/strong><\/p>\n<p style=\"text-align: justify;\">Le <a href=\"https:\/\/www.merlinproperties.com\/portfolio\/pe-cerro-gamos\/\" target=\"_blank\" rel=\"noopener\"><strong>parc d&rsquo;affaires Cerro de los Gamos<\/strong><\/a>, propri\u00e9t\u00e9 de <strong>Merlin Properties<\/strong>, est un ensemble de cinq b\u00e2timents ind\u00e9pendants de quatre \u00e9tages chacun et de deux parkings suppl\u00e9mentaires. Les b\u00e2timents totalisent une superficie totale de 36.105 m\u00e8tres carr\u00e9s pour des activit\u00e9s \u00e0 valeur ajout\u00e9e.<\/p>\n<p style=\"text-align: justify;\">Le projet de r\u00e9novation de <strong>fa\u00e7ade<\/strong> r\u00e9alis\u00e9 par <strong>GARCIA FAURA<\/strong> a \u00e9t\u00e9 r\u00e9alis\u00e9 par le <a href=\"https:\/\/cargocollective.com\/ccjvv\" target=\"_blank\" rel=\"noopener\"><strong>cabinet d&rsquo;architecture de Madrid, CCJVV<\/strong><\/a>, avec le conseil en <strong>fa\u00e7ades<\/strong> du <a href=\"https:\/\/www.ferresarquitectos.com\/proyectos.html\" target=\"_blank\" rel=\"noopener\"><strong>prestigieux cabinet catalan Ferr\u00e9s Arquitectos y Consultores<\/strong><\/a>.<\/p>\n<p style=\"text-align: justify;\"><strong>GARCIA FAURA<\/strong> interviendra dans un premier temps sur les b\u00e2timents 1 et 4 du complexe avec 4.500 m\u00e8tres carr\u00e9s de <strong>fa\u00e7ade<\/strong>, entre menuiseries et <strong>fa\u00e7ades<\/strong> pr\u00e9-encadr\u00e9es en panneaux, ainsi que les 3.900 m\u00e8tres lin\u00e9aires des linteaux en panneaux composites, et 1.025 m\u00e8tres lin\u00e9aires de couvertines.<\/p>\n","protected":false},"excerpt":{"rendered":"<p>GARCIA FAURA va \u00e0 intervenir \u00e0 la r\u00e9novation du parc d&rsquo;activit\u00e9s Cerro de los Gamos \u00e0 Pozuelo de Alarc\u00f3n (Madrid), un complexe qui accueille certaines des principales entreprises espagnoles du secteur de la technologie et de l&rsquo;innovation. L&rsquo;entreprise r\u00e9alisera la&hellip;<\/p>\n","protected":false},"author":3,"featured_media":29412,"comment_status":"closed","ping_status":"open","sticky":false,"template":"","format":"standard","meta":{"footnotes":""},"categories":[2],"tags":[],"post_series":[],"class_list":["post-29416","post","type-post","status-publish","format-standard","has-post-thumbnail","hentry","category-actualite","entry","has-media"],"yoast_head":"<!-- This site is optimized with the Yoast SEO plugin v26.7 - https:\/\/yoast.com\/wordpress\/plugins\/seo\/ -->\n<title>GARCIA FAURA r\u00e9nove les fa\u00e7ades du parc d&#039;affaires Cerro de los Gamos \u00e0 Madrid - GARCIA FAURA<\/title>\n<meta name=\"description\" content=\"Arquitectura en Alumini, Inox, Ferro i Vidre\" \/>\n<meta name=\"robots\" content=\"index, follow, max-snippet:-1, max-image-preview:large, max-video-preview:-1\" \/>\n<link rel=\"canonical\" href=\"https:\/\/www.garciafaura.com\/fr\/garcia-faura-remodela-facanes-al-parc-empresarial-cerro-de-los-gamos-de-madrid\/\" \/>\n<meta property=\"og:locale\" content=\"fr_FR\" \/>\n<meta property=\"og:type\" content=\"article\" \/>\n<meta property=\"og:title\" content=\"GARCIA FAURA r\u00e9nove les fa\u00e7ades du parc d&#039;affaires Cerro de los Gamos \u00e0 Madrid - GARCIA FAURA\" \/>\n<meta property=\"og:description\" content=\"Arquitectura en Alumini, Inox, Ferro i Vidre\" \/>\n<meta property=\"og:url\" content=\"https:\/\/www.garciafaura.com\/fr\/garcia-faura-remodela-facanes-al-parc-empresarial-cerro-de-los-gamos-de-madrid\/\" \/>\n<meta property=\"og:site_name\" content=\"GARCIA FAURA\" \/>\n<meta property=\"article:published_time\" content=\"2022-05-26T08:08:56+00:00\" \/>\n<meta property=\"article:modified_time\" content=\"2022-05-26T08:16:17+00:00\" \/>\n<meta property=\"og:image\" content=\"https:\/\/www.garciafaura.com\/wp-content\/uploads\/2022\/05\/CerroGamos-2.jpg\" \/>\n\t<meta property=\"og:image:width\" content=\"457\" \/>\n\t<meta property=\"og:image:height\" content=\"369\" \/>\n\t<meta property=\"og:image:type\" content=\"image\/jpeg\" \/>\n<meta name=\"author\" content=\"David Achell\" \/>\n<meta name=\"twitter:card\" content=\"summary_large_image\" \/>\n<meta name=\"twitter:label1\" content=\"\u00c9crit par\" \/>\n\t<meta name=\"twitter:data1\" content=\"David Achell\" \/>\n\t<meta name=\"twitter:label2\" content=\"Dur\u00e9e de lecture estim\u00e9e\" \/>\n\t<meta name=\"twitter:data2\" content=\"1 minute\" \/>\n<script type=\"application\/ld+json\" class=\"yoast-schema-graph\">{\"@context\":\"https:\/\/schema.org\",\"@graph\":[{\"@type\":\"Article\",\"@id\":\"https:\/\/www.garciafaura.com\/fr\/garcia-faura-remodela-facanes-al-parc-empresarial-cerro-de-los-gamos-de-madrid\/#article\",\"isPartOf\":{\"@id\":\"https:\/\/www.garciafaura.com\/fr\/garcia-faura-remodela-facanes-al-parc-empresarial-cerro-de-los-gamos-de-madrid\/\"},\"author\":{\"name\":\"David Achell\",\"@id\":\"https:\/\/www.garciafaura.com\/fr\/#\/schema\/person\/b4b75e69b33fac3446071909bec106b0\"},\"headline\":\"GARCIA FAURA r\u00e9nove les fa\u00e7ades du parc d&rsquo;affaires Cerro de los Gamos \u00e0 Madrid\",\"datePublished\":\"2022-05-26T08:08:56+00:00\",\"dateModified\":\"2022-05-26T08:16:17+00:00\",\"mainEntityOfPage\":{\"@id\":\"https:\/\/www.garciafaura.com\/fr\/garcia-faura-remodela-facanes-al-parc-empresarial-cerro-de-los-gamos-de-madrid\/\"},\"wordCount\":216,\"publisher\":{\"@id\":\"https:\/\/www.garciafaura.com\/fr\/#organization\"},\"image\":{\"@id\":\"https:\/\/www.garciafaura.com\/fr\/garcia-faura-remodela-facanes-al-parc-empresarial-cerro-de-los-gamos-de-madrid\/#primaryimage\"},\"thumbnailUrl\":\"https:\/\/www.garciafaura.com\/wp-content\/uploads\/2022\/05\/CerroGamos-2.jpg\",\"articleSection\":[\"Actualit\u00e9\"],\"inLanguage\":\"fr-FR\"},{\"@type\":\"WebPage\",\"@id\":\"https:\/\/www.garciafaura.com\/fr\/garcia-faura-remodela-facanes-al-parc-empresarial-cerro-de-los-gamos-de-madrid\/\",\"url\":\"https:\/\/www.garciafaura.com\/fr\/garcia-faura-remodela-facanes-al-parc-empresarial-cerro-de-los-gamos-de-madrid\/\",\"name\":\"GARCIA FAURA r\u00e9nove les fa\u00e7ades du parc d'affaires Cerro de los Gamos \u00e0 Madrid - GARCIA FAURA\",\"isPartOf\":{\"@id\":\"https:\/\/www.garciafaura.com\/fr\/#website\"},\"primaryImageOfPage\":{\"@id\":\"https:\/\/www.garciafaura.com\/fr\/garcia-faura-remodela-facanes-al-parc-empresarial-cerro-de-los-gamos-de-madrid\/#primaryimage\"},\"image\":{\"@id\":\"https:\/\/www.garciafaura.com\/fr\/garcia-faura-remodela-facanes-al-parc-empresarial-cerro-de-los-gamos-de-madrid\/#primaryimage\"},\"thumbnailUrl\":\"https:\/\/www.garciafaura.com\/wp-content\/uploads\/2022\/05\/CerroGamos-2.jpg\",\"datePublished\":\"2022-05-26T08:08:56+00:00\",\"dateModified\":\"2022-05-26T08:16:17+00:00\",\"description\":\"Arquitectura en Alumini, Inox, Ferro i Vidre\",\"breadcrumb\":{\"@id\":\"https:\/\/www.garciafaura.com\/fr\/garcia-faura-remodela-facanes-al-parc-empresarial-cerro-de-los-gamos-de-madrid\/#breadcrumb\"},\"inLanguage\":\"fr-FR\",\"potentialAction\":[{\"@type\":\"ReadAction\",\"target\":[\"https:\/\/www.garciafaura.com\/fr\/garcia-faura-remodela-facanes-al-parc-empresarial-cerro-de-los-gamos-de-madrid\/\"]}]},{\"@type\":\"ImageObject\",\"inLanguage\":\"fr-FR\",\"@id\":\"https:\/\/www.garciafaura.com\/fr\/garcia-faura-remodela-facanes-al-parc-empresarial-cerro-de-los-gamos-de-madrid\/#primaryimage\",\"url\":\"https:\/\/www.garciafaura.com\/wp-content\/uploads\/2022\/05\/CerroGamos-2.jpg\",\"contentUrl\":\"https:\/\/www.garciafaura.com\/wp-content\/uploads\/2022\/05\/CerroGamos-2.jpg\",\"width\":457,\"height\":369,\"caption\":\"Garcia Faura Parque Empresarial Cerro de los Gamos Alarc\u00f3n Madrid\"},{\"@type\":\"BreadcrumbList\",\"@id\":\"https:\/\/www.garciafaura.com\/fr\/garcia-faura-remodela-facanes-al-parc-empresarial-cerro-de-los-gamos-de-madrid\/#breadcrumb\",\"itemListElement\":[{\"@type\":\"ListItem\",\"position\":1,\"name\":\"Inici\",\"item\":\"https:\/\/www.garciafaura.com\/fr\/\"},{\"@type\":\"ListItem\",\"position\":2,\"name\":\"GARCIA FAURA r\u00e9nove les fa\u00e7ades du parc d&#8217;affaires Cerro de los Gamos \u00e0 Madrid\"}]},{\"@type\":\"WebSite\",\"@id\":\"https:\/\/www.garciafaura.com\/fr\/#website\",\"url\":\"https:\/\/www.garciafaura.com\/fr\/\",\"name\":\"GARCIA FAURA\",\"description\":\"Arquitectura en Alumini, Inox, Ferro i Vidre\",\"publisher\":{\"@id\":\"https:\/\/www.garciafaura.com\/fr\/#organization\"},\"potentialAction\":[{\"@type\":\"SearchAction\",\"target\":{\"@type\":\"EntryPoint\",\"urlTemplate\":\"https:\/\/www.garciafaura.com\/fr\/?s={search_term_string}\"},\"query-input\":{\"@type\":\"PropertyValueSpecification\",\"valueRequired\":true,\"valueName\":\"search_term_string\"}}],\"inLanguage\":\"fr-FR\"},{\"@type\":\"Organization\",\"@id\":\"https:\/\/www.garciafaura.com\/fr\/#organization\",\"name\":\"GARCIA FAURA\",\"url\":\"https:\/\/www.garciafaura.com\/fr\/\",\"logo\":{\"@type\":\"ImageObject\",\"inLanguage\":\"fr-FR\",\"@id\":\"https:\/\/www.garciafaura.com\/fr\/#\/schema\/logo\/image\/\",\"url\":\"https:\/\/www.garciafaura.com\/wp-content\/uploads\/2018\/09\/Garcia-Faura.png\",\"contentUrl\":\"https:\/\/www.garciafaura.com\/wp-content\/uploads\/2018\/09\/Garcia-Faura.png\",\"width\":512,\"height\":512,\"caption\":\"GARCIA FAURA\"},\"image\":{\"@id\":\"https:\/\/www.garciafaura.com\/fr\/#\/schema\/logo\/image\/\"},\"sameAs\":[\"https:\/\/www.youtube.com\/user\/GARCIAFAURA\"]},{\"@type\":\"Person\",\"@id\":\"https:\/\/www.garciafaura.com\/fr\/#\/schema\/person\/b4b75e69b33fac3446071909bec106b0\",\"name\":\"David Achell\",\"image\":{\"@type\":\"ImageObject\",\"inLanguage\":\"fr-FR\",\"@id\":\"https:\/\/www.garciafaura.com\/fr\/#\/schema\/person\/image\/\",\"url\":\"https:\/\/secure.gravatar.com\/avatar\/03900210afc1f61bce737bcb4a79c02e2c997f171e3eca839b5a4cbe03846c90?s=96&d=blank&r=g\",\"contentUrl\":\"https:\/\/secure.gravatar.com\/avatar\/03900210afc1f61bce737bcb4a79c02e2c997f171e3eca839b5a4cbe03846c90?s=96&d=blank&r=g\",\"caption\":\"David Achell\"}}]}<\/script>\n<!-- \/ Yoast SEO plugin. -->","yoast_head_json":{"title":"GARCIA FAURA r\u00e9nove les fa\u00e7ades du parc d'affaires Cerro de los Gamos \u00e0 Madrid - GARCIA FAURA","description":"Arquitectura en Alumini, Inox, Ferro i Vidre","robots":{"index":"index","follow":"follow","max-snippet":"max-snippet:-1","max-image-preview":"max-image-preview:large","max-video-preview":"max-video-preview:-1"},"canonical":"https:\/\/www.garciafaura.com\/fr\/garcia-faura-remodela-facanes-al-parc-empresarial-cerro-de-los-gamos-de-madrid\/","og_locale":"fr_FR","og_type":"article","og_title":"GARCIA FAURA r\u00e9nove les fa\u00e7ades du parc d'affaires Cerro de los Gamos \u00e0 Madrid - GARCIA FAURA","og_description":"Arquitectura en Alumini, Inox, Ferro i Vidre","og_url":"https:\/\/www.garciafaura.com\/fr\/garcia-faura-remodela-facanes-al-parc-empresarial-cerro-de-los-gamos-de-madrid\/","og_site_name":"GARCIA FAURA","article_published_time":"2022-05-26T08:08:56+00:00","article_modified_time":"2022-05-26T08:16:17+00:00","og_image":[{"width":457,"height":369,"url":"https:\/\/www.garciafaura.com\/wp-content\/uploads\/2022\/05\/CerroGamos-2.jpg","type":"image\/jpeg"}],"author":"David Achell","twitter_card":"summary_large_image","twitter_misc":{"\u00c9crit par":"David Achell","Dur\u00e9e de lecture estim\u00e9e":"1 minute"},"schema":{"@context":"https:\/\/schema.org","@graph":[{"@type":"Article","@id":"https:\/\/www.garciafaura.com\/fr\/garcia-faura-remodela-facanes-al-parc-empresarial-cerro-de-los-gamos-de-madrid\/#article","isPartOf":{"@id":"https:\/\/www.garciafaura.com\/fr\/garcia-faura-remodela-facanes-al-parc-empresarial-cerro-de-los-gamos-de-madrid\/"},"author":{"name":"David Achell","@id":"https:\/\/www.garciafaura.com\/fr\/#\/schema\/person\/b4b75e69b33fac3446071909bec106b0"},"headline":"GARCIA FAURA r\u00e9nove les fa\u00e7ades du parc d&rsquo;affaires Cerro de los Gamos \u00e0 Madrid","datePublished":"2022-05-26T08:08:56+00:00","dateModified":"2022-05-26T08:16:17+00:00","mainEntityOfPage":{"@id":"https:\/\/www.garciafaura.com\/fr\/garcia-faura-remodela-facanes-al-parc-empresarial-cerro-de-los-gamos-de-madrid\/"},"wordCount":216,"publisher":{"@id":"https:\/\/www.garciafaura.com\/fr\/#organization"},"image":{"@id":"https:\/\/www.garciafaura.com\/fr\/garcia-faura-remodela-facanes-al-parc-empresarial-cerro-de-los-gamos-de-madrid\/#primaryimage"},"thumbnailUrl":"https:\/\/www.garciafaura.com\/wp-content\/uploads\/2022\/05\/CerroGamos-2.jpg","articleSection":["Actualit\u00e9"],"inLanguage":"fr-FR"},{"@type":"WebPage","@id":"https:\/\/www.garciafaura.com\/fr\/garcia-faura-remodela-facanes-al-parc-empresarial-cerro-de-los-gamos-de-madrid\/","url":"https:\/\/www.garciafaura.com\/fr\/garcia-faura-remodela-facanes-al-parc-empresarial-cerro-de-los-gamos-de-madrid\/","name":"GARCIA FAURA r\u00e9nove les fa\u00e7ades du parc d'affaires Cerro de los Gamos \u00e0 Madrid - GARCIA FAURA","isPartOf":{"@id":"https:\/\/www.garciafaura.com\/fr\/#website"},"primaryImageOfPage":{"@id":"https:\/\/www.garciafaura.com\/fr\/garcia-faura-remodela-facanes-al-parc-empresarial-cerro-de-los-gamos-de-madrid\/#primaryimage"},"image":{"@id":"https:\/\/www.garciafaura.com\/fr\/garcia-faura-remodela-facanes-al-parc-empresarial-cerro-de-los-gamos-de-madrid\/#primaryimage"},"thumbnailUrl":"https:\/\/www.garciafaura.com\/wp-content\/uploads\/2022\/05\/CerroGamos-2.jpg","datePublished":"2022-05-26T08:08:56+00:00","dateModified":"2022-05-26T08:16:17+00:00","description":"Arquitectura en Alumini, Inox, Ferro i Vidre","breadcrumb":{"@id":"https:\/\/www.garciafaura.com\/fr\/garcia-faura-remodela-facanes-al-parc-empresarial-cerro-de-los-gamos-de-madrid\/#breadcrumb"},"inLanguage":"fr-FR","potentialAction":[{"@type":"ReadAction","target":["https:\/\/www.garciafaura.com\/fr\/garcia-faura-remodela-facanes-al-parc-empresarial-cerro-de-los-gamos-de-madrid\/"]}]},{"@type":"ImageObject","inLanguage":"fr-FR","@id":"https:\/\/www.garciafaura.com\/fr\/garcia-faura-remodela-facanes-al-parc-empresarial-cerro-de-los-gamos-de-madrid\/#primaryimage","url":"https:\/\/www.garciafaura.com\/wp-content\/uploads\/2022\/05\/CerroGamos-2.jpg","contentUrl":"https:\/\/www.garciafaura.com\/wp-content\/uploads\/2022\/05\/CerroGamos-2.jpg","width":457,"height":369,"caption":"Garcia Faura Parque Empresarial Cerro de los Gamos Alarc\u00f3n Madrid"},{"@type":"BreadcrumbList","@id":"https:\/\/www.garciafaura.com\/fr\/garcia-faura-remodela-facanes-al-parc-empresarial-cerro-de-los-gamos-de-madrid\/#breadcrumb","itemListElement":[{"@type":"ListItem","position":1,"name":"Inici","item":"https:\/\/www.garciafaura.com\/fr\/"},{"@type":"ListItem","position":2,"name":"GARCIA FAURA r\u00e9nove les fa\u00e7ades du parc d&#8217;affaires Cerro de los Gamos \u00e0 Madrid"}]},{"@type":"WebSite","@id":"https:\/\/www.garciafaura.com\/fr\/#website","url":"https:\/\/www.garciafaura.com\/fr\/","name":"GARCIA FAURA","description":"Arquitectura en Alumini, Inox, Ferro i Vidre","publisher":{"@id":"https:\/\/www.garciafaura.com\/fr\/#organization"},"potentialAction":[{"@type":"SearchAction","target":{"@type":"EntryPoint","urlTemplate":"https:\/\/www.garciafaura.com\/fr\/?s={search_term_string}"},"query-input":{"@type":"PropertyValueSpecification","valueRequired":true,"valueName":"search_term_string"}}],"inLanguage":"fr-FR"},{"@type":"Organization","@id":"https:\/\/www.garciafaura.com\/fr\/#organization","name":"GARCIA FAURA","url":"https:\/\/www.garciafaura.com\/fr\/","logo":{"@type":"ImageObject","inLanguage":"fr-FR","@id":"https:\/\/www.garciafaura.com\/fr\/#\/schema\/logo\/image\/","url":"https:\/\/www.garciafaura.com\/wp-content\/uploads\/2018\/09\/Garcia-Faura.png","contentUrl":"https:\/\/www.garciafaura.com\/wp-content\/uploads\/2018\/09\/Garcia-Faura.png","width":512,"height":512,"caption":"GARCIA FAURA"},"image":{"@id":"https:\/\/www.garciafaura.com\/fr\/#\/schema\/logo\/image\/"},"sameAs":["https:\/\/www.youtube.com\/user\/GARCIAFAURA"]},{"@type":"Person","@id":"https:\/\/www.garciafaura.com\/fr\/#\/schema\/person\/b4b75e69b33fac3446071909bec106b0","name":"David Achell","image":{"@type":"ImageObject","inLanguage":"fr-FR","@id":"https:\/\/www.garciafaura.com\/fr\/#\/schema\/person\/image\/","url":"https:\/\/secure.gravatar.com\/avatar\/03900210afc1f61bce737bcb4a79c02e2c997f171e3eca839b5a4cbe03846c90?s=96&d=blank&r=g","contentUrl":"https:\/\/secure.gravatar.com\/avatar\/03900210afc1f61bce737bcb4a79c02e2c997f171e3eca839b5a4cbe03846c90?s=96&d=blank&r=g","caption":"David Achell"}}]}},"_links":{"self":[{"href":"https:\/\/www.garciafaura.com\/fr\/wp-json\/wp\/v2\/posts\/29416","targetHints":{"allow":["GET"]}}],"collection":[{"href":"https:\/\/www.garciafaura.com\/fr\/wp-json\/wp\/v2\/posts"}],"about":[{"href":"https:\/\/www.garciafaura.com\/fr\/wp-json\/wp\/v2\/types\/post"}],"author":[{"embeddable":true,"href":"https:\/\/www.garciafaura.com\/fr\/wp-json\/wp\/v2\/users\/3"}],"replies":[{"embeddable":true,"href":"https:\/\/www.garciafaura.com\/fr\/wp-json\/wp\/v2\/comments?post=29416"}],"version-history":[{"count":2,"href":"https:\/\/www.garciafaura.com\/fr\/wp-json\/wp\/v2\/posts\/29416\/revisions"}],"predecessor-version":[{"id":29421,"href":"https:\/\/www.garciafaura.com\/fr\/wp-json\/wp\/v2\/posts\/29416\/revisions\/29421"}],"wp:featuredmedia":[{"embeddable":true,"href":"https:\/\/www.garciafaura.com\/fr\/wp-json\/wp\/v2\/media\/29412"}],"wp:attachment":[{"href":"https:\/\/www.garciafaura.com\/fr\/wp-json\/wp\/v2\/media?parent=29416"}],"wp:term":[{"taxonomy":"category","embeddable":true,"href":"https:\/\/www.garciafaura.com\/fr\/wp-json\/wp\/v2\/categories?post=29416"},{"taxonomy":"post_tag","embeddable":true,"href":"https:\/\/www.garciafaura.com\/fr\/wp-json\/wp\/v2\/tags?post=29416"},{"taxonomy":"post_series","embeddable":true,"href":"https:\/\/www.garciafaura.com\/fr\/wp-json\/wp\/v2\/post_series?post=29416"}],"curies":[{"name":"wp","href":"https:\/\/api.w.org\/{rel}","templated":true}]}}