{"id":29397,"date":"2022-05-12T17:12:12","date_gmt":"2022-05-12T15:12:12","guid":{"rendered":"https:\/\/www.garciafaura.com\/garcia-faura-desenvolupa-una-innovadora-facana-modular-per-a-un-complex-residencial-a-sant-quirze-del-valles\/"},"modified":"2022-05-13T10:50:15","modified_gmt":"2022-05-13T08:50:15","slug":"garcia-faura-desenvolupa-una-innovadora-facana-modular-per-a-un-complex-residencial-a-sant-quirze-del-valles","status":"publish","type":"post","link":"https:\/\/www.garciafaura.com\/fr\/garcia-faura-desenvolupa-una-innovadora-facana-modular-per-a-un-complex-residencial-a-sant-quirze-del-valles\/","title":{"rendered":"GARCIA FAURA d\u00e9veloppe une fa\u00e7ade modulaire innovante pour un complexe r\u00e9sidentiel \u00e0 Barcelone"},"content":{"rendered":"<p style=\"text-align: justify;\"><strong>GARCIA FAURA a fait partie de l&rsquo;\u00e9quipe de d\u00e9veloppement d&rsquo;un prototype de fa\u00e7ade modulaire innovant et multifonctionnel qui a \u00e9t\u00e9 install\u00e9 dans un complexe de 30 logements sociaux \u00e0 Sant Quirze del Vall\u00e8s (Barcelone). L&rsquo;action fait partie d&rsquo;un projet men\u00e9 par l&rsquo;Agence Catalane du Logement et con\u00e7u par le cabinet d&rsquo;architectes Pich-Aguilera dans le cadre du projet europ\u00e9en Plug-n-Harvest.<\/strong><\/p>\n<p style=\"text-align: justify;\">L&rsquo;action d\u00e9coule des travaux de r\u00e9habilitation \u00e9nerg\u00e9tique d&rsquo;un immeuble de logements construit en 2003 et qui souffrait de probl\u00e8mes d&rsquo;humidit\u00e9, de confort thermique et de dommages sur les trois fa\u00e7ades ventil\u00e9es donnant sur rue, du fait de la d\u00e9cision d&rsquo;entreprendre des travaux d&rsquo;am\u00e9lioration.<\/p>\n<p style=\"text-align: justify;\">La promotion appartient \u00e0 <a href=\"https:\/\/incasol.gencat.cat\/ca\/inici\" target=\"_blank\" rel=\"noopener\"><strong>Incas\u00f2l<\/strong><\/a> (Institut Catalan des Sols) et est g\u00e9r\u00e9e par l&rsquo;<a href=\"http:\/\/agenciahabitatge.gencat.cat\/wps\/portal\/!ut\/p\/z1\/04_Sj9CPykssy0xPLMnMz0vMAfIjo8ziLQIs3T0sTIx8DIK8TAwcTT1d3D0tTIwNDEz0wwkpiAJKG-AAjgZA_VGElBTkRhikOyoqAgDGDC0x\/dz\/d5\/L2dBISEvZ0FBIS9nQSEh\/\" target=\"_blank\" rel=\"noopener\"><strong>Agence du Logement de la Catalogne<\/strong><\/a><strong> (ALH)<\/strong>, partenaire du <a href=\"https:\/\/www.plug-n-harvest.eu\/\" target=\"_blank\" rel=\"noopener\"><strong>projet europ\u00e9en Plug-n-Harvest<\/strong><\/a>, qui promeut que les administrations publiques sont un exemple de transformation sociale et environnementale et mettent en \u0153uvre des projets visant au d\u00e9veloppement durable.<\/p>\n<p style=\"text-align: justify;\">Face \u00e0 ce d\u00e9fi, le <a href=\"https:\/\/www.picharchitects.com\/?lang=en\" target=\"_blank\" rel=\"noopener\"><strong>cabinet d&rsquo;architecture Pich-Aguilera<\/strong><\/a> a \u00e9labor\u00e9 un projet de r\u00e9novation en collaboration avec l&rsquo;<strong>ALH<\/strong> bas\u00e9 sur une solution constructive et technologique avec une <strong>fa\u00e7ade<\/strong> dynamique innovante. <strong>GARCIA FAURA<\/strong> s&rsquo;est charg\u00e9 du d\u00e9veloppement du prototype, de son test en laboratoire d&rsquo;essais et, une fois la solution valid\u00e9e, de sa conception de production, de la fabrication des modules et de l&rsquo;ex\u00e9cution des travaux de r\u00e9novation de la <strong>fa\u00e7ade<\/strong> et de l&rsquo;installation. Le projet a \u00e9t\u00e9 partiellement financ\u00e9 par le <strong><a href=\"https:\/\/ec.europa.eu\/info\/research-and-innovation\/funding\/funding-opportunities\/funding-programmes-and-open-calls\/horizon-2020_en\" target=\"_blank\" rel=\"noopener\">fonds europ\u00e9en Horizon 2020<\/a><\/strong>.<\/p>\n<h3 style=\"text-align: justify;\"><strong>Un exemple pour d&rsquo;autres projets<\/strong><\/h3>\n<p style=\"text-align: justify;\">Avec le projet de l&rsquo;<strong>ALH<\/strong> et de <strong>Pich-Aguilera<\/strong>, <strong>GARCIA FAURA<\/strong> a d\u00e9velopp\u00e9 une conception qui non seulement r\u00e9sout les pathologies de la <strong>fa\u00e7ade<\/strong> du b\u00e2timent, mais r\u00e9duira \u00e9galement la consommation d&rsquo;\u00e9nergie \u00e9lev\u00e9e et, en m\u00eame temps, r\u00e9duira la facture d&rsquo;\u00e9lectricit\u00e9 pour logement locatif social.<\/p>\n<p style=\"text-align: justify;\">La conception du nouveau syst\u00e8me de <strong>fa\u00e7ade<\/strong> (qui peut \u00eatre extrapol\u00e9e \u00e0 d&rsquo;autres projets de r\u00e9habilitation) int\u00e8gre une s\u00e9rie de mesures visant \u00e0 r\u00e9duire la demande \u00e9nerg\u00e9tique et \u00e0 augmenter l&rsquo;utilisation et la production d&rsquo;\u00e9nergies renouvelables, au point de permettre la distribution de l&rsquo;\u00e9nergie exc\u00e9dentaire.<\/p>\n","protected":false},"excerpt":{"rendered":"<p>GARCIA FAURA a fait partie de l&rsquo;\u00e9quipe de d\u00e9veloppement d&rsquo;un prototype de fa\u00e7ade modulaire innovant et multifonctionnel qui a \u00e9t\u00e9 install\u00e9 dans un complexe de 30 logements sociaux \u00e0 Sant Quirze del Vall\u00e8s (Barcelone). L&rsquo;action fait partie d&rsquo;un projet men\u00e9&hellip;<\/p>\n","protected":false},"author":3,"featured_media":29389,"comment_status":"closed","ping_status":"open","sticky":false,"template":"","format":"standard","meta":{"footnotes":""},"categories":[2],"tags":[],"post_series":[],"class_list":["post-29397","post","type-post","status-publish","format-standard","has-post-thumbnail","hentry","category-actualite","entry","has-media"],"yoast_head":"<!-- This site is optimized with the Yoast SEO plugin v26.7 - https:\/\/yoast.com\/wordpress\/plugins\/seo\/ -->\n<title>GARCIA FAURA d\u00e9veloppe une fa\u00e7ade modulaire innovante pour un complexe r\u00e9sidentiel \u00e0 Barcelone - GARCIA FAURA<\/title>\n<meta name=\"description\" content=\"Arquitectura en Alumini, Inox, Ferro i Vidre\" \/>\n<meta name=\"robots\" content=\"index, follow, max-snippet:-1, max-image-preview:large, max-video-preview:-1\" \/>\n<link rel=\"canonical\" href=\"https:\/\/www.garciafaura.com\/fr\/garcia-faura-desenvolupa-una-innovadora-facana-modular-per-a-un-complex-residencial-a-sant-quirze-del-valles\/\" \/>\n<meta property=\"og:locale\" content=\"fr_FR\" \/>\n<meta property=\"og:type\" content=\"article\" \/>\n<meta property=\"og:title\" content=\"GARCIA FAURA d\u00e9veloppe une fa\u00e7ade modulaire innovante pour un complexe r\u00e9sidentiel \u00e0 Barcelone - GARCIA FAURA\" \/>\n<meta property=\"og:description\" content=\"Arquitectura en Alumini, Inox, Ferro i Vidre\" \/>\n<meta property=\"og:url\" content=\"https:\/\/www.garciafaura.com\/fr\/garcia-faura-desenvolupa-una-innovadora-facana-modular-per-a-un-complex-residencial-a-sant-quirze-del-valles\/\" \/>\n<meta property=\"og:site_name\" content=\"GARCIA FAURA\" \/>\n<meta property=\"article:published_time\" content=\"2022-05-12T15:12:12+00:00\" \/>\n<meta property=\"article:modified_time\" content=\"2022-05-13T08:50:15+00:00\" \/>\n<meta property=\"og:image\" content=\"https:\/\/www.garciafaura.com\/wp-content\/uploads\/2022\/05\/Aiguasol-SantQuirze-scaled.jpg\" \/>\n\t<meta property=\"og:image:width\" content=\"2560\" \/>\n\t<meta property=\"og:image:height\" content=\"1920\" \/>\n\t<meta property=\"og:image:type\" content=\"image\/jpeg\" \/>\n<meta name=\"author\" content=\"David Achell\" \/>\n<meta name=\"twitter:card\" content=\"summary_large_image\" \/>\n<meta name=\"twitter:label1\" content=\"\u00c9crit par\" \/>\n\t<meta name=\"twitter:data1\" content=\"David Achell\" \/>\n\t<meta name=\"twitter:label2\" content=\"Dur\u00e9e de lecture estim\u00e9e\" \/>\n\t<meta name=\"twitter:data2\" content=\"2 minutes\" \/>\n<script type=\"application\/ld+json\" class=\"yoast-schema-graph\">{\"@context\":\"https:\/\/schema.org\",\"@graph\":[{\"@type\":\"Article\",\"@id\":\"https:\/\/www.garciafaura.com\/fr\/garcia-faura-desenvolupa-una-innovadora-facana-modular-per-a-un-complex-residencial-a-sant-quirze-del-valles\/#article\",\"isPartOf\":{\"@id\":\"https:\/\/www.garciafaura.com\/fr\/garcia-faura-desenvolupa-una-innovadora-facana-modular-per-a-un-complex-residencial-a-sant-quirze-del-valles\/\"},\"author\":{\"name\":\"David Achell\",\"@id\":\"https:\/\/www.garciafaura.com\/fr\/#\/schema\/person\/b4b75e69b33fac3446071909bec106b0\"},\"headline\":\"GARCIA FAURA d\u00e9veloppe une fa\u00e7ade modulaire innovante pour un complexe r\u00e9sidentiel \u00e0 Barcelone\",\"datePublished\":\"2022-05-12T15:12:12+00:00\",\"dateModified\":\"2022-05-13T08:50:15+00:00\",\"mainEntityOfPage\":{\"@id\":\"https:\/\/www.garciafaura.com\/fr\/garcia-faura-desenvolupa-una-innovadora-facana-modular-per-a-un-complex-residencial-a-sant-quirze-del-valles\/\"},\"wordCount\":406,\"publisher\":{\"@id\":\"https:\/\/www.garciafaura.com\/fr\/#organization\"},\"image\":{\"@id\":\"https:\/\/www.garciafaura.com\/fr\/garcia-faura-desenvolupa-una-innovadora-facana-modular-per-a-un-complex-residencial-a-sant-quirze-del-valles\/#primaryimage\"},\"thumbnailUrl\":\"https:\/\/www.garciafaura.com\/wp-content\/uploads\/2022\/05\/Aiguasol-SantQuirze-scaled.jpg\",\"articleSection\":[\"Actualit\u00e9\"],\"inLanguage\":\"fr-FR\"},{\"@type\":\"WebPage\",\"@id\":\"https:\/\/www.garciafaura.com\/fr\/garcia-faura-desenvolupa-una-innovadora-facana-modular-per-a-un-complex-residencial-a-sant-quirze-del-valles\/\",\"url\":\"https:\/\/www.garciafaura.com\/fr\/garcia-faura-desenvolupa-una-innovadora-facana-modular-per-a-un-complex-residencial-a-sant-quirze-del-valles\/\",\"name\":\"GARCIA FAURA d\u00e9veloppe une fa\u00e7ade modulaire innovante pour un complexe r\u00e9sidentiel \u00e0 Barcelone - GARCIA FAURA\",\"isPartOf\":{\"@id\":\"https:\/\/www.garciafaura.com\/fr\/#website\"},\"primaryImageOfPage\":{\"@id\":\"https:\/\/www.garciafaura.com\/fr\/garcia-faura-desenvolupa-una-innovadora-facana-modular-per-a-un-complex-residencial-a-sant-quirze-del-valles\/#primaryimage\"},\"image\":{\"@id\":\"https:\/\/www.garciafaura.com\/fr\/garcia-faura-desenvolupa-una-innovadora-facana-modular-per-a-un-complex-residencial-a-sant-quirze-del-valles\/#primaryimage\"},\"thumbnailUrl\":\"https:\/\/www.garciafaura.com\/wp-content\/uploads\/2022\/05\/Aiguasol-SantQuirze-scaled.jpg\",\"datePublished\":\"2022-05-12T15:12:12+00:00\",\"dateModified\":\"2022-05-13T08:50:15+00:00\",\"description\":\"Arquitectura en Alumini, Inox, Ferro i Vidre\",\"breadcrumb\":{\"@id\":\"https:\/\/www.garciafaura.com\/fr\/garcia-faura-desenvolupa-una-innovadora-facana-modular-per-a-un-complex-residencial-a-sant-quirze-del-valles\/#breadcrumb\"},\"inLanguage\":\"fr-FR\",\"potentialAction\":[{\"@type\":\"ReadAction\",\"target\":[\"https:\/\/www.garciafaura.com\/fr\/garcia-faura-desenvolupa-una-innovadora-facana-modular-per-a-un-complex-residencial-a-sant-quirze-del-valles\/\"]}]},{\"@type\":\"ImageObject\",\"inLanguage\":\"fr-FR\",\"@id\":\"https:\/\/www.garciafaura.com\/fr\/garcia-faura-desenvolupa-una-innovadora-facana-modular-per-a-un-complex-residencial-a-sant-quirze-del-valles\/#primaryimage\",\"url\":\"https:\/\/www.garciafaura.com\/wp-content\/uploads\/2022\/05\/Aiguasol-SantQuirze-scaled.jpg\",\"contentUrl\":\"https:\/\/www.garciafaura.com\/wp-content\/uploads\/2022\/05\/Aiguasol-SantQuirze-scaled.jpg\",\"width\":2560,\"height\":1920,\"caption\":\"Garcia Faura Aiguasol\"},{\"@type\":\"BreadcrumbList\",\"@id\":\"https:\/\/www.garciafaura.com\/fr\/garcia-faura-desenvolupa-una-innovadora-facana-modular-per-a-un-complex-residencial-a-sant-quirze-del-valles\/#breadcrumb\",\"itemListElement\":[{\"@type\":\"ListItem\",\"position\":1,\"name\":\"Inici\",\"item\":\"https:\/\/www.garciafaura.com\/fr\/\"},{\"@type\":\"ListItem\",\"position\":2,\"name\":\"GARCIA FAURA d\u00e9veloppe une fa\u00e7ade modulaire innovante pour un complexe r\u00e9sidentiel \u00e0 Barcelone\"}]},{\"@type\":\"WebSite\",\"@id\":\"https:\/\/www.garciafaura.com\/fr\/#website\",\"url\":\"https:\/\/www.garciafaura.com\/fr\/\",\"name\":\"GARCIA FAURA\",\"description\":\"Arquitectura en Alumini, Inox, Ferro i Vidre\",\"publisher\":{\"@id\":\"https:\/\/www.garciafaura.com\/fr\/#organization\"},\"potentialAction\":[{\"@type\":\"SearchAction\",\"target\":{\"@type\":\"EntryPoint\",\"urlTemplate\":\"https:\/\/www.garciafaura.com\/fr\/?s={search_term_string}\"},\"query-input\":{\"@type\":\"PropertyValueSpecification\",\"valueRequired\":true,\"valueName\":\"search_term_string\"}}],\"inLanguage\":\"fr-FR\"},{\"@type\":\"Organization\",\"@id\":\"https:\/\/www.garciafaura.com\/fr\/#organization\",\"name\":\"GARCIA FAURA\",\"url\":\"https:\/\/www.garciafaura.com\/fr\/\",\"logo\":{\"@type\":\"ImageObject\",\"inLanguage\":\"fr-FR\",\"@id\":\"https:\/\/www.garciafaura.com\/fr\/#\/schema\/logo\/image\/\",\"url\":\"https:\/\/www.garciafaura.com\/wp-content\/uploads\/2018\/09\/Garcia-Faura.png\",\"contentUrl\":\"https:\/\/www.garciafaura.com\/wp-content\/uploads\/2018\/09\/Garcia-Faura.png\",\"width\":512,\"height\":512,\"caption\":\"GARCIA FAURA\"},\"image\":{\"@id\":\"https:\/\/www.garciafaura.com\/fr\/#\/schema\/logo\/image\/\"},\"sameAs\":[\"https:\/\/www.youtube.com\/user\/GARCIAFAURA\"]},{\"@type\":\"Person\",\"@id\":\"https:\/\/www.garciafaura.com\/fr\/#\/schema\/person\/b4b75e69b33fac3446071909bec106b0\",\"name\":\"David Achell\",\"image\":{\"@type\":\"ImageObject\",\"inLanguage\":\"fr-FR\",\"@id\":\"https:\/\/www.garciafaura.com\/fr\/#\/schema\/person\/image\/\",\"url\":\"https:\/\/secure.gravatar.com\/avatar\/03900210afc1f61bce737bcb4a79c02e2c997f171e3eca839b5a4cbe03846c90?s=96&d=blank&r=g\",\"contentUrl\":\"https:\/\/secure.gravatar.com\/avatar\/03900210afc1f61bce737bcb4a79c02e2c997f171e3eca839b5a4cbe03846c90?s=96&d=blank&r=g\",\"caption\":\"David Achell\"}}]}<\/script>\n<!-- \/ Yoast SEO plugin. -->","yoast_head_json":{"title":"GARCIA FAURA d\u00e9veloppe une fa\u00e7ade modulaire innovante pour un complexe r\u00e9sidentiel \u00e0 Barcelone - GARCIA FAURA","description":"Arquitectura en Alumini, Inox, Ferro i Vidre","robots":{"index":"index","follow":"follow","max-snippet":"max-snippet:-1","max-image-preview":"max-image-preview:large","max-video-preview":"max-video-preview:-1"},"canonical":"https:\/\/www.garciafaura.com\/fr\/garcia-faura-desenvolupa-una-innovadora-facana-modular-per-a-un-complex-residencial-a-sant-quirze-del-valles\/","og_locale":"fr_FR","og_type":"article","og_title":"GARCIA FAURA d\u00e9veloppe une fa\u00e7ade modulaire innovante pour un complexe r\u00e9sidentiel \u00e0 Barcelone - GARCIA FAURA","og_description":"Arquitectura en Alumini, Inox, Ferro i Vidre","og_url":"https:\/\/www.garciafaura.com\/fr\/garcia-faura-desenvolupa-una-innovadora-facana-modular-per-a-un-complex-residencial-a-sant-quirze-del-valles\/","og_site_name":"GARCIA FAURA","article_published_time":"2022-05-12T15:12:12+00:00","article_modified_time":"2022-05-13T08:50:15+00:00","og_image":[{"width":2560,"height":1920,"url":"https:\/\/www.garciafaura.com\/wp-content\/uploads\/2022\/05\/Aiguasol-SantQuirze-scaled.jpg","type":"image\/jpeg"}],"author":"David Achell","twitter_card":"summary_large_image","twitter_misc":{"\u00c9crit par":"David Achell","Dur\u00e9e de lecture estim\u00e9e":"2 minutes"},"schema":{"@context":"https:\/\/schema.org","@graph":[{"@type":"Article","@id":"https:\/\/www.garciafaura.com\/fr\/garcia-faura-desenvolupa-una-innovadora-facana-modular-per-a-un-complex-residencial-a-sant-quirze-del-valles\/#article","isPartOf":{"@id":"https:\/\/www.garciafaura.com\/fr\/garcia-faura-desenvolupa-una-innovadora-facana-modular-per-a-un-complex-residencial-a-sant-quirze-del-valles\/"},"author":{"name":"David Achell","@id":"https:\/\/www.garciafaura.com\/fr\/#\/schema\/person\/b4b75e69b33fac3446071909bec106b0"},"headline":"GARCIA FAURA d\u00e9veloppe une fa\u00e7ade modulaire innovante pour un complexe r\u00e9sidentiel \u00e0 Barcelone","datePublished":"2022-05-12T15:12:12+00:00","dateModified":"2022-05-13T08:50:15+00:00","mainEntityOfPage":{"@id":"https:\/\/www.garciafaura.com\/fr\/garcia-faura-desenvolupa-una-innovadora-facana-modular-per-a-un-complex-residencial-a-sant-quirze-del-valles\/"},"wordCount":406,"publisher":{"@id":"https:\/\/www.garciafaura.com\/fr\/#organization"},"image":{"@id":"https:\/\/www.garciafaura.com\/fr\/garcia-faura-desenvolupa-una-innovadora-facana-modular-per-a-un-complex-residencial-a-sant-quirze-del-valles\/#primaryimage"},"thumbnailUrl":"https:\/\/www.garciafaura.com\/wp-content\/uploads\/2022\/05\/Aiguasol-SantQuirze-scaled.jpg","articleSection":["Actualit\u00e9"],"inLanguage":"fr-FR"},{"@type":"WebPage","@id":"https:\/\/www.garciafaura.com\/fr\/garcia-faura-desenvolupa-una-innovadora-facana-modular-per-a-un-complex-residencial-a-sant-quirze-del-valles\/","url":"https:\/\/www.garciafaura.com\/fr\/garcia-faura-desenvolupa-una-innovadora-facana-modular-per-a-un-complex-residencial-a-sant-quirze-del-valles\/","name":"GARCIA FAURA d\u00e9veloppe une fa\u00e7ade modulaire innovante pour un complexe r\u00e9sidentiel \u00e0 Barcelone - GARCIA FAURA","isPartOf":{"@id":"https:\/\/www.garciafaura.com\/fr\/#website"},"primaryImageOfPage":{"@id":"https:\/\/www.garciafaura.com\/fr\/garcia-faura-desenvolupa-una-innovadora-facana-modular-per-a-un-complex-residencial-a-sant-quirze-del-valles\/#primaryimage"},"image":{"@id":"https:\/\/www.garciafaura.com\/fr\/garcia-faura-desenvolupa-una-innovadora-facana-modular-per-a-un-complex-residencial-a-sant-quirze-del-valles\/#primaryimage"},"thumbnailUrl":"https:\/\/www.garciafaura.com\/wp-content\/uploads\/2022\/05\/Aiguasol-SantQuirze-scaled.jpg","datePublished":"2022-05-12T15:12:12+00:00","dateModified":"2022-05-13T08:50:15+00:00","description":"Arquitectura en Alumini, Inox, Ferro i Vidre","breadcrumb":{"@id":"https:\/\/www.garciafaura.com\/fr\/garcia-faura-desenvolupa-una-innovadora-facana-modular-per-a-un-complex-residencial-a-sant-quirze-del-valles\/#breadcrumb"},"inLanguage":"fr-FR","potentialAction":[{"@type":"ReadAction","target":["https:\/\/www.garciafaura.com\/fr\/garcia-faura-desenvolupa-una-innovadora-facana-modular-per-a-un-complex-residencial-a-sant-quirze-del-valles\/"]}]},{"@type":"ImageObject","inLanguage":"fr-FR","@id":"https:\/\/www.garciafaura.com\/fr\/garcia-faura-desenvolupa-una-innovadora-facana-modular-per-a-un-complex-residencial-a-sant-quirze-del-valles\/#primaryimage","url":"https:\/\/www.garciafaura.com\/wp-content\/uploads\/2022\/05\/Aiguasol-SantQuirze-scaled.jpg","contentUrl":"https:\/\/www.garciafaura.com\/wp-content\/uploads\/2022\/05\/Aiguasol-SantQuirze-scaled.jpg","width":2560,"height":1920,"caption":"Garcia Faura Aiguasol"},{"@type":"BreadcrumbList","@id":"https:\/\/www.garciafaura.com\/fr\/garcia-faura-desenvolupa-una-innovadora-facana-modular-per-a-un-complex-residencial-a-sant-quirze-del-valles\/#breadcrumb","itemListElement":[{"@type":"ListItem","position":1,"name":"Inici","item":"https:\/\/www.garciafaura.com\/fr\/"},{"@type":"ListItem","position":2,"name":"GARCIA FAURA d\u00e9veloppe une fa\u00e7ade modulaire innovante pour un complexe r\u00e9sidentiel \u00e0 Barcelone"}]},{"@type":"WebSite","@id":"https:\/\/www.garciafaura.com\/fr\/#website","url":"https:\/\/www.garciafaura.com\/fr\/","name":"GARCIA FAURA","description":"Arquitectura en Alumini, Inox, Ferro i Vidre","publisher":{"@id":"https:\/\/www.garciafaura.com\/fr\/#organization"},"potentialAction":[{"@type":"SearchAction","target":{"@type":"EntryPoint","urlTemplate":"https:\/\/www.garciafaura.com\/fr\/?s={search_term_string}"},"query-input":{"@type":"PropertyValueSpecification","valueRequired":true,"valueName":"search_term_string"}}],"inLanguage":"fr-FR"},{"@type":"Organization","@id":"https:\/\/www.garciafaura.com\/fr\/#organization","name":"GARCIA FAURA","url":"https:\/\/www.garciafaura.com\/fr\/","logo":{"@type":"ImageObject","inLanguage":"fr-FR","@id":"https:\/\/www.garciafaura.com\/fr\/#\/schema\/logo\/image\/","url":"https:\/\/www.garciafaura.com\/wp-content\/uploads\/2018\/09\/Garcia-Faura.png","contentUrl":"https:\/\/www.garciafaura.com\/wp-content\/uploads\/2018\/09\/Garcia-Faura.png","width":512,"height":512,"caption":"GARCIA FAURA"},"image":{"@id":"https:\/\/www.garciafaura.com\/fr\/#\/schema\/logo\/image\/"},"sameAs":["https:\/\/www.youtube.com\/user\/GARCIAFAURA"]},{"@type":"Person","@id":"https:\/\/www.garciafaura.com\/fr\/#\/schema\/person\/b4b75e69b33fac3446071909bec106b0","name":"David Achell","image":{"@type":"ImageObject","inLanguage":"fr-FR","@id":"https:\/\/www.garciafaura.com\/fr\/#\/schema\/person\/image\/","url":"https:\/\/secure.gravatar.com\/avatar\/03900210afc1f61bce737bcb4a79c02e2c997f171e3eca839b5a4cbe03846c90?s=96&d=blank&r=g","contentUrl":"https:\/\/secure.gravatar.com\/avatar\/03900210afc1f61bce737bcb4a79c02e2c997f171e3eca839b5a4cbe03846c90?s=96&d=blank&r=g","caption":"David Achell"}}]}},"_links":{"self":[{"href":"https:\/\/www.garciafaura.com\/fr\/wp-json\/wp\/v2\/posts\/29397","targetHints":{"allow":["GET"]}}],"collection":[{"href":"https:\/\/www.garciafaura.com\/fr\/wp-json\/wp\/v2\/posts"}],"about":[{"href":"https:\/\/www.garciafaura.com\/fr\/wp-json\/wp\/v2\/types\/post"}],"author":[{"embeddable":true,"href":"https:\/\/www.garciafaura.com\/fr\/wp-json\/wp\/v2\/users\/3"}],"replies":[{"embeddable":true,"href":"https:\/\/www.garciafaura.com\/fr\/wp-json\/wp\/v2\/comments?post=29397"}],"version-history":[{"count":3,"href":"https:\/\/www.garciafaura.com\/fr\/wp-json\/wp\/v2\/posts\/29397\/revisions"}],"predecessor-version":[{"id":29404,"href":"https:\/\/www.garciafaura.com\/fr\/wp-json\/wp\/v2\/posts\/29397\/revisions\/29404"}],"wp:featuredmedia":[{"embeddable":true,"href":"https:\/\/www.garciafaura.com\/fr\/wp-json\/wp\/v2\/media\/29389"}],"wp:attachment":[{"href":"https:\/\/www.garciafaura.com\/fr\/wp-json\/wp\/v2\/media?parent=29397"}],"wp:term":[{"taxonomy":"category","embeddable":true,"href":"https:\/\/www.garciafaura.com\/fr\/wp-json\/wp\/v2\/categories?post=29397"},{"taxonomy":"post_tag","embeddable":true,"href":"https:\/\/www.garciafaura.com\/fr\/wp-json\/wp\/v2\/tags?post=29397"},{"taxonomy":"post_series","embeddable":true,"href":"https:\/\/www.garciafaura.com\/fr\/wp-json\/wp\/v2\/post_series?post=29397"}],"curies":[{"name":"wp","href":"https:\/\/api.w.org\/{rel}","templated":true}]}}