{"id":29303,"date":"2022-04-07T12:35:03","date_gmt":"2022-04-07T10:35:03","guid":{"rendered":"https:\/\/www.garciafaura.com\/garcia-faura-ajuda-a-vacunar-infants-contra-la-pneumonia-a-mocambic\/"},"modified":"2022-04-07T12:49:21","modified_gmt":"2022-04-07T10:49:21","slug":"garcia-faura-ajuda-a-vacunar-infants-contra-la-pneumonia-a-mocambic","status":"publish","type":"post","link":"https:\/\/www.garciafaura.com\/fr\/garcia-faura-ajuda-a-vacunar-infants-contra-la-pneumonia-a-mocambic\/","title":{"rendered":"GARCIA FAURA aide \u00e0 vacciner les enfants contre la pneumonie au Mozambique"},"content":{"rendered":"<p style=\"text-align: justify;\"><strong>Le programme de Responsabilit\u00e9 Sociale des Entreprises (RSE) de GARCIA FAURA comprend des initiatives qui forgent une solidarit\u00e9 de fer, soit en att\u00e9nuant les effets du changement climatique (avec la <a href=\"https:\/\/www.garciafaura.com\/fr\/garcia-faura-collabora-amb-onyx-solar-per-plantar-mes-de-cent-arbres-a-lamazonia\/\" target=\"_blank\" rel=\"noopener\">plantation d&rsquo;arbres en Amazonie<\/a>), soit en apportant des solutions pour faire vacciner les enfants des pays les plus pauvres de la plan\u00e8te.<\/strong><\/p>\n<p style=\"text-align: justify;\"><strong>GARCIA FAURA<\/strong> est un sponsor argent\u00e9 de l&rsquo;<strong>Alliance pour la vaccination des enfants<\/strong>, une initiative promue par <a href=\"https:\/\/www.gavi.org\/fr\" target=\"_blank\" rel=\"noopener\"><strong>GAVI, The Vaccine Alliance<\/strong><\/a>, la <a href=\"https:\/\/www.caixabank.es\/bancaprivada\/vacunacion-infantil_es.html#\" target=\"_blank\" rel=\"noopener\"><strong>Fondation &lsquo;la Caixa&rsquo;<\/strong><\/a>, la <strong>Fondation Bill et Melinda Gates<\/strong> et en collaboration avec <a href=\"https:\/\/www.isglobal.org\/en\/\" target=\"_blank\" rel=\"noopener\"><strong>ISGlobal<\/strong><\/a>.<\/p>\n<p style=\"text-align: justify;\">L&rsquo;entreprise soutient depuis cinq ans ce projet qui lutte contre la mortalit\u00e9 infantile dans des pays sans ressources sanitaires suffisantes. Depuis 2020, les efforts se sont concentr\u00e9s sur la <strong>vaccination contre la pneumonie au Mozambique<\/strong>, une maladie qui est toujours la cause de d\u00e9c\u00e8s d&rsquo;enfants dus \u00e0 des maladies infectieuses dans le monde.<\/p>\n<p style=\"text-align: justify;\">Dans ce pays africain, le taux de mortalit\u00e9 infantile par pneumonie en enfants de moins de cinq ans est de 79 pour mille. Ce chiffre a augment\u00e9 en raison de la pand\u00e9mie de covid-19, qui a forc\u00e9 l&rsquo;arr\u00eat des campagnes de vaccination et, par cons\u00e9quent, a entra\u00een\u00e9 une augmentation des maladies respiratoires en enfants.<\/p>\n<p style=\"text-align: justify;\">Gr\u00e2ce aux contributions de <strong>GARCIA FAURA<\/strong> et d&rsquo;autres entreprises solidaires, l&rsquo;<strong>Alliance pour la vaccination des enfants<\/strong> a pu vacciner sept millions d&rsquo;enfants de moins de cinq ans dans les pays les plus pauvres du monde. De tous, plus de cinq millions ont \u00e9t\u00e9 contre la pneumonie. Par cette action qui s&rsquo;inscrit dans la politique RSE de l&rsquo;entreprise, <strong>GARCIA FAURA<\/strong> veut garder ouverte une fen\u00eatre d&rsquo;espoir.<\/p>\n","protected":false},"excerpt":{"rendered":"<p>Le programme de Responsabilit\u00e9 Sociale des Entreprises (RSE) de GARCIA FAURA comprend des initiatives qui forgent une solidarit\u00e9 de fer, soit en att\u00e9nuant les effets du changement climatique (avec la plantation d&rsquo;arbres en Amazonie), soit en apportant des solutions pour&hellip;<\/p>\n","protected":false},"author":3,"featured_media":29312,"comment_status":"closed","ping_status":"open","sticky":false,"template":"","format":"standard","meta":{"footnotes":""},"categories":[2],"tags":[],"post_series":[],"class_list":["post-29303","post","type-post","status-publish","format-standard","has-post-thumbnail","hentry","category-actualite","entry","has-media"],"yoast_head":"<!-- This site is optimized with the Yoast SEO plugin v26.7 - https:\/\/yoast.com\/wordpress\/plugins\/seo\/ -->\n<title>GARCIA FAURA aide \u00e0 vacciner les enfants contre la pneumonie au Mozambique - GARCIA FAURA<\/title>\n<meta name=\"description\" content=\"Arquitectura en Alumini, Inox, Ferro i Vidre\" \/>\n<meta name=\"robots\" content=\"index, follow, max-snippet:-1, max-image-preview:large, max-video-preview:-1\" \/>\n<link rel=\"canonical\" href=\"https:\/\/www.garciafaura.com\/fr\/garcia-faura-ajuda-a-vacunar-infants-contra-la-pneumonia-a-mocambic\/\" \/>\n<meta property=\"og:locale\" content=\"fr_FR\" \/>\n<meta property=\"og:type\" content=\"article\" \/>\n<meta property=\"og:title\" content=\"GARCIA FAURA aide \u00e0 vacciner les enfants contre la pneumonie au Mozambique - GARCIA FAURA\" \/>\n<meta property=\"og:description\" content=\"Arquitectura en Alumini, Inox, Ferro i Vidre\" \/>\n<meta property=\"og:url\" content=\"https:\/\/www.garciafaura.com\/fr\/garcia-faura-ajuda-a-vacunar-infants-contra-la-pneumonia-a-mocambic\/\" \/>\n<meta property=\"og:site_name\" content=\"GARCIA FAURA\" \/>\n<meta property=\"article:published_time\" content=\"2022-04-07T10:35:03+00:00\" \/>\n<meta property=\"article:modified_time\" content=\"2022-04-07T10:49:21+00:00\" \/>\n<meta property=\"og:image\" content=\"https:\/\/www.garciafaura.com\/wp-content\/uploads\/2022\/04\/03_Diploma_GarciaFaura-ENG.jpg\" \/>\n\t<meta property=\"og:image:width\" content=\"1231\" \/>\n\t<meta property=\"og:image:height\" content=\"608\" \/>\n\t<meta property=\"og:image:type\" content=\"image\/jpeg\" \/>\n<meta name=\"author\" content=\"David Achell\" \/>\n<meta name=\"twitter:card\" content=\"summary_large_image\" \/>\n<meta name=\"twitter:label1\" content=\"\u00c9crit par\" \/>\n\t<meta name=\"twitter:data1\" content=\"David Achell\" \/>\n\t<meta name=\"twitter:label2\" content=\"Dur\u00e9e de lecture estim\u00e9e\" \/>\n\t<meta name=\"twitter:data2\" content=\"1 minute\" \/>\n<script type=\"application\/ld+json\" class=\"yoast-schema-graph\">{\"@context\":\"https:\/\/schema.org\",\"@graph\":[{\"@type\":\"Article\",\"@id\":\"https:\/\/www.garciafaura.com\/fr\/garcia-faura-ajuda-a-vacunar-infants-contra-la-pneumonia-a-mocambic\/#article\",\"isPartOf\":{\"@id\":\"https:\/\/www.garciafaura.com\/fr\/garcia-faura-ajuda-a-vacunar-infants-contra-la-pneumonia-a-mocambic\/\"},\"author\":{\"name\":\"David Achell\",\"@id\":\"https:\/\/www.garciafaura.com\/fr\/#\/schema\/person\/b4b75e69b33fac3446071909bec106b0\"},\"headline\":\"GARCIA FAURA aide \u00e0 vacciner les enfants contre la pneumonie au Mozambique\",\"datePublished\":\"2022-04-07T10:35:03+00:00\",\"dateModified\":\"2022-04-07T10:49:21+00:00\",\"mainEntityOfPage\":{\"@id\":\"https:\/\/www.garciafaura.com\/fr\/garcia-faura-ajuda-a-vacunar-infants-contra-la-pneumonia-a-mocambic\/\"},\"wordCount\":290,\"publisher\":{\"@id\":\"https:\/\/www.garciafaura.com\/fr\/#organization\"},\"image\":{\"@id\":\"https:\/\/www.garciafaura.com\/fr\/garcia-faura-ajuda-a-vacunar-infants-contra-la-pneumonia-a-mocambic\/#primaryimage\"},\"thumbnailUrl\":\"https:\/\/www.garciafaura.com\/wp-content\/uploads\/2022\/04\/03_Diploma_GarciaFaura-ENG.jpg\",\"articleSection\":[\"Actualit\u00e9\"],\"inLanguage\":\"fr-FR\"},{\"@type\":\"WebPage\",\"@id\":\"https:\/\/www.garciafaura.com\/fr\/garcia-faura-ajuda-a-vacunar-infants-contra-la-pneumonia-a-mocambic\/\",\"url\":\"https:\/\/www.garciafaura.com\/fr\/garcia-faura-ajuda-a-vacunar-infants-contra-la-pneumonia-a-mocambic\/\",\"name\":\"GARCIA FAURA aide \u00e0 vacciner les enfants contre la pneumonie au Mozambique - GARCIA FAURA\",\"isPartOf\":{\"@id\":\"https:\/\/www.garciafaura.com\/fr\/#website\"},\"primaryImageOfPage\":{\"@id\":\"https:\/\/www.garciafaura.com\/fr\/garcia-faura-ajuda-a-vacunar-infants-contra-la-pneumonia-a-mocambic\/#primaryimage\"},\"image\":{\"@id\":\"https:\/\/www.garciafaura.com\/fr\/garcia-faura-ajuda-a-vacunar-infants-contra-la-pneumonia-a-mocambic\/#primaryimage\"},\"thumbnailUrl\":\"https:\/\/www.garciafaura.com\/wp-content\/uploads\/2022\/04\/03_Diploma_GarciaFaura-ENG.jpg\",\"datePublished\":\"2022-04-07T10:35:03+00:00\",\"dateModified\":\"2022-04-07T10:49:21+00:00\",\"description\":\"Arquitectura en Alumini, Inox, Ferro i Vidre\",\"breadcrumb\":{\"@id\":\"https:\/\/www.garciafaura.com\/fr\/garcia-faura-ajuda-a-vacunar-infants-contra-la-pneumonia-a-mocambic\/#breadcrumb\"},\"inLanguage\":\"fr-FR\",\"potentialAction\":[{\"@type\":\"ReadAction\",\"target\":[\"https:\/\/www.garciafaura.com\/fr\/garcia-faura-ajuda-a-vacunar-infants-contra-la-pneumonia-a-mocambic\/\"]}]},{\"@type\":\"ImageObject\",\"inLanguage\":\"fr-FR\",\"@id\":\"https:\/\/www.garciafaura.com\/fr\/garcia-faura-ajuda-a-vacunar-infants-contra-la-pneumonia-a-mocambic\/#primaryimage\",\"url\":\"https:\/\/www.garciafaura.com\/wp-content\/uploads\/2022\/04\/03_Diploma_GarciaFaura-ENG.jpg\",\"contentUrl\":\"https:\/\/www.garciafaura.com\/wp-content\/uploads\/2022\/04\/03_Diploma_GarciaFaura-ENG.jpg\",\"width\":1231,\"height\":608},{\"@type\":\"BreadcrumbList\",\"@id\":\"https:\/\/www.garciafaura.com\/fr\/garcia-faura-ajuda-a-vacunar-infants-contra-la-pneumonia-a-mocambic\/#breadcrumb\",\"itemListElement\":[{\"@type\":\"ListItem\",\"position\":1,\"name\":\"Inici\",\"item\":\"https:\/\/www.garciafaura.com\/fr\/\"},{\"@type\":\"ListItem\",\"position\":2,\"name\":\"GARCIA FAURA aide \u00e0 vacciner les enfants contre la pneumonie au Mozambique\"}]},{\"@type\":\"WebSite\",\"@id\":\"https:\/\/www.garciafaura.com\/fr\/#website\",\"url\":\"https:\/\/www.garciafaura.com\/fr\/\",\"name\":\"GARCIA FAURA\",\"description\":\"Arquitectura en Alumini, Inox, Ferro i Vidre\",\"publisher\":{\"@id\":\"https:\/\/www.garciafaura.com\/fr\/#organization\"},\"potentialAction\":[{\"@type\":\"SearchAction\",\"target\":{\"@type\":\"EntryPoint\",\"urlTemplate\":\"https:\/\/www.garciafaura.com\/fr\/?s={search_term_string}\"},\"query-input\":{\"@type\":\"PropertyValueSpecification\",\"valueRequired\":true,\"valueName\":\"search_term_string\"}}],\"inLanguage\":\"fr-FR\"},{\"@type\":\"Organization\",\"@id\":\"https:\/\/www.garciafaura.com\/fr\/#organization\",\"name\":\"GARCIA FAURA\",\"url\":\"https:\/\/www.garciafaura.com\/fr\/\",\"logo\":{\"@type\":\"ImageObject\",\"inLanguage\":\"fr-FR\",\"@id\":\"https:\/\/www.garciafaura.com\/fr\/#\/schema\/logo\/image\/\",\"url\":\"https:\/\/www.garciafaura.com\/wp-content\/uploads\/2018\/09\/Garcia-Faura.png\",\"contentUrl\":\"https:\/\/www.garciafaura.com\/wp-content\/uploads\/2018\/09\/Garcia-Faura.png\",\"width\":512,\"height\":512,\"caption\":\"GARCIA FAURA\"},\"image\":{\"@id\":\"https:\/\/www.garciafaura.com\/fr\/#\/schema\/logo\/image\/\"},\"sameAs\":[\"https:\/\/www.youtube.com\/user\/GARCIAFAURA\"]},{\"@type\":\"Person\",\"@id\":\"https:\/\/www.garciafaura.com\/fr\/#\/schema\/person\/b4b75e69b33fac3446071909bec106b0\",\"name\":\"David Achell\",\"image\":{\"@type\":\"ImageObject\",\"inLanguage\":\"fr-FR\",\"@id\":\"https:\/\/www.garciafaura.com\/fr\/#\/schema\/person\/image\/\",\"url\":\"https:\/\/secure.gravatar.com\/avatar\/03900210afc1f61bce737bcb4a79c02e2c997f171e3eca839b5a4cbe03846c90?s=96&d=blank&r=g\",\"contentUrl\":\"https:\/\/secure.gravatar.com\/avatar\/03900210afc1f61bce737bcb4a79c02e2c997f171e3eca839b5a4cbe03846c90?s=96&d=blank&r=g\",\"caption\":\"David Achell\"}}]}<\/script>\n<!-- \/ Yoast SEO plugin. -->","yoast_head_json":{"title":"GARCIA FAURA aide \u00e0 vacciner les enfants contre la pneumonie au Mozambique - GARCIA FAURA","description":"Arquitectura en Alumini, Inox, Ferro i Vidre","robots":{"index":"index","follow":"follow","max-snippet":"max-snippet:-1","max-image-preview":"max-image-preview:large","max-video-preview":"max-video-preview:-1"},"canonical":"https:\/\/www.garciafaura.com\/fr\/garcia-faura-ajuda-a-vacunar-infants-contra-la-pneumonia-a-mocambic\/","og_locale":"fr_FR","og_type":"article","og_title":"GARCIA FAURA aide \u00e0 vacciner les enfants contre la pneumonie au Mozambique - GARCIA FAURA","og_description":"Arquitectura en Alumini, Inox, Ferro i Vidre","og_url":"https:\/\/www.garciafaura.com\/fr\/garcia-faura-ajuda-a-vacunar-infants-contra-la-pneumonia-a-mocambic\/","og_site_name":"GARCIA FAURA","article_published_time":"2022-04-07T10:35:03+00:00","article_modified_time":"2022-04-07T10:49:21+00:00","og_image":[{"width":1231,"height":608,"url":"https:\/\/www.garciafaura.com\/wp-content\/uploads\/2022\/04\/03_Diploma_GarciaFaura-ENG.jpg","type":"image\/jpeg"}],"author":"David Achell","twitter_card":"summary_large_image","twitter_misc":{"\u00c9crit par":"David Achell","Dur\u00e9e de lecture estim\u00e9e":"1 minute"},"schema":{"@context":"https:\/\/schema.org","@graph":[{"@type":"Article","@id":"https:\/\/www.garciafaura.com\/fr\/garcia-faura-ajuda-a-vacunar-infants-contra-la-pneumonia-a-mocambic\/#article","isPartOf":{"@id":"https:\/\/www.garciafaura.com\/fr\/garcia-faura-ajuda-a-vacunar-infants-contra-la-pneumonia-a-mocambic\/"},"author":{"name":"David Achell","@id":"https:\/\/www.garciafaura.com\/fr\/#\/schema\/person\/b4b75e69b33fac3446071909bec106b0"},"headline":"GARCIA FAURA aide \u00e0 vacciner les enfants contre la pneumonie au Mozambique","datePublished":"2022-04-07T10:35:03+00:00","dateModified":"2022-04-07T10:49:21+00:00","mainEntityOfPage":{"@id":"https:\/\/www.garciafaura.com\/fr\/garcia-faura-ajuda-a-vacunar-infants-contra-la-pneumonia-a-mocambic\/"},"wordCount":290,"publisher":{"@id":"https:\/\/www.garciafaura.com\/fr\/#organization"},"image":{"@id":"https:\/\/www.garciafaura.com\/fr\/garcia-faura-ajuda-a-vacunar-infants-contra-la-pneumonia-a-mocambic\/#primaryimage"},"thumbnailUrl":"https:\/\/www.garciafaura.com\/wp-content\/uploads\/2022\/04\/03_Diploma_GarciaFaura-ENG.jpg","articleSection":["Actualit\u00e9"],"inLanguage":"fr-FR"},{"@type":"WebPage","@id":"https:\/\/www.garciafaura.com\/fr\/garcia-faura-ajuda-a-vacunar-infants-contra-la-pneumonia-a-mocambic\/","url":"https:\/\/www.garciafaura.com\/fr\/garcia-faura-ajuda-a-vacunar-infants-contra-la-pneumonia-a-mocambic\/","name":"GARCIA FAURA aide \u00e0 vacciner les enfants contre la pneumonie au Mozambique - GARCIA FAURA","isPartOf":{"@id":"https:\/\/www.garciafaura.com\/fr\/#website"},"primaryImageOfPage":{"@id":"https:\/\/www.garciafaura.com\/fr\/garcia-faura-ajuda-a-vacunar-infants-contra-la-pneumonia-a-mocambic\/#primaryimage"},"image":{"@id":"https:\/\/www.garciafaura.com\/fr\/garcia-faura-ajuda-a-vacunar-infants-contra-la-pneumonia-a-mocambic\/#primaryimage"},"thumbnailUrl":"https:\/\/www.garciafaura.com\/wp-content\/uploads\/2022\/04\/03_Diploma_GarciaFaura-ENG.jpg","datePublished":"2022-04-07T10:35:03+00:00","dateModified":"2022-04-07T10:49:21+00:00","description":"Arquitectura en Alumini, Inox, Ferro i Vidre","breadcrumb":{"@id":"https:\/\/www.garciafaura.com\/fr\/garcia-faura-ajuda-a-vacunar-infants-contra-la-pneumonia-a-mocambic\/#breadcrumb"},"inLanguage":"fr-FR","potentialAction":[{"@type":"ReadAction","target":["https:\/\/www.garciafaura.com\/fr\/garcia-faura-ajuda-a-vacunar-infants-contra-la-pneumonia-a-mocambic\/"]}]},{"@type":"ImageObject","inLanguage":"fr-FR","@id":"https:\/\/www.garciafaura.com\/fr\/garcia-faura-ajuda-a-vacunar-infants-contra-la-pneumonia-a-mocambic\/#primaryimage","url":"https:\/\/www.garciafaura.com\/wp-content\/uploads\/2022\/04\/03_Diploma_GarciaFaura-ENG.jpg","contentUrl":"https:\/\/www.garciafaura.com\/wp-content\/uploads\/2022\/04\/03_Diploma_GarciaFaura-ENG.jpg","width":1231,"height":608},{"@type":"BreadcrumbList","@id":"https:\/\/www.garciafaura.com\/fr\/garcia-faura-ajuda-a-vacunar-infants-contra-la-pneumonia-a-mocambic\/#breadcrumb","itemListElement":[{"@type":"ListItem","position":1,"name":"Inici","item":"https:\/\/www.garciafaura.com\/fr\/"},{"@type":"ListItem","position":2,"name":"GARCIA FAURA aide \u00e0 vacciner les enfants contre la pneumonie au Mozambique"}]},{"@type":"WebSite","@id":"https:\/\/www.garciafaura.com\/fr\/#website","url":"https:\/\/www.garciafaura.com\/fr\/","name":"GARCIA FAURA","description":"Arquitectura en Alumini, Inox, Ferro i Vidre","publisher":{"@id":"https:\/\/www.garciafaura.com\/fr\/#organization"},"potentialAction":[{"@type":"SearchAction","target":{"@type":"EntryPoint","urlTemplate":"https:\/\/www.garciafaura.com\/fr\/?s={search_term_string}"},"query-input":{"@type":"PropertyValueSpecification","valueRequired":true,"valueName":"search_term_string"}}],"inLanguage":"fr-FR"},{"@type":"Organization","@id":"https:\/\/www.garciafaura.com\/fr\/#organization","name":"GARCIA FAURA","url":"https:\/\/www.garciafaura.com\/fr\/","logo":{"@type":"ImageObject","inLanguage":"fr-FR","@id":"https:\/\/www.garciafaura.com\/fr\/#\/schema\/logo\/image\/","url":"https:\/\/www.garciafaura.com\/wp-content\/uploads\/2018\/09\/Garcia-Faura.png","contentUrl":"https:\/\/www.garciafaura.com\/wp-content\/uploads\/2018\/09\/Garcia-Faura.png","width":512,"height":512,"caption":"GARCIA FAURA"},"image":{"@id":"https:\/\/www.garciafaura.com\/fr\/#\/schema\/logo\/image\/"},"sameAs":["https:\/\/www.youtube.com\/user\/GARCIAFAURA"]},{"@type":"Person","@id":"https:\/\/www.garciafaura.com\/fr\/#\/schema\/person\/b4b75e69b33fac3446071909bec106b0","name":"David Achell","image":{"@type":"ImageObject","inLanguage":"fr-FR","@id":"https:\/\/www.garciafaura.com\/fr\/#\/schema\/person\/image\/","url":"https:\/\/secure.gravatar.com\/avatar\/03900210afc1f61bce737bcb4a79c02e2c997f171e3eca839b5a4cbe03846c90?s=96&d=blank&r=g","contentUrl":"https:\/\/secure.gravatar.com\/avatar\/03900210afc1f61bce737bcb4a79c02e2c997f171e3eca839b5a4cbe03846c90?s=96&d=blank&r=g","caption":"David Achell"}}]}},"_links":{"self":[{"href":"https:\/\/www.garciafaura.com\/fr\/wp-json\/wp\/v2\/posts\/29303","targetHints":{"allow":["GET"]}}],"collection":[{"href":"https:\/\/www.garciafaura.com\/fr\/wp-json\/wp\/v2\/posts"}],"about":[{"href":"https:\/\/www.garciafaura.com\/fr\/wp-json\/wp\/v2\/types\/post"}],"author":[{"embeddable":true,"href":"https:\/\/www.garciafaura.com\/fr\/wp-json\/wp\/v2\/users\/3"}],"replies":[{"embeddable":true,"href":"https:\/\/www.garciafaura.com\/fr\/wp-json\/wp\/v2\/comments?post=29303"}],"version-history":[{"count":2,"href":"https:\/\/www.garciafaura.com\/fr\/wp-json\/wp\/v2\/posts\/29303\/revisions"}],"predecessor-version":[{"id":29316,"href":"https:\/\/www.garciafaura.com\/fr\/wp-json\/wp\/v2\/posts\/29303\/revisions\/29316"}],"wp:featuredmedia":[{"embeddable":true,"href":"https:\/\/www.garciafaura.com\/fr\/wp-json\/wp\/v2\/media\/29312"}],"wp:attachment":[{"href":"https:\/\/www.garciafaura.com\/fr\/wp-json\/wp\/v2\/media?parent=29303"}],"wp:term":[{"taxonomy":"category","embeddable":true,"href":"https:\/\/www.garciafaura.com\/fr\/wp-json\/wp\/v2\/categories?post=29303"},{"taxonomy":"post_tag","embeddable":true,"href":"https:\/\/www.garciafaura.com\/fr\/wp-json\/wp\/v2\/tags?post=29303"},{"taxonomy":"post_series","embeddable":true,"href":"https:\/\/www.garciafaura.com\/fr\/wp-json\/wp\/v2\/post_series?post=29303"}],"curies":[{"name":"wp","href":"https:\/\/api.w.org\/{rel}","templated":true}]}}