{"id":29081,"date":"2022-02-28T14:59:00","date_gmt":"2022-02-28T12:59:00","guid":{"rendered":"https:\/\/www.garciafaura.com\/garcia-faura-collabora-amb-onyx-solar-per-plantar-mes-de-cent-arbres-a-lamazonia\/"},"modified":"2022-02-28T15:03:39","modified_gmt":"2022-02-28T13:03:39","slug":"garcia-faura-collabora-amb-onyx-solar-per-plantar-mes-de-cent-arbres-a-lamazonia","status":"publish","type":"post","link":"https:\/\/www.garciafaura.com\/fr\/garcia-faura-collabora-amb-onyx-solar-per-plantar-mes-de-cent-arbres-a-lamazonia\/","title":{"rendered":"GARCIA FAURA collabore avec Onyx Solar pour planter plus d&rsquo;une centaine d&rsquo;arbres en Amazonie"},"content":{"rendered":"<p style=\"text-align: justify;\"><strong>Onyx Solar est le premier fabricant mondial de verre solaire photovolta\u00efque. En 2020, l&rsquo;entreprise a pris l&rsquo;initiative de planter un arbre pour chaque m\u00e8tre carr\u00e9 de verre solaire photovolta\u00efque fabriqu\u00e9. Les arbres sont plant\u00e9s dans des zones qui n\u00e9cessitent une attention particuli\u00e8re pour l&rsquo;environnement, comme l&rsquo;Amazonie, l&rsquo;Indon\u00e9sie ou l&rsquo;Inde.<\/strong><\/p>\n<p style=\"text-align: justify;\">L&rsquo;activit\u00e9 r\u00e9cente de <strong>GARCIA FAURA<\/strong> a permis de contribuer \u00e0 ce projet gr\u00e2ce \u00e0 la participation de l&rsquo;entreprise au projet de r\u00e9habilitation de l&rsquo;immeuble de bureaux situ\u00e9 \u00e0 l\u2019avenue Diagonal 525 \u00e0 Barcelone, un immeuble qui abrite le si\u00e8ge de Naturgy, la multinationale de l&rsquo;\u00e9lectricit\u00e9 et du gaz.<\/p>\n<p style=\"text-align: justify;\"><strong>GARCIA FAURA<\/strong> a fourni des solutions pour les menuiseries ext\u00e9rieures et les fa\u00e7ades de mur rideau. Dans ces fa\u00e7ades, 132 modules verriers solaires photovolta\u00efques horizontaux ont \u00e9t\u00e9 install\u00e9s (int\u00e9gr\u00e9s dans une structure de lamelles en aluminium sur la fa\u00e7ade sud du b\u00e2timent).<\/p>\n<p style=\"text-align: justify;\">Les panneaux prot\u00e8gent du soleil pendant les mois les plus chauds et permettent \u00e9galement au b\u00e2timent de g\u00e9n\u00e9rer sa propre \u00e9nergie propre pour une partie de la consommation. La contribution de <strong>GARCIA FAURA<\/strong> au projet a permis \u00e0 <a href=\"https:\/\/www.onyxsolar.com\/\" target=\"_blank\" rel=\"noopener\"><strong>Onyx Solar<\/strong><\/a> de planter un total de 160 arbres en Amazonie.<\/p>\n","protected":false},"excerpt":{"rendered":"<p>Onyx Solar est le premier fabricant mondial de verre solaire photovolta\u00efque. En 2020, l&rsquo;entreprise a pris l&rsquo;initiative de planter un arbre pour chaque m\u00e8tre carr\u00e9 de verre solaire photovolta\u00efque fabriqu\u00e9. Les arbres sont plant\u00e9s dans des zones qui n\u00e9cessitent une&hellip;<\/p>\n","protected":false},"author":3,"featured_media":29077,"comment_status":"closed","ping_status":"open","sticky":false,"template":"","format":"standard","meta":{"footnotes":""},"categories":[2],"tags":[],"post_series":[],"class_list":["post-29081","post","type-post","status-publish","format-standard","has-post-thumbnail","hentry","category-actualite","entry","has-media"],"yoast_head":"<!-- This site is optimized with the Yoast SEO plugin v26.7 - https:\/\/yoast.com\/wordpress\/plugins\/seo\/ -->\n<title>GARCIA FAURA collabore avec Onyx Solar pour planter plus d&#039;une centaine d&#039;arbres en Amazonie - GARCIA FAURA<\/title>\n<meta name=\"description\" content=\"Arquitectura en Alumini, Inox, Ferro i Vidre\" \/>\n<meta name=\"robots\" content=\"index, follow, max-snippet:-1, max-image-preview:large, max-video-preview:-1\" \/>\n<link rel=\"canonical\" href=\"https:\/\/www.garciafaura.com\/fr\/garcia-faura-collabora-amb-onyx-solar-per-plantar-mes-de-cent-arbres-a-lamazonia\/\" \/>\n<meta property=\"og:locale\" content=\"fr_FR\" \/>\n<meta property=\"og:type\" content=\"article\" \/>\n<meta property=\"og:title\" content=\"GARCIA FAURA collabore avec Onyx Solar pour planter plus d&#039;une centaine d&#039;arbres en Amazonie - GARCIA FAURA\" \/>\n<meta property=\"og:description\" content=\"Arquitectura en Alumini, Inox, Ferro i Vidre\" \/>\n<meta property=\"og:url\" content=\"https:\/\/www.garciafaura.com\/fr\/garcia-faura-collabora-amb-onyx-solar-per-plantar-mes-de-cent-arbres-a-lamazonia\/\" \/>\n<meta property=\"og:site_name\" content=\"GARCIA FAURA\" \/>\n<meta property=\"article:published_time\" content=\"2022-02-28T12:59:00+00:00\" \/>\n<meta property=\"article:modified_time\" content=\"2022-02-28T13:03:39+00:00\" \/>\n<meta property=\"og:image\" content=\"https:\/\/www.garciafaura.com\/wp-content\/uploads\/2022\/02\/Onyx-Solar-1024x725.jpg\" \/>\n\t<meta property=\"og:image:width\" content=\"1024\" \/>\n\t<meta property=\"og:image:height\" content=\"725\" \/>\n\t<meta property=\"og:image:type\" content=\"image\/jpeg\" \/>\n<meta name=\"author\" content=\"David Achell\" \/>\n<meta name=\"twitter:card\" content=\"summary_large_image\" \/>\n<meta name=\"twitter:label1\" content=\"\u00c9crit par\" \/>\n\t<meta name=\"twitter:data1\" content=\"David Achell\" \/>\n\t<meta name=\"twitter:label2\" content=\"Dur\u00e9e de lecture estim\u00e9e\" \/>\n\t<meta name=\"twitter:data2\" content=\"2 minutes\" \/>\n<script type=\"application\/ld+json\" class=\"yoast-schema-graph\">{\"@context\":\"https:\/\/schema.org\",\"@graph\":[{\"@type\":\"Article\",\"@id\":\"https:\/\/www.garciafaura.com\/fr\/garcia-faura-collabora-amb-onyx-solar-per-plantar-mes-de-cent-arbres-a-lamazonia\/#article\",\"isPartOf\":{\"@id\":\"https:\/\/www.garciafaura.com\/fr\/garcia-faura-collabora-amb-onyx-solar-per-plantar-mes-de-cent-arbres-a-lamazonia\/\"},\"author\":{\"name\":\"David Achell\",\"@id\":\"https:\/\/www.garciafaura.com\/fr\/#\/schema\/person\/b4b75e69b33fac3446071909bec106b0\"},\"headline\":\"GARCIA FAURA collabore avec Onyx Solar pour planter plus d&rsquo;une centaine d&rsquo;arbres en Amazonie\",\"datePublished\":\"2022-02-28T12:59:00+00:00\",\"dateModified\":\"2022-02-28T13:03:39+00:00\",\"mainEntityOfPage\":{\"@id\":\"https:\/\/www.garciafaura.com\/fr\/garcia-faura-collabora-amb-onyx-solar-per-plantar-mes-de-cent-arbres-a-lamazonia\/\"},\"wordCount\":230,\"publisher\":{\"@id\":\"https:\/\/www.garciafaura.com\/fr\/#organization\"},\"image\":{\"@id\":\"https:\/\/www.garciafaura.com\/fr\/garcia-faura-collabora-amb-onyx-solar-per-plantar-mes-de-cent-arbres-a-lamazonia\/#primaryimage\"},\"thumbnailUrl\":\"https:\/\/www.garciafaura.com\/wp-content\/uploads\/2022\/02\/Onyx-Solar.jpg\",\"articleSection\":[\"Actualit\u00e9\"],\"inLanguage\":\"fr-FR\"},{\"@type\":\"WebPage\",\"@id\":\"https:\/\/www.garciafaura.com\/fr\/garcia-faura-collabora-amb-onyx-solar-per-plantar-mes-de-cent-arbres-a-lamazonia\/\",\"url\":\"https:\/\/www.garciafaura.com\/fr\/garcia-faura-collabora-amb-onyx-solar-per-plantar-mes-de-cent-arbres-a-lamazonia\/\",\"name\":\"GARCIA FAURA collabore avec Onyx Solar pour planter plus d'une centaine d'arbres en Amazonie - GARCIA FAURA\",\"isPartOf\":{\"@id\":\"https:\/\/www.garciafaura.com\/fr\/#website\"},\"primaryImageOfPage\":{\"@id\":\"https:\/\/www.garciafaura.com\/fr\/garcia-faura-collabora-amb-onyx-solar-per-plantar-mes-de-cent-arbres-a-lamazonia\/#primaryimage\"},\"image\":{\"@id\":\"https:\/\/www.garciafaura.com\/fr\/garcia-faura-collabora-amb-onyx-solar-per-plantar-mes-de-cent-arbres-a-lamazonia\/#primaryimage\"},\"thumbnailUrl\":\"https:\/\/www.garciafaura.com\/wp-content\/uploads\/2022\/02\/Onyx-Solar.jpg\",\"datePublished\":\"2022-02-28T12:59:00+00:00\",\"dateModified\":\"2022-02-28T13:03:39+00:00\",\"description\":\"Arquitectura en Alumini, Inox, Ferro i Vidre\",\"breadcrumb\":{\"@id\":\"https:\/\/www.garciafaura.com\/fr\/garcia-faura-collabora-amb-onyx-solar-per-plantar-mes-de-cent-arbres-a-lamazonia\/#breadcrumb\"},\"inLanguage\":\"fr-FR\",\"potentialAction\":[{\"@type\":\"ReadAction\",\"target\":[\"https:\/\/www.garciafaura.com\/fr\/garcia-faura-collabora-amb-onyx-solar-per-plantar-mes-de-cent-arbres-a-lamazonia\/\"]}]},{\"@type\":\"ImageObject\",\"inLanguage\":\"fr-FR\",\"@id\":\"https:\/\/www.garciafaura.com\/fr\/garcia-faura-collabora-amb-onyx-solar-per-plantar-mes-de-cent-arbres-a-lamazonia\/#primaryimage\",\"url\":\"https:\/\/www.garciafaura.com\/wp-content\/uploads\/2022\/02\/Onyx-Solar.jpg\",\"contentUrl\":\"https:\/\/www.garciafaura.com\/wp-content\/uploads\/2022\/02\/Onyx-Solar.jpg\",\"width\":1800,\"height\":1275},{\"@type\":\"BreadcrumbList\",\"@id\":\"https:\/\/www.garciafaura.com\/fr\/garcia-faura-collabora-amb-onyx-solar-per-plantar-mes-de-cent-arbres-a-lamazonia\/#breadcrumb\",\"itemListElement\":[{\"@type\":\"ListItem\",\"position\":1,\"name\":\"Inici\",\"item\":\"https:\/\/www.garciafaura.com\/fr\/\"},{\"@type\":\"ListItem\",\"position\":2,\"name\":\"GARCIA FAURA collabore avec Onyx Solar pour planter plus d&#8217;une centaine d&#8217;arbres en Amazonie\"}]},{\"@type\":\"WebSite\",\"@id\":\"https:\/\/www.garciafaura.com\/fr\/#website\",\"url\":\"https:\/\/www.garciafaura.com\/fr\/\",\"name\":\"GARCIA FAURA\",\"description\":\"Arquitectura en Alumini, Inox, Ferro i Vidre\",\"publisher\":{\"@id\":\"https:\/\/www.garciafaura.com\/fr\/#organization\"},\"potentialAction\":[{\"@type\":\"SearchAction\",\"target\":{\"@type\":\"EntryPoint\",\"urlTemplate\":\"https:\/\/www.garciafaura.com\/fr\/?s={search_term_string}\"},\"query-input\":{\"@type\":\"PropertyValueSpecification\",\"valueRequired\":true,\"valueName\":\"search_term_string\"}}],\"inLanguage\":\"fr-FR\"},{\"@type\":\"Organization\",\"@id\":\"https:\/\/www.garciafaura.com\/fr\/#organization\",\"name\":\"GARCIA FAURA\",\"url\":\"https:\/\/www.garciafaura.com\/fr\/\",\"logo\":{\"@type\":\"ImageObject\",\"inLanguage\":\"fr-FR\",\"@id\":\"https:\/\/www.garciafaura.com\/fr\/#\/schema\/logo\/image\/\",\"url\":\"https:\/\/www.garciafaura.com\/wp-content\/uploads\/2018\/09\/Garcia-Faura.png\",\"contentUrl\":\"https:\/\/www.garciafaura.com\/wp-content\/uploads\/2018\/09\/Garcia-Faura.png\",\"width\":512,\"height\":512,\"caption\":\"GARCIA FAURA\"},\"image\":{\"@id\":\"https:\/\/www.garciafaura.com\/fr\/#\/schema\/logo\/image\/\"},\"sameAs\":[\"https:\/\/www.youtube.com\/user\/GARCIAFAURA\"]},{\"@type\":\"Person\",\"@id\":\"https:\/\/www.garciafaura.com\/fr\/#\/schema\/person\/b4b75e69b33fac3446071909bec106b0\",\"name\":\"David Achell\",\"image\":{\"@type\":\"ImageObject\",\"inLanguage\":\"fr-FR\",\"@id\":\"https:\/\/www.garciafaura.com\/fr\/#\/schema\/person\/image\/\",\"url\":\"https:\/\/secure.gravatar.com\/avatar\/03900210afc1f61bce737bcb4a79c02e2c997f171e3eca839b5a4cbe03846c90?s=96&d=blank&r=g\",\"contentUrl\":\"https:\/\/secure.gravatar.com\/avatar\/03900210afc1f61bce737bcb4a79c02e2c997f171e3eca839b5a4cbe03846c90?s=96&d=blank&r=g\",\"caption\":\"David Achell\"}}]}<\/script>\n<!-- \/ Yoast SEO plugin. -->","yoast_head_json":{"title":"GARCIA FAURA collabore avec Onyx Solar pour planter plus d'une centaine d'arbres en Amazonie - GARCIA FAURA","description":"Arquitectura en Alumini, Inox, Ferro i Vidre","robots":{"index":"index","follow":"follow","max-snippet":"max-snippet:-1","max-image-preview":"max-image-preview:large","max-video-preview":"max-video-preview:-1"},"canonical":"https:\/\/www.garciafaura.com\/fr\/garcia-faura-collabora-amb-onyx-solar-per-plantar-mes-de-cent-arbres-a-lamazonia\/","og_locale":"fr_FR","og_type":"article","og_title":"GARCIA FAURA collabore avec Onyx Solar pour planter plus d'une centaine d'arbres en Amazonie - GARCIA FAURA","og_description":"Arquitectura en Alumini, Inox, Ferro i Vidre","og_url":"https:\/\/www.garciafaura.com\/fr\/garcia-faura-collabora-amb-onyx-solar-per-plantar-mes-de-cent-arbres-a-lamazonia\/","og_site_name":"GARCIA FAURA","article_published_time":"2022-02-28T12:59:00+00:00","article_modified_time":"2022-02-28T13:03:39+00:00","og_image":[{"width":1024,"height":725,"url":"https:\/\/www.garciafaura.com\/wp-content\/uploads\/2022\/02\/Onyx-Solar-1024x725.jpg","type":"image\/jpeg"}],"author":"David Achell","twitter_card":"summary_large_image","twitter_misc":{"\u00c9crit par":"David Achell","Dur\u00e9e de lecture estim\u00e9e":"2 minutes"},"schema":{"@context":"https:\/\/schema.org","@graph":[{"@type":"Article","@id":"https:\/\/www.garciafaura.com\/fr\/garcia-faura-collabora-amb-onyx-solar-per-plantar-mes-de-cent-arbres-a-lamazonia\/#article","isPartOf":{"@id":"https:\/\/www.garciafaura.com\/fr\/garcia-faura-collabora-amb-onyx-solar-per-plantar-mes-de-cent-arbres-a-lamazonia\/"},"author":{"name":"David Achell","@id":"https:\/\/www.garciafaura.com\/fr\/#\/schema\/person\/b4b75e69b33fac3446071909bec106b0"},"headline":"GARCIA FAURA collabore avec Onyx Solar pour planter plus d&rsquo;une centaine d&rsquo;arbres en Amazonie","datePublished":"2022-02-28T12:59:00+00:00","dateModified":"2022-02-28T13:03:39+00:00","mainEntityOfPage":{"@id":"https:\/\/www.garciafaura.com\/fr\/garcia-faura-collabora-amb-onyx-solar-per-plantar-mes-de-cent-arbres-a-lamazonia\/"},"wordCount":230,"publisher":{"@id":"https:\/\/www.garciafaura.com\/fr\/#organization"},"image":{"@id":"https:\/\/www.garciafaura.com\/fr\/garcia-faura-collabora-amb-onyx-solar-per-plantar-mes-de-cent-arbres-a-lamazonia\/#primaryimage"},"thumbnailUrl":"https:\/\/www.garciafaura.com\/wp-content\/uploads\/2022\/02\/Onyx-Solar.jpg","articleSection":["Actualit\u00e9"],"inLanguage":"fr-FR"},{"@type":"WebPage","@id":"https:\/\/www.garciafaura.com\/fr\/garcia-faura-collabora-amb-onyx-solar-per-plantar-mes-de-cent-arbres-a-lamazonia\/","url":"https:\/\/www.garciafaura.com\/fr\/garcia-faura-collabora-amb-onyx-solar-per-plantar-mes-de-cent-arbres-a-lamazonia\/","name":"GARCIA FAURA collabore avec Onyx Solar pour planter plus d'une centaine d'arbres en Amazonie - GARCIA FAURA","isPartOf":{"@id":"https:\/\/www.garciafaura.com\/fr\/#website"},"primaryImageOfPage":{"@id":"https:\/\/www.garciafaura.com\/fr\/garcia-faura-collabora-amb-onyx-solar-per-plantar-mes-de-cent-arbres-a-lamazonia\/#primaryimage"},"image":{"@id":"https:\/\/www.garciafaura.com\/fr\/garcia-faura-collabora-amb-onyx-solar-per-plantar-mes-de-cent-arbres-a-lamazonia\/#primaryimage"},"thumbnailUrl":"https:\/\/www.garciafaura.com\/wp-content\/uploads\/2022\/02\/Onyx-Solar.jpg","datePublished":"2022-02-28T12:59:00+00:00","dateModified":"2022-02-28T13:03:39+00:00","description":"Arquitectura en Alumini, Inox, Ferro i Vidre","breadcrumb":{"@id":"https:\/\/www.garciafaura.com\/fr\/garcia-faura-collabora-amb-onyx-solar-per-plantar-mes-de-cent-arbres-a-lamazonia\/#breadcrumb"},"inLanguage":"fr-FR","potentialAction":[{"@type":"ReadAction","target":["https:\/\/www.garciafaura.com\/fr\/garcia-faura-collabora-amb-onyx-solar-per-plantar-mes-de-cent-arbres-a-lamazonia\/"]}]},{"@type":"ImageObject","inLanguage":"fr-FR","@id":"https:\/\/www.garciafaura.com\/fr\/garcia-faura-collabora-amb-onyx-solar-per-plantar-mes-de-cent-arbres-a-lamazonia\/#primaryimage","url":"https:\/\/www.garciafaura.com\/wp-content\/uploads\/2022\/02\/Onyx-Solar.jpg","contentUrl":"https:\/\/www.garciafaura.com\/wp-content\/uploads\/2022\/02\/Onyx-Solar.jpg","width":1800,"height":1275},{"@type":"BreadcrumbList","@id":"https:\/\/www.garciafaura.com\/fr\/garcia-faura-collabora-amb-onyx-solar-per-plantar-mes-de-cent-arbres-a-lamazonia\/#breadcrumb","itemListElement":[{"@type":"ListItem","position":1,"name":"Inici","item":"https:\/\/www.garciafaura.com\/fr\/"},{"@type":"ListItem","position":2,"name":"GARCIA FAURA collabore avec Onyx Solar pour planter plus d&#8217;une centaine d&#8217;arbres en Amazonie"}]},{"@type":"WebSite","@id":"https:\/\/www.garciafaura.com\/fr\/#website","url":"https:\/\/www.garciafaura.com\/fr\/","name":"GARCIA FAURA","description":"Arquitectura en Alumini, Inox, Ferro i Vidre","publisher":{"@id":"https:\/\/www.garciafaura.com\/fr\/#organization"},"potentialAction":[{"@type":"SearchAction","target":{"@type":"EntryPoint","urlTemplate":"https:\/\/www.garciafaura.com\/fr\/?s={search_term_string}"},"query-input":{"@type":"PropertyValueSpecification","valueRequired":true,"valueName":"search_term_string"}}],"inLanguage":"fr-FR"},{"@type":"Organization","@id":"https:\/\/www.garciafaura.com\/fr\/#organization","name":"GARCIA FAURA","url":"https:\/\/www.garciafaura.com\/fr\/","logo":{"@type":"ImageObject","inLanguage":"fr-FR","@id":"https:\/\/www.garciafaura.com\/fr\/#\/schema\/logo\/image\/","url":"https:\/\/www.garciafaura.com\/wp-content\/uploads\/2018\/09\/Garcia-Faura.png","contentUrl":"https:\/\/www.garciafaura.com\/wp-content\/uploads\/2018\/09\/Garcia-Faura.png","width":512,"height":512,"caption":"GARCIA FAURA"},"image":{"@id":"https:\/\/www.garciafaura.com\/fr\/#\/schema\/logo\/image\/"},"sameAs":["https:\/\/www.youtube.com\/user\/GARCIAFAURA"]},{"@type":"Person","@id":"https:\/\/www.garciafaura.com\/fr\/#\/schema\/person\/b4b75e69b33fac3446071909bec106b0","name":"David Achell","image":{"@type":"ImageObject","inLanguage":"fr-FR","@id":"https:\/\/www.garciafaura.com\/fr\/#\/schema\/person\/image\/","url":"https:\/\/secure.gravatar.com\/avatar\/03900210afc1f61bce737bcb4a79c02e2c997f171e3eca839b5a4cbe03846c90?s=96&d=blank&r=g","contentUrl":"https:\/\/secure.gravatar.com\/avatar\/03900210afc1f61bce737bcb4a79c02e2c997f171e3eca839b5a4cbe03846c90?s=96&d=blank&r=g","caption":"David Achell"}}]}},"_links":{"self":[{"href":"https:\/\/www.garciafaura.com\/fr\/wp-json\/wp\/v2\/posts\/29081","targetHints":{"allow":["GET"]}}],"collection":[{"href":"https:\/\/www.garciafaura.com\/fr\/wp-json\/wp\/v2\/posts"}],"about":[{"href":"https:\/\/www.garciafaura.com\/fr\/wp-json\/wp\/v2\/types\/post"}],"author":[{"embeddable":true,"href":"https:\/\/www.garciafaura.com\/fr\/wp-json\/wp\/v2\/users\/3"}],"replies":[{"embeddable":true,"href":"https:\/\/www.garciafaura.com\/fr\/wp-json\/wp\/v2\/comments?post=29081"}],"version-history":[{"count":2,"href":"https:\/\/www.garciafaura.com\/fr\/wp-json\/wp\/v2\/posts\/29081\/revisions"}],"predecessor-version":[{"id":29087,"href":"https:\/\/www.garciafaura.com\/fr\/wp-json\/wp\/v2\/posts\/29081\/revisions\/29087"}],"wp:featuredmedia":[{"embeddable":true,"href":"https:\/\/www.garciafaura.com\/fr\/wp-json\/wp\/v2\/media\/29077"}],"wp:attachment":[{"href":"https:\/\/www.garciafaura.com\/fr\/wp-json\/wp\/v2\/media?parent=29081"}],"wp:term":[{"taxonomy":"category","embeddable":true,"href":"https:\/\/www.garciafaura.com\/fr\/wp-json\/wp\/v2\/categories?post=29081"},{"taxonomy":"post_tag","embeddable":true,"href":"https:\/\/www.garciafaura.com\/fr\/wp-json\/wp\/v2\/tags?post=29081"},{"taxonomy":"post_series","embeddable":true,"href":"https:\/\/www.garciafaura.com\/fr\/wp-json\/wp\/v2\/post_series?post=29081"}],"curies":[{"name":"wp","href":"https:\/\/api.w.org\/{rel}","templated":true}]}}