{"id":29059,"date":"2022-02-09T16:50:57","date_gmt":"2022-02-09T14:50:57","guid":{"rendered":"https:\/\/www.garciafaura.com\/productes-i-serveis-en-favor-duna-construccio-sostenible-i-respectuosa-amb-el-medi-ambient\/"},"modified":"2022-02-09T16:58:31","modified_gmt":"2022-02-09T14:58:31","slug":"productes-i-serveis-en-favor-duna-construccio-sostenible-i-respectuosa-amb-el-medi-ambient","status":"publish","type":"post","link":"https:\/\/www.garciafaura.com\/fr\/productes-i-serveis-en-favor-duna-construccio-sostenible-i-respectuosa-amb-el-medi-ambient\/","title":{"rendered":"Produits et services pour une construction durable et respectueuse de l&rsquo;environnement"},"content":{"rendered":"<p style=\"text-align: justify;\"><strong>Dans un monde de plus en plus pr\u00e9occup\u00e9 par les cons\u00e9quences du changement climatique, la construction durable devient l&rsquo;un des \u00e9l\u00e9ments cl\u00e9s pour contribuer \u00e0 r\u00e9duire l&rsquo;impact environnemental de tout nouveau projet de construction. Et, en ce sens, les produits et services propos\u00e9s par GARCIA FAURA ont beaucoup \u00e0 dire.<\/strong><\/p>\n<p style=\"text-align: justify;\">La construction durable couvre tous les processus du secteur, de la conception du projet \u00e0 la construction elle-m\u00eame, en passant par sa mise en service et toute la dur\u00e9e de vie utile du b\u00e2timent. Tout cela dans le but de r\u00e9aliser un b\u00e2timent le plus \u00abvert\u00bb possible et donc avec le moins d&rsquo;impact environnemental.<\/p>\n<p style=\"text-align: justify;\">Chez <strong>GARCIA FAURA<\/strong>, nous savons depuis longtemps ce que signifie travailler pour des projets de construction qui cherchent \u00e0 r\u00e9duire leur empreinte carbone. Ainsi, ces derni\u00e8res ann\u00e9es, nous avons r\u00e9alis\u00e9 des b\u00e2timents qui valorisent plus que jamais la lumi\u00e8re naturelle, qui conf\u00e8rent \u00e0 la fa\u00e7ade un r\u00f4le pertinent en tant qu&rsquo;\u00e9l\u00e9ment d&rsquo;isolation thermique ou qui affectent la v\u00e9g\u00e9talisation des espaces en tant que protagonistes.<\/p>\n<h3 style=\"text-align: justify;\"><strong>Efficacit\u00e9 certifi\u00e9e avec prestige international<\/strong><\/h3>\n<p style=\"text-align: justify;\"><strong>GARCIA FAURA<\/strong> est sp\u00e9cialis\u00e9e dans l&rsquo;am\u00e9nagement de fa\u00e7ades, \u00e9l\u00e9ment cl\u00e9 des projets qui aspirent \u00e0 obtenir une certification internationale garantissant leur efficacit\u00e9 environnementale. Un bon exemple est la certification LEED, qui rassemble un ensemble de normes et d&rsquo;exigences qui certifient que le b\u00e2timent est durable et compatible avec les normes d&rsquo;\u00e9co-efficacit\u00e9 en mati\u00e8re de durabilit\u00e9, d&rsquo;\u00e9conomie d&rsquo;eau, d&rsquo;\u00e9nergie et d&rsquo;atmosph\u00e8re, de mat\u00e9riaux et de ressources et de qualit\u00e9 environnementale des int\u00e9rieurs. <strong>GARCIA FAURA<\/strong> a particip\u00e9 \u00e0 de r\u00e9cents projets certifi\u00e9s LEED tels que le si\u00e8ge de Naturgy ou Cuatrecases, \u00e0 Barcelone, et plusieurs immeubles de bureaux, nouvellement construits ou r\u00e9habilit\u00e9s.<\/p>\n<p style=\"text-align: justify;\">L&rsquo;entreprise a \u00e9galement d\u00e9velopp\u00e9 des projets avec la certification BREEAM (ou crit\u00e8res de pr\u00e9-certification), qui mesure le degr\u00e9 de durabilit\u00e9 environnementale des b\u00e2timents avec l&rsquo;\u00e9valuation de dix aspects : gestion, sant\u00e9 et bien-\u00eatre, \u00e9nergie, transport, eau, mat\u00e9riaux, d\u00e9chets, l&rsquo;utilisation \u00e9cologique des terres, la pollution et l&rsquo;innovation. Dans ce groupe, par exemple, des projets tels que l&rsquo;immeuble de bureaux Europa Building \u00e0 l&rsquo;Hospitalet de Llobregat ou le complexe d&rsquo;activit\u00e9s Archipel en p\u00e9riph\u00e9rie parisienne ont \u00e9t\u00e9 r\u00e9alis\u00e9s.<\/p>\n<p style=\"text-align: justify;\"><strong>GARCIA FAURA<\/strong> travaille actuellement au d\u00e9veloppement de nouveaux projets \u00e9galement con\u00e7us avec des crit\u00e8res de certification environnementale, tels que le d\u00e9veloppement Selva de Mar, la Torre Nova Pla\u00e7a Europa ou l&rsquo;immeuble de bureaux Smart.<\/p>\n","protected":false},"excerpt":{"rendered":"<p>Dans un monde de plus en plus pr\u00e9occup\u00e9 par les cons\u00e9quences du changement climatique, la construction durable devient l&rsquo;un des \u00e9l\u00e9ments cl\u00e9s pour contribuer \u00e0 r\u00e9duire l&rsquo;impact environnemental de tout nouveau projet de construction. Et, en ce sens, les produits&hellip;<\/p>\n","protected":false},"author":3,"featured_media":29056,"comment_status":"closed","ping_status":"open","sticky":false,"template":"","format":"standard","meta":{"footnotes":""},"categories":[2],"tags":[],"post_series":[],"class_list":["post-29059","post","type-post","status-publish","format-standard","has-post-thumbnail","hentry","category-actualite","entry","has-media"],"yoast_head":"<!-- This site is optimized with the Yoast SEO plugin v26.7 - https:\/\/yoast.com\/wordpress\/plugins\/seo\/ -->\n<title>Produits et services pour une construction durable et respectueuse de l&#039;environnement - GARCIA FAURA<\/title>\n<meta name=\"description\" content=\"Arquitectura en Alumini, Inox, Ferro i Vidre\" \/>\n<meta name=\"robots\" content=\"index, follow, max-snippet:-1, max-image-preview:large, max-video-preview:-1\" \/>\n<link rel=\"canonical\" href=\"https:\/\/www.garciafaura.com\/fr\/productes-i-serveis-en-favor-duna-construccio-sostenible-i-respectuosa-amb-el-medi-ambient\/\" \/>\n<meta property=\"og:locale\" content=\"fr_FR\" \/>\n<meta property=\"og:type\" content=\"article\" \/>\n<meta property=\"og:title\" content=\"Produits et services pour une construction durable et respectueuse de l&#039;environnement - GARCIA FAURA\" \/>\n<meta property=\"og:description\" content=\"Arquitectura en Alumini, Inox, Ferro i Vidre\" \/>\n<meta property=\"og:url\" content=\"https:\/\/www.garciafaura.com\/fr\/productes-i-serveis-en-favor-duna-construccio-sostenible-i-respectuosa-amb-el-medi-ambient\/\" \/>\n<meta property=\"og:site_name\" content=\"GARCIA FAURA\" \/>\n<meta property=\"article:published_time\" content=\"2022-02-09T14:50:57+00:00\" \/>\n<meta property=\"article:modified_time\" content=\"2022-02-09T14:58:31+00:00\" \/>\n<meta property=\"og:image\" content=\"https:\/\/www.garciafaura.com\/wp-content\/uploads\/2022\/02\/Garcia-Faura-fac\u0327ana-vidre.jpg\" \/>\n\t<meta property=\"og:image:width\" content=\"900\" \/>\n\t<meta property=\"og:image:height\" content=\"600\" \/>\n\t<meta property=\"og:image:type\" content=\"image\/jpeg\" \/>\n<meta name=\"author\" content=\"David Achell\" \/>\n<meta name=\"twitter:card\" content=\"summary_large_image\" \/>\n<meta name=\"twitter:label1\" content=\"\u00c9crit par\" \/>\n\t<meta name=\"twitter:data1\" content=\"David Achell\" \/>\n\t<meta name=\"twitter:label2\" content=\"Dur\u00e9e de lecture estim\u00e9e\" \/>\n\t<meta name=\"twitter:data2\" content=\"2 minutes\" \/>\n<script type=\"application\/ld+json\" class=\"yoast-schema-graph\">{\"@context\":\"https:\/\/schema.org\",\"@graph\":[{\"@type\":\"Article\",\"@id\":\"https:\/\/www.garciafaura.com\/fr\/productes-i-serveis-en-favor-duna-construccio-sostenible-i-respectuosa-amb-el-medi-ambient\/#article\",\"isPartOf\":{\"@id\":\"https:\/\/www.garciafaura.com\/fr\/productes-i-serveis-en-favor-duna-construccio-sostenible-i-respectuosa-amb-el-medi-ambient\/\"},\"author\":{\"name\":\"David Achell\",\"@id\":\"https:\/\/www.garciafaura.com\/fr\/#\/schema\/person\/b4b75e69b33fac3446071909bec106b0\"},\"headline\":\"Produits et services pour une construction durable et respectueuse de l&rsquo;environnement\",\"datePublished\":\"2022-02-09T14:50:57+00:00\",\"dateModified\":\"2022-02-09T14:58:31+00:00\",\"mainEntityOfPage\":{\"@id\":\"https:\/\/www.garciafaura.com\/fr\/productes-i-serveis-en-favor-duna-construccio-sostenible-i-respectuosa-amb-el-medi-ambient\/\"},\"wordCount\":460,\"publisher\":{\"@id\":\"https:\/\/www.garciafaura.com\/fr\/#organization\"},\"image\":{\"@id\":\"https:\/\/www.garciafaura.com\/fr\/productes-i-serveis-en-favor-duna-construccio-sostenible-i-respectuosa-amb-el-medi-ambient\/#primaryimage\"},\"thumbnailUrl\":\"https:\/\/www.garciafaura.com\/wp-content\/uploads\/2022\/02\/Garcia-Faura-fac\u0327ana-vidre.jpg\",\"articleSection\":[\"Actualit\u00e9\"],\"inLanguage\":\"fr-FR\"},{\"@type\":\"WebPage\",\"@id\":\"https:\/\/www.garciafaura.com\/fr\/productes-i-serveis-en-favor-duna-construccio-sostenible-i-respectuosa-amb-el-medi-ambient\/\",\"url\":\"https:\/\/www.garciafaura.com\/fr\/productes-i-serveis-en-favor-duna-construccio-sostenible-i-respectuosa-amb-el-medi-ambient\/\",\"name\":\"Produits et services pour une construction durable et respectueuse de l'environnement - GARCIA FAURA\",\"isPartOf\":{\"@id\":\"https:\/\/www.garciafaura.com\/fr\/#website\"},\"primaryImageOfPage\":{\"@id\":\"https:\/\/www.garciafaura.com\/fr\/productes-i-serveis-en-favor-duna-construccio-sostenible-i-respectuosa-amb-el-medi-ambient\/#primaryimage\"},\"image\":{\"@id\":\"https:\/\/www.garciafaura.com\/fr\/productes-i-serveis-en-favor-duna-construccio-sostenible-i-respectuosa-amb-el-medi-ambient\/#primaryimage\"},\"thumbnailUrl\":\"https:\/\/www.garciafaura.com\/wp-content\/uploads\/2022\/02\/Garcia-Faura-fac\u0327ana-vidre.jpg\",\"datePublished\":\"2022-02-09T14:50:57+00:00\",\"dateModified\":\"2022-02-09T14:58:31+00:00\",\"description\":\"Arquitectura en Alumini, Inox, Ferro i Vidre\",\"breadcrumb\":{\"@id\":\"https:\/\/www.garciafaura.com\/fr\/productes-i-serveis-en-favor-duna-construccio-sostenible-i-respectuosa-amb-el-medi-ambient\/#breadcrumb\"},\"inLanguage\":\"fr-FR\",\"potentialAction\":[{\"@type\":\"ReadAction\",\"target\":[\"https:\/\/www.garciafaura.com\/fr\/productes-i-serveis-en-favor-duna-construccio-sostenible-i-respectuosa-amb-el-medi-ambient\/\"]}]},{\"@type\":\"ImageObject\",\"inLanguage\":\"fr-FR\",\"@id\":\"https:\/\/www.garciafaura.com\/fr\/productes-i-serveis-en-favor-duna-construccio-sostenible-i-respectuosa-amb-el-medi-ambient\/#primaryimage\",\"url\":\"https:\/\/www.garciafaura.com\/wp-content\/uploads\/2022\/02\/Garcia-Faura-fac\u0327ana-vidre.jpg\",\"contentUrl\":\"https:\/\/www.garciafaura.com\/wp-content\/uploads\/2022\/02\/Garcia-Faura-fac\u0327ana-vidre.jpg\",\"width\":900,\"height\":600},{\"@type\":\"BreadcrumbList\",\"@id\":\"https:\/\/www.garciafaura.com\/fr\/productes-i-serveis-en-favor-duna-construccio-sostenible-i-respectuosa-amb-el-medi-ambient\/#breadcrumb\",\"itemListElement\":[{\"@type\":\"ListItem\",\"position\":1,\"name\":\"Inici\",\"item\":\"https:\/\/www.garciafaura.com\/fr\/\"},{\"@type\":\"ListItem\",\"position\":2,\"name\":\"Produits et services pour une construction durable et respectueuse de l&#8217;environnement\"}]},{\"@type\":\"WebSite\",\"@id\":\"https:\/\/www.garciafaura.com\/fr\/#website\",\"url\":\"https:\/\/www.garciafaura.com\/fr\/\",\"name\":\"GARCIA FAURA\",\"description\":\"Arquitectura en Alumini, Inox, Ferro i Vidre\",\"publisher\":{\"@id\":\"https:\/\/www.garciafaura.com\/fr\/#organization\"},\"potentialAction\":[{\"@type\":\"SearchAction\",\"target\":{\"@type\":\"EntryPoint\",\"urlTemplate\":\"https:\/\/www.garciafaura.com\/fr\/?s={search_term_string}\"},\"query-input\":{\"@type\":\"PropertyValueSpecification\",\"valueRequired\":true,\"valueName\":\"search_term_string\"}}],\"inLanguage\":\"fr-FR\"},{\"@type\":\"Organization\",\"@id\":\"https:\/\/www.garciafaura.com\/fr\/#organization\",\"name\":\"GARCIA FAURA\",\"url\":\"https:\/\/www.garciafaura.com\/fr\/\",\"logo\":{\"@type\":\"ImageObject\",\"inLanguage\":\"fr-FR\",\"@id\":\"https:\/\/www.garciafaura.com\/fr\/#\/schema\/logo\/image\/\",\"url\":\"https:\/\/www.garciafaura.com\/wp-content\/uploads\/2018\/09\/Garcia-Faura.png\",\"contentUrl\":\"https:\/\/www.garciafaura.com\/wp-content\/uploads\/2018\/09\/Garcia-Faura.png\",\"width\":512,\"height\":512,\"caption\":\"GARCIA FAURA\"},\"image\":{\"@id\":\"https:\/\/www.garciafaura.com\/fr\/#\/schema\/logo\/image\/\"},\"sameAs\":[\"https:\/\/www.youtube.com\/user\/GARCIAFAURA\"]},{\"@type\":\"Person\",\"@id\":\"https:\/\/www.garciafaura.com\/fr\/#\/schema\/person\/b4b75e69b33fac3446071909bec106b0\",\"name\":\"David Achell\",\"image\":{\"@type\":\"ImageObject\",\"inLanguage\":\"fr-FR\",\"@id\":\"https:\/\/www.garciafaura.com\/fr\/#\/schema\/person\/image\/\",\"url\":\"https:\/\/secure.gravatar.com\/avatar\/03900210afc1f61bce737bcb4a79c02e2c997f171e3eca839b5a4cbe03846c90?s=96&d=blank&r=g\",\"contentUrl\":\"https:\/\/secure.gravatar.com\/avatar\/03900210afc1f61bce737bcb4a79c02e2c997f171e3eca839b5a4cbe03846c90?s=96&d=blank&r=g\",\"caption\":\"David Achell\"}}]}<\/script>\n<!-- \/ Yoast SEO plugin. -->","yoast_head_json":{"title":"Produits et services pour une construction durable et respectueuse de l'environnement - GARCIA FAURA","description":"Arquitectura en Alumini, Inox, Ferro i Vidre","robots":{"index":"index","follow":"follow","max-snippet":"max-snippet:-1","max-image-preview":"max-image-preview:large","max-video-preview":"max-video-preview:-1"},"canonical":"https:\/\/www.garciafaura.com\/fr\/productes-i-serveis-en-favor-duna-construccio-sostenible-i-respectuosa-amb-el-medi-ambient\/","og_locale":"fr_FR","og_type":"article","og_title":"Produits et services pour une construction durable et respectueuse de l'environnement - GARCIA FAURA","og_description":"Arquitectura en Alumini, Inox, Ferro i Vidre","og_url":"https:\/\/www.garciafaura.com\/fr\/productes-i-serveis-en-favor-duna-construccio-sostenible-i-respectuosa-amb-el-medi-ambient\/","og_site_name":"GARCIA FAURA","article_published_time":"2022-02-09T14:50:57+00:00","article_modified_time":"2022-02-09T14:58:31+00:00","og_image":[{"width":900,"height":600,"url":"https:\/\/www.garciafaura.com\/wp-content\/uploads\/2022\/02\/Garcia-Faura-fac\u0327ana-vidre.jpg","type":"image\/jpeg"}],"author":"David Achell","twitter_card":"summary_large_image","twitter_misc":{"\u00c9crit par":"David Achell","Dur\u00e9e de lecture estim\u00e9e":"2 minutes"},"schema":{"@context":"https:\/\/schema.org","@graph":[{"@type":"Article","@id":"https:\/\/www.garciafaura.com\/fr\/productes-i-serveis-en-favor-duna-construccio-sostenible-i-respectuosa-amb-el-medi-ambient\/#article","isPartOf":{"@id":"https:\/\/www.garciafaura.com\/fr\/productes-i-serveis-en-favor-duna-construccio-sostenible-i-respectuosa-amb-el-medi-ambient\/"},"author":{"name":"David Achell","@id":"https:\/\/www.garciafaura.com\/fr\/#\/schema\/person\/b4b75e69b33fac3446071909bec106b0"},"headline":"Produits et services pour une construction durable et respectueuse de l&rsquo;environnement","datePublished":"2022-02-09T14:50:57+00:00","dateModified":"2022-02-09T14:58:31+00:00","mainEntityOfPage":{"@id":"https:\/\/www.garciafaura.com\/fr\/productes-i-serveis-en-favor-duna-construccio-sostenible-i-respectuosa-amb-el-medi-ambient\/"},"wordCount":460,"publisher":{"@id":"https:\/\/www.garciafaura.com\/fr\/#organization"},"image":{"@id":"https:\/\/www.garciafaura.com\/fr\/productes-i-serveis-en-favor-duna-construccio-sostenible-i-respectuosa-amb-el-medi-ambient\/#primaryimage"},"thumbnailUrl":"https:\/\/www.garciafaura.com\/wp-content\/uploads\/2022\/02\/Garcia-Faura-fac\u0327ana-vidre.jpg","articleSection":["Actualit\u00e9"],"inLanguage":"fr-FR"},{"@type":"WebPage","@id":"https:\/\/www.garciafaura.com\/fr\/productes-i-serveis-en-favor-duna-construccio-sostenible-i-respectuosa-amb-el-medi-ambient\/","url":"https:\/\/www.garciafaura.com\/fr\/productes-i-serveis-en-favor-duna-construccio-sostenible-i-respectuosa-amb-el-medi-ambient\/","name":"Produits et services pour une construction durable et respectueuse de l'environnement - GARCIA FAURA","isPartOf":{"@id":"https:\/\/www.garciafaura.com\/fr\/#website"},"primaryImageOfPage":{"@id":"https:\/\/www.garciafaura.com\/fr\/productes-i-serveis-en-favor-duna-construccio-sostenible-i-respectuosa-amb-el-medi-ambient\/#primaryimage"},"image":{"@id":"https:\/\/www.garciafaura.com\/fr\/productes-i-serveis-en-favor-duna-construccio-sostenible-i-respectuosa-amb-el-medi-ambient\/#primaryimage"},"thumbnailUrl":"https:\/\/www.garciafaura.com\/wp-content\/uploads\/2022\/02\/Garcia-Faura-fac\u0327ana-vidre.jpg","datePublished":"2022-02-09T14:50:57+00:00","dateModified":"2022-02-09T14:58:31+00:00","description":"Arquitectura en Alumini, Inox, Ferro i Vidre","breadcrumb":{"@id":"https:\/\/www.garciafaura.com\/fr\/productes-i-serveis-en-favor-duna-construccio-sostenible-i-respectuosa-amb-el-medi-ambient\/#breadcrumb"},"inLanguage":"fr-FR","potentialAction":[{"@type":"ReadAction","target":["https:\/\/www.garciafaura.com\/fr\/productes-i-serveis-en-favor-duna-construccio-sostenible-i-respectuosa-amb-el-medi-ambient\/"]}]},{"@type":"ImageObject","inLanguage":"fr-FR","@id":"https:\/\/www.garciafaura.com\/fr\/productes-i-serveis-en-favor-duna-construccio-sostenible-i-respectuosa-amb-el-medi-ambient\/#primaryimage","url":"https:\/\/www.garciafaura.com\/wp-content\/uploads\/2022\/02\/Garcia-Faura-fac\u0327ana-vidre.jpg","contentUrl":"https:\/\/www.garciafaura.com\/wp-content\/uploads\/2022\/02\/Garcia-Faura-fac\u0327ana-vidre.jpg","width":900,"height":600},{"@type":"BreadcrumbList","@id":"https:\/\/www.garciafaura.com\/fr\/productes-i-serveis-en-favor-duna-construccio-sostenible-i-respectuosa-amb-el-medi-ambient\/#breadcrumb","itemListElement":[{"@type":"ListItem","position":1,"name":"Inici","item":"https:\/\/www.garciafaura.com\/fr\/"},{"@type":"ListItem","position":2,"name":"Produits et services pour une construction durable et respectueuse de l&#8217;environnement"}]},{"@type":"WebSite","@id":"https:\/\/www.garciafaura.com\/fr\/#website","url":"https:\/\/www.garciafaura.com\/fr\/","name":"GARCIA FAURA","description":"Arquitectura en Alumini, Inox, Ferro i Vidre","publisher":{"@id":"https:\/\/www.garciafaura.com\/fr\/#organization"},"potentialAction":[{"@type":"SearchAction","target":{"@type":"EntryPoint","urlTemplate":"https:\/\/www.garciafaura.com\/fr\/?s={search_term_string}"},"query-input":{"@type":"PropertyValueSpecification","valueRequired":true,"valueName":"search_term_string"}}],"inLanguage":"fr-FR"},{"@type":"Organization","@id":"https:\/\/www.garciafaura.com\/fr\/#organization","name":"GARCIA FAURA","url":"https:\/\/www.garciafaura.com\/fr\/","logo":{"@type":"ImageObject","inLanguage":"fr-FR","@id":"https:\/\/www.garciafaura.com\/fr\/#\/schema\/logo\/image\/","url":"https:\/\/www.garciafaura.com\/wp-content\/uploads\/2018\/09\/Garcia-Faura.png","contentUrl":"https:\/\/www.garciafaura.com\/wp-content\/uploads\/2018\/09\/Garcia-Faura.png","width":512,"height":512,"caption":"GARCIA FAURA"},"image":{"@id":"https:\/\/www.garciafaura.com\/fr\/#\/schema\/logo\/image\/"},"sameAs":["https:\/\/www.youtube.com\/user\/GARCIAFAURA"]},{"@type":"Person","@id":"https:\/\/www.garciafaura.com\/fr\/#\/schema\/person\/b4b75e69b33fac3446071909bec106b0","name":"David Achell","image":{"@type":"ImageObject","inLanguage":"fr-FR","@id":"https:\/\/www.garciafaura.com\/fr\/#\/schema\/person\/image\/","url":"https:\/\/secure.gravatar.com\/avatar\/03900210afc1f61bce737bcb4a79c02e2c997f171e3eca839b5a4cbe03846c90?s=96&d=blank&r=g","contentUrl":"https:\/\/secure.gravatar.com\/avatar\/03900210afc1f61bce737bcb4a79c02e2c997f171e3eca839b5a4cbe03846c90?s=96&d=blank&r=g","caption":"David Achell"}}]}},"_links":{"self":[{"href":"https:\/\/www.garciafaura.com\/fr\/wp-json\/wp\/v2\/posts\/29059","targetHints":{"allow":["GET"]}}],"collection":[{"href":"https:\/\/www.garciafaura.com\/fr\/wp-json\/wp\/v2\/posts"}],"about":[{"href":"https:\/\/www.garciafaura.com\/fr\/wp-json\/wp\/v2\/types\/post"}],"author":[{"embeddable":true,"href":"https:\/\/www.garciafaura.com\/fr\/wp-json\/wp\/v2\/users\/3"}],"replies":[{"embeddable":true,"href":"https:\/\/www.garciafaura.com\/fr\/wp-json\/wp\/v2\/comments?post=29059"}],"version-history":[{"count":2,"href":"https:\/\/www.garciafaura.com\/fr\/wp-json\/wp\/v2\/posts\/29059\/revisions"}],"predecessor-version":[{"id":29064,"href":"https:\/\/www.garciafaura.com\/fr\/wp-json\/wp\/v2\/posts\/29059\/revisions\/29064"}],"wp:featuredmedia":[{"embeddable":true,"href":"https:\/\/www.garciafaura.com\/fr\/wp-json\/wp\/v2\/media\/29056"}],"wp:attachment":[{"href":"https:\/\/www.garciafaura.com\/fr\/wp-json\/wp\/v2\/media?parent=29059"}],"wp:term":[{"taxonomy":"category","embeddable":true,"href":"https:\/\/www.garciafaura.com\/fr\/wp-json\/wp\/v2\/categories?post=29059"},{"taxonomy":"post_tag","embeddable":true,"href":"https:\/\/www.garciafaura.com\/fr\/wp-json\/wp\/v2\/tags?post=29059"},{"taxonomy":"post_series","embeddable":true,"href":"https:\/\/www.garciafaura.com\/fr\/wp-json\/wp\/v2\/post_series?post=29059"}],"curies":[{"name":"wp","href":"https:\/\/api.w.org\/{rel}","templated":true}]}}