{"id":28972,"date":"2022-01-27T16:19:21","date_gmt":"2022-01-27T14:19:21","guid":{"rendered":"https:\/\/www.garciafaura.com\/garcia-faura-interve-en-lampliacio-de-les-oficines-centrals-de-lidl-a-espanya\/"},"modified":"2022-01-27T16:27:53","modified_gmt":"2022-01-27T14:27:53","slug":"garcia-faura-interve-en-lampliacio-de-les-oficines-centrals-de-lidl-a-espanya","status":"publish","type":"post","link":"https:\/\/www.garciafaura.com\/fr\/garcia-faura-interve-en-lampliacio-de-les-oficines-centrals-de-lidl-a-espanya\/","title":{"rendered":"GARCIA FAURA participe \u00e0 l&rsquo;agrandissement du si\u00e8ge social de Lidl en Espagne"},"content":{"rendered":"<p style=\"text-align: justify;\"><strong>GARCIA FAURA participe \u00e0 l&rsquo;agrandissement du si\u00e8ge de Lidl en Espagne, situ\u00e9 \u00e0 Montcada i Reixac (Barcelone). Les travaux permettront de quasiment doubler la surface du b\u00e2timent (de 15.000 \u00e0 27.000 m<sup>2<\/sup>) et devraient s&rsquo;achever \u00e0 l&rsquo;\u00e9t\u00e9 2022.<\/strong><\/p>\n<p style=\"text-align: justify;\">Pour ce projet, <strong>GARCIA FAURA<\/strong> ex\u00e9cute la fabrication et l&rsquo;installation de 850 m\u00e8tres carr\u00e9s de mur-rideau et de 1.090 m\u00e8tres carr\u00e9s de menuiseries m\u00e9talliques. Ces travaux sont compl\u00e9t\u00e9s par la fourniture et pose de 32 portes manuelles et automatiques pour l&rsquo;ensemble des installations.<\/p>\n<p style=\"text-align: justify;\">La participation de <strong>GARCIA FAURA<\/strong> au projet comprend \u00e9galement l&rsquo;installation de 1.500 m\u00e8tres carr\u00e9s de lames de protection solaire (manuelles et motoris\u00e9es) et les travaux de bardage de fa\u00e7ade en panneau composite, soit plus de 2.000 m\u00e8tres carr\u00e9s.<\/p>\n<p style=\"text-align: justify;\">Une fois les travaux termin\u00e9s, <strong>Lidl<\/strong> souligne que le nouveau centre de travail dans ces bureaux (d&rsquo;o\u00f9 il g\u00e8re son activit\u00e9 en Espagne), aura une capacit\u00e9 d&rsquo;accueil de plus d&rsquo;un millier de travailleurs.<\/p>\n<p style=\"text-align: justify;\"><strong>Lidl<\/strong> compte plus de 630 points de vente et onze plateformes logistiques en Espagne. D&rsquo;ici 2024, la multinationale allemande investira 1,5 milliard d&rsquo;euros dans l&rsquo;\u00c9tat pour ouvrir 120 magasins et quatre entrep\u00f4ts.<\/p>\n","protected":false},"excerpt":{"rendered":"<p>GARCIA FAURA participe \u00e0 l&rsquo;agrandissement du si\u00e8ge de Lidl en Espagne, situ\u00e9 \u00e0 Montcada i Reixac (Barcelone). Les travaux permettront de quasiment doubler la surface du b\u00e2timent (de 15.000 \u00e0 27.000 m2) et devraient s&rsquo;achever \u00e0 l&rsquo;\u00e9t\u00e9 2022. Pour ce&hellip;<\/p>\n","protected":false},"author":3,"featured_media":28967,"comment_status":"closed","ping_status":"open","sticky":false,"template":"","format":"gallery","meta":{"footnotes":""},"categories":[2],"tags":[],"post_series":[],"class_list":["post-28972","post","type-post","status-publish","format-gallery","has-post-thumbnail","hentry","category-actualite","post_format-post-format-gallery","entry","has-media"],"yoast_head":"<!-- This site is optimized with the Yoast SEO plugin v26.7 - https:\/\/yoast.com\/wordpress\/plugins\/seo\/ -->\n<title>GARCIA FAURA participe \u00e0 l&#039;agrandissement du si\u00e8ge social de Lidl en Espagne - GARCIA FAURA<\/title>\n<meta name=\"description\" content=\"Arquitectura en Alumini, Inox, Ferro i Vidre\" \/>\n<meta name=\"robots\" content=\"index, follow, max-snippet:-1, max-image-preview:large, max-video-preview:-1\" \/>\n<link rel=\"canonical\" href=\"https:\/\/www.garciafaura.com\/fr\/garcia-faura-interve-en-lampliacio-de-les-oficines-centrals-de-lidl-a-espanya\/\" \/>\n<meta property=\"og:locale\" content=\"fr_FR\" \/>\n<meta property=\"og:type\" content=\"article\" \/>\n<meta property=\"og:title\" content=\"GARCIA FAURA participe \u00e0 l&#039;agrandissement du si\u00e8ge social de Lidl en Espagne - GARCIA FAURA\" \/>\n<meta property=\"og:description\" content=\"Arquitectura en Alumini, Inox, Ferro i Vidre\" \/>\n<meta property=\"og:url\" content=\"https:\/\/www.garciafaura.com\/fr\/garcia-faura-interve-en-lampliacio-de-les-oficines-centrals-de-lidl-a-espanya\/\" \/>\n<meta property=\"og:site_name\" content=\"GARCIA FAURA\" \/>\n<meta property=\"article:published_time\" content=\"2022-01-27T14:19:21+00:00\" \/>\n<meta property=\"article:modified_time\" content=\"2022-01-27T14:27:53+00:00\" \/>\n<meta property=\"og:image\" content=\"https:\/\/www.garciafaura.com\/wp-content\/uploads\/2022\/01\/Oficines-centrals-Lidl-06.png\" \/>\n\t<meta property=\"og:image:width\" content=\"1219\" \/>\n\t<meta property=\"og:image:height\" content=\"686\" \/>\n\t<meta property=\"og:image:type\" content=\"image\/png\" \/>\n<meta name=\"author\" content=\"David Achell\" \/>\n<meta name=\"twitter:card\" content=\"summary_large_image\" \/>\n<meta name=\"twitter:label1\" content=\"\u00c9crit par\" \/>\n\t<meta name=\"twitter:data1\" content=\"David Achell\" \/>\n\t<meta name=\"twitter:label2\" content=\"Dur\u00e9e de lecture estim\u00e9e\" \/>\n\t<meta name=\"twitter:data2\" content=\"2 minutes\" \/>\n<script type=\"application\/ld+json\" class=\"yoast-schema-graph\">{\"@context\":\"https:\/\/schema.org\",\"@graph\":[{\"@type\":\"Article\",\"@id\":\"https:\/\/www.garciafaura.com\/fr\/garcia-faura-interve-en-lampliacio-de-les-oficines-centrals-de-lidl-a-espanya\/#article\",\"isPartOf\":{\"@id\":\"https:\/\/www.garciafaura.com\/fr\/garcia-faura-interve-en-lampliacio-de-les-oficines-centrals-de-lidl-a-espanya\/\"},\"author\":{\"name\":\"David Achell\",\"@id\":\"https:\/\/www.garciafaura.com\/fr\/#\/schema\/person\/b4b75e69b33fac3446071909bec106b0\"},\"headline\":\"GARCIA FAURA participe \u00e0 l&rsquo;agrandissement du si\u00e8ge social de Lidl en Espagne\",\"datePublished\":\"2022-01-27T14:19:21+00:00\",\"dateModified\":\"2022-01-27T14:27:53+00:00\",\"mainEntityOfPage\":{\"@id\":\"https:\/\/www.garciafaura.com\/fr\/garcia-faura-interve-en-lampliacio-de-les-oficines-centrals-de-lidl-a-espanya\/\"},\"wordCount\":212,\"publisher\":{\"@id\":\"https:\/\/www.garciafaura.com\/fr\/#organization\"},\"image\":{\"@id\":\"https:\/\/www.garciafaura.com\/fr\/garcia-faura-interve-en-lampliacio-de-les-oficines-centrals-de-lidl-a-espanya\/#primaryimage\"},\"thumbnailUrl\":\"https:\/\/www.garciafaura.com\/wp-content\/uploads\/2022\/01\/Oficines-centrals-Lidl-06.png\",\"articleSection\":[\"Actualit\u00e9\"],\"inLanguage\":\"fr-FR\"},{\"@type\":\"WebPage\",\"@id\":\"https:\/\/www.garciafaura.com\/fr\/garcia-faura-interve-en-lampliacio-de-les-oficines-centrals-de-lidl-a-espanya\/\",\"url\":\"https:\/\/www.garciafaura.com\/fr\/garcia-faura-interve-en-lampliacio-de-les-oficines-centrals-de-lidl-a-espanya\/\",\"name\":\"GARCIA FAURA participe \u00e0 l'agrandissement du si\u00e8ge social de Lidl en Espagne - GARCIA FAURA\",\"isPartOf\":{\"@id\":\"https:\/\/www.garciafaura.com\/fr\/#website\"},\"primaryImageOfPage\":{\"@id\":\"https:\/\/www.garciafaura.com\/fr\/garcia-faura-interve-en-lampliacio-de-les-oficines-centrals-de-lidl-a-espanya\/#primaryimage\"},\"image\":{\"@id\":\"https:\/\/www.garciafaura.com\/fr\/garcia-faura-interve-en-lampliacio-de-les-oficines-centrals-de-lidl-a-espanya\/#primaryimage\"},\"thumbnailUrl\":\"https:\/\/www.garciafaura.com\/wp-content\/uploads\/2022\/01\/Oficines-centrals-Lidl-06.png\",\"datePublished\":\"2022-01-27T14:19:21+00:00\",\"dateModified\":\"2022-01-27T14:27:53+00:00\",\"description\":\"Arquitectura en Alumini, Inox, Ferro i Vidre\",\"breadcrumb\":{\"@id\":\"https:\/\/www.garciafaura.com\/fr\/garcia-faura-interve-en-lampliacio-de-les-oficines-centrals-de-lidl-a-espanya\/#breadcrumb\"},\"inLanguage\":\"fr-FR\",\"potentialAction\":[{\"@type\":\"ReadAction\",\"target\":[\"https:\/\/www.garciafaura.com\/fr\/garcia-faura-interve-en-lampliacio-de-les-oficines-centrals-de-lidl-a-espanya\/\"]}]},{\"@type\":\"ImageObject\",\"inLanguage\":\"fr-FR\",\"@id\":\"https:\/\/www.garciafaura.com\/fr\/garcia-faura-interve-en-lampliacio-de-les-oficines-centrals-de-lidl-a-espanya\/#primaryimage\",\"url\":\"https:\/\/www.garciafaura.com\/wp-content\/uploads\/2022\/01\/Oficines-centrals-Lidl-06.png\",\"contentUrl\":\"https:\/\/www.garciafaura.com\/wp-content\/uploads\/2022\/01\/Oficines-centrals-Lidl-06.png\",\"width\":1219,\"height\":686,\"caption\":\"Si\u00e8ge de Lidl\"},{\"@type\":\"BreadcrumbList\",\"@id\":\"https:\/\/www.garciafaura.com\/fr\/garcia-faura-interve-en-lampliacio-de-les-oficines-centrals-de-lidl-a-espanya\/#breadcrumb\",\"itemListElement\":[{\"@type\":\"ListItem\",\"position\":1,\"name\":\"Inici\",\"item\":\"https:\/\/www.garciafaura.com\/fr\/\"},{\"@type\":\"ListItem\",\"position\":2,\"name\":\"GARCIA FAURA participe \u00e0 l&#8217;agrandissement du si\u00e8ge social de Lidl en Espagne\"}]},{\"@type\":\"WebSite\",\"@id\":\"https:\/\/www.garciafaura.com\/fr\/#website\",\"url\":\"https:\/\/www.garciafaura.com\/fr\/\",\"name\":\"GARCIA FAURA\",\"description\":\"Arquitectura en Alumini, Inox, Ferro i Vidre\",\"publisher\":{\"@id\":\"https:\/\/www.garciafaura.com\/fr\/#organization\"},\"potentialAction\":[{\"@type\":\"SearchAction\",\"target\":{\"@type\":\"EntryPoint\",\"urlTemplate\":\"https:\/\/www.garciafaura.com\/fr\/?s={search_term_string}\"},\"query-input\":{\"@type\":\"PropertyValueSpecification\",\"valueRequired\":true,\"valueName\":\"search_term_string\"}}],\"inLanguage\":\"fr-FR\"},{\"@type\":\"Organization\",\"@id\":\"https:\/\/www.garciafaura.com\/fr\/#organization\",\"name\":\"GARCIA FAURA\",\"url\":\"https:\/\/www.garciafaura.com\/fr\/\",\"logo\":{\"@type\":\"ImageObject\",\"inLanguage\":\"fr-FR\",\"@id\":\"https:\/\/www.garciafaura.com\/fr\/#\/schema\/logo\/image\/\",\"url\":\"https:\/\/www.garciafaura.com\/wp-content\/uploads\/2018\/09\/Garcia-Faura.png\",\"contentUrl\":\"https:\/\/www.garciafaura.com\/wp-content\/uploads\/2018\/09\/Garcia-Faura.png\",\"width\":512,\"height\":512,\"caption\":\"GARCIA FAURA\"},\"image\":{\"@id\":\"https:\/\/www.garciafaura.com\/fr\/#\/schema\/logo\/image\/\"},\"sameAs\":[\"https:\/\/www.youtube.com\/user\/GARCIAFAURA\"]},{\"@type\":\"Person\",\"@id\":\"https:\/\/www.garciafaura.com\/fr\/#\/schema\/person\/b4b75e69b33fac3446071909bec106b0\",\"name\":\"David Achell\",\"image\":{\"@type\":\"ImageObject\",\"inLanguage\":\"fr-FR\",\"@id\":\"https:\/\/www.garciafaura.com\/fr\/#\/schema\/person\/image\/\",\"url\":\"https:\/\/secure.gravatar.com\/avatar\/03900210afc1f61bce737bcb4a79c02e2c997f171e3eca839b5a4cbe03846c90?s=96&d=blank&r=g\",\"contentUrl\":\"https:\/\/secure.gravatar.com\/avatar\/03900210afc1f61bce737bcb4a79c02e2c997f171e3eca839b5a4cbe03846c90?s=96&d=blank&r=g\",\"caption\":\"David Achell\"}}]}<\/script>\n<!-- \/ Yoast SEO plugin. -->","yoast_head_json":{"title":"GARCIA FAURA participe \u00e0 l'agrandissement du si\u00e8ge social de Lidl en Espagne - GARCIA FAURA","description":"Arquitectura en Alumini, Inox, Ferro i Vidre","robots":{"index":"index","follow":"follow","max-snippet":"max-snippet:-1","max-image-preview":"max-image-preview:large","max-video-preview":"max-video-preview:-1"},"canonical":"https:\/\/www.garciafaura.com\/fr\/garcia-faura-interve-en-lampliacio-de-les-oficines-centrals-de-lidl-a-espanya\/","og_locale":"fr_FR","og_type":"article","og_title":"GARCIA FAURA participe \u00e0 l'agrandissement du si\u00e8ge social de Lidl en Espagne - GARCIA FAURA","og_description":"Arquitectura en Alumini, Inox, Ferro i Vidre","og_url":"https:\/\/www.garciafaura.com\/fr\/garcia-faura-interve-en-lampliacio-de-les-oficines-centrals-de-lidl-a-espanya\/","og_site_name":"GARCIA FAURA","article_published_time":"2022-01-27T14:19:21+00:00","article_modified_time":"2022-01-27T14:27:53+00:00","og_image":[{"width":1219,"height":686,"url":"https:\/\/www.garciafaura.com\/wp-content\/uploads\/2022\/01\/Oficines-centrals-Lidl-06.png","type":"image\/png"}],"author":"David Achell","twitter_card":"summary_large_image","twitter_misc":{"\u00c9crit par":"David Achell","Dur\u00e9e de lecture estim\u00e9e":"2 minutes"},"schema":{"@context":"https:\/\/schema.org","@graph":[{"@type":"Article","@id":"https:\/\/www.garciafaura.com\/fr\/garcia-faura-interve-en-lampliacio-de-les-oficines-centrals-de-lidl-a-espanya\/#article","isPartOf":{"@id":"https:\/\/www.garciafaura.com\/fr\/garcia-faura-interve-en-lampliacio-de-les-oficines-centrals-de-lidl-a-espanya\/"},"author":{"name":"David Achell","@id":"https:\/\/www.garciafaura.com\/fr\/#\/schema\/person\/b4b75e69b33fac3446071909bec106b0"},"headline":"GARCIA FAURA participe \u00e0 l&rsquo;agrandissement du si\u00e8ge social de Lidl en Espagne","datePublished":"2022-01-27T14:19:21+00:00","dateModified":"2022-01-27T14:27:53+00:00","mainEntityOfPage":{"@id":"https:\/\/www.garciafaura.com\/fr\/garcia-faura-interve-en-lampliacio-de-les-oficines-centrals-de-lidl-a-espanya\/"},"wordCount":212,"publisher":{"@id":"https:\/\/www.garciafaura.com\/fr\/#organization"},"image":{"@id":"https:\/\/www.garciafaura.com\/fr\/garcia-faura-interve-en-lampliacio-de-les-oficines-centrals-de-lidl-a-espanya\/#primaryimage"},"thumbnailUrl":"https:\/\/www.garciafaura.com\/wp-content\/uploads\/2022\/01\/Oficines-centrals-Lidl-06.png","articleSection":["Actualit\u00e9"],"inLanguage":"fr-FR"},{"@type":"WebPage","@id":"https:\/\/www.garciafaura.com\/fr\/garcia-faura-interve-en-lampliacio-de-les-oficines-centrals-de-lidl-a-espanya\/","url":"https:\/\/www.garciafaura.com\/fr\/garcia-faura-interve-en-lampliacio-de-les-oficines-centrals-de-lidl-a-espanya\/","name":"GARCIA FAURA participe \u00e0 l'agrandissement du si\u00e8ge social de Lidl en Espagne - GARCIA FAURA","isPartOf":{"@id":"https:\/\/www.garciafaura.com\/fr\/#website"},"primaryImageOfPage":{"@id":"https:\/\/www.garciafaura.com\/fr\/garcia-faura-interve-en-lampliacio-de-les-oficines-centrals-de-lidl-a-espanya\/#primaryimage"},"image":{"@id":"https:\/\/www.garciafaura.com\/fr\/garcia-faura-interve-en-lampliacio-de-les-oficines-centrals-de-lidl-a-espanya\/#primaryimage"},"thumbnailUrl":"https:\/\/www.garciafaura.com\/wp-content\/uploads\/2022\/01\/Oficines-centrals-Lidl-06.png","datePublished":"2022-01-27T14:19:21+00:00","dateModified":"2022-01-27T14:27:53+00:00","description":"Arquitectura en Alumini, Inox, Ferro i Vidre","breadcrumb":{"@id":"https:\/\/www.garciafaura.com\/fr\/garcia-faura-interve-en-lampliacio-de-les-oficines-centrals-de-lidl-a-espanya\/#breadcrumb"},"inLanguage":"fr-FR","potentialAction":[{"@type":"ReadAction","target":["https:\/\/www.garciafaura.com\/fr\/garcia-faura-interve-en-lampliacio-de-les-oficines-centrals-de-lidl-a-espanya\/"]}]},{"@type":"ImageObject","inLanguage":"fr-FR","@id":"https:\/\/www.garciafaura.com\/fr\/garcia-faura-interve-en-lampliacio-de-les-oficines-centrals-de-lidl-a-espanya\/#primaryimage","url":"https:\/\/www.garciafaura.com\/wp-content\/uploads\/2022\/01\/Oficines-centrals-Lidl-06.png","contentUrl":"https:\/\/www.garciafaura.com\/wp-content\/uploads\/2022\/01\/Oficines-centrals-Lidl-06.png","width":1219,"height":686,"caption":"Si\u00e8ge de Lidl"},{"@type":"BreadcrumbList","@id":"https:\/\/www.garciafaura.com\/fr\/garcia-faura-interve-en-lampliacio-de-les-oficines-centrals-de-lidl-a-espanya\/#breadcrumb","itemListElement":[{"@type":"ListItem","position":1,"name":"Inici","item":"https:\/\/www.garciafaura.com\/fr\/"},{"@type":"ListItem","position":2,"name":"GARCIA FAURA participe \u00e0 l&#8217;agrandissement du si\u00e8ge social de Lidl en Espagne"}]},{"@type":"WebSite","@id":"https:\/\/www.garciafaura.com\/fr\/#website","url":"https:\/\/www.garciafaura.com\/fr\/","name":"GARCIA FAURA","description":"Arquitectura en Alumini, Inox, Ferro i Vidre","publisher":{"@id":"https:\/\/www.garciafaura.com\/fr\/#organization"},"potentialAction":[{"@type":"SearchAction","target":{"@type":"EntryPoint","urlTemplate":"https:\/\/www.garciafaura.com\/fr\/?s={search_term_string}"},"query-input":{"@type":"PropertyValueSpecification","valueRequired":true,"valueName":"search_term_string"}}],"inLanguage":"fr-FR"},{"@type":"Organization","@id":"https:\/\/www.garciafaura.com\/fr\/#organization","name":"GARCIA FAURA","url":"https:\/\/www.garciafaura.com\/fr\/","logo":{"@type":"ImageObject","inLanguage":"fr-FR","@id":"https:\/\/www.garciafaura.com\/fr\/#\/schema\/logo\/image\/","url":"https:\/\/www.garciafaura.com\/wp-content\/uploads\/2018\/09\/Garcia-Faura.png","contentUrl":"https:\/\/www.garciafaura.com\/wp-content\/uploads\/2018\/09\/Garcia-Faura.png","width":512,"height":512,"caption":"GARCIA FAURA"},"image":{"@id":"https:\/\/www.garciafaura.com\/fr\/#\/schema\/logo\/image\/"},"sameAs":["https:\/\/www.youtube.com\/user\/GARCIAFAURA"]},{"@type":"Person","@id":"https:\/\/www.garciafaura.com\/fr\/#\/schema\/person\/b4b75e69b33fac3446071909bec106b0","name":"David Achell","image":{"@type":"ImageObject","inLanguage":"fr-FR","@id":"https:\/\/www.garciafaura.com\/fr\/#\/schema\/person\/image\/","url":"https:\/\/secure.gravatar.com\/avatar\/03900210afc1f61bce737bcb4a79c02e2c997f171e3eca839b5a4cbe03846c90?s=96&d=blank&r=g","contentUrl":"https:\/\/secure.gravatar.com\/avatar\/03900210afc1f61bce737bcb4a79c02e2c997f171e3eca839b5a4cbe03846c90?s=96&d=blank&r=g","caption":"David Achell"}}]}},"_links":{"self":[{"href":"https:\/\/www.garciafaura.com\/fr\/wp-json\/wp\/v2\/posts\/28972","targetHints":{"allow":["GET"]}}],"collection":[{"href":"https:\/\/www.garciafaura.com\/fr\/wp-json\/wp\/v2\/posts"}],"about":[{"href":"https:\/\/www.garciafaura.com\/fr\/wp-json\/wp\/v2\/types\/post"}],"author":[{"embeddable":true,"href":"https:\/\/www.garciafaura.com\/fr\/wp-json\/wp\/v2\/users\/3"}],"replies":[{"embeddable":true,"href":"https:\/\/www.garciafaura.com\/fr\/wp-json\/wp\/v2\/comments?post=28972"}],"version-history":[{"count":2,"href":"https:\/\/www.garciafaura.com\/fr\/wp-json\/wp\/v2\/posts\/28972\/revisions"}],"predecessor-version":[{"id":28977,"href":"https:\/\/www.garciafaura.com\/fr\/wp-json\/wp\/v2\/posts\/28972\/revisions\/28977"}],"wp:featuredmedia":[{"embeddable":true,"href":"https:\/\/www.garciafaura.com\/fr\/wp-json\/wp\/v2\/media\/28967"}],"wp:attachment":[{"href":"https:\/\/www.garciafaura.com\/fr\/wp-json\/wp\/v2\/media?parent=28972"}],"wp:term":[{"taxonomy":"category","embeddable":true,"href":"https:\/\/www.garciafaura.com\/fr\/wp-json\/wp\/v2\/categories?post=28972"},{"taxonomy":"post_tag","embeddable":true,"href":"https:\/\/www.garciafaura.com\/fr\/wp-json\/wp\/v2\/tags?post=28972"},{"taxonomy":"post_series","embeddable":true,"href":"https:\/\/www.garciafaura.com\/fr\/wp-json\/wp\/v2\/post_series?post=28972"}],"curies":[{"name":"wp","href":"https:\/\/api.w.org\/{rel}","templated":true}]}}