{"id":28900,"date":"2022-01-11T10:00:09","date_gmt":"2022-01-11T08:00:09","guid":{"rendered":"https:\/\/www.garciafaura.com\/?p=28900"},"modified":"2022-01-10T16:52:08","modified_gmt":"2022-01-10T14:52:08","slug":"tancaments-i-mur-cortina-de-garcia-faura-al-nou-centre-logistic-damazon-a-figueres","status":"publish","type":"post","link":"https:\/\/www.garciafaura.com\/fr\/tancaments-i-mur-cortina-de-garcia-faura-al-nou-centre-logistic-damazon-a-figueres\/","title":{"rendered":"Menuiseries et mur rideau de GARCIA FAURA au nouveau centre logistique Amazon \u00e0 Figueres"},"content":{"rendered":"<p id=\"E224\" class=\"qowt-stl-paragraph x-scope qowt-word-para-1\" style=\"text-align: justify;\"><strong><span id=\"E225\" class=\"qowt-font3-Arial\">L&rsquo;entreprise est impliqu\u00e9e dans la construction du nouveau centre logistique d&rsquo;Amazon \u00e0 Far d&rsquo;Empord\u00e0 (G\u00e9rone), \u00e0 \u200b\u200bune courte distance de Figueres, qui devrait \u00eatre op\u00e9r<\/span><span id=\"E226\" class=\"qowt-font3-Arial\">ationnel au cours du premier trimestre de cette ann\u00e9e.<\/span><\/strong><\/p>\n<p id=\"E227\" class=\"qowt-stl-paragraph x-scope qowt-word-para-2\" style=\"text-align: justify;\"><span id=\"E228\" class=\"qowt-font3-Arial\">Lanc\u00e9 au printemps dernier, le centre logistique compte plus de 160<\/span><span id=\"E229\" class=\"qowt-font3-Arial\">.<\/span><span id=\"E230\" class=\"qowt-font3-Arial\">000 m\u00e8tres carr\u00e9s et est situ\u00e9 dans la zone industrielle Logis Empord\u00e0. Il devrait g\u00e9n\u00e9rer environ 200 emplois.<\/span><\/p>\n<p id=\"E231\" class=\"qowt-stl-paragraph x-scope qowt-word-para-2\" style=\"text-align: justify;\"><span id=\"E232\" class=\"qowt-font3-Arial\">Pour ce projet, <strong>G<\/strong><\/span><strong><span id=\"E233\" class=\"qowt-font3-Arial\">ARCIA <\/span><\/strong><span id=\"E234\" class=\"qowt-font3-Arial\"><strong>FAURA<\/strong> a fabriqu\u00e9 et install<\/span><span id=\"E235\" class=\"qowt-font3-Arial\">\u00e9<\/span><span id=\"E236\" class=\"qowt-font3-Arial\"> 1<\/span><span id=\"E237\" class=\"qowt-font3-Arial\">.<\/span><span id=\"E238\" class=\"qowt-font3-Arial\">600 m\u00e8tres carr\u00e9s d<\/span><span id=\"E239\" class=\"qowt-font3-Arial\">e menuiseries<\/span><span id=\"E240\" class=\"qowt-font3-Arial\"> fixes en aluminium et <\/span><span id=\"E241\" class=\"qowt-font3-Arial\">vitra<\/span><span id=\"E242\" class=\"qowt-font3-Arial\">ge<\/span><span id=\"E243\" class=\"qowt-font3-Arial\">, r\u00e9alis\u00e9es \u00e0 partir d&rsquo;un syst\u00e8me industriel offrant de grandes performances thermiques et acoustiques.<\/span><\/p>\n<p id=\"E244\" class=\"qowt-stl-paragraph x-scope qowt-word-para-2\" style=\"text-align: justify;\"><span id=\"E245\" class=\"qowt-font3-Arial\">Il existe \u00e9galement 30 unit\u00e9s<\/span><span id=\"E246\" class=\"qowt-font3-Arial\"> de menuiseries <\/span><span id=\"E247\" class=\"qowt-font3-Arial\">motoris\u00e9es, dans ce<\/span><span id=\"E248\" class=\"qowt-font3-Arial\"> cas avec un syst\u00e8me de profil<\/span><span id=\"E249\" class=\"qowt-font3-Arial\">s<\/span><span id=\"E250\" class=\"qowt-font3-Arial\"> industriel,<\/span><span id=\"E251\" class=\"qowt-font3-Arial\"> <\/span><span id=\"E252\" class=\"qowt-font3-Arial\">qui offre des caract\u00e9ristiques d&rsquo;isolation qui contribuent \u00e0 r\u00e9duire la consommation d&rsquo;\u00e9nergie de l&rsquo;installation.<\/span><\/p>\n<p id=\"E253\" class=\"qowt-stl-paragraph x-scope qowt-word-para-2\" style=\"text-align: justify;\"><span id=\"E254\" class=\"qowt-font3-Arial\">Enfin, <strong>GARCIA FAURA<\/strong> a \u00e9galement \u00e9quip\u00e9 le centre logistique Amazon de Figueres d&rsquo;un mur-rideau de<\/span><span id=\"E255\" class=\"qowt-font3-Arial\"> 360 \u200b\u200bm\u00e8tres carr\u00e9s avec un syst\u00e8me de fa\u00e7ade l\u00e9g\u00e8re et dix portes d&rsquo;acc\u00e8s en aluminium et v<\/span><span id=\"E256\" class=\"qowt-font3-Arial\">itrage.<\/span><\/p>\n<p id=\"E257\" class=\"qowt-stl-paragraph x-scope qowt-word-para-2\" style=\"text-align: justify;\"><span id=\"E258\" class=\"qowt-font3-Arial\">L&rsquo;entrep\u00f4t sera l&rsquo;un des centres de r\u00e9f\u00e9rence d&rsquo;Amazon non seulement en Espagne, mais aussi dans le sud de la France. Avec elle, la soci\u00e9t\u00e9 am\u00e9ricaine dispose<\/span><span id=\"E259\" class=\"qowt-font3-Arial\">ra de plus de 30 centres dans l&rsquo;\u00c9tat, dont un tiers en Catalogne.<\/span><\/p>\n","protected":false},"excerpt":{"rendered":"<p>L&rsquo;entreprise est impliqu\u00e9e dans la construction du nouveau centre logistique d&rsquo;Amazon \u00e0 Far d&rsquo;Empord\u00e0 (G\u00e9rone), \u00e0 \u200b\u200bune courte distance de Figueres, qui devrait \u00eatre op\u00e9rationnel au cours du premier trimestre de cette ann\u00e9e. Lanc\u00e9 au printemps dernier, le centre logistique&hellip;<\/p>\n","protected":false},"author":3,"featured_media":28918,"comment_status":"closed","ping_status":"open","sticky":false,"template":"","format":"gallery","meta":{"footnotes":""},"categories":[2],"tags":[],"post_series":[],"class_list":["post-28900","post","type-post","status-publish","format-gallery","has-post-thumbnail","hentry","category-actualite","post_format-post-format-gallery","entry","has-media"],"yoast_head":"<!-- This site is optimized with the Yoast SEO plugin v26.7 - https:\/\/yoast.com\/wordpress\/plugins\/seo\/ -->\n<title>Menuiseries et mur rideau de GARCIA FAURA au nouveau centre logistique Amazon \u00e0 Figueres - GARCIA FAURA<\/title>\n<meta name=\"description\" content=\"Arquitectura en Alumini, Inox, Ferro i Vidre\" \/>\n<meta name=\"robots\" content=\"index, follow, max-snippet:-1, max-image-preview:large, max-video-preview:-1\" \/>\n<link rel=\"canonical\" href=\"https:\/\/www.garciafaura.com\/tancaments-i-mur-cortina-de-garcia-faura-al-nou-centre-logistic-damazon-a-figueres\/\" \/>\n<meta property=\"og:locale\" content=\"fr_FR\" \/>\n<meta property=\"og:type\" content=\"article\" \/>\n<meta property=\"og:title\" content=\"Menuiseries et mur rideau de GARCIA FAURA au nouveau centre logistique Amazon \u00e0 Figueres - GARCIA FAURA\" \/>\n<meta property=\"og:description\" content=\"Arquitectura en Alumini, Inox, Ferro i Vidre\" \/>\n<meta property=\"og:url\" content=\"https:\/\/www.garciafaura.com\/tancaments-i-mur-cortina-de-garcia-faura-al-nou-centre-logistic-damazon-a-figueres\/\" \/>\n<meta property=\"og:site_name\" content=\"GARCIA FAURA\" \/>\n<meta property=\"article:published_time\" content=\"2022-01-11T08:00:09+00:00\" \/>\n<meta property=\"og:image\" content=\"https:\/\/www.garciafaura.com\/wp-content\/uploads\/2022\/01\/Amazon-Figueres-05.jpg\" \/>\n\t<meta property=\"og:image:width\" content=\"1920\" \/>\n\t<meta property=\"og:image:height\" content=\"1102\" \/>\n\t<meta property=\"og:image:type\" content=\"image\/jpeg\" \/>\n<meta name=\"author\" content=\"David Achell\" \/>\n<meta name=\"twitter:card\" content=\"summary_large_image\" \/>\n<meta name=\"twitter:label1\" content=\"\u00c9crit par\" \/>\n\t<meta name=\"twitter:data1\" content=\"David Achell\" \/>\n\t<meta name=\"twitter:label2\" content=\"Dur\u00e9e de lecture estim\u00e9e\" \/>\n\t<meta name=\"twitter:data2\" content=\"2 minutes\" \/>\n<script type=\"application\/ld+json\" class=\"yoast-schema-graph\">{\"@context\":\"https:\/\/schema.org\",\"@graph\":[{\"@type\":\"Article\",\"@id\":\"https:\/\/www.garciafaura.com\/tancaments-i-mur-cortina-de-garcia-faura-al-nou-centre-logistic-damazon-a-figueres\/#article\",\"isPartOf\":{\"@id\":\"https:\/\/www.garciafaura.com\/tancaments-i-mur-cortina-de-garcia-faura-al-nou-centre-logistic-damazon-a-figueres\/\"},\"author\":{\"name\":\"David Achell\",\"@id\":\"https:\/\/www.garciafaura.com\/fr\/#\/schema\/person\/b4b75e69b33fac3446071909bec106b0\"},\"headline\":\"Menuiseries et mur rideau de GARCIA FAURA au nouveau centre logistique Amazon \u00e0 Figueres\",\"datePublished\":\"2022-01-11T08:00:09+00:00\",\"mainEntityOfPage\":{\"@id\":\"https:\/\/www.garciafaura.com\/tancaments-i-mur-cortina-de-garcia-faura-al-nou-centre-logistic-damazon-a-figueres\/\"},\"wordCount\":247,\"publisher\":{\"@id\":\"https:\/\/www.garciafaura.com\/fr\/#organization\"},\"image\":{\"@id\":\"https:\/\/www.garciafaura.com\/tancaments-i-mur-cortina-de-garcia-faura-al-nou-centre-logistic-damazon-a-figueres\/#primaryimage\"},\"thumbnailUrl\":\"https:\/\/www.garciafaura.com\/wp-content\/uploads\/2022\/01\/Amazon-Figueres-05.jpg\",\"articleSection\":[\"Actualit\u00e9\"],\"inLanguage\":\"fr-FR\"},{\"@type\":\"WebPage\",\"@id\":\"https:\/\/www.garciafaura.com\/tancaments-i-mur-cortina-de-garcia-faura-al-nou-centre-logistic-damazon-a-figueres\/\",\"url\":\"https:\/\/www.garciafaura.com\/tancaments-i-mur-cortina-de-garcia-faura-al-nou-centre-logistic-damazon-a-figueres\/\",\"name\":\"Menuiseries et mur rideau de GARCIA FAURA au nouveau centre logistique Amazon \u00e0 Figueres - GARCIA FAURA\",\"isPartOf\":{\"@id\":\"https:\/\/www.garciafaura.com\/fr\/#website\"},\"primaryImageOfPage\":{\"@id\":\"https:\/\/www.garciafaura.com\/tancaments-i-mur-cortina-de-garcia-faura-al-nou-centre-logistic-damazon-a-figueres\/#primaryimage\"},\"image\":{\"@id\":\"https:\/\/www.garciafaura.com\/tancaments-i-mur-cortina-de-garcia-faura-al-nou-centre-logistic-damazon-a-figueres\/#primaryimage\"},\"thumbnailUrl\":\"https:\/\/www.garciafaura.com\/wp-content\/uploads\/2022\/01\/Amazon-Figueres-05.jpg\",\"datePublished\":\"2022-01-11T08:00:09+00:00\",\"description\":\"Arquitectura en Alumini, Inox, Ferro i Vidre\",\"breadcrumb\":{\"@id\":\"https:\/\/www.garciafaura.com\/tancaments-i-mur-cortina-de-garcia-faura-al-nou-centre-logistic-damazon-a-figueres\/#breadcrumb\"},\"inLanguage\":\"fr-FR\",\"potentialAction\":[{\"@type\":\"ReadAction\",\"target\":[\"https:\/\/www.garciafaura.com\/tancaments-i-mur-cortina-de-garcia-faura-al-nou-centre-logistic-damazon-a-figueres\/\"]}]},{\"@type\":\"ImageObject\",\"inLanguage\":\"fr-FR\",\"@id\":\"https:\/\/www.garciafaura.com\/tancaments-i-mur-cortina-de-garcia-faura-al-nou-centre-logistic-damazon-a-figueres\/#primaryimage\",\"url\":\"https:\/\/www.garciafaura.com\/wp-content\/uploads\/2022\/01\/Amazon-Figueres-05.jpg\",\"contentUrl\":\"https:\/\/www.garciafaura.com\/wp-content\/uploads\/2022\/01\/Amazon-Figueres-05.jpg\",\"width\":1920,\"height\":1102},{\"@type\":\"BreadcrumbList\",\"@id\":\"https:\/\/www.garciafaura.com\/tancaments-i-mur-cortina-de-garcia-faura-al-nou-centre-logistic-damazon-a-figueres\/#breadcrumb\",\"itemListElement\":[{\"@type\":\"ListItem\",\"position\":1,\"name\":\"Inici\",\"item\":\"https:\/\/www.garciafaura.com\/fr\/\"},{\"@type\":\"ListItem\",\"position\":2,\"name\":\"Menuiseries et mur rideau de GARCIA FAURA au nouveau centre logistique Amazon \u00e0 Figueres\"}]},{\"@type\":\"WebSite\",\"@id\":\"https:\/\/www.garciafaura.com\/fr\/#website\",\"url\":\"https:\/\/www.garciafaura.com\/fr\/\",\"name\":\"GARCIA FAURA\",\"description\":\"Arquitectura en Alumini, Inox, Ferro i Vidre\",\"publisher\":{\"@id\":\"https:\/\/www.garciafaura.com\/fr\/#organization\"},\"potentialAction\":[{\"@type\":\"SearchAction\",\"target\":{\"@type\":\"EntryPoint\",\"urlTemplate\":\"https:\/\/www.garciafaura.com\/fr\/?s={search_term_string}\"},\"query-input\":{\"@type\":\"PropertyValueSpecification\",\"valueRequired\":true,\"valueName\":\"search_term_string\"}}],\"inLanguage\":\"fr-FR\"},{\"@type\":\"Organization\",\"@id\":\"https:\/\/www.garciafaura.com\/fr\/#organization\",\"name\":\"GARCIA FAURA\",\"url\":\"https:\/\/www.garciafaura.com\/fr\/\",\"logo\":{\"@type\":\"ImageObject\",\"inLanguage\":\"fr-FR\",\"@id\":\"https:\/\/www.garciafaura.com\/fr\/#\/schema\/logo\/image\/\",\"url\":\"https:\/\/www.garciafaura.com\/wp-content\/uploads\/2018\/09\/Garcia-Faura.png\",\"contentUrl\":\"https:\/\/www.garciafaura.com\/wp-content\/uploads\/2018\/09\/Garcia-Faura.png\",\"width\":512,\"height\":512,\"caption\":\"GARCIA FAURA\"},\"image\":{\"@id\":\"https:\/\/www.garciafaura.com\/fr\/#\/schema\/logo\/image\/\"},\"sameAs\":[\"https:\/\/www.youtube.com\/user\/GARCIAFAURA\"]},{\"@type\":\"Person\",\"@id\":\"https:\/\/www.garciafaura.com\/fr\/#\/schema\/person\/b4b75e69b33fac3446071909bec106b0\",\"name\":\"David Achell\",\"image\":{\"@type\":\"ImageObject\",\"inLanguage\":\"fr-FR\",\"@id\":\"https:\/\/www.garciafaura.com\/fr\/#\/schema\/person\/image\/\",\"url\":\"https:\/\/secure.gravatar.com\/avatar\/03900210afc1f61bce737bcb4a79c02e2c997f171e3eca839b5a4cbe03846c90?s=96&d=blank&r=g\",\"contentUrl\":\"https:\/\/secure.gravatar.com\/avatar\/03900210afc1f61bce737bcb4a79c02e2c997f171e3eca839b5a4cbe03846c90?s=96&d=blank&r=g\",\"caption\":\"David Achell\"}}]}<\/script>\n<!-- \/ Yoast SEO plugin. -->","yoast_head_json":{"title":"Menuiseries et mur rideau de GARCIA FAURA au nouveau centre logistique Amazon \u00e0 Figueres - GARCIA FAURA","description":"Arquitectura en Alumini, Inox, Ferro i Vidre","robots":{"index":"index","follow":"follow","max-snippet":"max-snippet:-1","max-image-preview":"max-image-preview:large","max-video-preview":"max-video-preview:-1"},"canonical":"https:\/\/www.garciafaura.com\/tancaments-i-mur-cortina-de-garcia-faura-al-nou-centre-logistic-damazon-a-figueres\/","og_locale":"fr_FR","og_type":"article","og_title":"Menuiseries et mur rideau de GARCIA FAURA au nouveau centre logistique Amazon \u00e0 Figueres - GARCIA FAURA","og_description":"Arquitectura en Alumini, Inox, Ferro i Vidre","og_url":"https:\/\/www.garciafaura.com\/tancaments-i-mur-cortina-de-garcia-faura-al-nou-centre-logistic-damazon-a-figueres\/","og_site_name":"GARCIA FAURA","article_published_time":"2022-01-11T08:00:09+00:00","og_image":[{"width":1920,"height":1102,"url":"https:\/\/www.garciafaura.com\/wp-content\/uploads\/2022\/01\/Amazon-Figueres-05.jpg","type":"image\/jpeg"}],"author":"David Achell","twitter_card":"summary_large_image","twitter_misc":{"\u00c9crit par":"David Achell","Dur\u00e9e de lecture estim\u00e9e":"2 minutes"},"schema":{"@context":"https:\/\/schema.org","@graph":[{"@type":"Article","@id":"https:\/\/www.garciafaura.com\/tancaments-i-mur-cortina-de-garcia-faura-al-nou-centre-logistic-damazon-a-figueres\/#article","isPartOf":{"@id":"https:\/\/www.garciafaura.com\/tancaments-i-mur-cortina-de-garcia-faura-al-nou-centre-logistic-damazon-a-figueres\/"},"author":{"name":"David Achell","@id":"https:\/\/www.garciafaura.com\/fr\/#\/schema\/person\/b4b75e69b33fac3446071909bec106b0"},"headline":"Menuiseries et mur rideau de GARCIA FAURA au nouveau centre logistique Amazon \u00e0 Figueres","datePublished":"2022-01-11T08:00:09+00:00","mainEntityOfPage":{"@id":"https:\/\/www.garciafaura.com\/tancaments-i-mur-cortina-de-garcia-faura-al-nou-centre-logistic-damazon-a-figueres\/"},"wordCount":247,"publisher":{"@id":"https:\/\/www.garciafaura.com\/fr\/#organization"},"image":{"@id":"https:\/\/www.garciafaura.com\/tancaments-i-mur-cortina-de-garcia-faura-al-nou-centre-logistic-damazon-a-figueres\/#primaryimage"},"thumbnailUrl":"https:\/\/www.garciafaura.com\/wp-content\/uploads\/2022\/01\/Amazon-Figueres-05.jpg","articleSection":["Actualit\u00e9"],"inLanguage":"fr-FR"},{"@type":"WebPage","@id":"https:\/\/www.garciafaura.com\/tancaments-i-mur-cortina-de-garcia-faura-al-nou-centre-logistic-damazon-a-figueres\/","url":"https:\/\/www.garciafaura.com\/tancaments-i-mur-cortina-de-garcia-faura-al-nou-centre-logistic-damazon-a-figueres\/","name":"Menuiseries et mur rideau de GARCIA FAURA au nouveau centre logistique Amazon \u00e0 Figueres - GARCIA FAURA","isPartOf":{"@id":"https:\/\/www.garciafaura.com\/fr\/#website"},"primaryImageOfPage":{"@id":"https:\/\/www.garciafaura.com\/tancaments-i-mur-cortina-de-garcia-faura-al-nou-centre-logistic-damazon-a-figueres\/#primaryimage"},"image":{"@id":"https:\/\/www.garciafaura.com\/tancaments-i-mur-cortina-de-garcia-faura-al-nou-centre-logistic-damazon-a-figueres\/#primaryimage"},"thumbnailUrl":"https:\/\/www.garciafaura.com\/wp-content\/uploads\/2022\/01\/Amazon-Figueres-05.jpg","datePublished":"2022-01-11T08:00:09+00:00","description":"Arquitectura en Alumini, Inox, Ferro i Vidre","breadcrumb":{"@id":"https:\/\/www.garciafaura.com\/tancaments-i-mur-cortina-de-garcia-faura-al-nou-centre-logistic-damazon-a-figueres\/#breadcrumb"},"inLanguage":"fr-FR","potentialAction":[{"@type":"ReadAction","target":["https:\/\/www.garciafaura.com\/tancaments-i-mur-cortina-de-garcia-faura-al-nou-centre-logistic-damazon-a-figueres\/"]}]},{"@type":"ImageObject","inLanguage":"fr-FR","@id":"https:\/\/www.garciafaura.com\/tancaments-i-mur-cortina-de-garcia-faura-al-nou-centre-logistic-damazon-a-figueres\/#primaryimage","url":"https:\/\/www.garciafaura.com\/wp-content\/uploads\/2022\/01\/Amazon-Figueres-05.jpg","contentUrl":"https:\/\/www.garciafaura.com\/wp-content\/uploads\/2022\/01\/Amazon-Figueres-05.jpg","width":1920,"height":1102},{"@type":"BreadcrumbList","@id":"https:\/\/www.garciafaura.com\/tancaments-i-mur-cortina-de-garcia-faura-al-nou-centre-logistic-damazon-a-figueres\/#breadcrumb","itemListElement":[{"@type":"ListItem","position":1,"name":"Inici","item":"https:\/\/www.garciafaura.com\/fr\/"},{"@type":"ListItem","position":2,"name":"Menuiseries et mur rideau de GARCIA FAURA au nouveau centre logistique Amazon \u00e0 Figueres"}]},{"@type":"WebSite","@id":"https:\/\/www.garciafaura.com\/fr\/#website","url":"https:\/\/www.garciafaura.com\/fr\/","name":"GARCIA FAURA","description":"Arquitectura en Alumini, Inox, Ferro i Vidre","publisher":{"@id":"https:\/\/www.garciafaura.com\/fr\/#organization"},"potentialAction":[{"@type":"SearchAction","target":{"@type":"EntryPoint","urlTemplate":"https:\/\/www.garciafaura.com\/fr\/?s={search_term_string}"},"query-input":{"@type":"PropertyValueSpecification","valueRequired":true,"valueName":"search_term_string"}}],"inLanguage":"fr-FR"},{"@type":"Organization","@id":"https:\/\/www.garciafaura.com\/fr\/#organization","name":"GARCIA FAURA","url":"https:\/\/www.garciafaura.com\/fr\/","logo":{"@type":"ImageObject","inLanguage":"fr-FR","@id":"https:\/\/www.garciafaura.com\/fr\/#\/schema\/logo\/image\/","url":"https:\/\/www.garciafaura.com\/wp-content\/uploads\/2018\/09\/Garcia-Faura.png","contentUrl":"https:\/\/www.garciafaura.com\/wp-content\/uploads\/2018\/09\/Garcia-Faura.png","width":512,"height":512,"caption":"GARCIA FAURA"},"image":{"@id":"https:\/\/www.garciafaura.com\/fr\/#\/schema\/logo\/image\/"},"sameAs":["https:\/\/www.youtube.com\/user\/GARCIAFAURA"]},{"@type":"Person","@id":"https:\/\/www.garciafaura.com\/fr\/#\/schema\/person\/b4b75e69b33fac3446071909bec106b0","name":"David Achell","image":{"@type":"ImageObject","inLanguage":"fr-FR","@id":"https:\/\/www.garciafaura.com\/fr\/#\/schema\/person\/image\/","url":"https:\/\/secure.gravatar.com\/avatar\/03900210afc1f61bce737bcb4a79c02e2c997f171e3eca839b5a4cbe03846c90?s=96&d=blank&r=g","contentUrl":"https:\/\/secure.gravatar.com\/avatar\/03900210afc1f61bce737bcb4a79c02e2c997f171e3eca839b5a4cbe03846c90?s=96&d=blank&r=g","caption":"David Achell"}}]}},"_links":{"self":[{"href":"https:\/\/www.garciafaura.com\/fr\/wp-json\/wp\/v2\/posts\/28900","targetHints":{"allow":["GET"]}}],"collection":[{"href":"https:\/\/www.garciafaura.com\/fr\/wp-json\/wp\/v2\/posts"}],"about":[{"href":"https:\/\/www.garciafaura.com\/fr\/wp-json\/wp\/v2\/types\/post"}],"author":[{"embeddable":true,"href":"https:\/\/www.garciafaura.com\/fr\/wp-json\/wp\/v2\/users\/3"}],"replies":[{"embeddable":true,"href":"https:\/\/www.garciafaura.com\/fr\/wp-json\/wp\/v2\/comments?post=28900"}],"version-history":[{"count":2,"href":"https:\/\/www.garciafaura.com\/fr\/wp-json\/wp\/v2\/posts\/28900\/revisions"}],"predecessor-version":[{"id":28904,"href":"https:\/\/www.garciafaura.com\/fr\/wp-json\/wp\/v2\/posts\/28900\/revisions\/28904"}],"wp:featuredmedia":[{"embeddable":true,"href":"https:\/\/www.garciafaura.com\/fr\/wp-json\/wp\/v2\/media\/28918"}],"wp:attachment":[{"href":"https:\/\/www.garciafaura.com\/fr\/wp-json\/wp\/v2\/media?parent=28900"}],"wp:term":[{"taxonomy":"category","embeddable":true,"href":"https:\/\/www.garciafaura.com\/fr\/wp-json\/wp\/v2\/categories?post=28900"},{"taxonomy":"post_tag","embeddable":true,"href":"https:\/\/www.garciafaura.com\/fr\/wp-json\/wp\/v2\/tags?post=28900"},{"taxonomy":"post_series","embeddable":true,"href":"https:\/\/www.garciafaura.com\/fr\/wp-json\/wp\/v2\/post_series?post=28900"}],"curies":[{"name":"wp","href":"https:\/\/api.w.org\/{rel}","templated":true}]}}