{"id":28844,"date":"2021-12-10T10:00:00","date_gmt":"2021-12-10T08:00:00","guid":{"rendered":"https:\/\/www.garciafaura.com\/?p=28844"},"modified":"2021-12-09T11:46:08","modified_gmt":"2021-12-09T09:46:08","slug":"garcia-faura-assolira-els-395-milions-deuros-de-facturacio-aquest-2021","status":"publish","type":"post","link":"https:\/\/www.garciafaura.com\/fr\/garcia-faura-assolira-els-395-milions-deuros-de-facturacio-aquest-2021\/","title":{"rendered":"GARCIA FAURA atteindra un chiffre d&rsquo;affaires de 39,5 millions d&rsquo;euros en 2021"},"content":{"rendered":"<p style=\"text-align: justify;\"><strong><strong>Ce chiffre sera pratiquement \u00e9gal au chiffre d&rsquo;affaires de l&rsquo;ann\u00e9e derni\u00e8re et maintiendra la tendance \u00e0 une croissance continue et soutenue ces derni\u00e8res ann\u00e9es. L&rsquo;entreprise est pr\u00e9sente en Espagne, en France et au Luxembourg et cl\u00f4turera l&rsquo;ann\u00e9e avec un peu plus de 400 projets r\u00e9alis\u00e9s, un nombre similaire \u00e0 celui de 2018 et 2019.<\/strong><\/strong><\/p>\n\n<p style=\"text-align: justify;\"><strong>GARCIA FAURA<\/strong> cl\u00f4turera l&rsquo;ann\u00e9e 2021 avec un chiffre d&rsquo;affaires proche de 40 millions d&rsquo;euros, consolidant le chiffre d&rsquo;affaires de 2020 et en croissance de 14% par rapport \u00e0 2019, en phase pr\u00e9pand\u00e9mique. Un bon bilan, compte tenu des circonstances toujours n\u00e9es de la crise sanitaire et \u00e9conomique du covid-19 et des cons\u00e9quences mondiales de la hausse des prix des mati\u00e8res premi\u00e8res et des fournitures.<\/p>\n\n<p style=\"text-align: justify;\">Le principal march\u00e9 d&rsquo;affaires de <strong>GARCIA FAURA<\/strong> est toujours en Espagne, concentr\u00e9 autour de Barcelone et de Madrid. Le pourcentage du chiffre d&rsquo;affaires r\u00e9alis\u00e9 \u00e0 l&rsquo;\u00e9tranger cette ann\u00e9e repr\u00e9sentera 20% du volume annuel, \u00e0 travers de projets que la soci\u00e9t\u00e9 a ex\u00e9cut\u00e9 &#8211; ou est en train d&rsquo;ex\u00e9cuter &#8211; principalement \u00e0 Paris et au Luxembourg. Au total, l&rsquo;ensemble des divisions de l&rsquo;entreprise aura r\u00e9alis\u00e9 un total de 400 projets de construction en 2021, qu&rsquo;il s&rsquo;agisse de nouvelles constructions, de r\u00e9novations ou de logements.<\/p>\n\n\n<p><strong>Optimisme, pers\u00e9v\u00e9rance et garantie de futur<\/strong><\/p>\n\n\n<p style=\"text-align: justify;\">Les difficult\u00e9s de l&rsquo;\u00e9conomie mondiale et l&rsquo;incertitude de l&rsquo;\u00e9volution des march\u00e9s due \u00e0 l&rsquo;envol\u00e9e des prix des fournitures telles que l&rsquo;\u00e9lectricit\u00e9, les carburants ou les mati\u00e8res premi\u00e8res, sont ind\u00e9niables. Une situation qui, dans une plus ou moins grande mesure, dessine des sc\u00e9narios quotidiens d&rsquo;une grande complexit\u00e9 pour toute entreprise. Surmontant tous les obstacles qui auraient pu survenir, et pr\u00eate \u00e0 surmonter ceux qui pourraient survenir \u00e0 tout moment, <strong>GARCIA FAURA<\/strong> reste confiante dans l&rsquo;avenir.<\/p>\n\n<p style=\"text-align: justify;\">C&rsquo;est pourquoi l&rsquo;entreprise maintient ses plans d&rsquo;investissement et de d\u00e9veloppement pour l&rsquo;ann\u00e9e prochaine. En ce sens, les programmes de num\u00e9risation et d&rsquo;automatisation, des processus que l&rsquo;entreprise a lanc\u00e9s en 2018, se poursuivent, en priorisant ces axes dans son plan de gestion interne. Le nouveau <i>showroom<\/i> R\u00e9sidentiel <strong>GARCIA FAURA<\/strong> a \u00e9galement \u00e9t\u00e9 inaugur\u00e9 cette ann\u00e9e, que l&rsquo;entreprise continuera \u00e0 d\u00e9velopper et \u00e0 renforcer dans les prochains mois.<\/p>\n\n<p style=\"text-align: justify;\"><strong>GARCIA FAURA<\/strong> combinera cette politique de d\u00e9veloppement avec le bon sens requis par la situation actuelle, en suivant en permanence l&rsquo;\u00e9volution des march\u00e9s et en ajustant les d\u00e9penses d&rsquo;investissement aux besoins de chaque instant.<\/p>","protected":false},"excerpt":{"rendered":"<p>Ce chiffre sera pratiquement \u00e9gal au chiffre d&rsquo;affaires de l&rsquo;ann\u00e9e derni\u00e8re et maintiendra la tendance \u00e0 une croissance continue et soutenue ces derni\u00e8res ann\u00e9es. L&rsquo;entreprise est pr\u00e9sente en Espagne, en France et au Luxembourg et cl\u00f4turera l&rsquo;ann\u00e9e avec un peu&hellip;<\/p>\n","protected":false},"author":3,"featured_media":28867,"comment_status":"closed","ping_status":"open","sticky":false,"template":"","format":"standard","meta":{"footnotes":""},"categories":[2],"tags":[],"post_series":[],"class_list":["post-28844","post","type-post","status-publish","format-standard","has-post-thumbnail","hentry","category-actualite","entry","has-media"],"yoast_head":"<!-- This site is optimized with the Yoast SEO plugin v26.7 - https:\/\/yoast.com\/wordpress\/plugins\/seo\/ -->\n<title>GARCIA FAURA atteindra un chiffre d&#039;affaires de 39,5 millions d&#039;euros en 2021 - GARCIA FAURA<\/title>\n<meta name=\"description\" content=\"Arquitectura en Alumini, Inox, Ferro i Vidre\" \/>\n<meta name=\"robots\" content=\"index, follow, max-snippet:-1, max-image-preview:large, max-video-preview:-1\" \/>\n<link rel=\"canonical\" href=\"https:\/\/www.garciafaura.com\/fr\/garcia-faura-assolira-els-395-milions-deuros-de-facturacio-aquest-2021\/\" \/>\n<meta property=\"og:locale\" content=\"fr_FR\" \/>\n<meta property=\"og:type\" content=\"article\" \/>\n<meta property=\"og:title\" content=\"GARCIA FAURA atteindra un chiffre d&#039;affaires de 39,5 millions d&#039;euros en 2021 - GARCIA FAURA\" \/>\n<meta property=\"og:description\" content=\"Arquitectura en Alumini, Inox, Ferro i Vidre\" \/>\n<meta property=\"og:url\" content=\"https:\/\/www.garciafaura.com\/fr\/garcia-faura-assolira-els-395-milions-deuros-de-facturacio-aquest-2021\/\" \/>\n<meta property=\"og:site_name\" content=\"GARCIA FAURA\" \/>\n<meta property=\"article:published_time\" content=\"2021-12-10T08:00:00+00:00\" \/>\n<meta property=\"og:image\" content=\"https:\/\/www.garciafaura.com\/wp-content\/uploads\/2021\/12\/GF-headquarters-scaled.jpg\" \/>\n\t<meta property=\"og:image:width\" content=\"2560\" \/>\n\t<meta property=\"og:image:height\" content=\"1307\" \/>\n\t<meta property=\"og:image:type\" content=\"image\/jpeg\" \/>\n<meta name=\"author\" content=\"David Achell\" \/>\n<meta name=\"twitter:card\" content=\"summary_large_image\" \/>\n<meta name=\"twitter:label1\" content=\"\u00c9crit par\" \/>\n\t<meta name=\"twitter:data1\" content=\"David Achell\" \/>\n\t<meta name=\"twitter:label2\" content=\"Dur\u00e9e de lecture estim\u00e9e\" \/>\n\t<meta name=\"twitter:data2\" content=\"2 minutes\" \/>\n<script type=\"application\/ld+json\" class=\"yoast-schema-graph\">{\"@context\":\"https:\/\/schema.org\",\"@graph\":[{\"@type\":\"Article\",\"@id\":\"https:\/\/www.garciafaura.com\/fr\/garcia-faura-assolira-els-395-milions-deuros-de-facturacio-aquest-2021\/#article\",\"isPartOf\":{\"@id\":\"https:\/\/www.garciafaura.com\/fr\/garcia-faura-assolira-els-395-milions-deuros-de-facturacio-aquest-2021\/\"},\"author\":{\"name\":\"David Achell\",\"@id\":\"https:\/\/www.garciafaura.com\/fr\/#\/schema\/person\/b4b75e69b33fac3446071909bec106b0\"},\"headline\":\"GARCIA FAURA atteindra un chiffre d&rsquo;affaires de 39,5 millions d&rsquo;euros en 2021\",\"datePublished\":\"2021-12-10T08:00:00+00:00\",\"mainEntityOfPage\":{\"@id\":\"https:\/\/www.garciafaura.com\/fr\/garcia-faura-assolira-els-395-milions-deuros-de-facturacio-aquest-2021\/\"},\"wordCount\":447,\"publisher\":{\"@id\":\"https:\/\/www.garciafaura.com\/fr\/#organization\"},\"image\":{\"@id\":\"https:\/\/www.garciafaura.com\/fr\/garcia-faura-assolira-els-395-milions-deuros-de-facturacio-aquest-2021\/#primaryimage\"},\"thumbnailUrl\":\"https:\/\/www.garciafaura.com\/wp-content\/uploads\/2021\/12\/GF-headquarters-scaled.jpg\",\"articleSection\":[\"Actualit\u00e9\"],\"inLanguage\":\"fr-FR\"},{\"@type\":\"WebPage\",\"@id\":\"https:\/\/www.garciafaura.com\/fr\/garcia-faura-assolira-els-395-milions-deuros-de-facturacio-aquest-2021\/\",\"url\":\"https:\/\/www.garciafaura.com\/fr\/garcia-faura-assolira-els-395-milions-deuros-de-facturacio-aquest-2021\/\",\"name\":\"GARCIA FAURA atteindra un chiffre d'affaires de 39,5 millions d'euros en 2021 - GARCIA FAURA\",\"isPartOf\":{\"@id\":\"https:\/\/www.garciafaura.com\/fr\/#website\"},\"primaryImageOfPage\":{\"@id\":\"https:\/\/www.garciafaura.com\/fr\/garcia-faura-assolira-els-395-milions-deuros-de-facturacio-aquest-2021\/#primaryimage\"},\"image\":{\"@id\":\"https:\/\/www.garciafaura.com\/fr\/garcia-faura-assolira-els-395-milions-deuros-de-facturacio-aquest-2021\/#primaryimage\"},\"thumbnailUrl\":\"https:\/\/www.garciafaura.com\/wp-content\/uploads\/2021\/12\/GF-headquarters-scaled.jpg\",\"datePublished\":\"2021-12-10T08:00:00+00:00\",\"description\":\"Arquitectura en Alumini, Inox, Ferro i Vidre\",\"breadcrumb\":{\"@id\":\"https:\/\/www.garciafaura.com\/fr\/garcia-faura-assolira-els-395-milions-deuros-de-facturacio-aquest-2021\/#breadcrumb\"},\"inLanguage\":\"fr-FR\",\"potentialAction\":[{\"@type\":\"ReadAction\",\"target\":[\"https:\/\/www.garciafaura.com\/fr\/garcia-faura-assolira-els-395-milions-deuros-de-facturacio-aquest-2021\/\"]}]},{\"@type\":\"ImageObject\",\"inLanguage\":\"fr-FR\",\"@id\":\"https:\/\/www.garciafaura.com\/fr\/garcia-faura-assolira-els-395-milions-deuros-de-facturacio-aquest-2021\/#primaryimage\",\"url\":\"https:\/\/www.garciafaura.com\/wp-content\/uploads\/2021\/12\/GF-headquarters-scaled.jpg\",\"contentUrl\":\"https:\/\/www.garciafaura.com\/wp-content\/uploads\/2021\/12\/GF-headquarters-scaled.jpg\",\"width\":2560,\"height\":1307,\"caption\":\"SONY DSC\"},{\"@type\":\"BreadcrumbList\",\"@id\":\"https:\/\/www.garciafaura.com\/fr\/garcia-faura-assolira-els-395-milions-deuros-de-facturacio-aquest-2021\/#breadcrumb\",\"itemListElement\":[{\"@type\":\"ListItem\",\"position\":1,\"name\":\"Inici\",\"item\":\"https:\/\/www.garciafaura.com\/fr\/\"},{\"@type\":\"ListItem\",\"position\":2,\"name\":\"GARCIA FAURA atteindra un chiffre d&rsquo;affaires de 39,5 millions d&rsquo;euros en 2021\"}]},{\"@type\":\"WebSite\",\"@id\":\"https:\/\/www.garciafaura.com\/fr\/#website\",\"url\":\"https:\/\/www.garciafaura.com\/fr\/\",\"name\":\"GARCIA FAURA\",\"description\":\"Arquitectura en Alumini, Inox, Ferro i Vidre\",\"publisher\":{\"@id\":\"https:\/\/www.garciafaura.com\/fr\/#organization\"},\"potentialAction\":[{\"@type\":\"SearchAction\",\"target\":{\"@type\":\"EntryPoint\",\"urlTemplate\":\"https:\/\/www.garciafaura.com\/fr\/?s={search_term_string}\"},\"query-input\":{\"@type\":\"PropertyValueSpecification\",\"valueRequired\":true,\"valueName\":\"search_term_string\"}}],\"inLanguage\":\"fr-FR\"},{\"@type\":\"Organization\",\"@id\":\"https:\/\/www.garciafaura.com\/fr\/#organization\",\"name\":\"GARCIA FAURA\",\"url\":\"https:\/\/www.garciafaura.com\/fr\/\",\"logo\":{\"@type\":\"ImageObject\",\"inLanguage\":\"fr-FR\",\"@id\":\"https:\/\/www.garciafaura.com\/fr\/#\/schema\/logo\/image\/\",\"url\":\"https:\/\/www.garciafaura.com\/wp-content\/uploads\/2018\/09\/Garcia-Faura.png\",\"contentUrl\":\"https:\/\/www.garciafaura.com\/wp-content\/uploads\/2018\/09\/Garcia-Faura.png\",\"width\":512,\"height\":512,\"caption\":\"GARCIA FAURA\"},\"image\":{\"@id\":\"https:\/\/www.garciafaura.com\/fr\/#\/schema\/logo\/image\/\"},\"sameAs\":[\"https:\/\/www.youtube.com\/user\/GARCIAFAURA\"]},{\"@type\":\"Person\",\"@id\":\"https:\/\/www.garciafaura.com\/fr\/#\/schema\/person\/b4b75e69b33fac3446071909bec106b0\",\"name\":\"David Achell\",\"image\":{\"@type\":\"ImageObject\",\"inLanguage\":\"fr-FR\",\"@id\":\"https:\/\/www.garciafaura.com\/fr\/#\/schema\/person\/image\/\",\"url\":\"https:\/\/secure.gravatar.com\/avatar\/03900210afc1f61bce737bcb4a79c02e2c997f171e3eca839b5a4cbe03846c90?s=96&d=blank&r=g\",\"contentUrl\":\"https:\/\/secure.gravatar.com\/avatar\/03900210afc1f61bce737bcb4a79c02e2c997f171e3eca839b5a4cbe03846c90?s=96&d=blank&r=g\",\"caption\":\"David Achell\"}}]}<\/script>\n<!-- \/ Yoast SEO plugin. -->","yoast_head_json":{"title":"GARCIA FAURA atteindra un chiffre d'affaires de 39,5 millions d'euros en 2021 - GARCIA FAURA","description":"Arquitectura en Alumini, Inox, Ferro i Vidre","robots":{"index":"index","follow":"follow","max-snippet":"max-snippet:-1","max-image-preview":"max-image-preview:large","max-video-preview":"max-video-preview:-1"},"canonical":"https:\/\/www.garciafaura.com\/fr\/garcia-faura-assolira-els-395-milions-deuros-de-facturacio-aquest-2021\/","og_locale":"fr_FR","og_type":"article","og_title":"GARCIA FAURA atteindra un chiffre d'affaires de 39,5 millions d'euros en 2021 - GARCIA FAURA","og_description":"Arquitectura en Alumini, Inox, Ferro i Vidre","og_url":"https:\/\/www.garciafaura.com\/fr\/garcia-faura-assolira-els-395-milions-deuros-de-facturacio-aquest-2021\/","og_site_name":"GARCIA FAURA","article_published_time":"2021-12-10T08:00:00+00:00","og_image":[{"width":2560,"height":1307,"url":"https:\/\/www.garciafaura.com\/wp-content\/uploads\/2021\/12\/GF-headquarters-scaled.jpg","type":"image\/jpeg"}],"author":"David Achell","twitter_card":"summary_large_image","twitter_misc":{"\u00c9crit par":"David Achell","Dur\u00e9e de lecture estim\u00e9e":"2 minutes"},"schema":{"@context":"https:\/\/schema.org","@graph":[{"@type":"Article","@id":"https:\/\/www.garciafaura.com\/fr\/garcia-faura-assolira-els-395-milions-deuros-de-facturacio-aquest-2021\/#article","isPartOf":{"@id":"https:\/\/www.garciafaura.com\/fr\/garcia-faura-assolira-els-395-milions-deuros-de-facturacio-aquest-2021\/"},"author":{"name":"David Achell","@id":"https:\/\/www.garciafaura.com\/fr\/#\/schema\/person\/b4b75e69b33fac3446071909bec106b0"},"headline":"GARCIA FAURA atteindra un chiffre d&rsquo;affaires de 39,5 millions d&rsquo;euros en 2021","datePublished":"2021-12-10T08:00:00+00:00","mainEntityOfPage":{"@id":"https:\/\/www.garciafaura.com\/fr\/garcia-faura-assolira-els-395-milions-deuros-de-facturacio-aquest-2021\/"},"wordCount":447,"publisher":{"@id":"https:\/\/www.garciafaura.com\/fr\/#organization"},"image":{"@id":"https:\/\/www.garciafaura.com\/fr\/garcia-faura-assolira-els-395-milions-deuros-de-facturacio-aquest-2021\/#primaryimage"},"thumbnailUrl":"https:\/\/www.garciafaura.com\/wp-content\/uploads\/2021\/12\/GF-headquarters-scaled.jpg","articleSection":["Actualit\u00e9"],"inLanguage":"fr-FR"},{"@type":"WebPage","@id":"https:\/\/www.garciafaura.com\/fr\/garcia-faura-assolira-els-395-milions-deuros-de-facturacio-aquest-2021\/","url":"https:\/\/www.garciafaura.com\/fr\/garcia-faura-assolira-els-395-milions-deuros-de-facturacio-aquest-2021\/","name":"GARCIA FAURA atteindra un chiffre d'affaires de 39,5 millions d'euros en 2021 - GARCIA FAURA","isPartOf":{"@id":"https:\/\/www.garciafaura.com\/fr\/#website"},"primaryImageOfPage":{"@id":"https:\/\/www.garciafaura.com\/fr\/garcia-faura-assolira-els-395-milions-deuros-de-facturacio-aquest-2021\/#primaryimage"},"image":{"@id":"https:\/\/www.garciafaura.com\/fr\/garcia-faura-assolira-els-395-milions-deuros-de-facturacio-aquest-2021\/#primaryimage"},"thumbnailUrl":"https:\/\/www.garciafaura.com\/wp-content\/uploads\/2021\/12\/GF-headquarters-scaled.jpg","datePublished":"2021-12-10T08:00:00+00:00","description":"Arquitectura en Alumini, Inox, Ferro i Vidre","breadcrumb":{"@id":"https:\/\/www.garciafaura.com\/fr\/garcia-faura-assolira-els-395-milions-deuros-de-facturacio-aquest-2021\/#breadcrumb"},"inLanguage":"fr-FR","potentialAction":[{"@type":"ReadAction","target":["https:\/\/www.garciafaura.com\/fr\/garcia-faura-assolira-els-395-milions-deuros-de-facturacio-aquest-2021\/"]}]},{"@type":"ImageObject","inLanguage":"fr-FR","@id":"https:\/\/www.garciafaura.com\/fr\/garcia-faura-assolira-els-395-milions-deuros-de-facturacio-aquest-2021\/#primaryimage","url":"https:\/\/www.garciafaura.com\/wp-content\/uploads\/2021\/12\/GF-headquarters-scaled.jpg","contentUrl":"https:\/\/www.garciafaura.com\/wp-content\/uploads\/2021\/12\/GF-headquarters-scaled.jpg","width":2560,"height":1307,"caption":"SONY DSC"},{"@type":"BreadcrumbList","@id":"https:\/\/www.garciafaura.com\/fr\/garcia-faura-assolira-els-395-milions-deuros-de-facturacio-aquest-2021\/#breadcrumb","itemListElement":[{"@type":"ListItem","position":1,"name":"Inici","item":"https:\/\/www.garciafaura.com\/fr\/"},{"@type":"ListItem","position":2,"name":"GARCIA FAURA atteindra un chiffre d&rsquo;affaires de 39,5 millions d&rsquo;euros en 2021"}]},{"@type":"WebSite","@id":"https:\/\/www.garciafaura.com\/fr\/#website","url":"https:\/\/www.garciafaura.com\/fr\/","name":"GARCIA FAURA","description":"Arquitectura en Alumini, Inox, Ferro i Vidre","publisher":{"@id":"https:\/\/www.garciafaura.com\/fr\/#organization"},"potentialAction":[{"@type":"SearchAction","target":{"@type":"EntryPoint","urlTemplate":"https:\/\/www.garciafaura.com\/fr\/?s={search_term_string}"},"query-input":{"@type":"PropertyValueSpecification","valueRequired":true,"valueName":"search_term_string"}}],"inLanguage":"fr-FR"},{"@type":"Organization","@id":"https:\/\/www.garciafaura.com\/fr\/#organization","name":"GARCIA FAURA","url":"https:\/\/www.garciafaura.com\/fr\/","logo":{"@type":"ImageObject","inLanguage":"fr-FR","@id":"https:\/\/www.garciafaura.com\/fr\/#\/schema\/logo\/image\/","url":"https:\/\/www.garciafaura.com\/wp-content\/uploads\/2018\/09\/Garcia-Faura.png","contentUrl":"https:\/\/www.garciafaura.com\/wp-content\/uploads\/2018\/09\/Garcia-Faura.png","width":512,"height":512,"caption":"GARCIA FAURA"},"image":{"@id":"https:\/\/www.garciafaura.com\/fr\/#\/schema\/logo\/image\/"},"sameAs":["https:\/\/www.youtube.com\/user\/GARCIAFAURA"]},{"@type":"Person","@id":"https:\/\/www.garciafaura.com\/fr\/#\/schema\/person\/b4b75e69b33fac3446071909bec106b0","name":"David Achell","image":{"@type":"ImageObject","inLanguage":"fr-FR","@id":"https:\/\/www.garciafaura.com\/fr\/#\/schema\/person\/image\/","url":"https:\/\/secure.gravatar.com\/avatar\/03900210afc1f61bce737bcb4a79c02e2c997f171e3eca839b5a4cbe03846c90?s=96&d=blank&r=g","contentUrl":"https:\/\/secure.gravatar.com\/avatar\/03900210afc1f61bce737bcb4a79c02e2c997f171e3eca839b5a4cbe03846c90?s=96&d=blank&r=g","caption":"David Achell"}}]}},"_links":{"self":[{"href":"https:\/\/www.garciafaura.com\/fr\/wp-json\/wp\/v2\/posts\/28844","targetHints":{"allow":["GET"]}}],"collection":[{"href":"https:\/\/www.garciafaura.com\/fr\/wp-json\/wp\/v2\/posts"}],"about":[{"href":"https:\/\/www.garciafaura.com\/fr\/wp-json\/wp\/v2\/types\/post"}],"author":[{"embeddable":true,"href":"https:\/\/www.garciafaura.com\/fr\/wp-json\/wp\/v2\/users\/3"}],"replies":[{"embeddable":true,"href":"https:\/\/www.garciafaura.com\/fr\/wp-json\/wp\/v2\/comments?post=28844"}],"version-history":[{"count":4,"href":"https:\/\/www.garciafaura.com\/fr\/wp-json\/wp\/v2\/posts\/28844\/revisions"}],"predecessor-version":[{"id":28873,"href":"https:\/\/www.garciafaura.com\/fr\/wp-json\/wp\/v2\/posts\/28844\/revisions\/28873"}],"wp:featuredmedia":[{"embeddable":true,"href":"https:\/\/www.garciafaura.com\/fr\/wp-json\/wp\/v2\/media\/28867"}],"wp:attachment":[{"href":"https:\/\/www.garciafaura.com\/fr\/wp-json\/wp\/v2\/media?parent=28844"}],"wp:term":[{"taxonomy":"category","embeddable":true,"href":"https:\/\/www.garciafaura.com\/fr\/wp-json\/wp\/v2\/categories?post=28844"},{"taxonomy":"post_tag","embeddable":true,"href":"https:\/\/www.garciafaura.com\/fr\/wp-json\/wp\/v2\/tags?post=28844"},{"taxonomy":"post_series","embeddable":true,"href":"https:\/\/www.garciafaura.com\/fr\/wp-json\/wp\/v2\/post_series?post=28844"}],"curies":[{"name":"wp","href":"https:\/\/api.w.org\/{rel}","templated":true}]}}