{"id":28770,"date":"2021-11-18T05:53:00","date_gmt":"2021-11-18T03:53:00","guid":{"rendered":"https:\/\/www.garciafaura.com\/?p=28770"},"modified":"2021-11-18T10:30:41","modified_gmt":"2021-11-18T08:30:41","slug":"el-projecte-corporatiu-selva-de-mar-encara-la-fase-final-dexecucio","status":"publish","type":"post","link":"https:\/\/www.garciafaura.com\/fr\/el-projecte-corporatiu-selva-de-mar-encara-la-fase-final-dexecucio\/","title":{"rendered":"Le projet des b\u00e2timents d&rsquo;entreprise Selva de Mar atteint la phase finale d&rsquo;ex\u00e9cution"},"content":{"rendered":"<p style=\"text-align: justify;\"><strong>GARCIA FAURA travaille depuis un an \u00e0 l&rsquo;am\u00e9nagement des fa\u00e7ades du nouveau complexe de bureaux et de services situ\u00e9 \u00e0 la rue Selva de Mar, au 22@ de Barcelona. Le quartier d\u00e9di\u00e9 \u00e0 l&rsquo;innovation technologique de la capitale catalane disposera d&rsquo;un nouveau p\u00f4le d&rsquo;attraction des affaires et des entreprises en 2022.<\/strong><\/p>\n<p style=\"text-align: justify;\">Le projet Selva de Mar se compose d&rsquo;un ensemble de quatre b\u00e2timents avec des tours allant jusqu&rsquo;\u00e0 dix-sept \u00e9tages avec une superficie totale de 40.000 m\u00e8tres carr\u00e9s. <strong>GARCIA FAURA<\/strong> d\u00e9veloppe 18.000 m\u00b2 de mur-rideau traditionnel (stick), compos\u00e9 de vitrages avec s\u00e9rigraphie num\u00e9rique.<\/p>\n<p style=\"text-align: justify;\">Le projet a fait face \u00e0 deux d\u00e9fis majeurs : d&rsquo;une part le volume de production requis et, d&rsquo;autre part, la complexit\u00e9 de l&rsquo;installation due au haut niveau de personnalisation des modules de fa\u00e7ade. Et est-ce que le pourcentage de s\u00e9rigraphie est variable en fonction de l&#8217;emplacement du vitrage sur la fa\u00e7ade, ce qui signifie que les fa\u00e7ades peuvent avoir de nombreux types de vitrage. Cela a forc\u00e9 une gestion, une planification et une logistique \u00e9normes pour assurer la production et l&rsquo;installation dans le temps et la forme de chacun des modules, dans un projet d&rsquo;une grande complexit\u00e9 logistique.<\/p>\n<p style=\"text-align: justify;\">En plus du mur-rideau, <strong>GARCIA FAURA<\/strong> fabrique et installe \u00e9galement dans ce complexe de Barcelone 150 unit\u00e9s de fen\u00eatres d\u2019ouverture \u00e0 l\u2019italienne, 60 unit\u00e9s de portes, 3.200 m\u00e8tres lin\u00e9aires de brise-soleil vertical et 350 m\u00e8tres carr\u00e9s de syst\u00e8mes de ventelles, entre autres \u00e9l\u00e9ments.<\/p>\n<p style=\"text-align: justify;\">Le complexe, situ\u00e9 entre les rues de la Bolivie et du P\u00e9rou, poss\u00e8de un \u00eelot int\u00e9rieur sans construction, avec un ensemble de passages et de porches qui permettent des itin\u00e9raires \u00e0 travers l&rsquo;int\u00e9rieur de l&rsquo;\u00eele et la connexion avec l&rsquo;ensemble d&rsquo;espaces libres de la zone. L&rsquo;ensemble entrera en service en 2022.<\/p>\n","protected":false},"excerpt":{"rendered":"<p>GARCIA FAURA travaille depuis un an \u00e0 l&rsquo;am\u00e9nagement des fa\u00e7ades du nouveau complexe de bureaux et de services situ\u00e9 \u00e0 la rue Selva de Mar, au 22@ de Barcelona. Le quartier d\u00e9di\u00e9 \u00e0 l&rsquo;innovation technologique de la capitale catalane disposera&hellip;<\/p>\n","protected":false},"author":3,"featured_media":28777,"comment_status":"closed","ping_status":"open","sticky":false,"template":"","format":"standard","meta":{"footnotes":""},"categories":[2],"tags":[],"post_series":[],"class_list":["post-28770","post","type-post","status-publish","format-standard","has-post-thumbnail","hentry","category-actualite","entry","has-media"],"yoast_head":"<!-- This site is optimized with the Yoast SEO plugin v26.7 - https:\/\/yoast.com\/wordpress\/plugins\/seo\/ -->\n<title>Le projet des b\u00e2timents d&#039;entreprise Selva de Mar atteint la phase finale d&#039;ex\u00e9cution - GARCIA FAURA<\/title>\n<meta name=\"description\" content=\"Arquitectura en Alumini, Inox, Ferro i Vidre\" \/>\n<meta name=\"robots\" content=\"index, follow, max-snippet:-1, max-image-preview:large, max-video-preview:-1\" \/>\n<link rel=\"canonical\" href=\"https:\/\/www.garciafaura.com\/fr\/el-projecte-corporatiu-selva-de-mar-encara-la-fase-final-dexecucio\/\" \/>\n<meta property=\"og:locale\" content=\"fr_FR\" \/>\n<meta property=\"og:type\" content=\"article\" \/>\n<meta property=\"og:title\" content=\"Le projet des b\u00e2timents d&#039;entreprise Selva de Mar atteint la phase finale d&#039;ex\u00e9cution - GARCIA FAURA\" \/>\n<meta property=\"og:description\" content=\"Arquitectura en Alumini, Inox, Ferro i Vidre\" \/>\n<meta property=\"og:url\" content=\"https:\/\/www.garciafaura.com\/fr\/el-projecte-corporatiu-selva-de-mar-encara-la-fase-final-dexecucio\/\" \/>\n<meta property=\"og:site_name\" content=\"GARCIA FAURA\" \/>\n<meta property=\"article:published_time\" content=\"2021-11-18T03:53:00+00:00\" \/>\n<meta property=\"article:modified_time\" content=\"2021-11-18T08:30:41+00:00\" \/>\n<meta property=\"og:image\" content=\"https:\/\/www.garciafaura.com\/wp-content\/uploads\/2021\/11\/SelvaMar2021118-scaled.jpg\" \/>\n\t<meta property=\"og:image:width\" content=\"2560\" \/>\n\t<meta property=\"og:image:height\" content=\"1277\" \/>\n\t<meta property=\"og:image:type\" content=\"image\/jpeg\" \/>\n<meta name=\"author\" content=\"David Achell\" \/>\n<meta name=\"twitter:card\" content=\"summary_large_image\" \/>\n<meta name=\"twitter:label1\" content=\"\u00c9crit par\" \/>\n\t<meta name=\"twitter:data1\" content=\"David Achell\" \/>\n\t<meta name=\"twitter:label2\" content=\"Dur\u00e9e de lecture estim\u00e9e\" \/>\n\t<meta name=\"twitter:data2\" content=\"2 minutes\" \/>\n<script type=\"application\/ld+json\" class=\"yoast-schema-graph\">{\"@context\":\"https:\/\/schema.org\",\"@graph\":[{\"@type\":\"Article\",\"@id\":\"https:\/\/www.garciafaura.com\/fr\/el-projecte-corporatiu-selva-de-mar-encara-la-fase-final-dexecucio\/#article\",\"isPartOf\":{\"@id\":\"https:\/\/www.garciafaura.com\/fr\/el-projecte-corporatiu-selva-de-mar-encara-la-fase-final-dexecucio\/\"},\"author\":{\"name\":\"David Achell\",\"@id\":\"https:\/\/www.garciafaura.com\/fr\/#\/schema\/person\/b4b75e69b33fac3446071909bec106b0\"},\"headline\":\"Le projet des b\u00e2timents d&rsquo;entreprise Selva de Mar atteint la phase finale d&rsquo;ex\u00e9cution\",\"datePublished\":\"2021-11-18T03:53:00+00:00\",\"dateModified\":\"2021-11-18T08:30:41+00:00\",\"mainEntityOfPage\":{\"@id\":\"https:\/\/www.garciafaura.com\/fr\/el-projecte-corporatiu-selva-de-mar-encara-la-fase-final-dexecucio\/\"},\"wordCount\":334,\"publisher\":{\"@id\":\"https:\/\/www.garciafaura.com\/fr\/#organization\"},\"image\":{\"@id\":\"https:\/\/www.garciafaura.com\/fr\/el-projecte-corporatiu-selva-de-mar-encara-la-fase-final-dexecucio\/#primaryimage\"},\"thumbnailUrl\":\"https:\/\/www.garciafaura.com\/wp-content\/uploads\/2021\/11\/SelvaMar2021118-scaled.jpg\",\"articleSection\":[\"Actualit\u00e9\"],\"inLanguage\":\"fr-FR\"},{\"@type\":\"WebPage\",\"@id\":\"https:\/\/www.garciafaura.com\/fr\/el-projecte-corporatiu-selva-de-mar-encara-la-fase-final-dexecucio\/\",\"url\":\"https:\/\/www.garciafaura.com\/fr\/el-projecte-corporatiu-selva-de-mar-encara-la-fase-final-dexecucio\/\",\"name\":\"Le projet des b\u00e2timents d'entreprise Selva de Mar atteint la phase finale d'ex\u00e9cution - GARCIA FAURA\",\"isPartOf\":{\"@id\":\"https:\/\/www.garciafaura.com\/fr\/#website\"},\"primaryImageOfPage\":{\"@id\":\"https:\/\/www.garciafaura.com\/fr\/el-projecte-corporatiu-selva-de-mar-encara-la-fase-final-dexecucio\/#primaryimage\"},\"image\":{\"@id\":\"https:\/\/www.garciafaura.com\/fr\/el-projecte-corporatiu-selva-de-mar-encara-la-fase-final-dexecucio\/#primaryimage\"},\"thumbnailUrl\":\"https:\/\/www.garciafaura.com\/wp-content\/uploads\/2021\/11\/SelvaMar2021118-scaled.jpg\",\"datePublished\":\"2021-11-18T03:53:00+00:00\",\"dateModified\":\"2021-11-18T08:30:41+00:00\",\"description\":\"Arquitectura en Alumini, Inox, Ferro i Vidre\",\"breadcrumb\":{\"@id\":\"https:\/\/www.garciafaura.com\/fr\/el-projecte-corporatiu-selva-de-mar-encara-la-fase-final-dexecucio\/#breadcrumb\"},\"inLanguage\":\"fr-FR\",\"potentialAction\":[{\"@type\":\"ReadAction\",\"target\":[\"https:\/\/www.garciafaura.com\/fr\/el-projecte-corporatiu-selva-de-mar-encara-la-fase-final-dexecucio\/\"]}]},{\"@type\":\"ImageObject\",\"inLanguage\":\"fr-FR\",\"@id\":\"https:\/\/www.garciafaura.com\/fr\/el-projecte-corporatiu-selva-de-mar-encara-la-fase-final-dexecucio\/#primaryimage\",\"url\":\"https:\/\/www.garciafaura.com\/wp-content\/uploads\/2021\/11\/SelvaMar2021118-scaled.jpg\",\"contentUrl\":\"https:\/\/www.garciafaura.com\/wp-content\/uploads\/2021\/11\/SelvaMar2021118-scaled.jpg\",\"width\":2560,\"height\":1277,\"caption\":\"GARCIA FAURA Selva de Mar\"},{\"@type\":\"BreadcrumbList\",\"@id\":\"https:\/\/www.garciafaura.com\/fr\/el-projecte-corporatiu-selva-de-mar-encara-la-fase-final-dexecucio\/#breadcrumb\",\"itemListElement\":[{\"@type\":\"ListItem\",\"position\":1,\"name\":\"Inici\",\"item\":\"https:\/\/www.garciafaura.com\/fr\/\"},{\"@type\":\"ListItem\",\"position\":2,\"name\":\"Le projet des b\u00e2timents d&rsquo;entreprise Selva de Mar atteint la phase finale d&rsquo;ex\u00e9cution\"}]},{\"@type\":\"WebSite\",\"@id\":\"https:\/\/www.garciafaura.com\/fr\/#website\",\"url\":\"https:\/\/www.garciafaura.com\/fr\/\",\"name\":\"GARCIA FAURA\",\"description\":\"Arquitectura en Alumini, Inox, Ferro i Vidre\",\"publisher\":{\"@id\":\"https:\/\/www.garciafaura.com\/fr\/#organization\"},\"potentialAction\":[{\"@type\":\"SearchAction\",\"target\":{\"@type\":\"EntryPoint\",\"urlTemplate\":\"https:\/\/www.garciafaura.com\/fr\/?s={search_term_string}\"},\"query-input\":{\"@type\":\"PropertyValueSpecification\",\"valueRequired\":true,\"valueName\":\"search_term_string\"}}],\"inLanguage\":\"fr-FR\"},{\"@type\":\"Organization\",\"@id\":\"https:\/\/www.garciafaura.com\/fr\/#organization\",\"name\":\"GARCIA FAURA\",\"url\":\"https:\/\/www.garciafaura.com\/fr\/\",\"logo\":{\"@type\":\"ImageObject\",\"inLanguage\":\"fr-FR\",\"@id\":\"https:\/\/www.garciafaura.com\/fr\/#\/schema\/logo\/image\/\",\"url\":\"https:\/\/www.garciafaura.com\/wp-content\/uploads\/2018\/09\/Garcia-Faura.png\",\"contentUrl\":\"https:\/\/www.garciafaura.com\/wp-content\/uploads\/2018\/09\/Garcia-Faura.png\",\"width\":512,\"height\":512,\"caption\":\"GARCIA FAURA\"},\"image\":{\"@id\":\"https:\/\/www.garciafaura.com\/fr\/#\/schema\/logo\/image\/\"},\"sameAs\":[\"https:\/\/www.youtube.com\/user\/GARCIAFAURA\"]},{\"@type\":\"Person\",\"@id\":\"https:\/\/www.garciafaura.com\/fr\/#\/schema\/person\/b4b75e69b33fac3446071909bec106b0\",\"name\":\"David Achell\",\"image\":{\"@type\":\"ImageObject\",\"inLanguage\":\"fr-FR\",\"@id\":\"https:\/\/www.garciafaura.com\/fr\/#\/schema\/person\/image\/\",\"url\":\"https:\/\/secure.gravatar.com\/avatar\/03900210afc1f61bce737bcb4a79c02e2c997f171e3eca839b5a4cbe03846c90?s=96&d=blank&r=g\",\"contentUrl\":\"https:\/\/secure.gravatar.com\/avatar\/03900210afc1f61bce737bcb4a79c02e2c997f171e3eca839b5a4cbe03846c90?s=96&d=blank&r=g\",\"caption\":\"David Achell\"}}]}<\/script>\n<!-- \/ Yoast SEO plugin. -->","yoast_head_json":{"title":"Le projet des b\u00e2timents d'entreprise Selva de Mar atteint la phase finale d'ex\u00e9cution - GARCIA FAURA","description":"Arquitectura en Alumini, Inox, Ferro i Vidre","robots":{"index":"index","follow":"follow","max-snippet":"max-snippet:-1","max-image-preview":"max-image-preview:large","max-video-preview":"max-video-preview:-1"},"canonical":"https:\/\/www.garciafaura.com\/fr\/el-projecte-corporatiu-selva-de-mar-encara-la-fase-final-dexecucio\/","og_locale":"fr_FR","og_type":"article","og_title":"Le projet des b\u00e2timents d'entreprise Selva de Mar atteint la phase finale d'ex\u00e9cution - GARCIA FAURA","og_description":"Arquitectura en Alumini, Inox, Ferro i Vidre","og_url":"https:\/\/www.garciafaura.com\/fr\/el-projecte-corporatiu-selva-de-mar-encara-la-fase-final-dexecucio\/","og_site_name":"GARCIA FAURA","article_published_time":"2021-11-18T03:53:00+00:00","article_modified_time":"2021-11-18T08:30:41+00:00","og_image":[{"width":2560,"height":1277,"url":"https:\/\/www.garciafaura.com\/wp-content\/uploads\/2021\/11\/SelvaMar2021118-scaled.jpg","type":"image\/jpeg"}],"author":"David Achell","twitter_card":"summary_large_image","twitter_misc":{"\u00c9crit par":"David Achell","Dur\u00e9e de lecture estim\u00e9e":"2 minutes"},"schema":{"@context":"https:\/\/schema.org","@graph":[{"@type":"Article","@id":"https:\/\/www.garciafaura.com\/fr\/el-projecte-corporatiu-selva-de-mar-encara-la-fase-final-dexecucio\/#article","isPartOf":{"@id":"https:\/\/www.garciafaura.com\/fr\/el-projecte-corporatiu-selva-de-mar-encara-la-fase-final-dexecucio\/"},"author":{"name":"David Achell","@id":"https:\/\/www.garciafaura.com\/fr\/#\/schema\/person\/b4b75e69b33fac3446071909bec106b0"},"headline":"Le projet des b\u00e2timents d&rsquo;entreprise Selva de Mar atteint la phase finale d&rsquo;ex\u00e9cution","datePublished":"2021-11-18T03:53:00+00:00","dateModified":"2021-11-18T08:30:41+00:00","mainEntityOfPage":{"@id":"https:\/\/www.garciafaura.com\/fr\/el-projecte-corporatiu-selva-de-mar-encara-la-fase-final-dexecucio\/"},"wordCount":334,"publisher":{"@id":"https:\/\/www.garciafaura.com\/fr\/#organization"},"image":{"@id":"https:\/\/www.garciafaura.com\/fr\/el-projecte-corporatiu-selva-de-mar-encara-la-fase-final-dexecucio\/#primaryimage"},"thumbnailUrl":"https:\/\/www.garciafaura.com\/wp-content\/uploads\/2021\/11\/SelvaMar2021118-scaled.jpg","articleSection":["Actualit\u00e9"],"inLanguage":"fr-FR"},{"@type":"WebPage","@id":"https:\/\/www.garciafaura.com\/fr\/el-projecte-corporatiu-selva-de-mar-encara-la-fase-final-dexecucio\/","url":"https:\/\/www.garciafaura.com\/fr\/el-projecte-corporatiu-selva-de-mar-encara-la-fase-final-dexecucio\/","name":"Le projet des b\u00e2timents d'entreprise Selva de Mar atteint la phase finale d'ex\u00e9cution - GARCIA FAURA","isPartOf":{"@id":"https:\/\/www.garciafaura.com\/fr\/#website"},"primaryImageOfPage":{"@id":"https:\/\/www.garciafaura.com\/fr\/el-projecte-corporatiu-selva-de-mar-encara-la-fase-final-dexecucio\/#primaryimage"},"image":{"@id":"https:\/\/www.garciafaura.com\/fr\/el-projecte-corporatiu-selva-de-mar-encara-la-fase-final-dexecucio\/#primaryimage"},"thumbnailUrl":"https:\/\/www.garciafaura.com\/wp-content\/uploads\/2021\/11\/SelvaMar2021118-scaled.jpg","datePublished":"2021-11-18T03:53:00+00:00","dateModified":"2021-11-18T08:30:41+00:00","description":"Arquitectura en Alumini, Inox, Ferro i Vidre","breadcrumb":{"@id":"https:\/\/www.garciafaura.com\/fr\/el-projecte-corporatiu-selva-de-mar-encara-la-fase-final-dexecucio\/#breadcrumb"},"inLanguage":"fr-FR","potentialAction":[{"@type":"ReadAction","target":["https:\/\/www.garciafaura.com\/fr\/el-projecte-corporatiu-selva-de-mar-encara-la-fase-final-dexecucio\/"]}]},{"@type":"ImageObject","inLanguage":"fr-FR","@id":"https:\/\/www.garciafaura.com\/fr\/el-projecte-corporatiu-selva-de-mar-encara-la-fase-final-dexecucio\/#primaryimage","url":"https:\/\/www.garciafaura.com\/wp-content\/uploads\/2021\/11\/SelvaMar2021118-scaled.jpg","contentUrl":"https:\/\/www.garciafaura.com\/wp-content\/uploads\/2021\/11\/SelvaMar2021118-scaled.jpg","width":2560,"height":1277,"caption":"GARCIA FAURA Selva de Mar"},{"@type":"BreadcrumbList","@id":"https:\/\/www.garciafaura.com\/fr\/el-projecte-corporatiu-selva-de-mar-encara-la-fase-final-dexecucio\/#breadcrumb","itemListElement":[{"@type":"ListItem","position":1,"name":"Inici","item":"https:\/\/www.garciafaura.com\/fr\/"},{"@type":"ListItem","position":2,"name":"Le projet des b\u00e2timents d&rsquo;entreprise Selva de Mar atteint la phase finale d&rsquo;ex\u00e9cution"}]},{"@type":"WebSite","@id":"https:\/\/www.garciafaura.com\/fr\/#website","url":"https:\/\/www.garciafaura.com\/fr\/","name":"GARCIA FAURA","description":"Arquitectura en Alumini, Inox, Ferro i Vidre","publisher":{"@id":"https:\/\/www.garciafaura.com\/fr\/#organization"},"potentialAction":[{"@type":"SearchAction","target":{"@type":"EntryPoint","urlTemplate":"https:\/\/www.garciafaura.com\/fr\/?s={search_term_string}"},"query-input":{"@type":"PropertyValueSpecification","valueRequired":true,"valueName":"search_term_string"}}],"inLanguage":"fr-FR"},{"@type":"Organization","@id":"https:\/\/www.garciafaura.com\/fr\/#organization","name":"GARCIA FAURA","url":"https:\/\/www.garciafaura.com\/fr\/","logo":{"@type":"ImageObject","inLanguage":"fr-FR","@id":"https:\/\/www.garciafaura.com\/fr\/#\/schema\/logo\/image\/","url":"https:\/\/www.garciafaura.com\/wp-content\/uploads\/2018\/09\/Garcia-Faura.png","contentUrl":"https:\/\/www.garciafaura.com\/wp-content\/uploads\/2018\/09\/Garcia-Faura.png","width":512,"height":512,"caption":"GARCIA FAURA"},"image":{"@id":"https:\/\/www.garciafaura.com\/fr\/#\/schema\/logo\/image\/"},"sameAs":["https:\/\/www.youtube.com\/user\/GARCIAFAURA"]},{"@type":"Person","@id":"https:\/\/www.garciafaura.com\/fr\/#\/schema\/person\/b4b75e69b33fac3446071909bec106b0","name":"David Achell","image":{"@type":"ImageObject","inLanguage":"fr-FR","@id":"https:\/\/www.garciafaura.com\/fr\/#\/schema\/person\/image\/","url":"https:\/\/secure.gravatar.com\/avatar\/03900210afc1f61bce737bcb4a79c02e2c997f171e3eca839b5a4cbe03846c90?s=96&d=blank&r=g","contentUrl":"https:\/\/secure.gravatar.com\/avatar\/03900210afc1f61bce737bcb4a79c02e2c997f171e3eca839b5a4cbe03846c90?s=96&d=blank&r=g","caption":"David Achell"}}]}},"_links":{"self":[{"href":"https:\/\/www.garciafaura.com\/fr\/wp-json\/wp\/v2\/posts\/28770","targetHints":{"allow":["GET"]}}],"collection":[{"href":"https:\/\/www.garciafaura.com\/fr\/wp-json\/wp\/v2\/posts"}],"about":[{"href":"https:\/\/www.garciafaura.com\/fr\/wp-json\/wp\/v2\/types\/post"}],"author":[{"embeddable":true,"href":"https:\/\/www.garciafaura.com\/fr\/wp-json\/wp\/v2\/users\/3"}],"replies":[{"embeddable":true,"href":"https:\/\/www.garciafaura.com\/fr\/wp-json\/wp\/v2\/comments?post=28770"}],"version-history":[{"count":20,"href":"https:\/\/www.garciafaura.com\/fr\/wp-json\/wp\/v2\/posts\/28770\/revisions"}],"predecessor-version":[{"id":28834,"href":"https:\/\/www.garciafaura.com\/fr\/wp-json\/wp\/v2\/posts\/28770\/revisions\/28834"}],"wp:featuredmedia":[{"embeddable":true,"href":"https:\/\/www.garciafaura.com\/fr\/wp-json\/wp\/v2\/media\/28777"}],"wp:attachment":[{"href":"https:\/\/www.garciafaura.com\/fr\/wp-json\/wp\/v2\/media?parent=28770"}],"wp:term":[{"taxonomy":"category","embeddable":true,"href":"https:\/\/www.garciafaura.com\/fr\/wp-json\/wp\/v2\/categories?post=28770"},{"taxonomy":"post_tag","embeddable":true,"href":"https:\/\/www.garciafaura.com\/fr\/wp-json\/wp\/v2\/tags?post=28770"},{"taxonomy":"post_series","embeddable":true,"href":"https:\/\/www.garciafaura.com\/fr\/wp-json\/wp\/v2\/post_series?post=28770"}],"curies":[{"name":"wp","href":"https:\/\/api.w.org\/{rel}","templated":true}]}}