{"id":28656,"date":"2021-11-04T10:00:00","date_gmt":"2021-11-04T08:00:00","guid":{"rendered":"https:\/\/www.garciafaura.com\/?p=28656"},"modified":"2021-11-03T14:07:02","modified_gmt":"2021-11-03T12:07:02","slug":"garcia-faura-finalitza-la-intervencio-al-projecte-frances-larchipel","status":"publish","type":"post","link":"https:\/\/www.garciafaura.com\/fr\/garcia-faura-finalitza-la-intervencio-al-projecte-frances-larchipel\/","title":{"rendered":"GARCIA FAURA a termin\u00e9 l&rsquo;intervention dans le projet fran\u00e7ais L&rsquo;Archipel"},"content":{"rendered":"\n<p style=\"text-align:justify\"><strong>L&rsquo;une des \u0153uvres les plus singuli\u00e8res \u00e0 laquelle GARCIA FAURA a particip\u00e9 jusqu&rsquo;\u00e0 pr\u00e9sent en France est sur le point de s&rsquo;achever. Il s&rsquo;agit du complexe L\u2019Archipel, un ensemble de b\u00e2timents qui deviendra le nouveau si\u00e8ge social de <a href=\"https:\/\/www.vinci.com\/vinci.nsf\/fr\/index.htm\" target=\"_blank\" rel=\"noreferrer noopener\">Vinci<\/a>, l&rsquo;un des plus grands groupes industriels fran\u00e7ais d\u00e9di\u00e9s \u00e0 la construction et aux activit\u00e9s connexes.<\/strong><\/p>\n\n\n\n<p style=\"text-align:justify\">Le complexe <strong><a href=\"https:\/\/www.vinci.com\/vinci.nsf\/fr\/actualites\/pages\/l_archipel_nouveau_siege_et_nouvelles_ambitions_pour_vinci.htm\" target=\"_blank\" rel=\"noreferrer noopener\">L\u2019Archipel<\/a><\/strong> est situ\u00e9 \u00e0 Nanterre, au nord-ouest de Paris, dans le prolongement du quartier d&rsquo;affaires de La D\u00e9fense, un quartier de la capitale fran\u00e7aise caract\u00e9ris\u00e9 par de nombreux b\u00e2timents de bureaux et qui est reli\u00e9 \u00e0 l&rsquo;avenue des Champs Elys\u00e9es et la place de la Concorde.<\/p>\n\n\n\n<p style=\"text-align:justify\"><strong>GARCIA FAURA<\/strong> a particip\u00e9 \u00e0 deux des cinq b\u00e2timents qui composent le complexe <strong>L\u2019Archipel<\/strong>, une s\u00e9rie de constructions ind\u00e9pendantes et interconnect\u00e9es \u00e9quip\u00e9es de menuiserie en aluminium, double peau avec vitrage et t\u00f4le perfor\u00e9e et passerelles de maintenance en fer.<\/p>\n\n\n\n<p style=\"text-align:justify\">Dans ce projet fran\u00e7ais, l&rsquo;entreprise catalane a \u00e9galement fabriqu\u00e9 et install\u00e9 des murs-rideaux traditionnels d&rsquo;aluminium avec capot-serreur, des murs-rideaux sur profil\u00e9s en bois et bardage en t\u00f4le aluminium de 3mm. \u00e9paisseur.<\/p>\n\n\n\n<p style=\"text-align:justify\">De plus, pour d\u00e9velopper ce projet, <strong>GARCIA FAURA<\/strong> a obtenu deux <a href=\"https:\/\/www.garciafaura.com\/fr\/garcia-faura-obte-les-seves-primeres-certificacions-tecniques-dinnovacio-a-franca\/\" target=\"_blank\" rel=\"noreferrer noopener\">certificats ATEx<\/a>, les labels de qualit\u00e9 d\u00e9cern\u00e9s par un groupe d&rsquo;experts fran\u00e7ais apr\u00e8s des contr\u00f4les stricts pour valider les solutions techniques innovantes et exclusives que l&rsquo;entreprise a apport\u00e9es au cours des travaux.<\/p>\n","protected":false},"excerpt":{"rendered":"<p>L&rsquo;une des \u0153uvres les plus singuli\u00e8res \u00e0 laquelle GARCIA FAURA a particip\u00e9 jusqu&rsquo;\u00e0 pr\u00e9sent en France est sur le point de s&rsquo;achever. Il s&rsquo;agit du complexe L\u2019Archipel, un ensemble de b\u00e2timents qui deviendra le nouveau si\u00e8ge social de Vinci, l&rsquo;un&hellip;<\/p>\n","protected":false},"author":3,"featured_media":28671,"comment_status":"closed","ping_status":"open","sticky":false,"template":"","format":"standard","meta":{"footnotes":""},"categories":[2],"tags":[],"post_series":[],"class_list":["post-28656","post","type-post","status-publish","format-standard","has-post-thumbnail","hentry","category-actualite","entry","has-media"],"yoast_head":"<!-- This site is optimized with the Yoast SEO plugin v26.7 - https:\/\/yoast.com\/wordpress\/plugins\/seo\/ -->\n<title>GARCIA FAURA a termin\u00e9 l&#039;intervention dans le projet fran\u00e7ais L&#039;Archipel - GARCIA FAURA<\/title>\n<meta name=\"description\" content=\"Arquitectura en Alumini, Inox, Ferro i Vidre\" \/>\n<meta name=\"robots\" content=\"index, follow, max-snippet:-1, max-image-preview:large, max-video-preview:-1\" \/>\n<link rel=\"canonical\" href=\"https:\/\/www.garciafaura.com\/fr\/garcia-faura-finalitza-la-intervencio-al-projecte-frances-larchipel\/\" \/>\n<meta property=\"og:locale\" content=\"fr_FR\" \/>\n<meta property=\"og:type\" content=\"article\" \/>\n<meta property=\"og:title\" content=\"GARCIA FAURA a termin\u00e9 l&#039;intervention dans le projet fran\u00e7ais L&#039;Archipel - GARCIA FAURA\" \/>\n<meta property=\"og:description\" content=\"Arquitectura en Alumini, Inox, Ferro i Vidre\" \/>\n<meta property=\"og:url\" content=\"https:\/\/www.garciafaura.com\/fr\/garcia-faura-finalitza-la-intervencio-al-projecte-frances-larchipel\/\" \/>\n<meta property=\"og:site_name\" content=\"GARCIA FAURA\" \/>\n<meta property=\"article:published_time\" content=\"2021-11-04T08:00:00+00:00\" \/>\n<meta property=\"og:image\" content=\"https:\/\/www.garciafaura.com\/wp-content\/uploads\/2021\/11\/Archipel-Nanterre-Garcia-Faura-Vinci-01-scaled.jpg\" \/>\n\t<meta property=\"og:image:width\" content=\"2560\" \/>\n\t<meta property=\"og:image:height\" content=\"1356\" \/>\n\t<meta property=\"og:image:type\" content=\"image\/jpeg\" \/>\n<meta name=\"author\" content=\"David Achell\" \/>\n<meta name=\"twitter:card\" content=\"summary_large_image\" \/>\n<meta name=\"twitter:label1\" content=\"\u00c9crit par\" \/>\n\t<meta name=\"twitter:data1\" content=\"David Achell\" \/>\n\t<meta name=\"twitter:label2\" content=\"Dur\u00e9e de lecture estim\u00e9e\" \/>\n\t<meta name=\"twitter:data2\" content=\"1 minute\" \/>\n<script type=\"application\/ld+json\" class=\"yoast-schema-graph\">{\"@context\":\"https:\/\/schema.org\",\"@graph\":[{\"@type\":\"Article\",\"@id\":\"https:\/\/www.garciafaura.com\/fr\/garcia-faura-finalitza-la-intervencio-al-projecte-frances-larchipel\/#article\",\"isPartOf\":{\"@id\":\"https:\/\/www.garciafaura.com\/fr\/garcia-faura-finalitza-la-intervencio-al-projecte-frances-larchipel\/\"},\"author\":{\"name\":\"David Achell\",\"@id\":\"https:\/\/www.garciafaura.com\/fr\/#\/schema\/person\/b4b75e69b33fac3446071909bec106b0\"},\"headline\":\"GARCIA FAURA a termin\u00e9 l&rsquo;intervention dans le projet fran\u00e7ais L&rsquo;Archipel\",\"datePublished\":\"2021-11-04T08:00:00+00:00\",\"mainEntityOfPage\":{\"@id\":\"https:\/\/www.garciafaura.com\/fr\/garcia-faura-finalitza-la-intervencio-al-projecte-frances-larchipel\/\"},\"wordCount\":266,\"publisher\":{\"@id\":\"https:\/\/www.garciafaura.com\/fr\/#organization\"},\"image\":{\"@id\":\"https:\/\/www.garciafaura.com\/fr\/garcia-faura-finalitza-la-intervencio-al-projecte-frances-larchipel\/#primaryimage\"},\"thumbnailUrl\":\"https:\/\/www.garciafaura.com\/wp-content\/uploads\/2021\/11\/Archipel-Nanterre-Garcia-Faura-Vinci-01-scaled.jpg\",\"articleSection\":[\"Actualit\u00e9\"],\"inLanguage\":\"fr-FR\"},{\"@type\":\"WebPage\",\"@id\":\"https:\/\/www.garciafaura.com\/fr\/garcia-faura-finalitza-la-intervencio-al-projecte-frances-larchipel\/\",\"url\":\"https:\/\/www.garciafaura.com\/fr\/garcia-faura-finalitza-la-intervencio-al-projecte-frances-larchipel\/\",\"name\":\"GARCIA FAURA a termin\u00e9 l'intervention dans le projet fran\u00e7ais L'Archipel - GARCIA FAURA\",\"isPartOf\":{\"@id\":\"https:\/\/www.garciafaura.com\/fr\/#website\"},\"primaryImageOfPage\":{\"@id\":\"https:\/\/www.garciafaura.com\/fr\/garcia-faura-finalitza-la-intervencio-al-projecte-frances-larchipel\/#primaryimage\"},\"image\":{\"@id\":\"https:\/\/www.garciafaura.com\/fr\/garcia-faura-finalitza-la-intervencio-al-projecte-frances-larchipel\/#primaryimage\"},\"thumbnailUrl\":\"https:\/\/www.garciafaura.com\/wp-content\/uploads\/2021\/11\/Archipel-Nanterre-Garcia-Faura-Vinci-01-scaled.jpg\",\"datePublished\":\"2021-11-04T08:00:00+00:00\",\"description\":\"Arquitectura en Alumini, Inox, Ferro i Vidre\",\"breadcrumb\":{\"@id\":\"https:\/\/www.garciafaura.com\/fr\/garcia-faura-finalitza-la-intervencio-al-projecte-frances-larchipel\/#breadcrumb\"},\"inLanguage\":\"fr-FR\",\"potentialAction\":[{\"@type\":\"ReadAction\",\"target\":[\"https:\/\/www.garciafaura.com\/fr\/garcia-faura-finalitza-la-intervencio-al-projecte-frances-larchipel\/\"]}]},{\"@type\":\"ImageObject\",\"inLanguage\":\"fr-FR\",\"@id\":\"https:\/\/www.garciafaura.com\/fr\/garcia-faura-finalitza-la-intervencio-al-projecte-frances-larchipel\/#primaryimage\",\"url\":\"https:\/\/www.garciafaura.com\/wp-content\/uploads\/2021\/11\/Archipel-Nanterre-Garcia-Faura-Vinci-01-scaled.jpg\",\"contentUrl\":\"https:\/\/www.garciafaura.com\/wp-content\/uploads\/2021\/11\/Archipel-Nanterre-Garcia-Faura-Vinci-01-scaled.jpg\",\"width\":2560,\"height\":1356,\"caption\":\"Archipel Nanterre Garcia Faura Vinci-01\"},{\"@type\":\"BreadcrumbList\",\"@id\":\"https:\/\/www.garciafaura.com\/fr\/garcia-faura-finalitza-la-intervencio-al-projecte-frances-larchipel\/#breadcrumb\",\"itemListElement\":[{\"@type\":\"ListItem\",\"position\":1,\"name\":\"Inici\",\"item\":\"https:\/\/www.garciafaura.com\/fr\/\"},{\"@type\":\"ListItem\",\"position\":2,\"name\":\"GARCIA FAURA a termin\u00e9 l&rsquo;intervention dans le projet fran\u00e7ais L&rsquo;Archipel\"}]},{\"@type\":\"WebSite\",\"@id\":\"https:\/\/www.garciafaura.com\/fr\/#website\",\"url\":\"https:\/\/www.garciafaura.com\/fr\/\",\"name\":\"GARCIA FAURA\",\"description\":\"Arquitectura en Alumini, Inox, Ferro i Vidre\",\"publisher\":{\"@id\":\"https:\/\/www.garciafaura.com\/fr\/#organization\"},\"potentialAction\":[{\"@type\":\"SearchAction\",\"target\":{\"@type\":\"EntryPoint\",\"urlTemplate\":\"https:\/\/www.garciafaura.com\/fr\/?s={search_term_string}\"},\"query-input\":{\"@type\":\"PropertyValueSpecification\",\"valueRequired\":true,\"valueName\":\"search_term_string\"}}],\"inLanguage\":\"fr-FR\"},{\"@type\":\"Organization\",\"@id\":\"https:\/\/www.garciafaura.com\/fr\/#organization\",\"name\":\"GARCIA FAURA\",\"url\":\"https:\/\/www.garciafaura.com\/fr\/\",\"logo\":{\"@type\":\"ImageObject\",\"inLanguage\":\"fr-FR\",\"@id\":\"https:\/\/www.garciafaura.com\/fr\/#\/schema\/logo\/image\/\",\"url\":\"https:\/\/www.garciafaura.com\/wp-content\/uploads\/2018\/09\/Garcia-Faura.png\",\"contentUrl\":\"https:\/\/www.garciafaura.com\/wp-content\/uploads\/2018\/09\/Garcia-Faura.png\",\"width\":512,\"height\":512,\"caption\":\"GARCIA FAURA\"},\"image\":{\"@id\":\"https:\/\/www.garciafaura.com\/fr\/#\/schema\/logo\/image\/\"},\"sameAs\":[\"https:\/\/www.youtube.com\/user\/GARCIAFAURA\"]},{\"@type\":\"Person\",\"@id\":\"https:\/\/www.garciafaura.com\/fr\/#\/schema\/person\/b4b75e69b33fac3446071909bec106b0\",\"name\":\"David Achell\",\"image\":{\"@type\":\"ImageObject\",\"inLanguage\":\"fr-FR\",\"@id\":\"https:\/\/www.garciafaura.com\/fr\/#\/schema\/person\/image\/\",\"url\":\"https:\/\/secure.gravatar.com\/avatar\/03900210afc1f61bce737bcb4a79c02e2c997f171e3eca839b5a4cbe03846c90?s=96&d=blank&r=g\",\"contentUrl\":\"https:\/\/secure.gravatar.com\/avatar\/03900210afc1f61bce737bcb4a79c02e2c997f171e3eca839b5a4cbe03846c90?s=96&d=blank&r=g\",\"caption\":\"David Achell\"}}]}<\/script>\n<!-- \/ Yoast SEO plugin. -->","yoast_head_json":{"title":"GARCIA FAURA a termin\u00e9 l'intervention dans le projet fran\u00e7ais L'Archipel - GARCIA FAURA","description":"Arquitectura en Alumini, Inox, Ferro i Vidre","robots":{"index":"index","follow":"follow","max-snippet":"max-snippet:-1","max-image-preview":"max-image-preview:large","max-video-preview":"max-video-preview:-1"},"canonical":"https:\/\/www.garciafaura.com\/fr\/garcia-faura-finalitza-la-intervencio-al-projecte-frances-larchipel\/","og_locale":"fr_FR","og_type":"article","og_title":"GARCIA FAURA a termin\u00e9 l'intervention dans le projet fran\u00e7ais L'Archipel - GARCIA FAURA","og_description":"Arquitectura en Alumini, Inox, Ferro i Vidre","og_url":"https:\/\/www.garciafaura.com\/fr\/garcia-faura-finalitza-la-intervencio-al-projecte-frances-larchipel\/","og_site_name":"GARCIA FAURA","article_published_time":"2021-11-04T08:00:00+00:00","og_image":[{"width":2560,"height":1356,"url":"https:\/\/www.garciafaura.com\/wp-content\/uploads\/2021\/11\/Archipel-Nanterre-Garcia-Faura-Vinci-01-scaled.jpg","type":"image\/jpeg"}],"author":"David Achell","twitter_card":"summary_large_image","twitter_misc":{"\u00c9crit par":"David Achell","Dur\u00e9e de lecture estim\u00e9e":"1 minute"},"schema":{"@context":"https:\/\/schema.org","@graph":[{"@type":"Article","@id":"https:\/\/www.garciafaura.com\/fr\/garcia-faura-finalitza-la-intervencio-al-projecte-frances-larchipel\/#article","isPartOf":{"@id":"https:\/\/www.garciafaura.com\/fr\/garcia-faura-finalitza-la-intervencio-al-projecte-frances-larchipel\/"},"author":{"name":"David Achell","@id":"https:\/\/www.garciafaura.com\/fr\/#\/schema\/person\/b4b75e69b33fac3446071909bec106b0"},"headline":"GARCIA FAURA a termin\u00e9 l&rsquo;intervention dans le projet fran\u00e7ais L&rsquo;Archipel","datePublished":"2021-11-04T08:00:00+00:00","mainEntityOfPage":{"@id":"https:\/\/www.garciafaura.com\/fr\/garcia-faura-finalitza-la-intervencio-al-projecte-frances-larchipel\/"},"wordCount":266,"publisher":{"@id":"https:\/\/www.garciafaura.com\/fr\/#organization"},"image":{"@id":"https:\/\/www.garciafaura.com\/fr\/garcia-faura-finalitza-la-intervencio-al-projecte-frances-larchipel\/#primaryimage"},"thumbnailUrl":"https:\/\/www.garciafaura.com\/wp-content\/uploads\/2021\/11\/Archipel-Nanterre-Garcia-Faura-Vinci-01-scaled.jpg","articleSection":["Actualit\u00e9"],"inLanguage":"fr-FR"},{"@type":"WebPage","@id":"https:\/\/www.garciafaura.com\/fr\/garcia-faura-finalitza-la-intervencio-al-projecte-frances-larchipel\/","url":"https:\/\/www.garciafaura.com\/fr\/garcia-faura-finalitza-la-intervencio-al-projecte-frances-larchipel\/","name":"GARCIA FAURA a termin\u00e9 l'intervention dans le projet fran\u00e7ais L'Archipel - GARCIA FAURA","isPartOf":{"@id":"https:\/\/www.garciafaura.com\/fr\/#website"},"primaryImageOfPage":{"@id":"https:\/\/www.garciafaura.com\/fr\/garcia-faura-finalitza-la-intervencio-al-projecte-frances-larchipel\/#primaryimage"},"image":{"@id":"https:\/\/www.garciafaura.com\/fr\/garcia-faura-finalitza-la-intervencio-al-projecte-frances-larchipel\/#primaryimage"},"thumbnailUrl":"https:\/\/www.garciafaura.com\/wp-content\/uploads\/2021\/11\/Archipel-Nanterre-Garcia-Faura-Vinci-01-scaled.jpg","datePublished":"2021-11-04T08:00:00+00:00","description":"Arquitectura en Alumini, Inox, Ferro i Vidre","breadcrumb":{"@id":"https:\/\/www.garciafaura.com\/fr\/garcia-faura-finalitza-la-intervencio-al-projecte-frances-larchipel\/#breadcrumb"},"inLanguage":"fr-FR","potentialAction":[{"@type":"ReadAction","target":["https:\/\/www.garciafaura.com\/fr\/garcia-faura-finalitza-la-intervencio-al-projecte-frances-larchipel\/"]}]},{"@type":"ImageObject","inLanguage":"fr-FR","@id":"https:\/\/www.garciafaura.com\/fr\/garcia-faura-finalitza-la-intervencio-al-projecte-frances-larchipel\/#primaryimage","url":"https:\/\/www.garciafaura.com\/wp-content\/uploads\/2021\/11\/Archipel-Nanterre-Garcia-Faura-Vinci-01-scaled.jpg","contentUrl":"https:\/\/www.garciafaura.com\/wp-content\/uploads\/2021\/11\/Archipel-Nanterre-Garcia-Faura-Vinci-01-scaled.jpg","width":2560,"height":1356,"caption":"Archipel Nanterre Garcia Faura Vinci-01"},{"@type":"BreadcrumbList","@id":"https:\/\/www.garciafaura.com\/fr\/garcia-faura-finalitza-la-intervencio-al-projecte-frances-larchipel\/#breadcrumb","itemListElement":[{"@type":"ListItem","position":1,"name":"Inici","item":"https:\/\/www.garciafaura.com\/fr\/"},{"@type":"ListItem","position":2,"name":"GARCIA FAURA a termin\u00e9 l&rsquo;intervention dans le projet fran\u00e7ais L&rsquo;Archipel"}]},{"@type":"WebSite","@id":"https:\/\/www.garciafaura.com\/fr\/#website","url":"https:\/\/www.garciafaura.com\/fr\/","name":"GARCIA FAURA","description":"Arquitectura en Alumini, Inox, Ferro i Vidre","publisher":{"@id":"https:\/\/www.garciafaura.com\/fr\/#organization"},"potentialAction":[{"@type":"SearchAction","target":{"@type":"EntryPoint","urlTemplate":"https:\/\/www.garciafaura.com\/fr\/?s={search_term_string}"},"query-input":{"@type":"PropertyValueSpecification","valueRequired":true,"valueName":"search_term_string"}}],"inLanguage":"fr-FR"},{"@type":"Organization","@id":"https:\/\/www.garciafaura.com\/fr\/#organization","name":"GARCIA FAURA","url":"https:\/\/www.garciafaura.com\/fr\/","logo":{"@type":"ImageObject","inLanguage":"fr-FR","@id":"https:\/\/www.garciafaura.com\/fr\/#\/schema\/logo\/image\/","url":"https:\/\/www.garciafaura.com\/wp-content\/uploads\/2018\/09\/Garcia-Faura.png","contentUrl":"https:\/\/www.garciafaura.com\/wp-content\/uploads\/2018\/09\/Garcia-Faura.png","width":512,"height":512,"caption":"GARCIA FAURA"},"image":{"@id":"https:\/\/www.garciafaura.com\/fr\/#\/schema\/logo\/image\/"},"sameAs":["https:\/\/www.youtube.com\/user\/GARCIAFAURA"]},{"@type":"Person","@id":"https:\/\/www.garciafaura.com\/fr\/#\/schema\/person\/b4b75e69b33fac3446071909bec106b0","name":"David Achell","image":{"@type":"ImageObject","inLanguage":"fr-FR","@id":"https:\/\/www.garciafaura.com\/fr\/#\/schema\/person\/image\/","url":"https:\/\/secure.gravatar.com\/avatar\/03900210afc1f61bce737bcb4a79c02e2c997f171e3eca839b5a4cbe03846c90?s=96&d=blank&r=g","contentUrl":"https:\/\/secure.gravatar.com\/avatar\/03900210afc1f61bce737bcb4a79c02e2c997f171e3eca839b5a4cbe03846c90?s=96&d=blank&r=g","caption":"David Achell"}}]}},"_links":{"self":[{"href":"https:\/\/www.garciafaura.com\/fr\/wp-json\/wp\/v2\/posts\/28656","targetHints":{"allow":["GET"]}}],"collection":[{"href":"https:\/\/www.garciafaura.com\/fr\/wp-json\/wp\/v2\/posts"}],"about":[{"href":"https:\/\/www.garciafaura.com\/fr\/wp-json\/wp\/v2\/types\/post"}],"author":[{"embeddable":true,"href":"https:\/\/www.garciafaura.com\/fr\/wp-json\/wp\/v2\/users\/3"}],"replies":[{"embeddable":true,"href":"https:\/\/www.garciafaura.com\/fr\/wp-json\/wp\/v2\/comments?post=28656"}],"version-history":[{"count":12,"href":"https:\/\/www.garciafaura.com\/fr\/wp-json\/wp\/v2\/posts\/28656\/revisions"}],"predecessor-version":[{"id":28728,"href":"https:\/\/www.garciafaura.com\/fr\/wp-json\/wp\/v2\/posts\/28656\/revisions\/28728"}],"wp:featuredmedia":[{"embeddable":true,"href":"https:\/\/www.garciafaura.com\/fr\/wp-json\/wp\/v2\/media\/28671"}],"wp:attachment":[{"href":"https:\/\/www.garciafaura.com\/fr\/wp-json\/wp\/v2\/media?parent=28656"}],"wp:term":[{"taxonomy":"category","embeddable":true,"href":"https:\/\/www.garciafaura.com\/fr\/wp-json\/wp\/v2\/categories?post=28656"},{"taxonomy":"post_tag","embeddable":true,"href":"https:\/\/www.garciafaura.com\/fr\/wp-json\/wp\/v2\/tags?post=28656"},{"taxonomy":"post_series","embeddable":true,"href":"https:\/\/www.garciafaura.com\/fr\/wp-json\/wp\/v2\/post_series?post=28656"}],"curies":[{"name":"wp","href":"https:\/\/api.w.org\/{rel}","templated":true}]}}