{"id":28626,"date":"2021-10-19T09:12:04","date_gmt":"2021-10-19T07:12:04","guid":{"rendered":"https:\/\/www.garciafaura.com\/tancaments-de-garcia-faura-per-al-nou-aparthotel-de-4-estrelles-de-barcelona\/"},"modified":"2024-05-06T12:59:17","modified_gmt":"2024-05-06T10:59:17","slug":"tancaments-de-garcia-faura-per-al-nou-aparthotel-de-4-estrelles-de-barcelona","status":"publish","type":"post","link":"https:\/\/www.garciafaura.com\/fr\/tancaments-de-garcia-faura-per-al-nou-aparthotel-de-4-estrelles-de-barcelona\/","title":{"rendered":"Menuiseries ext\u00e9rieures de GARCIA FAURA pour un nouvel appart-h\u00f4tel 4 \u00e9toiles \u00e0 Barcelone"},"content":{"rendered":"\n<p><strong><strong>Le Tembo BCN Suites sera un appart-h\u00f4tel quatre \u00e9toiles qui sera construit dans la zone de Port F\u00f2rum, entre Barcelone et Sant Adri\u00e0 de Bes\u00f2<em>s<\/em>. Il comptera plus de 300 appartements avec vue sur la mer r\u00e9partis sur 18 \u00e9tages. Le b\u00e2timent devrait ouvrir ses portes en 2023.<\/strong><\/strong><\/p>\n\n\n\n<p>L&rsquo;h\u00f4tel aura une superficie de plus de 20.000 m\u00e8tres carr\u00e9s gr\u00e2ce \u00e0 ses deux tours. Les tours seront s\u00e9par\u00e9es par un atrium d&rsquo;environ 60 m\u00e8tres de haut construit en bois. La fonction de cet atrium sera de r\u00e9guler les conditions climatiques et la connexion entre les appartements.<\/p>\n\n\n\n<p><strong>GARCIA FAURA<\/strong> fabrique et installe les menuiseries ext\u00e9rieures de l&rsquo;ensemble du b\u00e2timent, en aluminium haute performance et \u00e0 rupture de pont thermique. Ce sont pr\u00e8s de 5.000 m\u00e8tres carr\u00e9s de menuiseries avec ouvertures coulissantes et \u00e0 la fran\u00e7aise que l&rsquo;on retrouve aussi bien dans les appartements qu&rsquo;au rez-de-chauss\u00e9e, les parties communes et les cages d&rsquo;escalier.<\/p>\n\n\n\n<p><strong>Tembo BCN Suites<\/strong> comprendra des salles de congr\u00e8s, des restaurants, une cr\u00e8che, une biblioth\u00e8que, un espace de r\u00e9union et m\u00eame une terrasse avec piscine, entre autres espaces. L&rsquo;ensemble du b\u00e2timent est construit avec des crit\u00e8res de durabilit\u00e9 en termes de mat\u00e9riaux utilis\u00e9s et de syst\u00e8mes de construction.<\/p>\n","protected":false},"excerpt":{"rendered":"<p>Le Tembo BCN Suites sera un appart-h\u00f4tel quatre \u00e9toiles qui sera construit dans la zone de Port F\u00f2rum, entre Barcelone et Sant Adri\u00e0 de Bes\u00f2s. Il comptera plus de 300 appartements avec vue sur la mer r\u00e9partis sur 18 \u00e9tages.&hellip;<\/p>\n","protected":false},"author":3,"featured_media":28608,"comment_status":"closed","ping_status":"open","sticky":false,"template":"","format":"gallery","meta":{"footnotes":""},"categories":[2],"tags":[],"post_series":[],"class_list":["post-28626","post","type-post","status-publish","format-gallery","has-post-thumbnail","hentry","category-actualite","post_format-post-format-gallery","entry","has-media"],"yoast_head":"<!-- This site is optimized with the Yoast SEO plugin v26.7 - https:\/\/yoast.com\/wordpress\/plugins\/seo\/ -->\n<title>Menuiseries ext\u00e9rieures de GARCIA FAURA pour un nouvel appart-h\u00f4tel 4 \u00e9toiles \u00e0 Barcelone - GARCIA FAURA<\/title>\n<meta name=\"description\" content=\"Arquitectura en Alumini, Inox, Ferro i Vidre\" \/>\n<meta name=\"robots\" content=\"index, follow, max-snippet:-1, max-image-preview:large, max-video-preview:-1\" \/>\n<link rel=\"canonical\" href=\"https:\/\/www.garciafaura.com\/fr\/tancaments-de-garcia-faura-per-al-nou-aparthotel-de-4-estrelles-de-barcelona\/\" \/>\n<meta property=\"og:locale\" content=\"fr_FR\" \/>\n<meta property=\"og:type\" content=\"article\" \/>\n<meta property=\"og:title\" content=\"Menuiseries ext\u00e9rieures de GARCIA FAURA pour un nouvel appart-h\u00f4tel 4 \u00e9toiles \u00e0 Barcelone - GARCIA FAURA\" \/>\n<meta property=\"og:description\" content=\"Arquitectura en Alumini, Inox, Ferro i Vidre\" \/>\n<meta property=\"og:url\" content=\"https:\/\/www.garciafaura.com\/fr\/tancaments-de-garcia-faura-per-al-nou-aparthotel-de-4-estrelles-de-barcelona\/\" \/>\n<meta property=\"og:site_name\" content=\"GARCIA FAURA\" \/>\n<meta property=\"article:published_time\" content=\"2021-10-19T07:12:04+00:00\" \/>\n<meta property=\"article:modified_time\" content=\"2024-05-06T10:59:17+00:00\" \/>\n<meta property=\"og:image\" content=\"https:\/\/www.garciafaura.com\/wp-content\/uploads\/2021\/10\/Tembo-Suites-03.jpg\" \/>\n\t<meta property=\"og:image:width\" content=\"1549\" \/>\n\t<meta property=\"og:image:height\" content=\"1290\" \/>\n\t<meta property=\"og:image:type\" content=\"image\/jpeg\" \/>\n<meta name=\"author\" content=\"David Achell\" \/>\n<meta name=\"twitter:card\" content=\"summary_large_image\" \/>\n<meta name=\"twitter:label1\" content=\"\u00c9crit par\" \/>\n\t<meta name=\"twitter:data1\" content=\"David Achell\" \/>\n\t<meta name=\"twitter:label2\" content=\"Dur\u00e9e de lecture estim\u00e9e\" \/>\n\t<meta name=\"twitter:data2\" content=\"1 minute\" \/>\n<script type=\"application\/ld+json\" class=\"yoast-schema-graph\">{\"@context\":\"https:\/\/schema.org\",\"@graph\":[{\"@type\":\"Article\",\"@id\":\"https:\/\/www.garciafaura.com\/fr\/tancaments-de-garcia-faura-per-al-nou-aparthotel-de-4-estrelles-de-barcelona\/#article\",\"isPartOf\":{\"@id\":\"https:\/\/www.garciafaura.com\/fr\/tancaments-de-garcia-faura-per-al-nou-aparthotel-de-4-estrelles-de-barcelona\/\"},\"author\":{\"name\":\"David Achell\",\"@id\":\"https:\/\/www.garciafaura.com\/fr\/#\/schema\/person\/b4b75e69b33fac3446071909bec106b0\"},\"headline\":\"Menuiseries ext\u00e9rieures de GARCIA FAURA pour un nouvel appart-h\u00f4tel 4 \u00e9toiles \u00e0 Barcelone\",\"datePublished\":\"2021-10-19T07:12:04+00:00\",\"dateModified\":\"2024-05-06T10:59:17+00:00\",\"mainEntityOfPage\":{\"@id\":\"https:\/\/www.garciafaura.com\/fr\/tancaments-de-garcia-faura-per-al-nou-aparthotel-de-4-estrelles-de-barcelona\/\"},\"wordCount\":238,\"publisher\":{\"@id\":\"https:\/\/www.garciafaura.com\/fr\/#organization\"},\"image\":{\"@id\":\"https:\/\/www.garciafaura.com\/fr\/tancaments-de-garcia-faura-per-al-nou-aparthotel-de-4-estrelles-de-barcelona\/#primaryimage\"},\"thumbnailUrl\":\"https:\/\/www.garciafaura.com\/wp-content\/uploads\/2021\/10\/Tembo-Suites-03.jpg\",\"articleSection\":[\"Actualit\u00e9\"],\"inLanguage\":\"fr-FR\"},{\"@type\":\"WebPage\",\"@id\":\"https:\/\/www.garciafaura.com\/fr\/tancaments-de-garcia-faura-per-al-nou-aparthotel-de-4-estrelles-de-barcelona\/\",\"url\":\"https:\/\/www.garciafaura.com\/fr\/tancaments-de-garcia-faura-per-al-nou-aparthotel-de-4-estrelles-de-barcelona\/\",\"name\":\"Menuiseries ext\u00e9rieures de GARCIA FAURA pour un nouvel appart-h\u00f4tel 4 \u00e9toiles \u00e0 Barcelone - GARCIA FAURA\",\"isPartOf\":{\"@id\":\"https:\/\/www.garciafaura.com\/fr\/#website\"},\"primaryImageOfPage\":{\"@id\":\"https:\/\/www.garciafaura.com\/fr\/tancaments-de-garcia-faura-per-al-nou-aparthotel-de-4-estrelles-de-barcelona\/#primaryimage\"},\"image\":{\"@id\":\"https:\/\/www.garciafaura.com\/fr\/tancaments-de-garcia-faura-per-al-nou-aparthotel-de-4-estrelles-de-barcelona\/#primaryimage\"},\"thumbnailUrl\":\"https:\/\/www.garciafaura.com\/wp-content\/uploads\/2021\/10\/Tembo-Suites-03.jpg\",\"datePublished\":\"2021-10-19T07:12:04+00:00\",\"dateModified\":\"2024-05-06T10:59:17+00:00\",\"description\":\"Arquitectura en Alumini, Inox, Ferro i Vidre\",\"breadcrumb\":{\"@id\":\"https:\/\/www.garciafaura.com\/fr\/tancaments-de-garcia-faura-per-al-nou-aparthotel-de-4-estrelles-de-barcelona\/#breadcrumb\"},\"inLanguage\":\"fr-FR\",\"potentialAction\":[{\"@type\":\"ReadAction\",\"target\":[\"https:\/\/www.garciafaura.com\/fr\/tancaments-de-garcia-faura-per-al-nou-aparthotel-de-4-estrelles-de-barcelona\/\"]}]},{\"@type\":\"ImageObject\",\"inLanguage\":\"fr-FR\",\"@id\":\"https:\/\/www.garciafaura.com\/fr\/tancaments-de-garcia-faura-per-al-nou-aparthotel-de-4-estrelles-de-barcelona\/#primaryimage\",\"url\":\"https:\/\/www.garciafaura.com\/wp-content\/uploads\/2021\/10\/Tembo-Suites-03.jpg\",\"contentUrl\":\"https:\/\/www.garciafaura.com\/wp-content\/uploads\/2021\/10\/Tembo-Suites-03.jpg\",\"width\":1549,\"height\":1290,\"caption\":\"Tembo BCN Suites Garcia Faura\"},{\"@type\":\"BreadcrumbList\",\"@id\":\"https:\/\/www.garciafaura.com\/fr\/tancaments-de-garcia-faura-per-al-nou-aparthotel-de-4-estrelles-de-barcelona\/#breadcrumb\",\"itemListElement\":[{\"@type\":\"ListItem\",\"position\":1,\"name\":\"Inici\",\"item\":\"https:\/\/www.garciafaura.com\/fr\/\"},{\"@type\":\"ListItem\",\"position\":2,\"name\":\"Menuiseries ext\u00e9rieures de GARCIA FAURA pour un nouvel appart-h\u00f4tel 4 \u00e9toiles \u00e0 Barcelone\"}]},{\"@type\":\"WebSite\",\"@id\":\"https:\/\/www.garciafaura.com\/fr\/#website\",\"url\":\"https:\/\/www.garciafaura.com\/fr\/\",\"name\":\"GARCIA FAURA\",\"description\":\"Arquitectura en Alumini, Inox, Ferro i Vidre\",\"publisher\":{\"@id\":\"https:\/\/www.garciafaura.com\/fr\/#organization\"},\"potentialAction\":[{\"@type\":\"SearchAction\",\"target\":{\"@type\":\"EntryPoint\",\"urlTemplate\":\"https:\/\/www.garciafaura.com\/fr\/?s={search_term_string}\"},\"query-input\":{\"@type\":\"PropertyValueSpecification\",\"valueRequired\":true,\"valueName\":\"search_term_string\"}}],\"inLanguage\":\"fr-FR\"},{\"@type\":\"Organization\",\"@id\":\"https:\/\/www.garciafaura.com\/fr\/#organization\",\"name\":\"GARCIA FAURA\",\"url\":\"https:\/\/www.garciafaura.com\/fr\/\",\"logo\":{\"@type\":\"ImageObject\",\"inLanguage\":\"fr-FR\",\"@id\":\"https:\/\/www.garciafaura.com\/fr\/#\/schema\/logo\/image\/\",\"url\":\"https:\/\/www.garciafaura.com\/wp-content\/uploads\/2018\/09\/Garcia-Faura.png\",\"contentUrl\":\"https:\/\/www.garciafaura.com\/wp-content\/uploads\/2018\/09\/Garcia-Faura.png\",\"width\":512,\"height\":512,\"caption\":\"GARCIA FAURA\"},\"image\":{\"@id\":\"https:\/\/www.garciafaura.com\/fr\/#\/schema\/logo\/image\/\"},\"sameAs\":[\"https:\/\/www.youtube.com\/user\/GARCIAFAURA\"]},{\"@type\":\"Person\",\"@id\":\"https:\/\/www.garciafaura.com\/fr\/#\/schema\/person\/b4b75e69b33fac3446071909bec106b0\",\"name\":\"David Achell\",\"image\":{\"@type\":\"ImageObject\",\"inLanguage\":\"fr-FR\",\"@id\":\"https:\/\/www.garciafaura.com\/fr\/#\/schema\/person\/image\/\",\"url\":\"https:\/\/secure.gravatar.com\/avatar\/03900210afc1f61bce737bcb4a79c02e2c997f171e3eca839b5a4cbe03846c90?s=96&d=blank&r=g\",\"contentUrl\":\"https:\/\/secure.gravatar.com\/avatar\/03900210afc1f61bce737bcb4a79c02e2c997f171e3eca839b5a4cbe03846c90?s=96&d=blank&r=g\",\"caption\":\"David Achell\"}}]}<\/script>\n<!-- \/ Yoast SEO plugin. -->","yoast_head_json":{"title":"Menuiseries ext\u00e9rieures de GARCIA FAURA pour un nouvel appart-h\u00f4tel 4 \u00e9toiles \u00e0 Barcelone - GARCIA FAURA","description":"Arquitectura en Alumini, Inox, Ferro i Vidre","robots":{"index":"index","follow":"follow","max-snippet":"max-snippet:-1","max-image-preview":"max-image-preview:large","max-video-preview":"max-video-preview:-1"},"canonical":"https:\/\/www.garciafaura.com\/fr\/tancaments-de-garcia-faura-per-al-nou-aparthotel-de-4-estrelles-de-barcelona\/","og_locale":"fr_FR","og_type":"article","og_title":"Menuiseries ext\u00e9rieures de GARCIA FAURA pour un nouvel appart-h\u00f4tel 4 \u00e9toiles \u00e0 Barcelone - GARCIA FAURA","og_description":"Arquitectura en Alumini, Inox, Ferro i Vidre","og_url":"https:\/\/www.garciafaura.com\/fr\/tancaments-de-garcia-faura-per-al-nou-aparthotel-de-4-estrelles-de-barcelona\/","og_site_name":"GARCIA FAURA","article_published_time":"2021-10-19T07:12:04+00:00","article_modified_time":"2024-05-06T10:59:17+00:00","og_image":[{"width":1549,"height":1290,"url":"https:\/\/www.garciafaura.com\/wp-content\/uploads\/2021\/10\/Tembo-Suites-03.jpg","type":"image\/jpeg"}],"author":"David Achell","twitter_card":"summary_large_image","twitter_misc":{"\u00c9crit par":"David Achell","Dur\u00e9e de lecture estim\u00e9e":"1 minute"},"schema":{"@context":"https:\/\/schema.org","@graph":[{"@type":"Article","@id":"https:\/\/www.garciafaura.com\/fr\/tancaments-de-garcia-faura-per-al-nou-aparthotel-de-4-estrelles-de-barcelona\/#article","isPartOf":{"@id":"https:\/\/www.garciafaura.com\/fr\/tancaments-de-garcia-faura-per-al-nou-aparthotel-de-4-estrelles-de-barcelona\/"},"author":{"name":"David Achell","@id":"https:\/\/www.garciafaura.com\/fr\/#\/schema\/person\/b4b75e69b33fac3446071909bec106b0"},"headline":"Menuiseries ext\u00e9rieures de GARCIA FAURA pour un nouvel appart-h\u00f4tel 4 \u00e9toiles \u00e0 Barcelone","datePublished":"2021-10-19T07:12:04+00:00","dateModified":"2024-05-06T10:59:17+00:00","mainEntityOfPage":{"@id":"https:\/\/www.garciafaura.com\/fr\/tancaments-de-garcia-faura-per-al-nou-aparthotel-de-4-estrelles-de-barcelona\/"},"wordCount":238,"publisher":{"@id":"https:\/\/www.garciafaura.com\/fr\/#organization"},"image":{"@id":"https:\/\/www.garciafaura.com\/fr\/tancaments-de-garcia-faura-per-al-nou-aparthotel-de-4-estrelles-de-barcelona\/#primaryimage"},"thumbnailUrl":"https:\/\/www.garciafaura.com\/wp-content\/uploads\/2021\/10\/Tembo-Suites-03.jpg","articleSection":["Actualit\u00e9"],"inLanguage":"fr-FR"},{"@type":"WebPage","@id":"https:\/\/www.garciafaura.com\/fr\/tancaments-de-garcia-faura-per-al-nou-aparthotel-de-4-estrelles-de-barcelona\/","url":"https:\/\/www.garciafaura.com\/fr\/tancaments-de-garcia-faura-per-al-nou-aparthotel-de-4-estrelles-de-barcelona\/","name":"Menuiseries ext\u00e9rieures de GARCIA FAURA pour un nouvel appart-h\u00f4tel 4 \u00e9toiles \u00e0 Barcelone - GARCIA FAURA","isPartOf":{"@id":"https:\/\/www.garciafaura.com\/fr\/#website"},"primaryImageOfPage":{"@id":"https:\/\/www.garciafaura.com\/fr\/tancaments-de-garcia-faura-per-al-nou-aparthotel-de-4-estrelles-de-barcelona\/#primaryimage"},"image":{"@id":"https:\/\/www.garciafaura.com\/fr\/tancaments-de-garcia-faura-per-al-nou-aparthotel-de-4-estrelles-de-barcelona\/#primaryimage"},"thumbnailUrl":"https:\/\/www.garciafaura.com\/wp-content\/uploads\/2021\/10\/Tembo-Suites-03.jpg","datePublished":"2021-10-19T07:12:04+00:00","dateModified":"2024-05-06T10:59:17+00:00","description":"Arquitectura en Alumini, Inox, Ferro i Vidre","breadcrumb":{"@id":"https:\/\/www.garciafaura.com\/fr\/tancaments-de-garcia-faura-per-al-nou-aparthotel-de-4-estrelles-de-barcelona\/#breadcrumb"},"inLanguage":"fr-FR","potentialAction":[{"@type":"ReadAction","target":["https:\/\/www.garciafaura.com\/fr\/tancaments-de-garcia-faura-per-al-nou-aparthotel-de-4-estrelles-de-barcelona\/"]}]},{"@type":"ImageObject","inLanguage":"fr-FR","@id":"https:\/\/www.garciafaura.com\/fr\/tancaments-de-garcia-faura-per-al-nou-aparthotel-de-4-estrelles-de-barcelona\/#primaryimage","url":"https:\/\/www.garciafaura.com\/wp-content\/uploads\/2021\/10\/Tembo-Suites-03.jpg","contentUrl":"https:\/\/www.garciafaura.com\/wp-content\/uploads\/2021\/10\/Tembo-Suites-03.jpg","width":1549,"height":1290,"caption":"Tembo BCN Suites Garcia Faura"},{"@type":"BreadcrumbList","@id":"https:\/\/www.garciafaura.com\/fr\/tancaments-de-garcia-faura-per-al-nou-aparthotel-de-4-estrelles-de-barcelona\/#breadcrumb","itemListElement":[{"@type":"ListItem","position":1,"name":"Inici","item":"https:\/\/www.garciafaura.com\/fr\/"},{"@type":"ListItem","position":2,"name":"Menuiseries ext\u00e9rieures de GARCIA FAURA pour un nouvel appart-h\u00f4tel 4 \u00e9toiles \u00e0 Barcelone"}]},{"@type":"WebSite","@id":"https:\/\/www.garciafaura.com\/fr\/#website","url":"https:\/\/www.garciafaura.com\/fr\/","name":"GARCIA FAURA","description":"Arquitectura en Alumini, Inox, Ferro i Vidre","publisher":{"@id":"https:\/\/www.garciafaura.com\/fr\/#organization"},"potentialAction":[{"@type":"SearchAction","target":{"@type":"EntryPoint","urlTemplate":"https:\/\/www.garciafaura.com\/fr\/?s={search_term_string}"},"query-input":{"@type":"PropertyValueSpecification","valueRequired":true,"valueName":"search_term_string"}}],"inLanguage":"fr-FR"},{"@type":"Organization","@id":"https:\/\/www.garciafaura.com\/fr\/#organization","name":"GARCIA FAURA","url":"https:\/\/www.garciafaura.com\/fr\/","logo":{"@type":"ImageObject","inLanguage":"fr-FR","@id":"https:\/\/www.garciafaura.com\/fr\/#\/schema\/logo\/image\/","url":"https:\/\/www.garciafaura.com\/wp-content\/uploads\/2018\/09\/Garcia-Faura.png","contentUrl":"https:\/\/www.garciafaura.com\/wp-content\/uploads\/2018\/09\/Garcia-Faura.png","width":512,"height":512,"caption":"GARCIA FAURA"},"image":{"@id":"https:\/\/www.garciafaura.com\/fr\/#\/schema\/logo\/image\/"},"sameAs":["https:\/\/www.youtube.com\/user\/GARCIAFAURA"]},{"@type":"Person","@id":"https:\/\/www.garciafaura.com\/fr\/#\/schema\/person\/b4b75e69b33fac3446071909bec106b0","name":"David Achell","image":{"@type":"ImageObject","inLanguage":"fr-FR","@id":"https:\/\/www.garciafaura.com\/fr\/#\/schema\/person\/image\/","url":"https:\/\/secure.gravatar.com\/avatar\/03900210afc1f61bce737bcb4a79c02e2c997f171e3eca839b5a4cbe03846c90?s=96&d=blank&r=g","contentUrl":"https:\/\/secure.gravatar.com\/avatar\/03900210afc1f61bce737bcb4a79c02e2c997f171e3eca839b5a4cbe03846c90?s=96&d=blank&r=g","caption":"David Achell"}}]}},"_links":{"self":[{"href":"https:\/\/www.garciafaura.com\/fr\/wp-json\/wp\/v2\/posts\/28626","targetHints":{"allow":["GET"]}}],"collection":[{"href":"https:\/\/www.garciafaura.com\/fr\/wp-json\/wp\/v2\/posts"}],"about":[{"href":"https:\/\/www.garciafaura.com\/fr\/wp-json\/wp\/v2\/types\/post"}],"author":[{"embeddable":true,"href":"https:\/\/www.garciafaura.com\/fr\/wp-json\/wp\/v2\/users\/3"}],"replies":[{"embeddable":true,"href":"https:\/\/www.garciafaura.com\/fr\/wp-json\/wp\/v2\/comments?post=28626"}],"version-history":[{"count":1,"href":"https:\/\/www.garciafaura.com\/fr\/wp-json\/wp\/v2\/posts\/28626\/revisions"}],"predecessor-version":[{"id":28631,"href":"https:\/\/www.garciafaura.com\/fr\/wp-json\/wp\/v2\/posts\/28626\/revisions\/28631"}],"wp:featuredmedia":[{"embeddable":true,"href":"https:\/\/www.garciafaura.com\/fr\/wp-json\/wp\/v2\/media\/28608"}],"wp:attachment":[{"href":"https:\/\/www.garciafaura.com\/fr\/wp-json\/wp\/v2\/media?parent=28626"}],"wp:term":[{"taxonomy":"category","embeddable":true,"href":"https:\/\/www.garciafaura.com\/fr\/wp-json\/wp\/v2\/categories?post=28626"},{"taxonomy":"post_tag","embeddable":true,"href":"https:\/\/www.garciafaura.com\/fr\/wp-json\/wp\/v2\/tags?post=28626"},{"taxonomy":"post_series","embeddable":true,"href":"https:\/\/www.garciafaura.com\/fr\/wp-json\/wp\/v2\/post_series?post=28626"}],"curies":[{"name":"wp","href":"https:\/\/api.w.org\/{rel}","templated":true}]}}