{"id":28391,"date":"2021-10-06T09:38:42","date_gmt":"2021-10-06T07:38:42","guid":{"rendered":"https:\/\/www.garciafaura.com\/finalitzada-la-intervencio-a-la-nova-seu-del-banc-italia-intesa-sanpaolo-a-luxemburg\/"},"modified":"2021-10-06T09:51:54","modified_gmt":"2021-10-06T07:51:54","slug":"finalitzada-la-intervencio-a-la-nova-seu-del-banc-italia-intesa-sanpaolo-a-luxemburg","status":"publish","type":"post","link":"https:\/\/www.garciafaura.com\/fr\/finalitzada-la-intervencio-a-la-nova-seu-del-banc-italia-intesa-sanpaolo-a-luxemburg\/","title":{"rendered":"Fin des travaux du nouveau si\u00e8ge de la banque italienne Intesa Sanpaolo \u00e0 Luxembourg"},"content":{"rendered":"\n<p><strong><strong>Le nouveau si\u00e8ge de la banque Intesa Sanpaolo \u00e0 Luxembourg est pr\u00eat \u00e0 entrer en service. C&rsquo;est un b\u00e2timent de plus de 10.000 m\u00e8tres carr\u00e9s et huit \u00e9tages de bureaux, qui a eu l&rsquo;intervention des \u00e9quipes de la Division Internationale de GARCIA FAURA.<\/strong><\/strong><\/p>\n\n\n\n<p>Le nouveau si\u00e8ge de la banque italienne \u00e0 Luxembourg est situ\u00e9 dans le quartier de la Cloche d&rsquo;Or, un quartier \u00e9mergent de la capitale du pays d&rsquo;Europe centrale qui commence \u00e0 accueillir des services et des logements qui font partie des d\u00e9fis pos\u00e9s par le d\u00e9veloppement durable.<\/p>\n\n\n\n<p>Ainsi, le si\u00e8ge d&rsquo;<strong><a href=\"https:\/\/www.intesasanpaolobankluxembourg.lu\/fr\/\" target=\"_blank\" rel=\"noreferrer noopener\">Intesa Sanpaolo<\/a><\/strong> dispose du <a href=\"https:\/\/www.breeam.com\/\" target=\"_blank\" rel=\"noreferrer noopener\">certificat BREEAM<\/a> de respect des exigences environnementales. Le b\u00e2timent est compos\u00e9 de pierres naturelles de couleur claire combin\u00e9es \u00e0 une menuiserie en aluminium gris fonc\u00e9, avec une fa\u00e7ade enti\u00e8rement vitr\u00e9e au rez-de-chauss\u00e9e.<\/p>\n\n\n\n<p>C&rsquo;est dans cette zone que se concentre l&rsquo;essentiel de l&rsquo;intervention de <strong>GARCIA FAURA<\/strong>, qui a d\u00e9velopp\u00e9, fabriqu\u00e9 et install\u00e9 un mur rideau, d&rsquo;environ 445 m\u00e8tres carr\u00e9s, avec une douzaine de portes int\u00e9gr\u00e9es qui offrent un haut niveau d&rsquo;isolation thermique et acoustique.<\/p>\n\n\n\n<p>L&rsquo;entreprise catalane a \u00e9galement fabriqu\u00e9 et install\u00e9 l&rsquo;ensemble des portes automatiques et 300 m\u00b2 de bardage m\u00e9tallique en t\u00f4le d&rsquo;aluminium pour les piliers du rez-de-chauss\u00e9e, plus 235 m\u00b2 de mur rideau pour les loggias des \u00e9tages sup\u00e9rieurs.<\/p>\n","protected":false},"excerpt":{"rendered":"<p>Le nouveau si\u00e8ge de la banque Intesa Sanpaolo \u00e0 Luxembourg est pr\u00eat \u00e0 entrer en service. C&rsquo;est un b\u00e2timent de plus de 10.000 m\u00e8tres carr\u00e9s et huit \u00e9tages de bureaux, qui a eu l&rsquo;intervention des \u00e9quipes de la Division Internationale&hellip;<\/p>\n","protected":false},"author":3,"featured_media":28384,"comment_status":"closed","ping_status":"open","sticky":false,"template":"","format":"gallery","meta":{"footnotes":""},"categories":[2],"tags":[],"post_series":[],"class_list":["post-28391","post","type-post","status-publish","format-gallery","has-post-thumbnail","hentry","category-actualite","post_format-post-format-gallery","entry","has-media"],"yoast_head":"<!-- This site is optimized with the Yoast SEO plugin v26.7 - https:\/\/yoast.com\/wordpress\/plugins\/seo\/ -->\n<title>Fin des travaux du nouveau si\u00e8ge de la banque italienne Intesa Sanpaolo \u00e0 Luxembourg - GARCIA FAURA<\/title>\n<meta name=\"description\" content=\"Arquitectura en Alumini, Inox, Ferro i Vidre\" \/>\n<meta name=\"robots\" content=\"index, follow, max-snippet:-1, max-image-preview:large, max-video-preview:-1\" \/>\n<link rel=\"canonical\" href=\"https:\/\/www.garciafaura.com\/fr\/finalitzada-la-intervencio-a-la-nova-seu-del-banc-italia-intesa-sanpaolo-a-luxemburg\/\" \/>\n<meta property=\"og:locale\" content=\"fr_FR\" \/>\n<meta property=\"og:type\" content=\"article\" \/>\n<meta property=\"og:title\" content=\"Fin des travaux du nouveau si\u00e8ge de la banque italienne Intesa Sanpaolo \u00e0 Luxembourg - GARCIA FAURA\" \/>\n<meta property=\"og:description\" content=\"Arquitectura en Alumini, Inox, Ferro i Vidre\" \/>\n<meta property=\"og:url\" content=\"https:\/\/www.garciafaura.com\/fr\/finalitzada-la-intervencio-a-la-nova-seu-del-banc-italia-intesa-sanpaolo-a-luxemburg\/\" \/>\n<meta property=\"og:site_name\" content=\"GARCIA FAURA\" \/>\n<meta property=\"article:published_time\" content=\"2021-10-06T07:38:42+00:00\" \/>\n<meta property=\"article:modified_time\" content=\"2021-10-06T07:51:54+00:00\" \/>\n<meta property=\"og:image\" content=\"https:\/\/www.garciafaura.com\/wp-content\/uploads\/2021\/10\/BancoSanpaolo1-1.jpg\" \/>\n\t<meta property=\"og:image:width\" content=\"1600\" \/>\n\t<meta property=\"og:image:height\" content=\"1200\" \/>\n\t<meta property=\"og:image:type\" content=\"image\/jpeg\" \/>\n<meta name=\"author\" content=\"David Achell\" \/>\n<meta name=\"twitter:card\" content=\"summary_large_image\" \/>\n<meta name=\"twitter:label1\" content=\"\u00c9crit par\" \/>\n\t<meta name=\"twitter:data1\" content=\"David Achell\" \/>\n\t<meta name=\"twitter:label2\" content=\"Dur\u00e9e de lecture estim\u00e9e\" \/>\n\t<meta name=\"twitter:data2\" content=\"1 minute\" \/>\n<script type=\"application\/ld+json\" class=\"yoast-schema-graph\">{\"@context\":\"https:\/\/schema.org\",\"@graph\":[{\"@type\":\"Article\",\"@id\":\"https:\/\/www.garciafaura.com\/fr\/finalitzada-la-intervencio-a-la-nova-seu-del-banc-italia-intesa-sanpaolo-a-luxemburg\/#article\",\"isPartOf\":{\"@id\":\"https:\/\/www.garciafaura.com\/fr\/finalitzada-la-intervencio-a-la-nova-seu-del-banc-italia-intesa-sanpaolo-a-luxemburg\/\"},\"author\":{\"name\":\"David Achell\",\"@id\":\"https:\/\/www.garciafaura.com\/fr\/#\/schema\/person\/b4b75e69b33fac3446071909bec106b0\"},\"headline\":\"Fin des travaux du nouveau si\u00e8ge de la banque italienne Intesa Sanpaolo \u00e0 Luxembourg\",\"datePublished\":\"2021-10-06T07:38:42+00:00\",\"dateModified\":\"2021-10-06T07:51:54+00:00\",\"mainEntityOfPage\":{\"@id\":\"https:\/\/www.garciafaura.com\/fr\/finalitzada-la-intervencio-a-la-nova-seu-del-banc-italia-intesa-sanpaolo-a-luxemburg\/\"},\"wordCount\":250,\"publisher\":{\"@id\":\"https:\/\/www.garciafaura.com\/fr\/#organization\"},\"image\":{\"@id\":\"https:\/\/www.garciafaura.com\/fr\/finalitzada-la-intervencio-a-la-nova-seu-del-banc-italia-intesa-sanpaolo-a-luxemburg\/#primaryimage\"},\"thumbnailUrl\":\"https:\/\/www.garciafaura.com\/wp-content\/uploads\/2021\/10\/BancoSanpaolo1-1.jpg\",\"articleSection\":[\"Actualit\u00e9\"],\"inLanguage\":\"fr-FR\"},{\"@type\":\"WebPage\",\"@id\":\"https:\/\/www.garciafaura.com\/fr\/finalitzada-la-intervencio-a-la-nova-seu-del-banc-italia-intesa-sanpaolo-a-luxemburg\/\",\"url\":\"https:\/\/www.garciafaura.com\/fr\/finalitzada-la-intervencio-a-la-nova-seu-del-banc-italia-intesa-sanpaolo-a-luxemburg\/\",\"name\":\"Fin des travaux du nouveau si\u00e8ge de la banque italienne Intesa Sanpaolo \u00e0 Luxembourg - GARCIA FAURA\",\"isPartOf\":{\"@id\":\"https:\/\/www.garciafaura.com\/fr\/#website\"},\"primaryImageOfPage\":{\"@id\":\"https:\/\/www.garciafaura.com\/fr\/finalitzada-la-intervencio-a-la-nova-seu-del-banc-italia-intesa-sanpaolo-a-luxemburg\/#primaryimage\"},\"image\":{\"@id\":\"https:\/\/www.garciafaura.com\/fr\/finalitzada-la-intervencio-a-la-nova-seu-del-banc-italia-intesa-sanpaolo-a-luxemburg\/#primaryimage\"},\"thumbnailUrl\":\"https:\/\/www.garciafaura.com\/wp-content\/uploads\/2021\/10\/BancoSanpaolo1-1.jpg\",\"datePublished\":\"2021-10-06T07:38:42+00:00\",\"dateModified\":\"2021-10-06T07:51:54+00:00\",\"description\":\"Arquitectura en Alumini, Inox, Ferro i Vidre\",\"breadcrumb\":{\"@id\":\"https:\/\/www.garciafaura.com\/fr\/finalitzada-la-intervencio-a-la-nova-seu-del-banc-italia-intesa-sanpaolo-a-luxemburg\/#breadcrumb\"},\"inLanguage\":\"fr-FR\",\"potentialAction\":[{\"@type\":\"ReadAction\",\"target\":[\"https:\/\/www.garciafaura.com\/fr\/finalitzada-la-intervencio-a-la-nova-seu-del-banc-italia-intesa-sanpaolo-a-luxemburg\/\"]}]},{\"@type\":\"ImageObject\",\"inLanguage\":\"fr-FR\",\"@id\":\"https:\/\/www.garciafaura.com\/fr\/finalitzada-la-intervencio-a-la-nova-seu-del-banc-italia-intesa-sanpaolo-a-luxemburg\/#primaryimage\",\"url\":\"https:\/\/www.garciafaura.com\/wp-content\/uploads\/2021\/10\/BancoSanpaolo1-1.jpg\",\"contentUrl\":\"https:\/\/www.garciafaura.com\/wp-content\/uploads\/2021\/10\/BancoSanpaolo1-1.jpg\",\"width\":1600,\"height\":1200,\"caption\":\"Intesa San\"},{\"@type\":\"BreadcrumbList\",\"@id\":\"https:\/\/www.garciafaura.com\/fr\/finalitzada-la-intervencio-a-la-nova-seu-del-banc-italia-intesa-sanpaolo-a-luxemburg\/#breadcrumb\",\"itemListElement\":[{\"@type\":\"ListItem\",\"position\":1,\"name\":\"Inici\",\"item\":\"https:\/\/www.garciafaura.com\/fr\/\"},{\"@type\":\"ListItem\",\"position\":2,\"name\":\"Fin des travaux du nouveau si\u00e8ge de la banque italienne Intesa Sanpaolo \u00e0 Luxembourg\"}]},{\"@type\":\"WebSite\",\"@id\":\"https:\/\/www.garciafaura.com\/fr\/#website\",\"url\":\"https:\/\/www.garciafaura.com\/fr\/\",\"name\":\"GARCIA FAURA\",\"description\":\"Arquitectura en Alumini, Inox, Ferro i Vidre\",\"publisher\":{\"@id\":\"https:\/\/www.garciafaura.com\/fr\/#organization\"},\"potentialAction\":[{\"@type\":\"SearchAction\",\"target\":{\"@type\":\"EntryPoint\",\"urlTemplate\":\"https:\/\/www.garciafaura.com\/fr\/?s={search_term_string}\"},\"query-input\":{\"@type\":\"PropertyValueSpecification\",\"valueRequired\":true,\"valueName\":\"search_term_string\"}}],\"inLanguage\":\"fr-FR\"},{\"@type\":\"Organization\",\"@id\":\"https:\/\/www.garciafaura.com\/fr\/#organization\",\"name\":\"GARCIA FAURA\",\"url\":\"https:\/\/www.garciafaura.com\/fr\/\",\"logo\":{\"@type\":\"ImageObject\",\"inLanguage\":\"fr-FR\",\"@id\":\"https:\/\/www.garciafaura.com\/fr\/#\/schema\/logo\/image\/\",\"url\":\"https:\/\/www.garciafaura.com\/wp-content\/uploads\/2018\/09\/Garcia-Faura.png\",\"contentUrl\":\"https:\/\/www.garciafaura.com\/wp-content\/uploads\/2018\/09\/Garcia-Faura.png\",\"width\":512,\"height\":512,\"caption\":\"GARCIA FAURA\"},\"image\":{\"@id\":\"https:\/\/www.garciafaura.com\/fr\/#\/schema\/logo\/image\/\"},\"sameAs\":[\"https:\/\/www.youtube.com\/user\/GARCIAFAURA\"]},{\"@type\":\"Person\",\"@id\":\"https:\/\/www.garciafaura.com\/fr\/#\/schema\/person\/b4b75e69b33fac3446071909bec106b0\",\"name\":\"David Achell\",\"image\":{\"@type\":\"ImageObject\",\"inLanguage\":\"fr-FR\",\"@id\":\"https:\/\/www.garciafaura.com\/fr\/#\/schema\/person\/image\/\",\"url\":\"https:\/\/secure.gravatar.com\/avatar\/03900210afc1f61bce737bcb4a79c02e2c997f171e3eca839b5a4cbe03846c90?s=96&d=blank&r=g\",\"contentUrl\":\"https:\/\/secure.gravatar.com\/avatar\/03900210afc1f61bce737bcb4a79c02e2c997f171e3eca839b5a4cbe03846c90?s=96&d=blank&r=g\",\"caption\":\"David Achell\"}}]}<\/script>\n<!-- \/ Yoast SEO plugin. -->","yoast_head_json":{"title":"Fin des travaux du nouveau si\u00e8ge de la banque italienne Intesa Sanpaolo \u00e0 Luxembourg - GARCIA FAURA","description":"Arquitectura en Alumini, Inox, Ferro i Vidre","robots":{"index":"index","follow":"follow","max-snippet":"max-snippet:-1","max-image-preview":"max-image-preview:large","max-video-preview":"max-video-preview:-1"},"canonical":"https:\/\/www.garciafaura.com\/fr\/finalitzada-la-intervencio-a-la-nova-seu-del-banc-italia-intesa-sanpaolo-a-luxemburg\/","og_locale":"fr_FR","og_type":"article","og_title":"Fin des travaux du nouveau si\u00e8ge de la banque italienne Intesa Sanpaolo \u00e0 Luxembourg - GARCIA FAURA","og_description":"Arquitectura en Alumini, Inox, Ferro i Vidre","og_url":"https:\/\/www.garciafaura.com\/fr\/finalitzada-la-intervencio-a-la-nova-seu-del-banc-italia-intesa-sanpaolo-a-luxemburg\/","og_site_name":"GARCIA FAURA","article_published_time":"2021-10-06T07:38:42+00:00","article_modified_time":"2021-10-06T07:51:54+00:00","og_image":[{"width":1600,"height":1200,"url":"https:\/\/www.garciafaura.com\/wp-content\/uploads\/2021\/10\/BancoSanpaolo1-1.jpg","type":"image\/jpeg"}],"author":"David Achell","twitter_card":"summary_large_image","twitter_misc":{"\u00c9crit par":"David Achell","Dur\u00e9e de lecture estim\u00e9e":"1 minute"},"schema":{"@context":"https:\/\/schema.org","@graph":[{"@type":"Article","@id":"https:\/\/www.garciafaura.com\/fr\/finalitzada-la-intervencio-a-la-nova-seu-del-banc-italia-intesa-sanpaolo-a-luxemburg\/#article","isPartOf":{"@id":"https:\/\/www.garciafaura.com\/fr\/finalitzada-la-intervencio-a-la-nova-seu-del-banc-italia-intesa-sanpaolo-a-luxemburg\/"},"author":{"name":"David Achell","@id":"https:\/\/www.garciafaura.com\/fr\/#\/schema\/person\/b4b75e69b33fac3446071909bec106b0"},"headline":"Fin des travaux du nouveau si\u00e8ge de la banque italienne Intesa Sanpaolo \u00e0 Luxembourg","datePublished":"2021-10-06T07:38:42+00:00","dateModified":"2021-10-06T07:51:54+00:00","mainEntityOfPage":{"@id":"https:\/\/www.garciafaura.com\/fr\/finalitzada-la-intervencio-a-la-nova-seu-del-banc-italia-intesa-sanpaolo-a-luxemburg\/"},"wordCount":250,"publisher":{"@id":"https:\/\/www.garciafaura.com\/fr\/#organization"},"image":{"@id":"https:\/\/www.garciafaura.com\/fr\/finalitzada-la-intervencio-a-la-nova-seu-del-banc-italia-intesa-sanpaolo-a-luxemburg\/#primaryimage"},"thumbnailUrl":"https:\/\/www.garciafaura.com\/wp-content\/uploads\/2021\/10\/BancoSanpaolo1-1.jpg","articleSection":["Actualit\u00e9"],"inLanguage":"fr-FR"},{"@type":"WebPage","@id":"https:\/\/www.garciafaura.com\/fr\/finalitzada-la-intervencio-a-la-nova-seu-del-banc-italia-intesa-sanpaolo-a-luxemburg\/","url":"https:\/\/www.garciafaura.com\/fr\/finalitzada-la-intervencio-a-la-nova-seu-del-banc-italia-intesa-sanpaolo-a-luxemburg\/","name":"Fin des travaux du nouveau si\u00e8ge de la banque italienne Intesa Sanpaolo \u00e0 Luxembourg - GARCIA FAURA","isPartOf":{"@id":"https:\/\/www.garciafaura.com\/fr\/#website"},"primaryImageOfPage":{"@id":"https:\/\/www.garciafaura.com\/fr\/finalitzada-la-intervencio-a-la-nova-seu-del-banc-italia-intesa-sanpaolo-a-luxemburg\/#primaryimage"},"image":{"@id":"https:\/\/www.garciafaura.com\/fr\/finalitzada-la-intervencio-a-la-nova-seu-del-banc-italia-intesa-sanpaolo-a-luxemburg\/#primaryimage"},"thumbnailUrl":"https:\/\/www.garciafaura.com\/wp-content\/uploads\/2021\/10\/BancoSanpaolo1-1.jpg","datePublished":"2021-10-06T07:38:42+00:00","dateModified":"2021-10-06T07:51:54+00:00","description":"Arquitectura en Alumini, Inox, Ferro i Vidre","breadcrumb":{"@id":"https:\/\/www.garciafaura.com\/fr\/finalitzada-la-intervencio-a-la-nova-seu-del-banc-italia-intesa-sanpaolo-a-luxemburg\/#breadcrumb"},"inLanguage":"fr-FR","potentialAction":[{"@type":"ReadAction","target":["https:\/\/www.garciafaura.com\/fr\/finalitzada-la-intervencio-a-la-nova-seu-del-banc-italia-intesa-sanpaolo-a-luxemburg\/"]}]},{"@type":"ImageObject","inLanguage":"fr-FR","@id":"https:\/\/www.garciafaura.com\/fr\/finalitzada-la-intervencio-a-la-nova-seu-del-banc-italia-intesa-sanpaolo-a-luxemburg\/#primaryimage","url":"https:\/\/www.garciafaura.com\/wp-content\/uploads\/2021\/10\/BancoSanpaolo1-1.jpg","contentUrl":"https:\/\/www.garciafaura.com\/wp-content\/uploads\/2021\/10\/BancoSanpaolo1-1.jpg","width":1600,"height":1200,"caption":"Intesa San"},{"@type":"BreadcrumbList","@id":"https:\/\/www.garciafaura.com\/fr\/finalitzada-la-intervencio-a-la-nova-seu-del-banc-italia-intesa-sanpaolo-a-luxemburg\/#breadcrumb","itemListElement":[{"@type":"ListItem","position":1,"name":"Inici","item":"https:\/\/www.garciafaura.com\/fr\/"},{"@type":"ListItem","position":2,"name":"Fin des travaux du nouveau si\u00e8ge de la banque italienne Intesa Sanpaolo \u00e0 Luxembourg"}]},{"@type":"WebSite","@id":"https:\/\/www.garciafaura.com\/fr\/#website","url":"https:\/\/www.garciafaura.com\/fr\/","name":"GARCIA FAURA","description":"Arquitectura en Alumini, Inox, Ferro i Vidre","publisher":{"@id":"https:\/\/www.garciafaura.com\/fr\/#organization"},"potentialAction":[{"@type":"SearchAction","target":{"@type":"EntryPoint","urlTemplate":"https:\/\/www.garciafaura.com\/fr\/?s={search_term_string}"},"query-input":{"@type":"PropertyValueSpecification","valueRequired":true,"valueName":"search_term_string"}}],"inLanguage":"fr-FR"},{"@type":"Organization","@id":"https:\/\/www.garciafaura.com\/fr\/#organization","name":"GARCIA FAURA","url":"https:\/\/www.garciafaura.com\/fr\/","logo":{"@type":"ImageObject","inLanguage":"fr-FR","@id":"https:\/\/www.garciafaura.com\/fr\/#\/schema\/logo\/image\/","url":"https:\/\/www.garciafaura.com\/wp-content\/uploads\/2018\/09\/Garcia-Faura.png","contentUrl":"https:\/\/www.garciafaura.com\/wp-content\/uploads\/2018\/09\/Garcia-Faura.png","width":512,"height":512,"caption":"GARCIA FAURA"},"image":{"@id":"https:\/\/www.garciafaura.com\/fr\/#\/schema\/logo\/image\/"},"sameAs":["https:\/\/www.youtube.com\/user\/GARCIAFAURA"]},{"@type":"Person","@id":"https:\/\/www.garciafaura.com\/fr\/#\/schema\/person\/b4b75e69b33fac3446071909bec106b0","name":"David Achell","image":{"@type":"ImageObject","inLanguage":"fr-FR","@id":"https:\/\/www.garciafaura.com\/fr\/#\/schema\/person\/image\/","url":"https:\/\/secure.gravatar.com\/avatar\/03900210afc1f61bce737bcb4a79c02e2c997f171e3eca839b5a4cbe03846c90?s=96&d=blank&r=g","contentUrl":"https:\/\/secure.gravatar.com\/avatar\/03900210afc1f61bce737bcb4a79c02e2c997f171e3eca839b5a4cbe03846c90?s=96&d=blank&r=g","caption":"David Achell"}}]}},"_links":{"self":[{"href":"https:\/\/www.garciafaura.com\/fr\/wp-json\/wp\/v2\/posts\/28391","targetHints":{"allow":["GET"]}}],"collection":[{"href":"https:\/\/www.garciafaura.com\/fr\/wp-json\/wp\/v2\/posts"}],"about":[{"href":"https:\/\/www.garciafaura.com\/fr\/wp-json\/wp\/v2\/types\/post"}],"author":[{"embeddable":true,"href":"https:\/\/www.garciafaura.com\/fr\/wp-json\/wp\/v2\/users\/3"}],"replies":[{"embeddable":true,"href":"https:\/\/www.garciafaura.com\/fr\/wp-json\/wp\/v2\/comments?post=28391"}],"version-history":[{"count":2,"href":"https:\/\/www.garciafaura.com\/fr\/wp-json\/wp\/v2\/posts\/28391\/revisions"}],"predecessor-version":[{"id":28399,"href":"https:\/\/www.garciafaura.com\/fr\/wp-json\/wp\/v2\/posts\/28391\/revisions\/28399"}],"wp:featuredmedia":[{"embeddable":true,"href":"https:\/\/www.garciafaura.com\/fr\/wp-json\/wp\/v2\/media\/28384"}],"wp:attachment":[{"href":"https:\/\/www.garciafaura.com\/fr\/wp-json\/wp\/v2\/media?parent=28391"}],"wp:term":[{"taxonomy":"category","embeddable":true,"href":"https:\/\/www.garciafaura.com\/fr\/wp-json\/wp\/v2\/categories?post=28391"},{"taxonomy":"post_tag","embeddable":true,"href":"https:\/\/www.garciafaura.com\/fr\/wp-json\/wp\/v2\/tags?post=28391"},{"taxonomy":"post_series","embeddable":true,"href":"https:\/\/www.garciafaura.com\/fr\/wp-json\/wp\/v2\/post_series?post=28391"}],"curies":[{"name":"wp","href":"https:\/\/api.w.org\/{rel}","templated":true}]}}