{"id":28360,"date":"2021-09-23T11:37:45","date_gmt":"2021-09-23T09:37:45","guid":{"rendered":"https:\/\/www.garciafaura.com\/garcia-faura-present-en-diversos-projectes-innovadors-al-districte-tecnologic-22-de-barcelona\/"},"modified":"2021-09-23T11:48:05","modified_gmt":"2021-09-23T09:48:05","slug":"garcia-faura-present-en-diversos-projectes-innovadors-al-districte-tecnologic-22-de-barcelona","status":"publish","type":"post","link":"https:\/\/www.garciafaura.com\/fr\/garcia-faura-present-en-diversos-projectes-innovadors-al-districte-tecnologic-22-de-barcelona\/","title":{"rendered":"GARCIA FAURA, pr\u00e9sente dans plusieurs projets innovants dans le quartier technologique 22@ de Barcelone"},"content":{"rendered":"\n<p><strong>GARCIA FAURA participe \u00e0 divers projets de construction dans 22@, le quartier de Barcelone o\u00f9 cohabitent entreprises, centres de recherche et d&rsquo;enseignement avec des logements, des \u00e9quipements et des espaces verts. Un espace qui s&rsquo;est d\u00e9j\u00e0 consolid\u00e9 en tant que p\u00f4le \u00e9conomique et du savoir de la capitale catalane.<\/strong><\/p>\n\n\n\n<p>Le <strong><a href=\"https:\/\/ajuntament.barcelona.cat\/ecologiaurbana\/22barcelona\/en\/\" target=\"_blank\" rel=\"noreferrer noopener\">quartier 22@<\/a><\/strong> occupe environ 200 hectares de la zone de Poblenou, un quartier de <strong>Barcelone<\/strong> avec une tradition industrielle qui est devenu depuis des ann\u00e9es un p\u00f4le de concentration strat\u00e9gique d&rsquo;activit\u00e9s \u00e0 forte intensit\u00e9 de savoir avec l&#8217;emplacement de bureaux ou de r\u00e9sidences d\u2019\u00e9tudiants, entre autres installations.<\/p>\n\n\n\n<p>Des nouvelles installations qui, dans certains cas, ont la participation de <strong>GARCIA FAURA<\/strong>. Notamment dans la rue Pallars, o\u00f9 l&rsquo;entreprise d\u00e9veloppe la fa\u00e7ade et les menuiseries m\u00e9talliques d&rsquo;un <strong><a href=\"https:\/\/www.garciafaura.com\/fr\/portfolio-item\/oficines-pallars-180\/\" target=\"_blank\" rel=\"noreferrer noopener\">immeuble de bureaux<\/a><\/strong> de sept \u00e9tages et situ\u00e9 tout pr\u00e8s du centre n\u00e9vralgique de la ville comme la Place de les Gl\u00f2ries ou l&rsquo;avenue diagonale.<\/p>\n\n\n\n<p>Tout pr\u00e8s de cet immeuble de bureaux, plus pr\u00e9cis\u00e9ment sur la rue Pere IV, <strong>GARCIA FAURA<\/strong> participe \u00e9galement au <strong><a href=\"https:\/\/www.garciafaura.com\/fr\/garcia-faura-interve-en-el-futur-complex-doficines-mes-sostenible-de-barcelona\/\" target=\"_blank\" rel=\"noreferrer noopener\">complexe Smart<\/a><\/strong>, un immeuble appel\u00e9 \u00e0 \u00eatre le complexe de bureaux le plus durable de <strong>Barcelone<\/strong> et une r\u00e9f\u00e9rence en mati\u00e8re de durabilit\u00e9 et d&rsquo;efficacit\u00e9 \u00e9nerg\u00e9tique. L&rsquo;entreprise fournira 8.900 m\u00e8tres carr\u00e9s de murs-rideaux et 1.100 m\u00e8tres carr\u00e9s de menuiseries en aluminium de diff\u00e9rents types.<\/p>\n\n\n\n<p>Et sur la rue Selva de Mar, l&rsquo;entreprise r\u00e9alise \u00e9galement l&rsquo;installation des fa\u00e7ades et du bardage m\u00e9tallique d&rsquo;un autre <strong><a href=\"https:\/\/www.garciafaura.com\/fr\/portfolio-item\/complejo-selva-de-mar\/\" target=\"_blank\" rel=\"noreferrer noopener\">grand complexe<\/a><\/strong> de b\u00e2timents d&rsquo;entreprises et de services.<\/p>\n\n\n\n<p><strong>R\u00e9sidences d\u2019\u00e9tudiants<\/strong><\/p>\n\n\n\n<p>Dans ce quartier technologique de <strong>Barcelone<\/strong> se trouvent \u00e9galement des installations universitaires de l&rsquo;Universitat Pompeu Fabra (UPF) ou de l&rsquo;Universitat Oberta de Catalunya (UOC), entre autres, c&rsquo;est donc un centre d&rsquo;accueil pour les r\u00e9sidences d&rsquo;\u00e9tudiants. <strong>GARCIA FAURA<\/strong> participe actuellement \u00e0 la construction de trois de ces installations.<\/p>\n\n\n\n<p>L&rsquo;un de ces centres est celui dont la construction est pr\u00e9vue dans la rue Puigcerd\u00e0 sur un terrain d&rsquo;environ 15.400 m\u00e8tres carr\u00e9s et promu par le groupe am\u00e9ricain <strong>Valeo Group<\/strong>. Et deux autres r\u00e9sidences sont sur la rue Pallars. Pour l&rsquo;un d&rsquo;entre eux, qui sera <strong><a href=\"https:\/\/www.garciafaura.com\/fr\/portfolio-item\/residencia-pallars-433\/\" target=\"_blank\" rel=\"noreferrer noopener\">le plus grand de Barcelone<\/a><\/strong>, <strong>GARCIA FAURA<\/strong> d\u00e9veloppera la fa\u00e7ade et les menuiseries ext\u00e9rieures.<\/p>\n\n\n\n<p>Ce complexe, qui aura plus de 26.000 m\u00e8tres carr\u00e9s r\u00e9partis sur une aile de quatre \u00e9tages et quatre b\u00e2timents de huit \u00e9tages, abritera plus de 700 r\u00e9sidents et devrait ouvrir l&rsquo;ann\u00e9e prochaine, tout comme l&rsquo;autre r\u00e9sidence qui sera projet\u00e9e de construire sur la rue Pallars, plus pr\u00e9cis\u00e9ment au num\u00e9ro 489.<\/p>\n\n\n\n<p>Il s&rsquo;agit d&rsquo;une propri\u00e9t\u00e9 de 4.550 m\u00e8tres carr\u00e9s situ\u00e9e tout pr\u00e8s du campus de l&rsquo;UPF et aura une capacit\u00e9 de 257 appartements (avec un total de 265 lits) ainsi que des espaces de coworking, une piscine et une salle de sport.<\/p>\n","protected":false},"excerpt":{"rendered":"<p>GARCIA FAURA participe \u00e0 divers projets de construction dans 22@, le quartier de Barcelone o\u00f9 cohabitent entreprises, centres de recherche et d&rsquo;enseignement avec des logements, des \u00e9quipements et des espaces verts. Un espace qui s&rsquo;est d\u00e9j\u00e0 consolid\u00e9 en tant que&hellip;<\/p>\n","protected":false},"author":3,"featured_media":0,"comment_status":"closed","ping_status":"open","sticky":false,"template":"","format":"gallery","meta":{"footnotes":""},"categories":[2],"tags":[],"post_series":[],"class_list":["post-28360","post","type-post","status-publish","format-gallery","hentry","category-actualite","post_format-post-format-gallery","entry","has-media"],"yoast_head":"<!-- This site is optimized with the Yoast SEO plugin v26.7 - https:\/\/yoast.com\/wordpress\/plugins\/seo\/ -->\n<title>GARCIA FAURA, pr\u00e9sente dans plusieurs projets innovants dans le quartier technologique 22@ de Barcelone - GARCIA FAURA<\/title>\n<meta name=\"description\" content=\"Arquitectura en Alumini, Inox, Ferro i Vidre\" \/>\n<meta name=\"robots\" content=\"index, follow, max-snippet:-1, max-image-preview:large, max-video-preview:-1\" \/>\n<link rel=\"canonical\" href=\"https:\/\/www.garciafaura.com\/fr\/garcia-faura-present-en-diversos-projectes-innovadors-al-districte-tecnologic-22-de-barcelona\/\" \/>\n<meta property=\"og:locale\" content=\"fr_FR\" \/>\n<meta property=\"og:type\" content=\"article\" \/>\n<meta property=\"og:title\" content=\"GARCIA FAURA, pr\u00e9sente dans plusieurs projets innovants dans le quartier technologique 22@ de Barcelone - GARCIA FAURA\" \/>\n<meta property=\"og:description\" content=\"Arquitectura en Alumini, Inox, Ferro i Vidre\" \/>\n<meta property=\"og:url\" content=\"https:\/\/www.garciafaura.com\/fr\/garcia-faura-present-en-diversos-projectes-innovadors-al-districte-tecnologic-22-de-barcelona\/\" \/>\n<meta property=\"og:site_name\" content=\"GARCIA FAURA\" \/>\n<meta property=\"article:published_time\" content=\"2021-09-23T09:37:45+00:00\" \/>\n<meta property=\"article:modified_time\" content=\"2021-09-23T09:48:05+00:00\" \/>\n<meta property=\"og:image\" content=\"https:\/\/www.garciafaura.com\/wp-content\/uploads\/2021\/08\/Residencia-Pallars-433.jpg\" \/>\n\t<meta property=\"og:image:width\" content=\"1200\" \/>\n\t<meta property=\"og:image:height\" content=\"628\" \/>\n\t<meta property=\"og:image:type\" content=\"image\/jpeg\" \/>\n<meta name=\"author\" content=\"David Achell\" \/>\n<meta name=\"twitter:card\" content=\"summary_large_image\" \/>\n<meta name=\"twitter:label1\" content=\"\u00c9crit par\" \/>\n\t<meta name=\"twitter:data1\" content=\"David Achell\" \/>\n\t<meta name=\"twitter:label2\" content=\"Dur\u00e9e de lecture estim\u00e9e\" \/>\n\t<meta name=\"twitter:data2\" content=\"2 minutes\" \/>\n<script type=\"application\/ld+json\" class=\"yoast-schema-graph\">{\"@context\":\"https:\/\/schema.org\",\"@graph\":[{\"@type\":\"Article\",\"@id\":\"https:\/\/www.garciafaura.com\/fr\/garcia-faura-present-en-diversos-projectes-innovadors-al-districte-tecnologic-22-de-barcelona\/#article\",\"isPartOf\":{\"@id\":\"https:\/\/www.garciafaura.com\/fr\/garcia-faura-present-en-diversos-projectes-innovadors-al-districte-tecnologic-22-de-barcelona\/\"},\"author\":{\"name\":\"David Achell\",\"@id\":\"https:\/\/www.garciafaura.com\/fr\/#\/schema\/person\/b4b75e69b33fac3446071909bec106b0\"},\"headline\":\"GARCIA FAURA, pr\u00e9sente dans plusieurs projets innovants dans le quartier technologique 22@ de Barcelone\",\"datePublished\":\"2021-09-23T09:37:45+00:00\",\"dateModified\":\"2021-09-23T09:48:05+00:00\",\"mainEntityOfPage\":{\"@id\":\"https:\/\/www.garciafaura.com\/fr\/garcia-faura-present-en-diversos-projectes-innovadors-al-districte-tecnologic-22-de-barcelona\/\"},\"wordCount\":521,\"publisher\":{\"@id\":\"https:\/\/www.garciafaura.com\/fr\/#organization\"},\"articleSection\":[\"Actualit\u00e9\"],\"inLanguage\":\"fr-FR\"},{\"@type\":\"WebPage\",\"@id\":\"https:\/\/www.garciafaura.com\/fr\/garcia-faura-present-en-diversos-projectes-innovadors-al-districte-tecnologic-22-de-barcelona\/\",\"url\":\"https:\/\/www.garciafaura.com\/fr\/garcia-faura-present-en-diversos-projectes-innovadors-al-districte-tecnologic-22-de-barcelona\/\",\"name\":\"GARCIA FAURA, pr\u00e9sente dans plusieurs projets innovants dans le quartier technologique 22@ de Barcelone - GARCIA FAURA\",\"isPartOf\":{\"@id\":\"https:\/\/www.garciafaura.com\/fr\/#website\"},\"datePublished\":\"2021-09-23T09:37:45+00:00\",\"dateModified\":\"2021-09-23T09:48:05+00:00\",\"description\":\"Arquitectura en Alumini, Inox, Ferro i Vidre\",\"breadcrumb\":{\"@id\":\"https:\/\/www.garciafaura.com\/fr\/garcia-faura-present-en-diversos-projectes-innovadors-al-districte-tecnologic-22-de-barcelona\/#breadcrumb\"},\"inLanguage\":\"fr-FR\",\"potentialAction\":[{\"@type\":\"ReadAction\",\"target\":[\"https:\/\/www.garciafaura.com\/fr\/garcia-faura-present-en-diversos-projectes-innovadors-al-districte-tecnologic-22-de-barcelona\/\"]}]},{\"@type\":\"BreadcrumbList\",\"@id\":\"https:\/\/www.garciafaura.com\/fr\/garcia-faura-present-en-diversos-projectes-innovadors-al-districte-tecnologic-22-de-barcelona\/#breadcrumb\",\"itemListElement\":[{\"@type\":\"ListItem\",\"position\":1,\"name\":\"Inici\",\"item\":\"https:\/\/www.garciafaura.com\/fr\/\"},{\"@type\":\"ListItem\",\"position\":2,\"name\":\"GARCIA FAURA, pr\u00e9sente dans plusieurs projets innovants dans le quartier technologique 22@ de Barcelone\"}]},{\"@type\":\"WebSite\",\"@id\":\"https:\/\/www.garciafaura.com\/fr\/#website\",\"url\":\"https:\/\/www.garciafaura.com\/fr\/\",\"name\":\"GARCIA FAURA\",\"description\":\"Arquitectura en Alumini, Inox, Ferro i Vidre\",\"publisher\":{\"@id\":\"https:\/\/www.garciafaura.com\/fr\/#organization\"},\"potentialAction\":[{\"@type\":\"SearchAction\",\"target\":{\"@type\":\"EntryPoint\",\"urlTemplate\":\"https:\/\/www.garciafaura.com\/fr\/?s={search_term_string}\"},\"query-input\":{\"@type\":\"PropertyValueSpecification\",\"valueRequired\":true,\"valueName\":\"search_term_string\"}}],\"inLanguage\":\"fr-FR\"},{\"@type\":\"Organization\",\"@id\":\"https:\/\/www.garciafaura.com\/fr\/#organization\",\"name\":\"GARCIA FAURA\",\"url\":\"https:\/\/www.garciafaura.com\/fr\/\",\"logo\":{\"@type\":\"ImageObject\",\"inLanguage\":\"fr-FR\",\"@id\":\"https:\/\/www.garciafaura.com\/fr\/#\/schema\/logo\/image\/\",\"url\":\"https:\/\/www.garciafaura.com\/wp-content\/uploads\/2018\/09\/Garcia-Faura.png\",\"contentUrl\":\"https:\/\/www.garciafaura.com\/wp-content\/uploads\/2018\/09\/Garcia-Faura.png\",\"width\":512,\"height\":512,\"caption\":\"GARCIA FAURA\"},\"image\":{\"@id\":\"https:\/\/www.garciafaura.com\/fr\/#\/schema\/logo\/image\/\"},\"sameAs\":[\"https:\/\/www.youtube.com\/user\/GARCIAFAURA\"]},{\"@type\":\"Person\",\"@id\":\"https:\/\/www.garciafaura.com\/fr\/#\/schema\/person\/b4b75e69b33fac3446071909bec106b0\",\"name\":\"David Achell\",\"image\":{\"@type\":\"ImageObject\",\"inLanguage\":\"fr-FR\",\"@id\":\"https:\/\/www.garciafaura.com\/fr\/#\/schema\/person\/image\/\",\"url\":\"https:\/\/secure.gravatar.com\/avatar\/03900210afc1f61bce737bcb4a79c02e2c997f171e3eca839b5a4cbe03846c90?s=96&d=blank&r=g\",\"contentUrl\":\"https:\/\/secure.gravatar.com\/avatar\/03900210afc1f61bce737bcb4a79c02e2c997f171e3eca839b5a4cbe03846c90?s=96&d=blank&r=g\",\"caption\":\"David Achell\"}}]}<\/script>\n<!-- \/ Yoast SEO plugin. -->","yoast_head_json":{"title":"GARCIA FAURA, pr\u00e9sente dans plusieurs projets innovants dans le quartier technologique 22@ de Barcelone - GARCIA FAURA","description":"Arquitectura en Alumini, Inox, Ferro i Vidre","robots":{"index":"index","follow":"follow","max-snippet":"max-snippet:-1","max-image-preview":"max-image-preview:large","max-video-preview":"max-video-preview:-1"},"canonical":"https:\/\/www.garciafaura.com\/fr\/garcia-faura-present-en-diversos-projectes-innovadors-al-districte-tecnologic-22-de-barcelona\/","og_locale":"fr_FR","og_type":"article","og_title":"GARCIA FAURA, pr\u00e9sente dans plusieurs projets innovants dans le quartier technologique 22@ de Barcelone - GARCIA FAURA","og_description":"Arquitectura en Alumini, Inox, Ferro i Vidre","og_url":"https:\/\/www.garciafaura.com\/fr\/garcia-faura-present-en-diversos-projectes-innovadors-al-districte-tecnologic-22-de-barcelona\/","og_site_name":"GARCIA FAURA","article_published_time":"2021-09-23T09:37:45+00:00","article_modified_time":"2021-09-23T09:48:05+00:00","og_image":[{"width":1200,"height":628,"url":"https:\/\/www.garciafaura.com\/wp-content\/uploads\/2021\/08\/Residencia-Pallars-433.jpg","type":"image\/jpeg"}],"author":"David Achell","twitter_card":"summary_large_image","twitter_misc":{"\u00c9crit par":"David Achell","Dur\u00e9e de lecture estim\u00e9e":"2 minutes"},"schema":{"@context":"https:\/\/schema.org","@graph":[{"@type":"Article","@id":"https:\/\/www.garciafaura.com\/fr\/garcia-faura-present-en-diversos-projectes-innovadors-al-districte-tecnologic-22-de-barcelona\/#article","isPartOf":{"@id":"https:\/\/www.garciafaura.com\/fr\/garcia-faura-present-en-diversos-projectes-innovadors-al-districte-tecnologic-22-de-barcelona\/"},"author":{"name":"David Achell","@id":"https:\/\/www.garciafaura.com\/fr\/#\/schema\/person\/b4b75e69b33fac3446071909bec106b0"},"headline":"GARCIA FAURA, pr\u00e9sente dans plusieurs projets innovants dans le quartier technologique 22@ de Barcelone","datePublished":"2021-09-23T09:37:45+00:00","dateModified":"2021-09-23T09:48:05+00:00","mainEntityOfPage":{"@id":"https:\/\/www.garciafaura.com\/fr\/garcia-faura-present-en-diversos-projectes-innovadors-al-districte-tecnologic-22-de-barcelona\/"},"wordCount":521,"publisher":{"@id":"https:\/\/www.garciafaura.com\/fr\/#organization"},"articleSection":["Actualit\u00e9"],"inLanguage":"fr-FR"},{"@type":"WebPage","@id":"https:\/\/www.garciafaura.com\/fr\/garcia-faura-present-en-diversos-projectes-innovadors-al-districte-tecnologic-22-de-barcelona\/","url":"https:\/\/www.garciafaura.com\/fr\/garcia-faura-present-en-diversos-projectes-innovadors-al-districte-tecnologic-22-de-barcelona\/","name":"GARCIA FAURA, pr\u00e9sente dans plusieurs projets innovants dans le quartier technologique 22@ de Barcelone - GARCIA FAURA","isPartOf":{"@id":"https:\/\/www.garciafaura.com\/fr\/#website"},"datePublished":"2021-09-23T09:37:45+00:00","dateModified":"2021-09-23T09:48:05+00:00","description":"Arquitectura en Alumini, Inox, Ferro i Vidre","breadcrumb":{"@id":"https:\/\/www.garciafaura.com\/fr\/garcia-faura-present-en-diversos-projectes-innovadors-al-districte-tecnologic-22-de-barcelona\/#breadcrumb"},"inLanguage":"fr-FR","potentialAction":[{"@type":"ReadAction","target":["https:\/\/www.garciafaura.com\/fr\/garcia-faura-present-en-diversos-projectes-innovadors-al-districte-tecnologic-22-de-barcelona\/"]}]},{"@type":"BreadcrumbList","@id":"https:\/\/www.garciafaura.com\/fr\/garcia-faura-present-en-diversos-projectes-innovadors-al-districte-tecnologic-22-de-barcelona\/#breadcrumb","itemListElement":[{"@type":"ListItem","position":1,"name":"Inici","item":"https:\/\/www.garciafaura.com\/fr\/"},{"@type":"ListItem","position":2,"name":"GARCIA FAURA, pr\u00e9sente dans plusieurs projets innovants dans le quartier technologique 22@ de Barcelone"}]},{"@type":"WebSite","@id":"https:\/\/www.garciafaura.com\/fr\/#website","url":"https:\/\/www.garciafaura.com\/fr\/","name":"GARCIA FAURA","description":"Arquitectura en Alumini, Inox, Ferro i Vidre","publisher":{"@id":"https:\/\/www.garciafaura.com\/fr\/#organization"},"potentialAction":[{"@type":"SearchAction","target":{"@type":"EntryPoint","urlTemplate":"https:\/\/www.garciafaura.com\/fr\/?s={search_term_string}"},"query-input":{"@type":"PropertyValueSpecification","valueRequired":true,"valueName":"search_term_string"}}],"inLanguage":"fr-FR"},{"@type":"Organization","@id":"https:\/\/www.garciafaura.com\/fr\/#organization","name":"GARCIA FAURA","url":"https:\/\/www.garciafaura.com\/fr\/","logo":{"@type":"ImageObject","inLanguage":"fr-FR","@id":"https:\/\/www.garciafaura.com\/fr\/#\/schema\/logo\/image\/","url":"https:\/\/www.garciafaura.com\/wp-content\/uploads\/2018\/09\/Garcia-Faura.png","contentUrl":"https:\/\/www.garciafaura.com\/wp-content\/uploads\/2018\/09\/Garcia-Faura.png","width":512,"height":512,"caption":"GARCIA FAURA"},"image":{"@id":"https:\/\/www.garciafaura.com\/fr\/#\/schema\/logo\/image\/"},"sameAs":["https:\/\/www.youtube.com\/user\/GARCIAFAURA"]},{"@type":"Person","@id":"https:\/\/www.garciafaura.com\/fr\/#\/schema\/person\/b4b75e69b33fac3446071909bec106b0","name":"David Achell","image":{"@type":"ImageObject","inLanguage":"fr-FR","@id":"https:\/\/www.garciafaura.com\/fr\/#\/schema\/person\/image\/","url":"https:\/\/secure.gravatar.com\/avatar\/03900210afc1f61bce737bcb4a79c02e2c997f171e3eca839b5a4cbe03846c90?s=96&d=blank&r=g","contentUrl":"https:\/\/secure.gravatar.com\/avatar\/03900210afc1f61bce737bcb4a79c02e2c997f171e3eca839b5a4cbe03846c90?s=96&d=blank&r=g","caption":"David Achell"}}]}},"_links":{"self":[{"href":"https:\/\/www.garciafaura.com\/fr\/wp-json\/wp\/v2\/posts\/28360","targetHints":{"allow":["GET"]}}],"collection":[{"href":"https:\/\/www.garciafaura.com\/fr\/wp-json\/wp\/v2\/posts"}],"about":[{"href":"https:\/\/www.garciafaura.com\/fr\/wp-json\/wp\/v2\/types\/post"}],"author":[{"embeddable":true,"href":"https:\/\/www.garciafaura.com\/fr\/wp-json\/wp\/v2\/users\/3"}],"replies":[{"embeddable":true,"href":"https:\/\/www.garciafaura.com\/fr\/wp-json\/wp\/v2\/comments?post=28360"}],"version-history":[{"count":2,"href":"https:\/\/www.garciafaura.com\/fr\/wp-json\/wp\/v2\/posts\/28360\/revisions"}],"predecessor-version":[{"id":28366,"href":"https:\/\/www.garciafaura.com\/fr\/wp-json\/wp\/v2\/posts\/28360\/revisions\/28366"}],"wp:attachment":[{"href":"https:\/\/www.garciafaura.com\/fr\/wp-json\/wp\/v2\/media?parent=28360"}],"wp:term":[{"taxonomy":"category","embeddable":true,"href":"https:\/\/www.garciafaura.com\/fr\/wp-json\/wp\/v2\/categories?post=28360"},{"taxonomy":"post_tag","embeddable":true,"href":"https:\/\/www.garciafaura.com\/fr\/wp-json\/wp\/v2\/tags?post=28360"},{"taxonomy":"post_series","embeddable":true,"href":"https:\/\/www.garciafaura.com\/fr\/wp-json\/wp\/v2\/post_series?post=28360"}],"curies":[{"name":"wp","href":"https:\/\/api.w.org\/{rel}","templated":true}]}}