{"id":28335,"date":"2021-09-09T09:40:23","date_gmt":"2021-09-09T07:40:23","guid":{"rendered":"https:\/\/www.garciafaura.com\/fachada-de-garcia-faura-en-la-renovada-sede-de-naturgy-en-madrid\/"},"modified":"2021-09-09T10:01:08","modified_gmt":"2021-09-09T08:01:08","slug":"fachada-de-garcia-faura-en-la-renovada-sede-de-naturgy-en-madrid","status":"publish","type":"post","link":"https:\/\/www.garciafaura.com\/fr\/fachada-de-garcia-faura-en-la-renovada-sede-de-naturgy-en-madrid\/","title":{"rendered":"Fa\u00e7ade de GARCIA FAURA au si\u00e8ge r\u00e9nov\u00e9 de Naturgy \u00e0 Madrid"},"content":{"rendered":"<h3 style=\"text-align: justify;\"><strong>La soci\u00e9t\u00e9 Naturgy a inaugur\u00e9 son nouveau si\u00e8ge social dans la capitale espagnole, un b\u00e2timent dont la fa\u00e7ade a \u00e9t\u00e9 d\u00e9velopp\u00e9e et install\u00e9e par GARCIA FAURA. Les travaux s&rsquo;inscrivent dans le cadre du remodelage de ce b\u00e2timent, qui dispose des mat\u00e9riaux durables pour en faire un mod\u00e8le \u00e9co-performant.<\/strong><\/h3>\n<p style=\"text-align: justify;\">Le nouveau si\u00e8ge social de <a href=\"https:\/\/www.naturgy.com\/en\/home\" target=\"_blank\" rel=\"noopener\"><strong>Naturgy<\/strong><\/a>, situ\u00e9 sur l&rsquo;avenue Am\u00e9rica \u00e0 Madrid, compte avec 13.000 m\u00e8tres carr\u00e9s r\u00e9partis sur 12 \u00e9tages (dont deux souterrains) et o\u00f9 environ 750 personnes travaillent dans un environnement collaboratif et avec des processus enti\u00e8rement num\u00e9ris\u00e9s.<\/p>\n<p style=\"text-align: justify;\">La r\u00e9novation de ce b\u00e2timent a \u00e9t\u00e9 d\u00e9velopp\u00e9 en privil\u00e9giant des mat\u00e9riaux pleinement respectueux de l&rsquo;environnement, y compris la nouvelle <strong>fa\u00e7ade de mur-rideau<\/strong> (5.400 m\u00e8tres carr\u00e9s), en bois de pin local lamin\u00e9 d\u00e9velopp\u00e9, fabriqu\u00e9 et install\u00e9 par <strong>GARCIA FAURA<\/strong> \u00e0 partir d&rsquo;un syst\u00e8me propre.<\/p>\n<p style=\"text-align: justify;\">L&rsquo;enveloppe du b\u00e2timent et ses syst\u00e8mes ont \u00e9t\u00e9 con\u00e7us pour en faire un mod\u00e8le \u00e9co-efficace, am\u00e9liorant ses performances, son isolation thermique et sa consommation d&rsquo;\u00e9nergie. Ainsi, <strong>GARCIA FAURA<\/strong> a \u00e9galement install\u00e9 1.800 m\u00e8tres carr\u00e9s de <strong>fa\u00e7ade ventil\u00e9e de panneau composite d\u2019aluminium<\/strong> avec traitement autonettoyant.<\/p>\n<p style=\"text-align: justify;\">D&rsquo;autres interventions de <strong>GARCIA FAURA<\/strong> dans ce b\u00e2timent ont consist\u00e9 en 100 m\u00e8tres carr\u00e9s de <strong>mur-rideau<\/strong> au rez-de-chauss\u00e9e et 94 unit\u00e9s de <strong>menuiseries en aluminium<\/strong> sur les escaliers et les terrasses, en plus de 600 m\u00e8tres lin\u00e9aires de grands brise-soleils r\u00e9alis\u00e9s avec notre propre syst\u00e8me d\u00e9velopp\u00e9 par notre <strong>Bureau d\u2019\u00c9tudes<\/strong>.<\/p>\n","protected":false},"excerpt":{"rendered":"<p>La soci\u00e9t\u00e9 Naturgy a inaugur\u00e9 son nouveau si\u00e8ge social dans la capitale espagnole, un b\u00e2timent dont la fa\u00e7ade a \u00e9t\u00e9 d\u00e9velopp\u00e9e et install\u00e9e par GARCIA FAURA. Les travaux s&rsquo;inscrivent dans le cadre du remodelage de ce b\u00e2timent, qui dispose des&hellip;<\/p>\n","protected":false},"author":3,"featured_media":28331,"comment_status":"closed","ping_status":"open","sticky":false,"template":"","format":"standard","meta":{"footnotes":""},"categories":[2],"tags":[],"post_series":[],"class_list":["post-28335","post","type-post","status-publish","format-standard","has-post-thumbnail","hentry","category-actualite","entry","has-media"],"yoast_head":"<!-- This site is optimized with the Yoast SEO plugin v26.7 - https:\/\/yoast.com\/wordpress\/plugins\/seo\/ -->\n<title>Fa\u00e7ade de GARCIA FAURA au si\u00e8ge r\u00e9nov\u00e9 de Naturgy \u00e0 Madrid - GARCIA FAURA<\/title>\n<meta name=\"description\" content=\"Arquitectura en Alumini, Inox, Ferro i Vidre\" \/>\n<meta name=\"robots\" content=\"index, follow, max-snippet:-1, max-image-preview:large, max-video-preview:-1\" \/>\n<link rel=\"canonical\" href=\"https:\/\/www.garciafaura.com\/fr\/fachada-de-garcia-faura-en-la-renovada-sede-de-naturgy-en-madrid\/\" \/>\n<meta property=\"og:locale\" content=\"fr_FR\" \/>\n<meta property=\"og:type\" content=\"article\" \/>\n<meta property=\"og:title\" content=\"Fa\u00e7ade de GARCIA FAURA au si\u00e8ge r\u00e9nov\u00e9 de Naturgy \u00e0 Madrid - GARCIA FAURA\" \/>\n<meta property=\"og:description\" content=\"Arquitectura en Alumini, Inox, Ferro i Vidre\" \/>\n<meta property=\"og:url\" content=\"https:\/\/www.garciafaura.com\/fr\/fachada-de-garcia-faura-en-la-renovada-sede-de-naturgy-en-madrid\/\" \/>\n<meta property=\"og:site_name\" content=\"GARCIA FAURA\" \/>\n<meta property=\"article:published_time\" content=\"2021-09-09T07:40:23+00:00\" \/>\n<meta property=\"article:modified_time\" content=\"2021-09-09T08:01:08+00:00\" \/>\n<meta property=\"og:image\" content=\"https:\/\/www.garciafaura.com\/wp-content\/uploads\/2021\/09\/Naturgy-Madrid.png\" \/>\n\t<meta property=\"og:image:width\" content=\"1000\" \/>\n\t<meta property=\"og:image:height\" content=\"667\" \/>\n\t<meta property=\"og:image:type\" content=\"image\/png\" \/>\n<meta name=\"author\" content=\"David Achell\" \/>\n<meta name=\"twitter:card\" content=\"summary_large_image\" \/>\n<meta name=\"twitter:label1\" content=\"\u00c9crit par\" \/>\n\t<meta name=\"twitter:data1\" content=\"David Achell\" \/>\n\t<meta name=\"twitter:label2\" content=\"Dur\u00e9e de lecture estim\u00e9e\" \/>\n\t<meta name=\"twitter:data2\" content=\"1 minute\" \/>\n<script type=\"application\/ld+json\" class=\"yoast-schema-graph\">{\"@context\":\"https:\/\/schema.org\",\"@graph\":[{\"@type\":\"Article\",\"@id\":\"https:\/\/www.garciafaura.com\/fr\/fachada-de-garcia-faura-en-la-renovada-sede-de-naturgy-en-madrid\/#article\",\"isPartOf\":{\"@id\":\"https:\/\/www.garciafaura.com\/fr\/fachada-de-garcia-faura-en-la-renovada-sede-de-naturgy-en-madrid\/\"},\"author\":{\"name\":\"David Achell\",\"@id\":\"https:\/\/www.garciafaura.com\/fr\/#\/schema\/person\/b4b75e69b33fac3446071909bec106b0\"},\"headline\":\"Fa\u00e7ade de GARCIA FAURA au si\u00e8ge r\u00e9nov\u00e9 de Naturgy \u00e0 Madrid\",\"datePublished\":\"2021-09-09T07:40:23+00:00\",\"dateModified\":\"2021-09-09T08:01:08+00:00\",\"mainEntityOfPage\":{\"@id\":\"https:\/\/www.garciafaura.com\/fr\/fachada-de-garcia-faura-en-la-renovada-sede-de-naturgy-en-madrid\/\"},\"wordCount\":286,\"publisher\":{\"@id\":\"https:\/\/www.garciafaura.com\/fr\/#organization\"},\"image\":{\"@id\":\"https:\/\/www.garciafaura.com\/fr\/fachada-de-garcia-faura-en-la-renovada-sede-de-naturgy-en-madrid\/#primaryimage\"},\"thumbnailUrl\":\"https:\/\/www.garciafaura.com\/wp-content\/uploads\/2021\/09\/Naturgy-Madrid.png\",\"articleSection\":[\"Actualit\u00e9\"],\"inLanguage\":\"fr-FR\"},{\"@type\":\"WebPage\",\"@id\":\"https:\/\/www.garciafaura.com\/fr\/fachada-de-garcia-faura-en-la-renovada-sede-de-naturgy-en-madrid\/\",\"url\":\"https:\/\/www.garciafaura.com\/fr\/fachada-de-garcia-faura-en-la-renovada-sede-de-naturgy-en-madrid\/\",\"name\":\"Fa\u00e7ade de GARCIA FAURA au si\u00e8ge r\u00e9nov\u00e9 de Naturgy \u00e0 Madrid - GARCIA FAURA\",\"isPartOf\":{\"@id\":\"https:\/\/www.garciafaura.com\/fr\/#website\"},\"primaryImageOfPage\":{\"@id\":\"https:\/\/www.garciafaura.com\/fr\/fachada-de-garcia-faura-en-la-renovada-sede-de-naturgy-en-madrid\/#primaryimage\"},\"image\":{\"@id\":\"https:\/\/www.garciafaura.com\/fr\/fachada-de-garcia-faura-en-la-renovada-sede-de-naturgy-en-madrid\/#primaryimage\"},\"thumbnailUrl\":\"https:\/\/www.garciafaura.com\/wp-content\/uploads\/2021\/09\/Naturgy-Madrid.png\",\"datePublished\":\"2021-09-09T07:40:23+00:00\",\"dateModified\":\"2021-09-09T08:01:08+00:00\",\"description\":\"Arquitectura en Alumini, Inox, Ferro i Vidre\",\"breadcrumb\":{\"@id\":\"https:\/\/www.garciafaura.com\/fr\/fachada-de-garcia-faura-en-la-renovada-sede-de-naturgy-en-madrid\/#breadcrumb\"},\"inLanguage\":\"fr-FR\",\"potentialAction\":[{\"@type\":\"ReadAction\",\"target\":[\"https:\/\/www.garciafaura.com\/fr\/fachada-de-garcia-faura-en-la-renovada-sede-de-naturgy-en-madrid\/\"]}]},{\"@type\":\"ImageObject\",\"inLanguage\":\"fr-FR\",\"@id\":\"https:\/\/www.garciafaura.com\/fr\/fachada-de-garcia-faura-en-la-renovada-sede-de-naturgy-en-madrid\/#primaryimage\",\"url\":\"https:\/\/www.garciafaura.com\/wp-content\/uploads\/2021\/09\/Naturgy-Madrid.png\",\"contentUrl\":\"https:\/\/www.garciafaura.com\/wp-content\/uploads\/2021\/09\/Naturgy-Madrid.png\",\"width\":1000,\"height\":667,\"caption\":\"Naturgy Madrid Garcia Faura fachada muro cortina aluminio\"},{\"@type\":\"BreadcrumbList\",\"@id\":\"https:\/\/www.garciafaura.com\/fr\/fachada-de-garcia-faura-en-la-renovada-sede-de-naturgy-en-madrid\/#breadcrumb\",\"itemListElement\":[{\"@type\":\"ListItem\",\"position\":1,\"name\":\"Inici\",\"item\":\"https:\/\/www.garciafaura.com\/fr\/\"},{\"@type\":\"ListItem\",\"position\":2,\"name\":\"Fa\u00e7ade de GARCIA FAURA au si\u00e8ge r\u00e9nov\u00e9 de Naturgy \u00e0 Madrid\"}]},{\"@type\":\"WebSite\",\"@id\":\"https:\/\/www.garciafaura.com\/fr\/#website\",\"url\":\"https:\/\/www.garciafaura.com\/fr\/\",\"name\":\"GARCIA FAURA\",\"description\":\"Arquitectura en Alumini, Inox, Ferro i Vidre\",\"publisher\":{\"@id\":\"https:\/\/www.garciafaura.com\/fr\/#organization\"},\"potentialAction\":[{\"@type\":\"SearchAction\",\"target\":{\"@type\":\"EntryPoint\",\"urlTemplate\":\"https:\/\/www.garciafaura.com\/fr\/?s={search_term_string}\"},\"query-input\":{\"@type\":\"PropertyValueSpecification\",\"valueRequired\":true,\"valueName\":\"search_term_string\"}}],\"inLanguage\":\"fr-FR\"},{\"@type\":\"Organization\",\"@id\":\"https:\/\/www.garciafaura.com\/fr\/#organization\",\"name\":\"GARCIA FAURA\",\"url\":\"https:\/\/www.garciafaura.com\/fr\/\",\"logo\":{\"@type\":\"ImageObject\",\"inLanguage\":\"fr-FR\",\"@id\":\"https:\/\/www.garciafaura.com\/fr\/#\/schema\/logo\/image\/\",\"url\":\"https:\/\/www.garciafaura.com\/wp-content\/uploads\/2018\/09\/Garcia-Faura.png\",\"contentUrl\":\"https:\/\/www.garciafaura.com\/wp-content\/uploads\/2018\/09\/Garcia-Faura.png\",\"width\":512,\"height\":512,\"caption\":\"GARCIA FAURA\"},\"image\":{\"@id\":\"https:\/\/www.garciafaura.com\/fr\/#\/schema\/logo\/image\/\"},\"sameAs\":[\"https:\/\/www.youtube.com\/user\/GARCIAFAURA\"]},{\"@type\":\"Person\",\"@id\":\"https:\/\/www.garciafaura.com\/fr\/#\/schema\/person\/b4b75e69b33fac3446071909bec106b0\",\"name\":\"David Achell\",\"image\":{\"@type\":\"ImageObject\",\"inLanguage\":\"fr-FR\",\"@id\":\"https:\/\/www.garciafaura.com\/fr\/#\/schema\/person\/image\/\",\"url\":\"https:\/\/secure.gravatar.com\/avatar\/03900210afc1f61bce737bcb4a79c02e2c997f171e3eca839b5a4cbe03846c90?s=96&d=blank&r=g\",\"contentUrl\":\"https:\/\/secure.gravatar.com\/avatar\/03900210afc1f61bce737bcb4a79c02e2c997f171e3eca839b5a4cbe03846c90?s=96&d=blank&r=g\",\"caption\":\"David Achell\"}}]}<\/script>\n<!-- \/ Yoast SEO plugin. -->","yoast_head_json":{"title":"Fa\u00e7ade de GARCIA FAURA au si\u00e8ge r\u00e9nov\u00e9 de Naturgy \u00e0 Madrid - GARCIA FAURA","description":"Arquitectura en Alumini, Inox, Ferro i Vidre","robots":{"index":"index","follow":"follow","max-snippet":"max-snippet:-1","max-image-preview":"max-image-preview:large","max-video-preview":"max-video-preview:-1"},"canonical":"https:\/\/www.garciafaura.com\/fr\/fachada-de-garcia-faura-en-la-renovada-sede-de-naturgy-en-madrid\/","og_locale":"fr_FR","og_type":"article","og_title":"Fa\u00e7ade de GARCIA FAURA au si\u00e8ge r\u00e9nov\u00e9 de Naturgy \u00e0 Madrid - GARCIA FAURA","og_description":"Arquitectura en Alumini, Inox, Ferro i Vidre","og_url":"https:\/\/www.garciafaura.com\/fr\/fachada-de-garcia-faura-en-la-renovada-sede-de-naturgy-en-madrid\/","og_site_name":"GARCIA FAURA","article_published_time":"2021-09-09T07:40:23+00:00","article_modified_time":"2021-09-09T08:01:08+00:00","og_image":[{"width":1000,"height":667,"url":"https:\/\/www.garciafaura.com\/wp-content\/uploads\/2021\/09\/Naturgy-Madrid.png","type":"image\/png"}],"author":"David Achell","twitter_card":"summary_large_image","twitter_misc":{"\u00c9crit par":"David Achell","Dur\u00e9e de lecture estim\u00e9e":"1 minute"},"schema":{"@context":"https:\/\/schema.org","@graph":[{"@type":"Article","@id":"https:\/\/www.garciafaura.com\/fr\/fachada-de-garcia-faura-en-la-renovada-sede-de-naturgy-en-madrid\/#article","isPartOf":{"@id":"https:\/\/www.garciafaura.com\/fr\/fachada-de-garcia-faura-en-la-renovada-sede-de-naturgy-en-madrid\/"},"author":{"name":"David Achell","@id":"https:\/\/www.garciafaura.com\/fr\/#\/schema\/person\/b4b75e69b33fac3446071909bec106b0"},"headline":"Fa\u00e7ade de GARCIA FAURA au si\u00e8ge r\u00e9nov\u00e9 de Naturgy \u00e0 Madrid","datePublished":"2021-09-09T07:40:23+00:00","dateModified":"2021-09-09T08:01:08+00:00","mainEntityOfPage":{"@id":"https:\/\/www.garciafaura.com\/fr\/fachada-de-garcia-faura-en-la-renovada-sede-de-naturgy-en-madrid\/"},"wordCount":286,"publisher":{"@id":"https:\/\/www.garciafaura.com\/fr\/#organization"},"image":{"@id":"https:\/\/www.garciafaura.com\/fr\/fachada-de-garcia-faura-en-la-renovada-sede-de-naturgy-en-madrid\/#primaryimage"},"thumbnailUrl":"https:\/\/www.garciafaura.com\/wp-content\/uploads\/2021\/09\/Naturgy-Madrid.png","articleSection":["Actualit\u00e9"],"inLanguage":"fr-FR"},{"@type":"WebPage","@id":"https:\/\/www.garciafaura.com\/fr\/fachada-de-garcia-faura-en-la-renovada-sede-de-naturgy-en-madrid\/","url":"https:\/\/www.garciafaura.com\/fr\/fachada-de-garcia-faura-en-la-renovada-sede-de-naturgy-en-madrid\/","name":"Fa\u00e7ade de GARCIA FAURA au si\u00e8ge r\u00e9nov\u00e9 de Naturgy \u00e0 Madrid - GARCIA FAURA","isPartOf":{"@id":"https:\/\/www.garciafaura.com\/fr\/#website"},"primaryImageOfPage":{"@id":"https:\/\/www.garciafaura.com\/fr\/fachada-de-garcia-faura-en-la-renovada-sede-de-naturgy-en-madrid\/#primaryimage"},"image":{"@id":"https:\/\/www.garciafaura.com\/fr\/fachada-de-garcia-faura-en-la-renovada-sede-de-naturgy-en-madrid\/#primaryimage"},"thumbnailUrl":"https:\/\/www.garciafaura.com\/wp-content\/uploads\/2021\/09\/Naturgy-Madrid.png","datePublished":"2021-09-09T07:40:23+00:00","dateModified":"2021-09-09T08:01:08+00:00","description":"Arquitectura en Alumini, Inox, Ferro i Vidre","breadcrumb":{"@id":"https:\/\/www.garciafaura.com\/fr\/fachada-de-garcia-faura-en-la-renovada-sede-de-naturgy-en-madrid\/#breadcrumb"},"inLanguage":"fr-FR","potentialAction":[{"@type":"ReadAction","target":["https:\/\/www.garciafaura.com\/fr\/fachada-de-garcia-faura-en-la-renovada-sede-de-naturgy-en-madrid\/"]}]},{"@type":"ImageObject","inLanguage":"fr-FR","@id":"https:\/\/www.garciafaura.com\/fr\/fachada-de-garcia-faura-en-la-renovada-sede-de-naturgy-en-madrid\/#primaryimage","url":"https:\/\/www.garciafaura.com\/wp-content\/uploads\/2021\/09\/Naturgy-Madrid.png","contentUrl":"https:\/\/www.garciafaura.com\/wp-content\/uploads\/2021\/09\/Naturgy-Madrid.png","width":1000,"height":667,"caption":"Naturgy Madrid Garcia Faura fachada muro cortina aluminio"},{"@type":"BreadcrumbList","@id":"https:\/\/www.garciafaura.com\/fr\/fachada-de-garcia-faura-en-la-renovada-sede-de-naturgy-en-madrid\/#breadcrumb","itemListElement":[{"@type":"ListItem","position":1,"name":"Inici","item":"https:\/\/www.garciafaura.com\/fr\/"},{"@type":"ListItem","position":2,"name":"Fa\u00e7ade de GARCIA FAURA au si\u00e8ge r\u00e9nov\u00e9 de Naturgy \u00e0 Madrid"}]},{"@type":"WebSite","@id":"https:\/\/www.garciafaura.com\/fr\/#website","url":"https:\/\/www.garciafaura.com\/fr\/","name":"GARCIA FAURA","description":"Arquitectura en Alumini, Inox, Ferro i Vidre","publisher":{"@id":"https:\/\/www.garciafaura.com\/fr\/#organization"},"potentialAction":[{"@type":"SearchAction","target":{"@type":"EntryPoint","urlTemplate":"https:\/\/www.garciafaura.com\/fr\/?s={search_term_string}"},"query-input":{"@type":"PropertyValueSpecification","valueRequired":true,"valueName":"search_term_string"}}],"inLanguage":"fr-FR"},{"@type":"Organization","@id":"https:\/\/www.garciafaura.com\/fr\/#organization","name":"GARCIA FAURA","url":"https:\/\/www.garciafaura.com\/fr\/","logo":{"@type":"ImageObject","inLanguage":"fr-FR","@id":"https:\/\/www.garciafaura.com\/fr\/#\/schema\/logo\/image\/","url":"https:\/\/www.garciafaura.com\/wp-content\/uploads\/2018\/09\/Garcia-Faura.png","contentUrl":"https:\/\/www.garciafaura.com\/wp-content\/uploads\/2018\/09\/Garcia-Faura.png","width":512,"height":512,"caption":"GARCIA FAURA"},"image":{"@id":"https:\/\/www.garciafaura.com\/fr\/#\/schema\/logo\/image\/"},"sameAs":["https:\/\/www.youtube.com\/user\/GARCIAFAURA"]},{"@type":"Person","@id":"https:\/\/www.garciafaura.com\/fr\/#\/schema\/person\/b4b75e69b33fac3446071909bec106b0","name":"David Achell","image":{"@type":"ImageObject","inLanguage":"fr-FR","@id":"https:\/\/www.garciafaura.com\/fr\/#\/schema\/person\/image\/","url":"https:\/\/secure.gravatar.com\/avatar\/03900210afc1f61bce737bcb4a79c02e2c997f171e3eca839b5a4cbe03846c90?s=96&d=blank&r=g","contentUrl":"https:\/\/secure.gravatar.com\/avatar\/03900210afc1f61bce737bcb4a79c02e2c997f171e3eca839b5a4cbe03846c90?s=96&d=blank&r=g","caption":"David Achell"}}]}},"_links":{"self":[{"href":"https:\/\/www.garciafaura.com\/fr\/wp-json\/wp\/v2\/posts\/28335","targetHints":{"allow":["GET"]}}],"collection":[{"href":"https:\/\/www.garciafaura.com\/fr\/wp-json\/wp\/v2\/posts"}],"about":[{"href":"https:\/\/www.garciafaura.com\/fr\/wp-json\/wp\/v2\/types\/post"}],"author":[{"embeddable":true,"href":"https:\/\/www.garciafaura.com\/fr\/wp-json\/wp\/v2\/users\/3"}],"replies":[{"embeddable":true,"href":"https:\/\/www.garciafaura.com\/fr\/wp-json\/wp\/v2\/comments?post=28335"}],"version-history":[{"count":4,"href":"https:\/\/www.garciafaura.com\/fr\/wp-json\/wp\/v2\/posts\/28335\/revisions"}],"predecessor-version":[{"id":28350,"href":"https:\/\/www.garciafaura.com\/fr\/wp-json\/wp\/v2\/posts\/28335\/revisions\/28350"}],"wp:featuredmedia":[{"embeddable":true,"href":"https:\/\/www.garciafaura.com\/fr\/wp-json\/wp\/v2\/media\/28331"}],"wp:attachment":[{"href":"https:\/\/www.garciafaura.com\/fr\/wp-json\/wp\/v2\/media?parent=28335"}],"wp:term":[{"taxonomy":"category","embeddable":true,"href":"https:\/\/www.garciafaura.com\/fr\/wp-json\/wp\/v2\/categories?post=28335"},{"taxonomy":"post_tag","embeddable":true,"href":"https:\/\/www.garciafaura.com\/fr\/wp-json\/wp\/v2\/tags?post=28335"},{"taxonomy":"post_series","embeddable":true,"href":"https:\/\/www.garciafaura.com\/fr\/wp-json\/wp\/v2\/post_series?post=28335"}],"curies":[{"name":"wp","href":"https:\/\/api.w.org\/{rel}","templated":true}]}}