{"id":27844,"date":"2021-07-28T09:02:53","date_gmt":"2021-07-28T07:02:53","guid":{"rendered":"https:\/\/www.garciafaura.com\/garcia-faura-firma-la-facana-dun-renovat-edifici-doficines-a-madrid\/"},"modified":"2021-07-28T09:27:42","modified_gmt":"2021-07-28T07:27:42","slug":"garcia-faura-firma-la-facana-dun-renovat-edifici-doficines-a-madrid","status":"publish","type":"post","link":"https:\/\/www.garciafaura.com\/fr\/garcia-faura-firma-la-facana-dun-renovat-edifici-doficines-a-madrid\/","title":{"rendered":"GARCIA FAURA signe la fa\u00e7ade de la r\u00e9novation d&rsquo;un b\u00e2timent de bureaux \u00e0 Madrid"},"content":{"rendered":"<h3 style=\"text-align: justify;\">GARCIA FAURA participe au projet de r\u00e9novation compl\u00e8te d&rsquo;un b\u00e2timent de bureaux \u00e0 Madrid. Il s&rsquo;agit de la conversion en b\u00e2timent de bureaux d&rsquo;un ancien si\u00e8ge social d&rsquo;environ 23.500 m\u00e8tres carr\u00e9s et sept \u00e9tages de hauteur, dont la fa\u00e7ade et les int\u00e9rieurs sont en cours de r\u00e9novation pour r\u00e9pondre aux besoins du march\u00e9 actuel de la location de bureaux.<\/h3>\n<p style=\"text-align: justify;\">L&rsquo;action la plus importante dans ce b\u00e2timent est r\u00e9alis\u00e9e sur la <strong>fa\u00e7ade<\/strong>, avec la pose d&rsquo;un <strong>nouveau rev\u00eatement plus \u00e9conome en \u00e9nergie<\/strong>. Ce sont 3.300 m\u00e8tres carr\u00e9s de <strong>mur-rideau<\/strong> d\u00e9velopp\u00e9s et install\u00e9s par <strong>GARCIA FAURA<\/strong>, compl\u00e9t\u00e9s par un brise-soleil sp\u00e9cial de 400 millim\u00e8tres.<\/p>\n<p style=\"text-align: justify;\">En outre, <strong>GARCIA FAURA<\/strong> a \u00e9galement la responsabilit\u00e9 de r\u00e9aliser l&rsquo;all\u00e8gement de l&rsquo;enveloppe architecturale du b\u00e2timent, avec une surface de <strong>fa\u00e7ade ventil\u00e9e en panneau composite d\u2019aluminium<\/strong>, d&rsquo;environ 2.000 m\u00e8tres carr\u00e9s.<\/p>\n<p style=\"text-align: justify;\">L&rsquo;intervention sera compl\u00e9t\u00e9e par la fabrication et l&rsquo;installation de 1.400 m\u00e8tres carr\u00e9s de <strong>menuiserie aluminium haute performance<\/strong>.<\/p>\n<p style=\"text-align: justify;\">Le b\u00e2timent est situ\u00e9 dans la rue V\u00eda de los Poblados, dans le secteur appel\u00e9 Campo de las Naciones, l&rsquo;une des zones de bureaux les plus demand\u00e9es dans la capitale espagnole et entour\u00e9 d&rsquo;autres infrastructures importantes telles que le Palacio Municipal de Congresos de Madrid ou le parc des expositions IFEMA.<\/p>\n<p style=\"text-align: justify;\">Le projet de r\u00e9novation a \u00e9t\u00e9 sign\u00e9 par l&rsquo;\u00e9quipe d&rsquo;architecture d&rsquo;<a href=\"https:\/\/www.lamela.com\/en\/\" target=\"_blank\" rel=\"noopener\"><strong>Estudio Lamela<\/strong><\/a>, avec les conseils d&rsquo;<a href=\"https:\/\/www.envolventesarquitectonicas.es\/\" target=\"_blank\" rel=\"noopener\"><strong>Envolventes Arquitect\u00f3nicas (ENAR)<\/strong><\/a>.<\/p>\n","protected":false},"excerpt":{"rendered":"<p>GARCIA FAURA participe au projet de r\u00e9novation compl\u00e8te d&rsquo;un b\u00e2timent de bureaux \u00e0 Madrid. Il s&rsquo;agit de la conversion en b\u00e2timent de bureaux d&rsquo;un ancien si\u00e8ge social d&rsquo;environ 23.500 m\u00e8tres carr\u00e9s et sept \u00e9tages de hauteur, dont la fa\u00e7ade et&hellip;<\/p>\n","protected":false},"author":3,"featured_media":27837,"comment_status":"closed","ping_status":"open","sticky":false,"template":"","format":"gallery","meta":{"footnotes":""},"categories":[2],"tags":[],"post_series":[],"class_list":["post-27844","post","type-post","status-publish","format-gallery","has-post-thumbnail","hentry","category-actualite","post_format-post-format-gallery","entry","has-media"],"yoast_head":"<!-- This site is optimized with the Yoast SEO plugin v26.7 - https:\/\/yoast.com\/wordpress\/plugins\/seo\/ -->\n<title>GARCIA FAURA signe la fa\u00e7ade de la r\u00e9novation d&#039;un b\u00e2timent de bureaux \u00e0 Madrid - GARCIA FAURA<\/title>\n<meta name=\"description\" content=\"Arquitectura en Alumini, Inox, Ferro i Vidre\" \/>\n<meta name=\"robots\" content=\"index, follow, max-snippet:-1, max-image-preview:large, max-video-preview:-1\" \/>\n<link rel=\"canonical\" href=\"https:\/\/www.garciafaura.com\/fr\/garcia-faura-firma-la-facana-dun-renovat-edifici-doficines-a-madrid\/\" \/>\n<meta property=\"og:locale\" content=\"fr_FR\" \/>\n<meta property=\"og:type\" content=\"article\" \/>\n<meta property=\"og:title\" content=\"GARCIA FAURA signe la fa\u00e7ade de la r\u00e9novation d&#039;un b\u00e2timent de bureaux \u00e0 Madrid - GARCIA FAURA\" \/>\n<meta property=\"og:description\" content=\"Arquitectura en Alumini, Inox, Ferro i Vidre\" \/>\n<meta property=\"og:url\" content=\"https:\/\/www.garciafaura.com\/fr\/garcia-faura-firma-la-facana-dun-renovat-edifici-doficines-a-madrid\/\" \/>\n<meta property=\"og:site_name\" content=\"GARCIA FAURA\" \/>\n<meta property=\"article:published_time\" content=\"2021-07-28T07:02:53+00:00\" \/>\n<meta property=\"article:modified_time\" content=\"2021-07-28T07:27:42+00:00\" \/>\n<meta property=\"og:image\" content=\"https:\/\/www.garciafaura.com\/wp-content\/uploads\/2021\/07\/Garcia-Faura-Via-Poblados-Madrid-03-1024x576.jpg\" \/>\n\t<meta property=\"og:image:width\" content=\"1024\" \/>\n\t<meta property=\"og:image:height\" content=\"576\" \/>\n\t<meta property=\"og:image:type\" content=\"image\/jpeg\" \/>\n<meta name=\"author\" content=\"David Achell\" \/>\n<meta name=\"twitter:card\" content=\"summary_large_image\" \/>\n<meta name=\"twitter:label1\" content=\"\u00c9crit par\" \/>\n\t<meta name=\"twitter:data1\" content=\"David Achell\" \/>\n\t<meta name=\"twitter:label2\" content=\"Dur\u00e9e de lecture estim\u00e9e\" \/>\n\t<meta name=\"twitter:data2\" content=\"1 minute\" \/>\n<script type=\"application\/ld+json\" class=\"yoast-schema-graph\">{\"@context\":\"https:\/\/schema.org\",\"@graph\":[{\"@type\":\"Article\",\"@id\":\"https:\/\/www.garciafaura.com\/fr\/garcia-faura-firma-la-facana-dun-renovat-edifici-doficines-a-madrid\/#article\",\"isPartOf\":{\"@id\":\"https:\/\/www.garciafaura.com\/fr\/garcia-faura-firma-la-facana-dun-renovat-edifici-doficines-a-madrid\/\"},\"author\":{\"name\":\"David Achell\",\"@id\":\"https:\/\/www.garciafaura.com\/fr\/#\/schema\/person\/b4b75e69b33fac3446071909bec106b0\"},\"headline\":\"GARCIA FAURA signe la fa\u00e7ade de la r\u00e9novation d&rsquo;un b\u00e2timent de bureaux \u00e0 Madrid\",\"datePublished\":\"2021-07-28T07:02:53+00:00\",\"dateModified\":\"2021-07-28T07:27:42+00:00\",\"mainEntityOfPage\":{\"@id\":\"https:\/\/www.garciafaura.com\/fr\/garcia-faura-firma-la-facana-dun-renovat-edifici-doficines-a-madrid\/\"},\"wordCount\":288,\"publisher\":{\"@id\":\"https:\/\/www.garciafaura.com\/fr\/#organization\"},\"image\":{\"@id\":\"https:\/\/www.garciafaura.com\/fr\/garcia-faura-firma-la-facana-dun-renovat-edifici-doficines-a-madrid\/#primaryimage\"},\"thumbnailUrl\":\"https:\/\/www.garciafaura.com\/wp-content\/uploads\/2021\/07\/Garcia-Faura-Via-Poblados-Madrid-03.jpg\",\"articleSection\":[\"Actualit\u00e9\"],\"inLanguage\":\"fr-FR\"},{\"@type\":\"WebPage\",\"@id\":\"https:\/\/www.garciafaura.com\/fr\/garcia-faura-firma-la-facana-dun-renovat-edifici-doficines-a-madrid\/\",\"url\":\"https:\/\/www.garciafaura.com\/fr\/garcia-faura-firma-la-facana-dun-renovat-edifici-doficines-a-madrid\/\",\"name\":\"GARCIA FAURA signe la fa\u00e7ade de la r\u00e9novation d'un b\u00e2timent de bureaux \u00e0 Madrid - GARCIA FAURA\",\"isPartOf\":{\"@id\":\"https:\/\/www.garciafaura.com\/fr\/#website\"},\"primaryImageOfPage\":{\"@id\":\"https:\/\/www.garciafaura.com\/fr\/garcia-faura-firma-la-facana-dun-renovat-edifici-doficines-a-madrid\/#primaryimage\"},\"image\":{\"@id\":\"https:\/\/www.garciafaura.com\/fr\/garcia-faura-firma-la-facana-dun-renovat-edifici-doficines-a-madrid\/#primaryimage\"},\"thumbnailUrl\":\"https:\/\/www.garciafaura.com\/wp-content\/uploads\/2021\/07\/Garcia-Faura-Via-Poblados-Madrid-03.jpg\",\"datePublished\":\"2021-07-28T07:02:53+00:00\",\"dateModified\":\"2021-07-28T07:27:42+00:00\",\"description\":\"Arquitectura en Alumini, Inox, Ferro i Vidre\",\"breadcrumb\":{\"@id\":\"https:\/\/www.garciafaura.com\/fr\/garcia-faura-firma-la-facana-dun-renovat-edifici-doficines-a-madrid\/#breadcrumb\"},\"inLanguage\":\"fr-FR\",\"potentialAction\":[{\"@type\":\"ReadAction\",\"target\":[\"https:\/\/www.garciafaura.com\/fr\/garcia-faura-firma-la-facana-dun-renovat-edifici-doficines-a-madrid\/\"]}]},{\"@type\":\"ImageObject\",\"inLanguage\":\"fr-FR\",\"@id\":\"https:\/\/www.garciafaura.com\/fr\/garcia-faura-firma-la-facana-dun-renovat-edifici-doficines-a-madrid\/#primaryimage\",\"url\":\"https:\/\/www.garciafaura.com\/wp-content\/uploads\/2021\/07\/Garcia-Faura-Via-Poblados-Madrid-03.jpg\",\"contentUrl\":\"https:\/\/www.garciafaura.com\/wp-content\/uploads\/2021\/07\/Garcia-Faura-Via-Poblados-Madrid-03.jpg\",\"width\":3200,\"height\":1800,\"caption\":\"Garcia Faura Via Poblados Madrid\"},{\"@type\":\"BreadcrumbList\",\"@id\":\"https:\/\/www.garciafaura.com\/fr\/garcia-faura-firma-la-facana-dun-renovat-edifici-doficines-a-madrid\/#breadcrumb\",\"itemListElement\":[{\"@type\":\"ListItem\",\"position\":1,\"name\":\"Inici\",\"item\":\"https:\/\/www.garciafaura.com\/fr\/\"},{\"@type\":\"ListItem\",\"position\":2,\"name\":\"GARCIA FAURA signe la fa\u00e7ade de la r\u00e9novation d&rsquo;un b\u00e2timent de bureaux \u00e0 Madrid\"}]},{\"@type\":\"WebSite\",\"@id\":\"https:\/\/www.garciafaura.com\/fr\/#website\",\"url\":\"https:\/\/www.garciafaura.com\/fr\/\",\"name\":\"GARCIA FAURA\",\"description\":\"Arquitectura en Alumini, Inox, Ferro i Vidre\",\"publisher\":{\"@id\":\"https:\/\/www.garciafaura.com\/fr\/#organization\"},\"potentialAction\":[{\"@type\":\"SearchAction\",\"target\":{\"@type\":\"EntryPoint\",\"urlTemplate\":\"https:\/\/www.garciafaura.com\/fr\/?s={search_term_string}\"},\"query-input\":{\"@type\":\"PropertyValueSpecification\",\"valueRequired\":true,\"valueName\":\"search_term_string\"}}],\"inLanguage\":\"fr-FR\"},{\"@type\":\"Organization\",\"@id\":\"https:\/\/www.garciafaura.com\/fr\/#organization\",\"name\":\"GARCIA FAURA\",\"url\":\"https:\/\/www.garciafaura.com\/fr\/\",\"logo\":{\"@type\":\"ImageObject\",\"inLanguage\":\"fr-FR\",\"@id\":\"https:\/\/www.garciafaura.com\/fr\/#\/schema\/logo\/image\/\",\"url\":\"https:\/\/www.garciafaura.com\/wp-content\/uploads\/2018\/09\/Garcia-Faura.png\",\"contentUrl\":\"https:\/\/www.garciafaura.com\/wp-content\/uploads\/2018\/09\/Garcia-Faura.png\",\"width\":512,\"height\":512,\"caption\":\"GARCIA FAURA\"},\"image\":{\"@id\":\"https:\/\/www.garciafaura.com\/fr\/#\/schema\/logo\/image\/\"},\"sameAs\":[\"https:\/\/www.youtube.com\/user\/GARCIAFAURA\"]},{\"@type\":\"Person\",\"@id\":\"https:\/\/www.garciafaura.com\/fr\/#\/schema\/person\/b4b75e69b33fac3446071909bec106b0\",\"name\":\"David Achell\",\"image\":{\"@type\":\"ImageObject\",\"inLanguage\":\"fr-FR\",\"@id\":\"https:\/\/www.garciafaura.com\/fr\/#\/schema\/person\/image\/\",\"url\":\"https:\/\/secure.gravatar.com\/avatar\/03900210afc1f61bce737bcb4a79c02e2c997f171e3eca839b5a4cbe03846c90?s=96&d=blank&r=g\",\"contentUrl\":\"https:\/\/secure.gravatar.com\/avatar\/03900210afc1f61bce737bcb4a79c02e2c997f171e3eca839b5a4cbe03846c90?s=96&d=blank&r=g\",\"caption\":\"David Achell\"}}]}<\/script>\n<!-- \/ Yoast SEO plugin. -->","yoast_head_json":{"title":"GARCIA FAURA signe la fa\u00e7ade de la r\u00e9novation d'un b\u00e2timent de bureaux \u00e0 Madrid - GARCIA FAURA","description":"Arquitectura en Alumini, Inox, Ferro i Vidre","robots":{"index":"index","follow":"follow","max-snippet":"max-snippet:-1","max-image-preview":"max-image-preview:large","max-video-preview":"max-video-preview:-1"},"canonical":"https:\/\/www.garciafaura.com\/fr\/garcia-faura-firma-la-facana-dun-renovat-edifici-doficines-a-madrid\/","og_locale":"fr_FR","og_type":"article","og_title":"GARCIA FAURA signe la fa\u00e7ade de la r\u00e9novation d'un b\u00e2timent de bureaux \u00e0 Madrid - GARCIA FAURA","og_description":"Arquitectura en Alumini, Inox, Ferro i Vidre","og_url":"https:\/\/www.garciafaura.com\/fr\/garcia-faura-firma-la-facana-dun-renovat-edifici-doficines-a-madrid\/","og_site_name":"GARCIA FAURA","article_published_time":"2021-07-28T07:02:53+00:00","article_modified_time":"2021-07-28T07:27:42+00:00","og_image":[{"width":1024,"height":576,"url":"https:\/\/www.garciafaura.com\/wp-content\/uploads\/2021\/07\/Garcia-Faura-Via-Poblados-Madrid-03-1024x576.jpg","type":"image\/jpeg"}],"author":"David Achell","twitter_card":"summary_large_image","twitter_misc":{"\u00c9crit par":"David Achell","Dur\u00e9e de lecture estim\u00e9e":"1 minute"},"schema":{"@context":"https:\/\/schema.org","@graph":[{"@type":"Article","@id":"https:\/\/www.garciafaura.com\/fr\/garcia-faura-firma-la-facana-dun-renovat-edifici-doficines-a-madrid\/#article","isPartOf":{"@id":"https:\/\/www.garciafaura.com\/fr\/garcia-faura-firma-la-facana-dun-renovat-edifici-doficines-a-madrid\/"},"author":{"name":"David Achell","@id":"https:\/\/www.garciafaura.com\/fr\/#\/schema\/person\/b4b75e69b33fac3446071909bec106b0"},"headline":"GARCIA FAURA signe la fa\u00e7ade de la r\u00e9novation d&rsquo;un b\u00e2timent de bureaux \u00e0 Madrid","datePublished":"2021-07-28T07:02:53+00:00","dateModified":"2021-07-28T07:27:42+00:00","mainEntityOfPage":{"@id":"https:\/\/www.garciafaura.com\/fr\/garcia-faura-firma-la-facana-dun-renovat-edifici-doficines-a-madrid\/"},"wordCount":288,"publisher":{"@id":"https:\/\/www.garciafaura.com\/fr\/#organization"},"image":{"@id":"https:\/\/www.garciafaura.com\/fr\/garcia-faura-firma-la-facana-dun-renovat-edifici-doficines-a-madrid\/#primaryimage"},"thumbnailUrl":"https:\/\/www.garciafaura.com\/wp-content\/uploads\/2021\/07\/Garcia-Faura-Via-Poblados-Madrid-03.jpg","articleSection":["Actualit\u00e9"],"inLanguage":"fr-FR"},{"@type":"WebPage","@id":"https:\/\/www.garciafaura.com\/fr\/garcia-faura-firma-la-facana-dun-renovat-edifici-doficines-a-madrid\/","url":"https:\/\/www.garciafaura.com\/fr\/garcia-faura-firma-la-facana-dun-renovat-edifici-doficines-a-madrid\/","name":"GARCIA FAURA signe la fa\u00e7ade de la r\u00e9novation d'un b\u00e2timent de bureaux \u00e0 Madrid - GARCIA FAURA","isPartOf":{"@id":"https:\/\/www.garciafaura.com\/fr\/#website"},"primaryImageOfPage":{"@id":"https:\/\/www.garciafaura.com\/fr\/garcia-faura-firma-la-facana-dun-renovat-edifici-doficines-a-madrid\/#primaryimage"},"image":{"@id":"https:\/\/www.garciafaura.com\/fr\/garcia-faura-firma-la-facana-dun-renovat-edifici-doficines-a-madrid\/#primaryimage"},"thumbnailUrl":"https:\/\/www.garciafaura.com\/wp-content\/uploads\/2021\/07\/Garcia-Faura-Via-Poblados-Madrid-03.jpg","datePublished":"2021-07-28T07:02:53+00:00","dateModified":"2021-07-28T07:27:42+00:00","description":"Arquitectura en Alumini, Inox, Ferro i Vidre","breadcrumb":{"@id":"https:\/\/www.garciafaura.com\/fr\/garcia-faura-firma-la-facana-dun-renovat-edifici-doficines-a-madrid\/#breadcrumb"},"inLanguage":"fr-FR","potentialAction":[{"@type":"ReadAction","target":["https:\/\/www.garciafaura.com\/fr\/garcia-faura-firma-la-facana-dun-renovat-edifici-doficines-a-madrid\/"]}]},{"@type":"ImageObject","inLanguage":"fr-FR","@id":"https:\/\/www.garciafaura.com\/fr\/garcia-faura-firma-la-facana-dun-renovat-edifici-doficines-a-madrid\/#primaryimage","url":"https:\/\/www.garciafaura.com\/wp-content\/uploads\/2021\/07\/Garcia-Faura-Via-Poblados-Madrid-03.jpg","contentUrl":"https:\/\/www.garciafaura.com\/wp-content\/uploads\/2021\/07\/Garcia-Faura-Via-Poblados-Madrid-03.jpg","width":3200,"height":1800,"caption":"Garcia Faura Via Poblados Madrid"},{"@type":"BreadcrumbList","@id":"https:\/\/www.garciafaura.com\/fr\/garcia-faura-firma-la-facana-dun-renovat-edifici-doficines-a-madrid\/#breadcrumb","itemListElement":[{"@type":"ListItem","position":1,"name":"Inici","item":"https:\/\/www.garciafaura.com\/fr\/"},{"@type":"ListItem","position":2,"name":"GARCIA FAURA signe la fa\u00e7ade de la r\u00e9novation d&rsquo;un b\u00e2timent de bureaux \u00e0 Madrid"}]},{"@type":"WebSite","@id":"https:\/\/www.garciafaura.com\/fr\/#website","url":"https:\/\/www.garciafaura.com\/fr\/","name":"GARCIA FAURA","description":"Arquitectura en Alumini, Inox, Ferro i Vidre","publisher":{"@id":"https:\/\/www.garciafaura.com\/fr\/#organization"},"potentialAction":[{"@type":"SearchAction","target":{"@type":"EntryPoint","urlTemplate":"https:\/\/www.garciafaura.com\/fr\/?s={search_term_string}"},"query-input":{"@type":"PropertyValueSpecification","valueRequired":true,"valueName":"search_term_string"}}],"inLanguage":"fr-FR"},{"@type":"Organization","@id":"https:\/\/www.garciafaura.com\/fr\/#organization","name":"GARCIA FAURA","url":"https:\/\/www.garciafaura.com\/fr\/","logo":{"@type":"ImageObject","inLanguage":"fr-FR","@id":"https:\/\/www.garciafaura.com\/fr\/#\/schema\/logo\/image\/","url":"https:\/\/www.garciafaura.com\/wp-content\/uploads\/2018\/09\/Garcia-Faura.png","contentUrl":"https:\/\/www.garciafaura.com\/wp-content\/uploads\/2018\/09\/Garcia-Faura.png","width":512,"height":512,"caption":"GARCIA FAURA"},"image":{"@id":"https:\/\/www.garciafaura.com\/fr\/#\/schema\/logo\/image\/"},"sameAs":["https:\/\/www.youtube.com\/user\/GARCIAFAURA"]},{"@type":"Person","@id":"https:\/\/www.garciafaura.com\/fr\/#\/schema\/person\/b4b75e69b33fac3446071909bec106b0","name":"David Achell","image":{"@type":"ImageObject","inLanguage":"fr-FR","@id":"https:\/\/www.garciafaura.com\/fr\/#\/schema\/person\/image\/","url":"https:\/\/secure.gravatar.com\/avatar\/03900210afc1f61bce737bcb4a79c02e2c997f171e3eca839b5a4cbe03846c90?s=96&d=blank&r=g","contentUrl":"https:\/\/secure.gravatar.com\/avatar\/03900210afc1f61bce737bcb4a79c02e2c997f171e3eca839b5a4cbe03846c90?s=96&d=blank&r=g","caption":"David Achell"}}]}},"_links":{"self":[{"href":"https:\/\/www.garciafaura.com\/fr\/wp-json\/wp\/v2\/posts\/27844","targetHints":{"allow":["GET"]}}],"collection":[{"href":"https:\/\/www.garciafaura.com\/fr\/wp-json\/wp\/v2\/posts"}],"about":[{"href":"https:\/\/www.garciafaura.com\/fr\/wp-json\/wp\/v2\/types\/post"}],"author":[{"embeddable":true,"href":"https:\/\/www.garciafaura.com\/fr\/wp-json\/wp\/v2\/users\/3"}],"replies":[{"embeddable":true,"href":"https:\/\/www.garciafaura.com\/fr\/wp-json\/wp\/v2\/comments?post=27844"}],"version-history":[{"count":3,"href":"https:\/\/www.garciafaura.com\/fr\/wp-json\/wp\/v2\/posts\/27844\/revisions"}],"predecessor-version":[{"id":27853,"href":"https:\/\/www.garciafaura.com\/fr\/wp-json\/wp\/v2\/posts\/27844\/revisions\/27853"}],"wp:featuredmedia":[{"embeddable":true,"href":"https:\/\/www.garciafaura.com\/fr\/wp-json\/wp\/v2\/media\/27837"}],"wp:attachment":[{"href":"https:\/\/www.garciafaura.com\/fr\/wp-json\/wp\/v2\/media?parent=27844"}],"wp:term":[{"taxonomy":"category","embeddable":true,"href":"https:\/\/www.garciafaura.com\/fr\/wp-json\/wp\/v2\/categories?post=27844"},{"taxonomy":"post_tag","embeddable":true,"href":"https:\/\/www.garciafaura.com\/fr\/wp-json\/wp\/v2\/tags?post=27844"},{"taxonomy":"post_series","embeddable":true,"href":"https:\/\/www.garciafaura.com\/fr\/wp-json\/wp\/v2\/post_series?post=27844"}],"curies":[{"name":"wp","href":"https:\/\/api.w.org\/{rel}","templated":true}]}}