{"id":27614,"date":"2021-06-29T12:00:14","date_gmt":"2021-06-29T10:00:14","guid":{"rendered":"https:\/\/www.garciafaura.com\/?p=27614"},"modified":"2021-06-29T13:11:30","modified_gmt":"2021-06-29T11:11:30","slug":"finalitza-el-projecte-de-foment-dinnovacio-i-talent-juvenil-metropolisfplab","status":"publish","type":"post","link":"https:\/\/www.garciafaura.com\/fr\/finalitza-el-projecte-de-foment-dinnovacio-i-talent-juvenil-metropolisfplab\/","title":{"rendered":"Le projet MetropolisFPLab innovation et promotion des jeunes talents touche \u00e0 sa fin"},"content":{"rendered":"<h3 style=\"text-align: justify;\"><strong>Tout au long de cette ann\u00e9e scolaire, GARCIA FAURA a \u00e9t\u00e9 choisie comme r\u00e9f\u00e9rence dans le domaine industriel pour participer au projet MetropolisFPLab, promu par l&rsquo;Agence de d\u00e9veloppement \u00e9conomique de la r\u00e9gion m\u00e9tropolitaine de Barcelone et la Fondation pour la formation professionnelle BCN, avec le soutien d&rsquo;Innobaix, l\u2019agence d\u2019innovation de la r\u00e9gion du Baix Llobregat.<\/strong><\/h3>\n<p style=\"text-align: justify;\">Le projet <a href=\"https:\/\/blogs.amb.cat\/innoamb\/ca\/metropolisfplab\/\" target=\"_blank\" rel=\"noopener\"><strong>Metr\u00f2polisFPLAb<\/strong><\/a> permet \u00e0 des jeunes \u00e9tudiants en formation professionnelle de la zone m\u00e9tropolitaine de Barcelone d&rsquo;affronter la r\u00e9solution de d\u00e9fis commerciaux avec caract\u00e9ristiques tr\u00e8s diff\u00e9rentes. Pendant neuf mois, les \u00e9tudiants sont organis\u00e9s en \u00e9quipes et choisissent l&rsquo;un des d\u00e9fis propos\u00e9s par les entreprises participantes. Ils doivent \u00e9tudier chaque cas, proposer des solutions viables, analyser le pour et le contre de chaque id\u00e9e et finir par d\u00e9finir un prototype qui r\u00e9pond \u00e0 la meilleure solution possible.<\/p>\n<p style=\"text-align: justify;\">Parmi les entreprises participant au <strong>Metr\u00f2polisFPLab<\/strong> de cette ann\u00e9e, outre <a href=\"https:\/\/www.garciafaura.com\/fr\/garcia-faura-per-la-promocio-del-talent-jove\/\" target=\"_blank\" rel=\"noopener\"><strong>GARCIA FAURA<\/strong><\/a>, il y a eu les Transports Metropolitans de Barcelona, \u200b\u200b\u200b\u200ble Port de Barcelone, l&rsquo;Institut Catalan d&rsquo;Oncologie, le Circuit de Barcelona-Catalunya et Aig\u00fces de Barcelona.<\/p>\n<p style=\"text-align: justify;\">Les \u00e9tudiants ont \u00e9t\u00e9 confront\u00e9s \u00e0 des d\u00e9fis de logistique, de marketing, de durabilit\u00e9 ou de gestion des ressources.<\/p>\n<h4><strong>La solution gagnante<\/strong><\/h4>\n<p style=\"text-align: justify;\"><strong>GARCIA FAURA<\/strong> a pos\u00e9 un d\u00e9fi li\u00e9 au processus de logistique et d&rsquo;exp\u00e9dition des produits. La solution gagnante a \u00e9t\u00e9 propos\u00e9e par une \u00e9quipe de trois filles de l&rsquo;<a href=\"https:\/\/www.escolamassana.cat\/en\" target=\"_blank\" rel=\"noopener\"><strong>\u00e9cole d&rsquo;art et de design Escola Massana de Barcelone<\/strong><\/a>. Le jury a appr\u00e9ci\u00e9 sa capacit\u00e9 \u00e0 identifier clairement le d\u00e9fi et \u00e0 affronter la solution dans une perspective globale et selon des crit\u00e8res d&rsquo;\u00e9conomie circulaire.<\/p>\n<p style=\"text-align: justify;\">Les trois \u00e9tudiants recevront une bourse de formation qui leur permettra d&rsquo;effectuer des stages r\u00e9mun\u00e9r\u00e9s pendant 2 mois dans l&rsquo;entreprise, o\u00f9 ils pourront travailler pour r\u00e9aliser la solution propos\u00e9e, entre autres activit\u00e9s qui leur permettront d&rsquo;avoir un premier contact avec le monde du travail.<\/p>\n","protected":false},"excerpt":{"rendered":"<p>Tout au long de cette ann\u00e9e scolaire, GARCIA FAURA a \u00e9t\u00e9 choisie comme r\u00e9f\u00e9rence dans le domaine industriel pour participer au projet MetropolisFPLab, promu par l&rsquo;Agence de d\u00e9veloppement \u00e9conomique de la r\u00e9gion m\u00e9tropolitaine de Barcelone et la Fondation pour la&hellip;<\/p>\n","protected":false},"author":3,"featured_media":27620,"comment_status":"closed","ping_status":"open","sticky":false,"template":"","format":"gallery","meta":{"footnotes":""},"categories":[2],"tags":[],"post_series":[],"class_list":["post-27614","post","type-post","status-publish","format-gallery","has-post-thumbnail","hentry","category-actualite","post_format-post-format-gallery","entry","has-media"],"yoast_head":"<!-- This site is optimized with the Yoast SEO plugin v26.7 - https:\/\/yoast.com\/wordpress\/plugins\/seo\/ -->\n<title>Le projet MetropolisFPLab innovation et promotion des jeunes talents touche \u00e0 sa fin - GARCIA FAURA<\/title>\n<meta name=\"description\" content=\"Arquitectura en Alumini, Inox, Ferro i Vidre\" \/>\n<meta name=\"robots\" content=\"index, follow, max-snippet:-1, max-image-preview:large, max-video-preview:-1\" \/>\n<link rel=\"canonical\" href=\"https:\/\/www.garciafaura.com\/fr\/finalitza-el-projecte-de-foment-dinnovacio-i-talent-juvenil-metropolisfplab\/\" \/>\n<meta property=\"og:locale\" content=\"fr_FR\" \/>\n<meta property=\"og:type\" content=\"article\" \/>\n<meta property=\"og:title\" content=\"Le projet MetropolisFPLab innovation et promotion des jeunes talents touche \u00e0 sa fin - GARCIA FAURA\" \/>\n<meta property=\"og:description\" content=\"Arquitectura en Alumini, Inox, Ferro i Vidre\" \/>\n<meta property=\"og:url\" content=\"https:\/\/www.garciafaura.com\/fr\/finalitza-el-projecte-de-foment-dinnovacio-i-talent-juvenil-metropolisfplab\/\" \/>\n<meta property=\"og:site_name\" content=\"GARCIA FAURA\" \/>\n<meta property=\"article:published_time\" content=\"2021-06-29T10:00:14+00:00\" \/>\n<meta property=\"article:modified_time\" content=\"2021-06-29T11:11:30+00:00\" \/>\n<meta property=\"og:image\" content=\"https:\/\/www.garciafaura.com\/wp-content\/uploads\/2021\/06\/GUANYADORES.jpeg\" \/>\n\t<meta property=\"og:image:width\" content=\"2048\" \/>\n\t<meta property=\"og:image:height\" content=\"1536\" \/>\n\t<meta property=\"og:image:type\" content=\"image\/jpeg\" \/>\n<meta name=\"author\" content=\"David Achell\" \/>\n<meta name=\"twitter:card\" content=\"summary_large_image\" \/>\n<meta name=\"twitter:label1\" content=\"\u00c9crit par\" \/>\n\t<meta name=\"twitter:data1\" content=\"David Achell\" \/>\n\t<meta name=\"twitter:label2\" content=\"Dur\u00e9e de lecture estim\u00e9e\" \/>\n\t<meta name=\"twitter:data2\" content=\"2 minutes\" \/>\n<script type=\"application\/ld+json\" class=\"yoast-schema-graph\">{\"@context\":\"https:\/\/schema.org\",\"@graph\":[{\"@type\":\"Article\",\"@id\":\"https:\/\/www.garciafaura.com\/fr\/finalitza-el-projecte-de-foment-dinnovacio-i-talent-juvenil-metropolisfplab\/#article\",\"isPartOf\":{\"@id\":\"https:\/\/www.garciafaura.com\/fr\/finalitza-el-projecte-de-foment-dinnovacio-i-talent-juvenil-metropolisfplab\/\"},\"author\":{\"name\":\"David Achell\",\"@id\":\"https:\/\/www.garciafaura.com\/fr\/#\/schema\/person\/b4b75e69b33fac3446071909bec106b0\"},\"headline\":\"Le projet MetropolisFPLab innovation et promotion des jeunes talents touche \u00e0 sa fin\",\"datePublished\":\"2021-06-29T10:00:14+00:00\",\"dateModified\":\"2021-06-29T11:11:30+00:00\",\"mainEntityOfPage\":{\"@id\":\"https:\/\/www.garciafaura.com\/fr\/finalitza-el-projecte-de-foment-dinnovacio-i-talent-juvenil-metropolisfplab\/\"},\"wordCount\":355,\"publisher\":{\"@id\":\"https:\/\/www.garciafaura.com\/fr\/#organization\"},\"image\":{\"@id\":\"https:\/\/www.garciafaura.com\/fr\/finalitza-el-projecte-de-foment-dinnovacio-i-talent-juvenil-metropolisfplab\/#primaryimage\"},\"thumbnailUrl\":\"https:\/\/www.garciafaura.com\/wp-content\/uploads\/2021\/06\/GUANYADORES.jpeg\",\"articleSection\":[\"Actualit\u00e9\"],\"inLanguage\":\"fr-FR\"},{\"@type\":\"WebPage\",\"@id\":\"https:\/\/www.garciafaura.com\/fr\/finalitza-el-projecte-de-foment-dinnovacio-i-talent-juvenil-metropolisfplab\/\",\"url\":\"https:\/\/www.garciafaura.com\/fr\/finalitza-el-projecte-de-foment-dinnovacio-i-talent-juvenil-metropolisfplab\/\",\"name\":\"Le projet MetropolisFPLab innovation et promotion des jeunes talents touche \u00e0 sa fin - GARCIA FAURA\",\"isPartOf\":{\"@id\":\"https:\/\/www.garciafaura.com\/fr\/#website\"},\"primaryImageOfPage\":{\"@id\":\"https:\/\/www.garciafaura.com\/fr\/finalitza-el-projecte-de-foment-dinnovacio-i-talent-juvenil-metropolisfplab\/#primaryimage\"},\"image\":{\"@id\":\"https:\/\/www.garciafaura.com\/fr\/finalitza-el-projecte-de-foment-dinnovacio-i-talent-juvenil-metropolisfplab\/#primaryimage\"},\"thumbnailUrl\":\"https:\/\/www.garciafaura.com\/wp-content\/uploads\/2021\/06\/GUANYADORES.jpeg\",\"datePublished\":\"2021-06-29T10:00:14+00:00\",\"dateModified\":\"2021-06-29T11:11:30+00:00\",\"description\":\"Arquitectura en Alumini, Inox, Ferro i Vidre\",\"breadcrumb\":{\"@id\":\"https:\/\/www.garciafaura.com\/fr\/finalitza-el-projecte-de-foment-dinnovacio-i-talent-juvenil-metropolisfplab\/#breadcrumb\"},\"inLanguage\":\"fr-FR\",\"potentialAction\":[{\"@type\":\"ReadAction\",\"target\":[\"https:\/\/www.garciafaura.com\/fr\/finalitza-el-projecte-de-foment-dinnovacio-i-talent-juvenil-metropolisfplab\/\"]}]},{\"@type\":\"ImageObject\",\"inLanguage\":\"fr-FR\",\"@id\":\"https:\/\/www.garciafaura.com\/fr\/finalitza-el-projecte-de-foment-dinnovacio-i-talent-juvenil-metropolisfplab\/#primaryimage\",\"url\":\"https:\/\/www.garciafaura.com\/wp-content\/uploads\/2021\/06\/GUANYADORES.jpeg\",\"contentUrl\":\"https:\/\/www.garciafaura.com\/wp-content\/uploads\/2021\/06\/GUANYADORES.jpeg\",\"width\":2048,\"height\":1536,\"caption\":\"\u00c9quipe gagnante\"},{\"@type\":\"BreadcrumbList\",\"@id\":\"https:\/\/www.garciafaura.com\/fr\/finalitza-el-projecte-de-foment-dinnovacio-i-talent-juvenil-metropolisfplab\/#breadcrumb\",\"itemListElement\":[{\"@type\":\"ListItem\",\"position\":1,\"name\":\"Inici\",\"item\":\"https:\/\/www.garciafaura.com\/fr\/\"},{\"@type\":\"ListItem\",\"position\":2,\"name\":\"Le projet MetropolisFPLab innovation et promotion des jeunes talents touche \u00e0 sa fin\"}]},{\"@type\":\"WebSite\",\"@id\":\"https:\/\/www.garciafaura.com\/fr\/#website\",\"url\":\"https:\/\/www.garciafaura.com\/fr\/\",\"name\":\"GARCIA FAURA\",\"description\":\"Arquitectura en Alumini, Inox, Ferro i Vidre\",\"publisher\":{\"@id\":\"https:\/\/www.garciafaura.com\/fr\/#organization\"},\"potentialAction\":[{\"@type\":\"SearchAction\",\"target\":{\"@type\":\"EntryPoint\",\"urlTemplate\":\"https:\/\/www.garciafaura.com\/fr\/?s={search_term_string}\"},\"query-input\":{\"@type\":\"PropertyValueSpecification\",\"valueRequired\":true,\"valueName\":\"search_term_string\"}}],\"inLanguage\":\"fr-FR\"},{\"@type\":\"Organization\",\"@id\":\"https:\/\/www.garciafaura.com\/fr\/#organization\",\"name\":\"GARCIA FAURA\",\"url\":\"https:\/\/www.garciafaura.com\/fr\/\",\"logo\":{\"@type\":\"ImageObject\",\"inLanguage\":\"fr-FR\",\"@id\":\"https:\/\/www.garciafaura.com\/fr\/#\/schema\/logo\/image\/\",\"url\":\"https:\/\/www.garciafaura.com\/wp-content\/uploads\/2018\/09\/Garcia-Faura.png\",\"contentUrl\":\"https:\/\/www.garciafaura.com\/wp-content\/uploads\/2018\/09\/Garcia-Faura.png\",\"width\":512,\"height\":512,\"caption\":\"GARCIA FAURA\"},\"image\":{\"@id\":\"https:\/\/www.garciafaura.com\/fr\/#\/schema\/logo\/image\/\"},\"sameAs\":[\"https:\/\/www.youtube.com\/user\/GARCIAFAURA\"]},{\"@type\":\"Person\",\"@id\":\"https:\/\/www.garciafaura.com\/fr\/#\/schema\/person\/b4b75e69b33fac3446071909bec106b0\",\"name\":\"David Achell\",\"image\":{\"@type\":\"ImageObject\",\"inLanguage\":\"fr-FR\",\"@id\":\"https:\/\/www.garciafaura.com\/fr\/#\/schema\/person\/image\/\",\"url\":\"https:\/\/secure.gravatar.com\/avatar\/03900210afc1f61bce737bcb4a79c02e2c997f171e3eca839b5a4cbe03846c90?s=96&d=blank&r=g\",\"contentUrl\":\"https:\/\/secure.gravatar.com\/avatar\/03900210afc1f61bce737bcb4a79c02e2c997f171e3eca839b5a4cbe03846c90?s=96&d=blank&r=g\",\"caption\":\"David Achell\"}}]}<\/script>\n<!-- \/ Yoast SEO plugin. -->","yoast_head_json":{"title":"Le projet MetropolisFPLab innovation et promotion des jeunes talents touche \u00e0 sa fin - GARCIA FAURA","description":"Arquitectura en Alumini, Inox, Ferro i Vidre","robots":{"index":"index","follow":"follow","max-snippet":"max-snippet:-1","max-image-preview":"max-image-preview:large","max-video-preview":"max-video-preview:-1"},"canonical":"https:\/\/www.garciafaura.com\/fr\/finalitza-el-projecte-de-foment-dinnovacio-i-talent-juvenil-metropolisfplab\/","og_locale":"fr_FR","og_type":"article","og_title":"Le projet MetropolisFPLab innovation et promotion des jeunes talents touche \u00e0 sa fin - GARCIA FAURA","og_description":"Arquitectura en Alumini, Inox, Ferro i Vidre","og_url":"https:\/\/www.garciafaura.com\/fr\/finalitza-el-projecte-de-foment-dinnovacio-i-talent-juvenil-metropolisfplab\/","og_site_name":"GARCIA FAURA","article_published_time":"2021-06-29T10:00:14+00:00","article_modified_time":"2021-06-29T11:11:30+00:00","og_image":[{"width":2048,"height":1536,"url":"https:\/\/www.garciafaura.com\/wp-content\/uploads\/2021\/06\/GUANYADORES.jpeg","type":"image\/jpeg"}],"author":"David Achell","twitter_card":"summary_large_image","twitter_misc":{"\u00c9crit par":"David Achell","Dur\u00e9e de lecture estim\u00e9e":"2 minutes"},"schema":{"@context":"https:\/\/schema.org","@graph":[{"@type":"Article","@id":"https:\/\/www.garciafaura.com\/fr\/finalitza-el-projecte-de-foment-dinnovacio-i-talent-juvenil-metropolisfplab\/#article","isPartOf":{"@id":"https:\/\/www.garciafaura.com\/fr\/finalitza-el-projecte-de-foment-dinnovacio-i-talent-juvenil-metropolisfplab\/"},"author":{"name":"David Achell","@id":"https:\/\/www.garciafaura.com\/fr\/#\/schema\/person\/b4b75e69b33fac3446071909bec106b0"},"headline":"Le projet MetropolisFPLab innovation et promotion des jeunes talents touche \u00e0 sa fin","datePublished":"2021-06-29T10:00:14+00:00","dateModified":"2021-06-29T11:11:30+00:00","mainEntityOfPage":{"@id":"https:\/\/www.garciafaura.com\/fr\/finalitza-el-projecte-de-foment-dinnovacio-i-talent-juvenil-metropolisfplab\/"},"wordCount":355,"publisher":{"@id":"https:\/\/www.garciafaura.com\/fr\/#organization"},"image":{"@id":"https:\/\/www.garciafaura.com\/fr\/finalitza-el-projecte-de-foment-dinnovacio-i-talent-juvenil-metropolisfplab\/#primaryimage"},"thumbnailUrl":"https:\/\/www.garciafaura.com\/wp-content\/uploads\/2021\/06\/GUANYADORES.jpeg","articleSection":["Actualit\u00e9"],"inLanguage":"fr-FR"},{"@type":"WebPage","@id":"https:\/\/www.garciafaura.com\/fr\/finalitza-el-projecte-de-foment-dinnovacio-i-talent-juvenil-metropolisfplab\/","url":"https:\/\/www.garciafaura.com\/fr\/finalitza-el-projecte-de-foment-dinnovacio-i-talent-juvenil-metropolisfplab\/","name":"Le projet MetropolisFPLab innovation et promotion des jeunes talents touche \u00e0 sa fin - GARCIA FAURA","isPartOf":{"@id":"https:\/\/www.garciafaura.com\/fr\/#website"},"primaryImageOfPage":{"@id":"https:\/\/www.garciafaura.com\/fr\/finalitza-el-projecte-de-foment-dinnovacio-i-talent-juvenil-metropolisfplab\/#primaryimage"},"image":{"@id":"https:\/\/www.garciafaura.com\/fr\/finalitza-el-projecte-de-foment-dinnovacio-i-talent-juvenil-metropolisfplab\/#primaryimage"},"thumbnailUrl":"https:\/\/www.garciafaura.com\/wp-content\/uploads\/2021\/06\/GUANYADORES.jpeg","datePublished":"2021-06-29T10:00:14+00:00","dateModified":"2021-06-29T11:11:30+00:00","description":"Arquitectura en Alumini, Inox, Ferro i Vidre","breadcrumb":{"@id":"https:\/\/www.garciafaura.com\/fr\/finalitza-el-projecte-de-foment-dinnovacio-i-talent-juvenil-metropolisfplab\/#breadcrumb"},"inLanguage":"fr-FR","potentialAction":[{"@type":"ReadAction","target":["https:\/\/www.garciafaura.com\/fr\/finalitza-el-projecte-de-foment-dinnovacio-i-talent-juvenil-metropolisfplab\/"]}]},{"@type":"ImageObject","inLanguage":"fr-FR","@id":"https:\/\/www.garciafaura.com\/fr\/finalitza-el-projecte-de-foment-dinnovacio-i-talent-juvenil-metropolisfplab\/#primaryimage","url":"https:\/\/www.garciafaura.com\/wp-content\/uploads\/2021\/06\/GUANYADORES.jpeg","contentUrl":"https:\/\/www.garciafaura.com\/wp-content\/uploads\/2021\/06\/GUANYADORES.jpeg","width":2048,"height":1536,"caption":"\u00c9quipe gagnante"},{"@type":"BreadcrumbList","@id":"https:\/\/www.garciafaura.com\/fr\/finalitza-el-projecte-de-foment-dinnovacio-i-talent-juvenil-metropolisfplab\/#breadcrumb","itemListElement":[{"@type":"ListItem","position":1,"name":"Inici","item":"https:\/\/www.garciafaura.com\/fr\/"},{"@type":"ListItem","position":2,"name":"Le projet MetropolisFPLab innovation et promotion des jeunes talents touche \u00e0 sa fin"}]},{"@type":"WebSite","@id":"https:\/\/www.garciafaura.com\/fr\/#website","url":"https:\/\/www.garciafaura.com\/fr\/","name":"GARCIA FAURA","description":"Arquitectura en Alumini, Inox, Ferro i Vidre","publisher":{"@id":"https:\/\/www.garciafaura.com\/fr\/#organization"},"potentialAction":[{"@type":"SearchAction","target":{"@type":"EntryPoint","urlTemplate":"https:\/\/www.garciafaura.com\/fr\/?s={search_term_string}"},"query-input":{"@type":"PropertyValueSpecification","valueRequired":true,"valueName":"search_term_string"}}],"inLanguage":"fr-FR"},{"@type":"Organization","@id":"https:\/\/www.garciafaura.com\/fr\/#organization","name":"GARCIA FAURA","url":"https:\/\/www.garciafaura.com\/fr\/","logo":{"@type":"ImageObject","inLanguage":"fr-FR","@id":"https:\/\/www.garciafaura.com\/fr\/#\/schema\/logo\/image\/","url":"https:\/\/www.garciafaura.com\/wp-content\/uploads\/2018\/09\/Garcia-Faura.png","contentUrl":"https:\/\/www.garciafaura.com\/wp-content\/uploads\/2018\/09\/Garcia-Faura.png","width":512,"height":512,"caption":"GARCIA FAURA"},"image":{"@id":"https:\/\/www.garciafaura.com\/fr\/#\/schema\/logo\/image\/"},"sameAs":["https:\/\/www.youtube.com\/user\/GARCIAFAURA"]},{"@type":"Person","@id":"https:\/\/www.garciafaura.com\/fr\/#\/schema\/person\/b4b75e69b33fac3446071909bec106b0","name":"David Achell","image":{"@type":"ImageObject","inLanguage":"fr-FR","@id":"https:\/\/www.garciafaura.com\/fr\/#\/schema\/person\/image\/","url":"https:\/\/secure.gravatar.com\/avatar\/03900210afc1f61bce737bcb4a79c02e2c997f171e3eca839b5a4cbe03846c90?s=96&d=blank&r=g","contentUrl":"https:\/\/secure.gravatar.com\/avatar\/03900210afc1f61bce737bcb4a79c02e2c997f171e3eca839b5a4cbe03846c90?s=96&d=blank&r=g","caption":"David Achell"}}]}},"_links":{"self":[{"href":"https:\/\/www.garciafaura.com\/fr\/wp-json\/wp\/v2\/posts\/27614","targetHints":{"allow":["GET"]}}],"collection":[{"href":"https:\/\/www.garciafaura.com\/fr\/wp-json\/wp\/v2\/posts"}],"about":[{"href":"https:\/\/www.garciafaura.com\/fr\/wp-json\/wp\/v2\/types\/post"}],"author":[{"embeddable":true,"href":"https:\/\/www.garciafaura.com\/fr\/wp-json\/wp\/v2\/users\/3"}],"replies":[{"embeddable":true,"href":"https:\/\/www.garciafaura.com\/fr\/wp-json\/wp\/v2\/comments?post=27614"}],"version-history":[{"count":4,"href":"https:\/\/www.garciafaura.com\/fr\/wp-json\/wp\/v2\/posts\/27614\/revisions"}],"predecessor-version":[{"id":27635,"href":"https:\/\/www.garciafaura.com\/fr\/wp-json\/wp\/v2\/posts\/27614\/revisions\/27635"}],"wp:featuredmedia":[{"embeddable":true,"href":"https:\/\/www.garciafaura.com\/fr\/wp-json\/wp\/v2\/media\/27620"}],"wp:attachment":[{"href":"https:\/\/www.garciafaura.com\/fr\/wp-json\/wp\/v2\/media?parent=27614"}],"wp:term":[{"taxonomy":"category","embeddable":true,"href":"https:\/\/www.garciafaura.com\/fr\/wp-json\/wp\/v2\/categories?post=27614"},{"taxonomy":"post_tag","embeddable":true,"href":"https:\/\/www.garciafaura.com\/fr\/wp-json\/wp\/v2\/tags?post=27614"},{"taxonomy":"post_series","embeddable":true,"href":"https:\/\/www.garciafaura.com\/fr\/wp-json\/wp\/v2\/post_series?post=27614"}],"curies":[{"name":"wp","href":"https:\/\/api.w.org\/{rel}","templated":true}]}}