{"id":27584,"date":"2021-06-17T10:00:37","date_gmt":"2021-06-17T08:00:37","guid":{"rendered":"https:\/\/www.garciafaura.com\/?p=27584"},"modified":"2021-06-15T13:25:39","modified_gmt":"2021-06-15T11:25:39","slug":"garcia-faura-amplia-les-seves-installacions-de-gava-2","status":"publish","type":"post","link":"https:\/\/www.garciafaura.com\/fr\/garcia-faura-amplia-les-seves-installacions-de-gava-2\/","title":{"rendered":"GARCIA FAURA agrandit ses installations de Gav\u00e0"},"content":{"rendered":"<h3 style=\"text-align: justify;\"><strong>L&rsquo;entreprise ajoute 4.000 m\u00b2 de plus \u00e0 sa zone de production, avec une nouvelle usine destin\u00e9e exclusivement \u00e0 la fabrication des panneaux, t\u00f4les du bardage et t\u00f4les d\u2019habillage.<\/strong><\/h3>\n<p style=\"text-align: justify;\"><strong>GARCIA FAURA<\/strong> continue de parier sur le centre de production de Gav\u00e0 (Barcelone). Dans le but d&rsquo;augmenter la capacit\u00e9 de ses ateliers sp\u00e9cialis\u00e9s, la soci\u00e9t\u00e9 a am\u00e9nag\u00e9 un nouveau b\u00e2timent industriel de 4.000 m\u00e8tres carr\u00e9s destin\u00e9 exclusivement \u00e0 la d\u00e9coupe et \u00e0 la manutention de t\u00f4les et des panneaux et sert \u00e9galement d&rsquo;espace de stockage et de services.<\/p>\n<p style=\"text-align: justify;\">La nouvelle usine, situ\u00e9e juste en face du si\u00e8ge, accueille l&rsquo;atelier de t\u00f4lerie avec l&rsquo;ensemble des machines pour les t\u00e2ches de cette zone de production: scies verticales de panneaux, cisailles hydrauliques, plieuses et plieuses hydrauliques.<\/p>\n<p style=\"text-align: justify;\">L&rsquo;atelier produit tous les \u00e9l\u00e9ments en t\u00f4le n\u00e9cessaires pour compl\u00e9ter les produits d\u00e9velopp\u00e9s et fabriqu\u00e9s par <strong>GARCIA FAURA<\/strong>, aussi bien en acier qu&rsquo;en aluminium. Dans le m\u00eame temps, la nouvelle usine centralise la production de panneaux et de mat\u00e9riaux pour le rev\u00eatement ext\u00e9rieur et la couverture de fa\u00e7ade.<\/p>\n<h4 style=\"text-align: justify;\"><strong>Plus de 16.000 m\u00b2 dans trois usines<\/strong><\/h4>\n<p style=\"text-align: justify;\">Le transfert de l&rsquo;atelier de t\u00f4lerie a permis de r\u00e9organiser et d&rsquo;agrandir l&rsquo;espace de l&rsquo;usine principale, o\u00f9 la production de mat\u00e9riaux en aluminium et la fabrication de modules de fa\u00e7ade sont centralis\u00e9es. Dans ce p\u00f4le de production, <strong>GARCIA FAURA<\/strong> dispose d\u00e9j\u00e0 de 16.000 m\u00e8tres carr\u00e9s r\u00e9partis dans trois b\u00e2timents industriels.<\/p>\n<p style=\"text-align: justify;\">Ces centres de production fournissent tous les produits que l&rsquo;entreprise d\u00e9veloppe et installe dans les pays o\u00f9 elle est implant\u00e9e. Actuellement, les produits fabriqu\u00e9s par <strong>GARCIA FAURA<\/strong> sont envoy\u00e9s depuis Barcelone vers des projets de toute la Catalogne, du reste de l&rsquo;Espagne, de la France, du Luxembourg et de la Belgique.<\/p>\n","protected":false},"excerpt":{"rendered":"<p>L&rsquo;entreprise ajoute 4.000 m\u00b2 de plus \u00e0 sa zone de production, avec une nouvelle usine destin\u00e9e exclusivement \u00e0 la fabrication des panneaux, t\u00f4les du bardage et t\u00f4les d\u2019habillage. GARCIA FAURA continue de parier sur le centre de production de Gav\u00e0&hellip;<\/p>\n","protected":false},"author":3,"featured_media":27581,"comment_status":"closed","ping_status":"open","sticky":false,"template":"","format":"gallery","meta":{"footnotes":""},"categories":[2],"tags":[],"post_series":[],"class_list":["post-27584","post","type-post","status-publish","format-gallery","has-post-thumbnail","hentry","category-actualite","post_format-post-format-gallery","entry","has-media"],"yoast_head":"<!-- This site is optimized with the Yoast SEO plugin v26.7 - https:\/\/yoast.com\/wordpress\/plugins\/seo\/ -->\n<title>GARCIA FAURA agrandit ses installations de Gav\u00e0 - GARCIA FAURA<\/title>\n<meta name=\"description\" content=\"Arquitectura en Alumini, Inox, Ferro i Vidre\" \/>\n<meta name=\"robots\" content=\"index, follow, max-snippet:-1, max-image-preview:large, max-video-preview:-1\" \/>\n<link rel=\"canonical\" href=\"https:\/\/www.garciafaura.com\/fr\/garcia-faura-amplia-les-seves-installacions-de-gava-2\/\" \/>\n<meta property=\"og:locale\" content=\"fr_FR\" \/>\n<meta property=\"og:type\" content=\"article\" \/>\n<meta property=\"og:title\" content=\"GARCIA FAURA agrandit ses installations de Gav\u00e0 - GARCIA FAURA\" \/>\n<meta property=\"og:description\" content=\"Arquitectura en Alumini, Inox, Ferro i Vidre\" \/>\n<meta property=\"og:url\" content=\"https:\/\/www.garciafaura.com\/fr\/garcia-faura-amplia-les-seves-installacions-de-gava-2\/\" \/>\n<meta property=\"og:site_name\" content=\"GARCIA FAURA\" \/>\n<meta property=\"article:published_time\" content=\"2021-06-17T08:00:37+00:00\" \/>\n<meta property=\"og:image\" content=\"https:\/\/www.garciafaura.com\/wp-content\/uploads\/2021\/06\/Taller-xapa-03.jpg\" \/>\n\t<meta property=\"og:image:width\" content=\"2560\" \/>\n\t<meta property=\"og:image:height\" content=\"1440\" \/>\n\t<meta property=\"og:image:type\" content=\"image\/jpeg\" \/>\n<meta name=\"author\" content=\"David Achell\" \/>\n<meta name=\"twitter:card\" content=\"summary_large_image\" \/>\n<meta name=\"twitter:label1\" content=\"\u00c9crit par\" \/>\n\t<meta name=\"twitter:data1\" content=\"David Achell\" \/>\n\t<meta name=\"twitter:label2\" content=\"Dur\u00e9e de lecture estim\u00e9e\" \/>\n\t<meta name=\"twitter:data2\" content=\"2 minutes\" \/>\n<script type=\"application\/ld+json\" class=\"yoast-schema-graph\">{\"@context\":\"https:\/\/schema.org\",\"@graph\":[{\"@type\":\"Article\",\"@id\":\"https:\/\/www.garciafaura.com\/fr\/garcia-faura-amplia-les-seves-installacions-de-gava-2\/#article\",\"isPartOf\":{\"@id\":\"https:\/\/www.garciafaura.com\/fr\/garcia-faura-amplia-les-seves-installacions-de-gava-2\/\"},\"author\":{\"name\":\"David Achell\",\"@id\":\"https:\/\/www.garciafaura.com\/fr\/#\/schema\/person\/b4b75e69b33fac3446071909bec106b0\"},\"headline\":\"GARCIA FAURA agrandit ses installations de Gav\u00e0\",\"datePublished\":\"2021-06-17T08:00:37+00:00\",\"mainEntityOfPage\":{\"@id\":\"https:\/\/www.garciafaura.com\/fr\/garcia-faura-amplia-les-seves-installacions-de-gava-2\/\"},\"wordCount\":333,\"publisher\":{\"@id\":\"https:\/\/www.garciafaura.com\/fr\/#organization\"},\"image\":{\"@id\":\"https:\/\/www.garciafaura.com\/fr\/garcia-faura-amplia-les-seves-installacions-de-gava-2\/#primaryimage\"},\"thumbnailUrl\":\"https:\/\/www.garciafaura.com\/wp-content\/uploads\/2021\/06\/Taller-xapa-03.jpg\",\"articleSection\":[\"Actualit\u00e9\"],\"inLanguage\":\"fr-FR\"},{\"@type\":\"WebPage\",\"@id\":\"https:\/\/www.garciafaura.com\/fr\/garcia-faura-amplia-les-seves-installacions-de-gava-2\/\",\"url\":\"https:\/\/www.garciafaura.com\/fr\/garcia-faura-amplia-les-seves-installacions-de-gava-2\/\",\"name\":\"GARCIA FAURA agrandit ses installations de Gav\u00e0 - GARCIA FAURA\",\"isPartOf\":{\"@id\":\"https:\/\/www.garciafaura.com\/fr\/#website\"},\"primaryImageOfPage\":{\"@id\":\"https:\/\/www.garciafaura.com\/fr\/garcia-faura-amplia-les-seves-installacions-de-gava-2\/#primaryimage\"},\"image\":{\"@id\":\"https:\/\/www.garciafaura.com\/fr\/garcia-faura-amplia-les-seves-installacions-de-gava-2\/#primaryimage\"},\"thumbnailUrl\":\"https:\/\/www.garciafaura.com\/wp-content\/uploads\/2021\/06\/Taller-xapa-03.jpg\",\"datePublished\":\"2021-06-17T08:00:37+00:00\",\"description\":\"Arquitectura en Alumini, Inox, Ferro i Vidre\",\"breadcrumb\":{\"@id\":\"https:\/\/www.garciafaura.com\/fr\/garcia-faura-amplia-les-seves-installacions-de-gava-2\/#breadcrumb\"},\"inLanguage\":\"fr-FR\",\"potentialAction\":[{\"@type\":\"ReadAction\",\"target\":[\"https:\/\/www.garciafaura.com\/fr\/garcia-faura-amplia-les-seves-installacions-de-gava-2\/\"]}]},{\"@type\":\"ImageObject\",\"inLanguage\":\"fr-FR\",\"@id\":\"https:\/\/www.garciafaura.com\/fr\/garcia-faura-amplia-les-seves-installacions-de-gava-2\/#primaryimage\",\"url\":\"https:\/\/www.garciafaura.com\/wp-content\/uploads\/2021\/06\/Taller-xapa-03.jpg\",\"contentUrl\":\"https:\/\/www.garciafaura.com\/wp-content\/uploads\/2021\/06\/Taller-xapa-03.jpg\",\"width\":2560,\"height\":1440,\"caption\":\"Taller xapa Garcia Faura\"},{\"@type\":\"BreadcrumbList\",\"@id\":\"https:\/\/www.garciafaura.com\/fr\/garcia-faura-amplia-les-seves-installacions-de-gava-2\/#breadcrumb\",\"itemListElement\":[{\"@type\":\"ListItem\",\"position\":1,\"name\":\"Inici\",\"item\":\"https:\/\/www.garciafaura.com\/fr\/\"},{\"@type\":\"ListItem\",\"position\":2,\"name\":\"GARCIA FAURA agrandit ses installations de Gav\u00e0\"}]},{\"@type\":\"WebSite\",\"@id\":\"https:\/\/www.garciafaura.com\/fr\/#website\",\"url\":\"https:\/\/www.garciafaura.com\/fr\/\",\"name\":\"GARCIA FAURA\",\"description\":\"Arquitectura en Alumini, Inox, Ferro i Vidre\",\"publisher\":{\"@id\":\"https:\/\/www.garciafaura.com\/fr\/#organization\"},\"potentialAction\":[{\"@type\":\"SearchAction\",\"target\":{\"@type\":\"EntryPoint\",\"urlTemplate\":\"https:\/\/www.garciafaura.com\/fr\/?s={search_term_string}\"},\"query-input\":{\"@type\":\"PropertyValueSpecification\",\"valueRequired\":true,\"valueName\":\"search_term_string\"}}],\"inLanguage\":\"fr-FR\"},{\"@type\":\"Organization\",\"@id\":\"https:\/\/www.garciafaura.com\/fr\/#organization\",\"name\":\"GARCIA FAURA\",\"url\":\"https:\/\/www.garciafaura.com\/fr\/\",\"logo\":{\"@type\":\"ImageObject\",\"inLanguage\":\"fr-FR\",\"@id\":\"https:\/\/www.garciafaura.com\/fr\/#\/schema\/logo\/image\/\",\"url\":\"https:\/\/www.garciafaura.com\/wp-content\/uploads\/2018\/09\/Garcia-Faura.png\",\"contentUrl\":\"https:\/\/www.garciafaura.com\/wp-content\/uploads\/2018\/09\/Garcia-Faura.png\",\"width\":512,\"height\":512,\"caption\":\"GARCIA FAURA\"},\"image\":{\"@id\":\"https:\/\/www.garciafaura.com\/fr\/#\/schema\/logo\/image\/\"},\"sameAs\":[\"https:\/\/www.youtube.com\/user\/GARCIAFAURA\"]},{\"@type\":\"Person\",\"@id\":\"https:\/\/www.garciafaura.com\/fr\/#\/schema\/person\/b4b75e69b33fac3446071909bec106b0\",\"name\":\"David Achell\",\"image\":{\"@type\":\"ImageObject\",\"inLanguage\":\"fr-FR\",\"@id\":\"https:\/\/www.garciafaura.com\/fr\/#\/schema\/person\/image\/\",\"url\":\"https:\/\/secure.gravatar.com\/avatar\/03900210afc1f61bce737bcb4a79c02e2c997f171e3eca839b5a4cbe03846c90?s=96&d=blank&r=g\",\"contentUrl\":\"https:\/\/secure.gravatar.com\/avatar\/03900210afc1f61bce737bcb4a79c02e2c997f171e3eca839b5a4cbe03846c90?s=96&d=blank&r=g\",\"caption\":\"David Achell\"}}]}<\/script>\n<!-- \/ Yoast SEO plugin. -->","yoast_head_json":{"title":"GARCIA FAURA agrandit ses installations de Gav\u00e0 - GARCIA FAURA","description":"Arquitectura en Alumini, Inox, Ferro i Vidre","robots":{"index":"index","follow":"follow","max-snippet":"max-snippet:-1","max-image-preview":"max-image-preview:large","max-video-preview":"max-video-preview:-1"},"canonical":"https:\/\/www.garciafaura.com\/fr\/garcia-faura-amplia-les-seves-installacions-de-gava-2\/","og_locale":"fr_FR","og_type":"article","og_title":"GARCIA FAURA agrandit ses installations de Gav\u00e0 - GARCIA FAURA","og_description":"Arquitectura en Alumini, Inox, Ferro i Vidre","og_url":"https:\/\/www.garciafaura.com\/fr\/garcia-faura-amplia-les-seves-installacions-de-gava-2\/","og_site_name":"GARCIA FAURA","article_published_time":"2021-06-17T08:00:37+00:00","og_image":[{"width":2560,"height":1440,"url":"https:\/\/www.garciafaura.com\/wp-content\/uploads\/2021\/06\/Taller-xapa-03.jpg","type":"image\/jpeg"}],"author":"David Achell","twitter_card":"summary_large_image","twitter_misc":{"\u00c9crit par":"David Achell","Dur\u00e9e de lecture estim\u00e9e":"2 minutes"},"schema":{"@context":"https:\/\/schema.org","@graph":[{"@type":"Article","@id":"https:\/\/www.garciafaura.com\/fr\/garcia-faura-amplia-les-seves-installacions-de-gava-2\/#article","isPartOf":{"@id":"https:\/\/www.garciafaura.com\/fr\/garcia-faura-amplia-les-seves-installacions-de-gava-2\/"},"author":{"name":"David Achell","@id":"https:\/\/www.garciafaura.com\/fr\/#\/schema\/person\/b4b75e69b33fac3446071909bec106b0"},"headline":"GARCIA FAURA agrandit ses installations de Gav\u00e0","datePublished":"2021-06-17T08:00:37+00:00","mainEntityOfPage":{"@id":"https:\/\/www.garciafaura.com\/fr\/garcia-faura-amplia-les-seves-installacions-de-gava-2\/"},"wordCount":333,"publisher":{"@id":"https:\/\/www.garciafaura.com\/fr\/#organization"},"image":{"@id":"https:\/\/www.garciafaura.com\/fr\/garcia-faura-amplia-les-seves-installacions-de-gava-2\/#primaryimage"},"thumbnailUrl":"https:\/\/www.garciafaura.com\/wp-content\/uploads\/2021\/06\/Taller-xapa-03.jpg","articleSection":["Actualit\u00e9"],"inLanguage":"fr-FR"},{"@type":"WebPage","@id":"https:\/\/www.garciafaura.com\/fr\/garcia-faura-amplia-les-seves-installacions-de-gava-2\/","url":"https:\/\/www.garciafaura.com\/fr\/garcia-faura-amplia-les-seves-installacions-de-gava-2\/","name":"GARCIA FAURA agrandit ses installations de Gav\u00e0 - GARCIA FAURA","isPartOf":{"@id":"https:\/\/www.garciafaura.com\/fr\/#website"},"primaryImageOfPage":{"@id":"https:\/\/www.garciafaura.com\/fr\/garcia-faura-amplia-les-seves-installacions-de-gava-2\/#primaryimage"},"image":{"@id":"https:\/\/www.garciafaura.com\/fr\/garcia-faura-amplia-les-seves-installacions-de-gava-2\/#primaryimage"},"thumbnailUrl":"https:\/\/www.garciafaura.com\/wp-content\/uploads\/2021\/06\/Taller-xapa-03.jpg","datePublished":"2021-06-17T08:00:37+00:00","description":"Arquitectura en Alumini, Inox, Ferro i Vidre","breadcrumb":{"@id":"https:\/\/www.garciafaura.com\/fr\/garcia-faura-amplia-les-seves-installacions-de-gava-2\/#breadcrumb"},"inLanguage":"fr-FR","potentialAction":[{"@type":"ReadAction","target":["https:\/\/www.garciafaura.com\/fr\/garcia-faura-amplia-les-seves-installacions-de-gava-2\/"]}]},{"@type":"ImageObject","inLanguage":"fr-FR","@id":"https:\/\/www.garciafaura.com\/fr\/garcia-faura-amplia-les-seves-installacions-de-gava-2\/#primaryimage","url":"https:\/\/www.garciafaura.com\/wp-content\/uploads\/2021\/06\/Taller-xapa-03.jpg","contentUrl":"https:\/\/www.garciafaura.com\/wp-content\/uploads\/2021\/06\/Taller-xapa-03.jpg","width":2560,"height":1440,"caption":"Taller xapa Garcia Faura"},{"@type":"BreadcrumbList","@id":"https:\/\/www.garciafaura.com\/fr\/garcia-faura-amplia-les-seves-installacions-de-gava-2\/#breadcrumb","itemListElement":[{"@type":"ListItem","position":1,"name":"Inici","item":"https:\/\/www.garciafaura.com\/fr\/"},{"@type":"ListItem","position":2,"name":"GARCIA FAURA agrandit ses installations de Gav\u00e0"}]},{"@type":"WebSite","@id":"https:\/\/www.garciafaura.com\/fr\/#website","url":"https:\/\/www.garciafaura.com\/fr\/","name":"GARCIA FAURA","description":"Arquitectura en Alumini, Inox, Ferro i Vidre","publisher":{"@id":"https:\/\/www.garciafaura.com\/fr\/#organization"},"potentialAction":[{"@type":"SearchAction","target":{"@type":"EntryPoint","urlTemplate":"https:\/\/www.garciafaura.com\/fr\/?s={search_term_string}"},"query-input":{"@type":"PropertyValueSpecification","valueRequired":true,"valueName":"search_term_string"}}],"inLanguage":"fr-FR"},{"@type":"Organization","@id":"https:\/\/www.garciafaura.com\/fr\/#organization","name":"GARCIA FAURA","url":"https:\/\/www.garciafaura.com\/fr\/","logo":{"@type":"ImageObject","inLanguage":"fr-FR","@id":"https:\/\/www.garciafaura.com\/fr\/#\/schema\/logo\/image\/","url":"https:\/\/www.garciafaura.com\/wp-content\/uploads\/2018\/09\/Garcia-Faura.png","contentUrl":"https:\/\/www.garciafaura.com\/wp-content\/uploads\/2018\/09\/Garcia-Faura.png","width":512,"height":512,"caption":"GARCIA FAURA"},"image":{"@id":"https:\/\/www.garciafaura.com\/fr\/#\/schema\/logo\/image\/"},"sameAs":["https:\/\/www.youtube.com\/user\/GARCIAFAURA"]},{"@type":"Person","@id":"https:\/\/www.garciafaura.com\/fr\/#\/schema\/person\/b4b75e69b33fac3446071909bec106b0","name":"David Achell","image":{"@type":"ImageObject","inLanguage":"fr-FR","@id":"https:\/\/www.garciafaura.com\/fr\/#\/schema\/person\/image\/","url":"https:\/\/secure.gravatar.com\/avatar\/03900210afc1f61bce737bcb4a79c02e2c997f171e3eca839b5a4cbe03846c90?s=96&d=blank&r=g","contentUrl":"https:\/\/secure.gravatar.com\/avatar\/03900210afc1f61bce737bcb4a79c02e2c997f171e3eca839b5a4cbe03846c90?s=96&d=blank&r=g","caption":"David Achell"}}]}},"_links":{"self":[{"href":"https:\/\/www.garciafaura.com\/fr\/wp-json\/wp\/v2\/posts\/27584","targetHints":{"allow":["GET"]}}],"collection":[{"href":"https:\/\/www.garciafaura.com\/fr\/wp-json\/wp\/v2\/posts"}],"about":[{"href":"https:\/\/www.garciafaura.com\/fr\/wp-json\/wp\/v2\/types\/post"}],"author":[{"embeddable":true,"href":"https:\/\/www.garciafaura.com\/fr\/wp-json\/wp\/v2\/users\/3"}],"replies":[{"embeddable":true,"href":"https:\/\/www.garciafaura.com\/fr\/wp-json\/wp\/v2\/comments?post=27584"}],"version-history":[{"count":4,"href":"https:\/\/www.garciafaura.com\/fr\/wp-json\/wp\/v2\/posts\/27584\/revisions"}],"predecessor-version":[{"id":27605,"href":"https:\/\/www.garciafaura.com\/fr\/wp-json\/wp\/v2\/posts\/27584\/revisions\/27605"}],"wp:featuredmedia":[{"embeddable":true,"href":"https:\/\/www.garciafaura.com\/fr\/wp-json\/wp\/v2\/media\/27581"}],"wp:attachment":[{"href":"https:\/\/www.garciafaura.com\/fr\/wp-json\/wp\/v2\/media?parent=27584"}],"wp:term":[{"taxonomy":"category","embeddable":true,"href":"https:\/\/www.garciafaura.com\/fr\/wp-json\/wp\/v2\/categories?post=27584"},{"taxonomy":"post_tag","embeddable":true,"href":"https:\/\/www.garciafaura.com\/fr\/wp-json\/wp\/v2\/tags?post=27584"},{"taxonomy":"post_series","embeddable":true,"href":"https:\/\/www.garciafaura.com\/fr\/wp-json\/wp\/v2\/post_series?post=27584"}],"curies":[{"name":"wp","href":"https:\/\/api.w.org\/{rel}","templated":true}]}}