{"id":27553,"date":"2021-06-09T11:16:28","date_gmt":"2021-06-09T09:16:28","guid":{"rendered":"https:\/\/www.garciafaura.com\/garcia-faura-deixa-la-seva-petjada-en-la-nova-icona-visual-de-tarragona\/"},"modified":"2021-06-09T11:28:48","modified_gmt":"2021-06-09T09:28:48","slug":"garcia-faura-deixa-la-seva-petjada-en-la-nova-icona-visual-de-tarragona","status":"publish","type":"post","link":"https:\/\/www.garciafaura.com\/fr\/garcia-faura-deixa-la-seva-petjada-en-la-nova-icona-visual-de-tarragona\/","title":{"rendered":"GARCIA FAURA laisse sa marque sur la nouvelle ic\u00f4ne visuelle de Tarragone"},"content":{"rendered":"<h3 style=\"text-align: justify;\"><strong>Une tour r\u00e9sidentielle de 19 \u00e9tages est en cours de construction \u00e0 Tarragone, destin\u00e9e \u00e0 \u00eatre une ic\u00f4ne visuelle de la ville. Il s&rsquo;agit du \u00abThe Kube\u00bb, un b\u00e2timent qui non seulement changera l&rsquo;horizon du port de Tarragone, sinon que deviendra \u00e9galement une r\u00e9f\u00e9rence gr\u00e2ce au design avant-gardiste de la fa\u00e7ade.<\/strong><\/h3>\n<p style=\"text-align: justify;\"><strong>\u00abThe Kube\u00bb<\/strong> est un projet de construction du studio <a href=\"https:\/\/www.dna-barcelona.com\/\" target=\"_blank\" rel=\"noopener\"><strong>DNA Barcelona Architectes<\/strong><\/a>, qui a con\u00e7u un complexe qui comprendra 311 appartements de deux et quatre chambres. Tous les appartements auront une place de parking et des salles de stockage. De plus, la communaut\u00e9 profitera de deux piscines et d&rsquo;une salle de sport.<\/p>\n<p style=\"text-align: justify;\">Pour ce projet, <strong>GARCIA FAURA<\/strong> fabriquera et installera environ 6.500 m\u00e8tres carr\u00e9s de <strong>menuiseries en aluminium<\/strong>, \u00e0 la fois coulissantes et praticables avec ouvrant cach\u00e9. Des syst\u00e8mes en <strong>aluminium<\/strong> qui ont des valeurs \u00e9lev\u00e9es d&rsquo;isolation et de confort, combin\u00e9s avec vitrages \u00e0 hautes performances techniques.<\/p>\n<p style=\"text-align: justify;\"><strong>\u00abThe Kube\u00bb<\/strong> sera situ\u00e9 \u00e0 proximit\u00e9 du centre-ville et du port, dans une zone d&rsquo;expansion urbaine qui dispose de tous les services n\u00e9cessaires, ainsi que d&rsquo;espaces verts. En effet, le design innovant de la fa\u00e7ade, avec une structure en cubes qui composent un ensemble de volumes, sera un lien continu entre l&rsquo;ext\u00e9rieur et l&rsquo;int\u00e9rieur du b\u00e2timent.<\/p>\n<p style=\"text-align: justify;\">Un b\u00e2timent qui aura de grandes fen\u00eatres et de larges terrasses qui permettront des vues spectaculaires \u00e0 la fois sur la ville et la mer M\u00e9diterran\u00e9e, des terrasses et des balcons qui auront des garde-corps en verre fournis et install\u00e9s <strong>GARCIA FAURA<\/strong>, ainsi que toutes les protections solaires du b\u00e2timent.<\/p>\n","protected":false},"excerpt":{"rendered":"<p>Une tour r\u00e9sidentielle de 19 \u00e9tages est en cours de construction \u00e0 Tarragone, destin\u00e9e \u00e0 \u00eatre une ic\u00f4ne visuelle de la ville. Il s&rsquo;agit du \u00abThe Kube\u00bb, un b\u00e2timent qui non seulement changera l&rsquo;horizon du port de Tarragone, sinon que&hellip;<\/p>\n","protected":false},"author":3,"featured_media":27522,"comment_status":"closed","ping_status":"open","sticky":false,"template":"","format":"gallery","meta":{"footnotes":""},"categories":[2],"tags":[],"post_series":[],"class_list":["post-27553","post","type-post","status-publish","format-gallery","has-post-thumbnail","hentry","category-actualite","post_format-post-format-gallery","entry","has-media"],"yoast_head":"<!-- This site is optimized with the Yoast SEO plugin v26.7 - https:\/\/yoast.com\/wordpress\/plugins\/seo\/ -->\n<title>GARCIA FAURA laisse sa marque sur la nouvelle ic\u00f4ne visuelle de Tarragone - GARCIA FAURA<\/title>\n<meta name=\"description\" content=\"Arquitectura en Alumini, Inox, Ferro i Vidre\" \/>\n<meta name=\"robots\" content=\"index, follow, max-snippet:-1, max-image-preview:large, max-video-preview:-1\" \/>\n<link rel=\"canonical\" href=\"https:\/\/www.garciafaura.com\/fr\/garcia-faura-deixa-la-seva-petjada-en-la-nova-icona-visual-de-tarragona\/\" \/>\n<meta property=\"og:locale\" content=\"fr_FR\" \/>\n<meta property=\"og:type\" content=\"article\" \/>\n<meta property=\"og:title\" content=\"GARCIA FAURA laisse sa marque sur la nouvelle ic\u00f4ne visuelle de Tarragone - GARCIA FAURA\" \/>\n<meta property=\"og:description\" content=\"Arquitectura en Alumini, Inox, Ferro i Vidre\" \/>\n<meta property=\"og:url\" content=\"https:\/\/www.garciafaura.com\/fr\/garcia-faura-deixa-la-seva-petjada-en-la-nova-icona-visual-de-tarragona\/\" \/>\n<meta property=\"og:site_name\" content=\"GARCIA FAURA\" \/>\n<meta property=\"article:published_time\" content=\"2021-06-09T09:16:28+00:00\" \/>\n<meta property=\"article:modified_time\" content=\"2021-06-09T09:28:48+00:00\" \/>\n<meta property=\"og:image\" content=\"https:\/\/www.garciafaura.com\/wp-content\/uploads\/2021\/06\/TheKube_1.jpeg\" \/>\n\t<meta property=\"og:image:width\" content=\"1600\" \/>\n\t<meta property=\"og:image:height\" content=\"900\" \/>\n\t<meta property=\"og:image:type\" content=\"image\/jpeg\" \/>\n<meta name=\"author\" content=\"David Achell\" \/>\n<meta name=\"twitter:card\" content=\"summary_large_image\" \/>\n<meta name=\"twitter:label1\" content=\"\u00c9crit par\" \/>\n\t<meta name=\"twitter:data1\" content=\"David Achell\" \/>\n\t<meta name=\"twitter:label2\" content=\"Dur\u00e9e de lecture estim\u00e9e\" \/>\n\t<meta name=\"twitter:data2\" content=\"1 minute\" \/>\n<script type=\"application\/ld+json\" class=\"yoast-schema-graph\">{\"@context\":\"https:\/\/schema.org\",\"@graph\":[{\"@type\":\"Article\",\"@id\":\"https:\/\/www.garciafaura.com\/fr\/garcia-faura-deixa-la-seva-petjada-en-la-nova-icona-visual-de-tarragona\/#article\",\"isPartOf\":{\"@id\":\"https:\/\/www.garciafaura.com\/fr\/garcia-faura-deixa-la-seva-petjada-en-la-nova-icona-visual-de-tarragona\/\"},\"author\":{\"name\":\"David Achell\",\"@id\":\"https:\/\/www.garciafaura.com\/fr\/#\/schema\/person\/b4b75e69b33fac3446071909bec106b0\"},\"headline\":\"GARCIA FAURA laisse sa marque sur la nouvelle ic\u00f4ne visuelle de Tarragone\",\"datePublished\":\"2021-06-09T09:16:28+00:00\",\"dateModified\":\"2021-06-09T09:28:48+00:00\",\"mainEntityOfPage\":{\"@id\":\"https:\/\/www.garciafaura.com\/fr\/garcia-faura-deixa-la-seva-petjada-en-la-nova-icona-visual-de-tarragona\/\"},\"wordCount\":291,\"publisher\":{\"@id\":\"https:\/\/www.garciafaura.com\/fr\/#organization\"},\"image\":{\"@id\":\"https:\/\/www.garciafaura.com\/fr\/garcia-faura-deixa-la-seva-petjada-en-la-nova-icona-visual-de-tarragona\/#primaryimage\"},\"thumbnailUrl\":\"https:\/\/www.garciafaura.com\/wp-content\/uploads\/2021\/06\/TheKube_1.jpeg\",\"articleSection\":[\"Actualit\u00e9\"],\"inLanguage\":\"fr-FR\"},{\"@type\":\"WebPage\",\"@id\":\"https:\/\/www.garciafaura.com\/fr\/garcia-faura-deixa-la-seva-petjada-en-la-nova-icona-visual-de-tarragona\/\",\"url\":\"https:\/\/www.garciafaura.com\/fr\/garcia-faura-deixa-la-seva-petjada-en-la-nova-icona-visual-de-tarragona\/\",\"name\":\"GARCIA FAURA laisse sa marque sur la nouvelle ic\u00f4ne visuelle de Tarragone - GARCIA FAURA\",\"isPartOf\":{\"@id\":\"https:\/\/www.garciafaura.com\/fr\/#website\"},\"primaryImageOfPage\":{\"@id\":\"https:\/\/www.garciafaura.com\/fr\/garcia-faura-deixa-la-seva-petjada-en-la-nova-icona-visual-de-tarragona\/#primaryimage\"},\"image\":{\"@id\":\"https:\/\/www.garciafaura.com\/fr\/garcia-faura-deixa-la-seva-petjada-en-la-nova-icona-visual-de-tarragona\/#primaryimage\"},\"thumbnailUrl\":\"https:\/\/www.garciafaura.com\/wp-content\/uploads\/2021\/06\/TheKube_1.jpeg\",\"datePublished\":\"2021-06-09T09:16:28+00:00\",\"dateModified\":\"2021-06-09T09:28:48+00:00\",\"description\":\"Arquitectura en Alumini, Inox, Ferro i Vidre\",\"breadcrumb\":{\"@id\":\"https:\/\/www.garciafaura.com\/fr\/garcia-faura-deixa-la-seva-petjada-en-la-nova-icona-visual-de-tarragona\/#breadcrumb\"},\"inLanguage\":\"fr-FR\",\"potentialAction\":[{\"@type\":\"ReadAction\",\"target\":[\"https:\/\/www.garciafaura.com\/fr\/garcia-faura-deixa-la-seva-petjada-en-la-nova-icona-visual-de-tarragona\/\"]}]},{\"@type\":\"ImageObject\",\"inLanguage\":\"fr-FR\",\"@id\":\"https:\/\/www.garciafaura.com\/fr\/garcia-faura-deixa-la-seva-petjada-en-la-nova-icona-visual-de-tarragona\/#primaryimage\",\"url\":\"https:\/\/www.garciafaura.com\/wp-content\/uploads\/2021\/06\/TheKube_1.jpeg\",\"contentUrl\":\"https:\/\/www.garciafaura.com\/wp-content\/uploads\/2021\/06\/TheKube_1.jpeg\",\"width\":1600,\"height\":900},{\"@type\":\"BreadcrumbList\",\"@id\":\"https:\/\/www.garciafaura.com\/fr\/garcia-faura-deixa-la-seva-petjada-en-la-nova-icona-visual-de-tarragona\/#breadcrumb\",\"itemListElement\":[{\"@type\":\"ListItem\",\"position\":1,\"name\":\"Inici\",\"item\":\"https:\/\/www.garciafaura.com\/fr\/\"},{\"@type\":\"ListItem\",\"position\":2,\"name\":\"GARCIA FAURA laisse sa marque sur la nouvelle ic\u00f4ne visuelle de Tarragone\"}]},{\"@type\":\"WebSite\",\"@id\":\"https:\/\/www.garciafaura.com\/fr\/#website\",\"url\":\"https:\/\/www.garciafaura.com\/fr\/\",\"name\":\"GARCIA FAURA\",\"description\":\"Arquitectura en Alumini, Inox, Ferro i Vidre\",\"publisher\":{\"@id\":\"https:\/\/www.garciafaura.com\/fr\/#organization\"},\"potentialAction\":[{\"@type\":\"SearchAction\",\"target\":{\"@type\":\"EntryPoint\",\"urlTemplate\":\"https:\/\/www.garciafaura.com\/fr\/?s={search_term_string}\"},\"query-input\":{\"@type\":\"PropertyValueSpecification\",\"valueRequired\":true,\"valueName\":\"search_term_string\"}}],\"inLanguage\":\"fr-FR\"},{\"@type\":\"Organization\",\"@id\":\"https:\/\/www.garciafaura.com\/fr\/#organization\",\"name\":\"GARCIA FAURA\",\"url\":\"https:\/\/www.garciafaura.com\/fr\/\",\"logo\":{\"@type\":\"ImageObject\",\"inLanguage\":\"fr-FR\",\"@id\":\"https:\/\/www.garciafaura.com\/fr\/#\/schema\/logo\/image\/\",\"url\":\"https:\/\/www.garciafaura.com\/wp-content\/uploads\/2018\/09\/Garcia-Faura.png\",\"contentUrl\":\"https:\/\/www.garciafaura.com\/wp-content\/uploads\/2018\/09\/Garcia-Faura.png\",\"width\":512,\"height\":512,\"caption\":\"GARCIA FAURA\"},\"image\":{\"@id\":\"https:\/\/www.garciafaura.com\/fr\/#\/schema\/logo\/image\/\"},\"sameAs\":[\"https:\/\/www.youtube.com\/user\/GARCIAFAURA\"]},{\"@type\":\"Person\",\"@id\":\"https:\/\/www.garciafaura.com\/fr\/#\/schema\/person\/b4b75e69b33fac3446071909bec106b0\",\"name\":\"David Achell\",\"image\":{\"@type\":\"ImageObject\",\"inLanguage\":\"fr-FR\",\"@id\":\"https:\/\/www.garciafaura.com\/fr\/#\/schema\/person\/image\/\",\"url\":\"https:\/\/secure.gravatar.com\/avatar\/03900210afc1f61bce737bcb4a79c02e2c997f171e3eca839b5a4cbe03846c90?s=96&d=blank&r=g\",\"contentUrl\":\"https:\/\/secure.gravatar.com\/avatar\/03900210afc1f61bce737bcb4a79c02e2c997f171e3eca839b5a4cbe03846c90?s=96&d=blank&r=g\",\"caption\":\"David Achell\"}}]}<\/script>\n<!-- \/ Yoast SEO plugin. -->","yoast_head_json":{"title":"GARCIA FAURA laisse sa marque sur la nouvelle ic\u00f4ne visuelle de Tarragone - GARCIA FAURA","description":"Arquitectura en Alumini, Inox, Ferro i Vidre","robots":{"index":"index","follow":"follow","max-snippet":"max-snippet:-1","max-image-preview":"max-image-preview:large","max-video-preview":"max-video-preview:-1"},"canonical":"https:\/\/www.garciafaura.com\/fr\/garcia-faura-deixa-la-seva-petjada-en-la-nova-icona-visual-de-tarragona\/","og_locale":"fr_FR","og_type":"article","og_title":"GARCIA FAURA laisse sa marque sur la nouvelle ic\u00f4ne visuelle de Tarragone - GARCIA FAURA","og_description":"Arquitectura en Alumini, Inox, Ferro i Vidre","og_url":"https:\/\/www.garciafaura.com\/fr\/garcia-faura-deixa-la-seva-petjada-en-la-nova-icona-visual-de-tarragona\/","og_site_name":"GARCIA FAURA","article_published_time":"2021-06-09T09:16:28+00:00","article_modified_time":"2021-06-09T09:28:48+00:00","og_image":[{"width":1600,"height":900,"url":"https:\/\/www.garciafaura.com\/wp-content\/uploads\/2021\/06\/TheKube_1.jpeg","type":"image\/jpeg"}],"author":"David Achell","twitter_card":"summary_large_image","twitter_misc":{"\u00c9crit par":"David Achell","Dur\u00e9e de lecture estim\u00e9e":"1 minute"},"schema":{"@context":"https:\/\/schema.org","@graph":[{"@type":"Article","@id":"https:\/\/www.garciafaura.com\/fr\/garcia-faura-deixa-la-seva-petjada-en-la-nova-icona-visual-de-tarragona\/#article","isPartOf":{"@id":"https:\/\/www.garciafaura.com\/fr\/garcia-faura-deixa-la-seva-petjada-en-la-nova-icona-visual-de-tarragona\/"},"author":{"name":"David Achell","@id":"https:\/\/www.garciafaura.com\/fr\/#\/schema\/person\/b4b75e69b33fac3446071909bec106b0"},"headline":"GARCIA FAURA laisse sa marque sur la nouvelle ic\u00f4ne visuelle de Tarragone","datePublished":"2021-06-09T09:16:28+00:00","dateModified":"2021-06-09T09:28:48+00:00","mainEntityOfPage":{"@id":"https:\/\/www.garciafaura.com\/fr\/garcia-faura-deixa-la-seva-petjada-en-la-nova-icona-visual-de-tarragona\/"},"wordCount":291,"publisher":{"@id":"https:\/\/www.garciafaura.com\/fr\/#organization"},"image":{"@id":"https:\/\/www.garciafaura.com\/fr\/garcia-faura-deixa-la-seva-petjada-en-la-nova-icona-visual-de-tarragona\/#primaryimage"},"thumbnailUrl":"https:\/\/www.garciafaura.com\/wp-content\/uploads\/2021\/06\/TheKube_1.jpeg","articleSection":["Actualit\u00e9"],"inLanguage":"fr-FR"},{"@type":"WebPage","@id":"https:\/\/www.garciafaura.com\/fr\/garcia-faura-deixa-la-seva-petjada-en-la-nova-icona-visual-de-tarragona\/","url":"https:\/\/www.garciafaura.com\/fr\/garcia-faura-deixa-la-seva-petjada-en-la-nova-icona-visual-de-tarragona\/","name":"GARCIA FAURA laisse sa marque sur la nouvelle ic\u00f4ne visuelle de Tarragone - GARCIA FAURA","isPartOf":{"@id":"https:\/\/www.garciafaura.com\/fr\/#website"},"primaryImageOfPage":{"@id":"https:\/\/www.garciafaura.com\/fr\/garcia-faura-deixa-la-seva-petjada-en-la-nova-icona-visual-de-tarragona\/#primaryimage"},"image":{"@id":"https:\/\/www.garciafaura.com\/fr\/garcia-faura-deixa-la-seva-petjada-en-la-nova-icona-visual-de-tarragona\/#primaryimage"},"thumbnailUrl":"https:\/\/www.garciafaura.com\/wp-content\/uploads\/2021\/06\/TheKube_1.jpeg","datePublished":"2021-06-09T09:16:28+00:00","dateModified":"2021-06-09T09:28:48+00:00","description":"Arquitectura en Alumini, Inox, Ferro i Vidre","breadcrumb":{"@id":"https:\/\/www.garciafaura.com\/fr\/garcia-faura-deixa-la-seva-petjada-en-la-nova-icona-visual-de-tarragona\/#breadcrumb"},"inLanguage":"fr-FR","potentialAction":[{"@type":"ReadAction","target":["https:\/\/www.garciafaura.com\/fr\/garcia-faura-deixa-la-seva-petjada-en-la-nova-icona-visual-de-tarragona\/"]}]},{"@type":"ImageObject","inLanguage":"fr-FR","@id":"https:\/\/www.garciafaura.com\/fr\/garcia-faura-deixa-la-seva-petjada-en-la-nova-icona-visual-de-tarragona\/#primaryimage","url":"https:\/\/www.garciafaura.com\/wp-content\/uploads\/2021\/06\/TheKube_1.jpeg","contentUrl":"https:\/\/www.garciafaura.com\/wp-content\/uploads\/2021\/06\/TheKube_1.jpeg","width":1600,"height":900},{"@type":"BreadcrumbList","@id":"https:\/\/www.garciafaura.com\/fr\/garcia-faura-deixa-la-seva-petjada-en-la-nova-icona-visual-de-tarragona\/#breadcrumb","itemListElement":[{"@type":"ListItem","position":1,"name":"Inici","item":"https:\/\/www.garciafaura.com\/fr\/"},{"@type":"ListItem","position":2,"name":"GARCIA FAURA laisse sa marque sur la nouvelle ic\u00f4ne visuelle de Tarragone"}]},{"@type":"WebSite","@id":"https:\/\/www.garciafaura.com\/fr\/#website","url":"https:\/\/www.garciafaura.com\/fr\/","name":"GARCIA FAURA","description":"Arquitectura en Alumini, Inox, Ferro i Vidre","publisher":{"@id":"https:\/\/www.garciafaura.com\/fr\/#organization"},"potentialAction":[{"@type":"SearchAction","target":{"@type":"EntryPoint","urlTemplate":"https:\/\/www.garciafaura.com\/fr\/?s={search_term_string}"},"query-input":{"@type":"PropertyValueSpecification","valueRequired":true,"valueName":"search_term_string"}}],"inLanguage":"fr-FR"},{"@type":"Organization","@id":"https:\/\/www.garciafaura.com\/fr\/#organization","name":"GARCIA FAURA","url":"https:\/\/www.garciafaura.com\/fr\/","logo":{"@type":"ImageObject","inLanguage":"fr-FR","@id":"https:\/\/www.garciafaura.com\/fr\/#\/schema\/logo\/image\/","url":"https:\/\/www.garciafaura.com\/wp-content\/uploads\/2018\/09\/Garcia-Faura.png","contentUrl":"https:\/\/www.garciafaura.com\/wp-content\/uploads\/2018\/09\/Garcia-Faura.png","width":512,"height":512,"caption":"GARCIA FAURA"},"image":{"@id":"https:\/\/www.garciafaura.com\/fr\/#\/schema\/logo\/image\/"},"sameAs":["https:\/\/www.youtube.com\/user\/GARCIAFAURA"]},{"@type":"Person","@id":"https:\/\/www.garciafaura.com\/fr\/#\/schema\/person\/b4b75e69b33fac3446071909bec106b0","name":"David Achell","image":{"@type":"ImageObject","inLanguage":"fr-FR","@id":"https:\/\/www.garciafaura.com\/fr\/#\/schema\/person\/image\/","url":"https:\/\/secure.gravatar.com\/avatar\/03900210afc1f61bce737bcb4a79c02e2c997f171e3eca839b5a4cbe03846c90?s=96&d=blank&r=g","contentUrl":"https:\/\/secure.gravatar.com\/avatar\/03900210afc1f61bce737bcb4a79c02e2c997f171e3eca839b5a4cbe03846c90?s=96&d=blank&r=g","caption":"David Achell"}}]}},"_links":{"self":[{"href":"https:\/\/www.garciafaura.com\/fr\/wp-json\/wp\/v2\/posts\/27553","targetHints":{"allow":["GET"]}}],"collection":[{"href":"https:\/\/www.garciafaura.com\/fr\/wp-json\/wp\/v2\/posts"}],"about":[{"href":"https:\/\/www.garciafaura.com\/fr\/wp-json\/wp\/v2\/types\/post"}],"author":[{"embeddable":true,"href":"https:\/\/www.garciafaura.com\/fr\/wp-json\/wp\/v2\/users\/3"}],"replies":[{"embeddable":true,"href":"https:\/\/www.garciafaura.com\/fr\/wp-json\/wp\/v2\/comments?post=27553"}],"version-history":[{"count":4,"href":"https:\/\/www.garciafaura.com\/fr\/wp-json\/wp\/v2\/posts\/27553\/revisions"}],"predecessor-version":[{"id":27564,"href":"https:\/\/www.garciafaura.com\/fr\/wp-json\/wp\/v2\/posts\/27553\/revisions\/27564"}],"wp:featuredmedia":[{"embeddable":true,"href":"https:\/\/www.garciafaura.com\/fr\/wp-json\/wp\/v2\/media\/27522"}],"wp:attachment":[{"href":"https:\/\/www.garciafaura.com\/fr\/wp-json\/wp\/v2\/media?parent=27553"}],"wp:term":[{"taxonomy":"category","embeddable":true,"href":"https:\/\/www.garciafaura.com\/fr\/wp-json\/wp\/v2\/categories?post=27553"},{"taxonomy":"post_tag","embeddable":true,"href":"https:\/\/www.garciafaura.com\/fr\/wp-json\/wp\/v2\/tags?post=27553"},{"taxonomy":"post_series","embeddable":true,"href":"https:\/\/www.garciafaura.com\/fr\/wp-json\/wp\/v2\/post_series?post=27553"}],"curies":[{"name":"wp","href":"https:\/\/api.w.org\/{rel}","templated":true}]}}