{"id":27471,"date":"2021-04-30T10:44:51","date_gmt":"2021-04-30T08:44:51","guid":{"rendered":"https:\/\/www.garciafaura.com\/tancaments-de-garcia-faura-per-a-ledifici-doficines-diagonal-532-de-barcelona\/"},"modified":"2021-04-30T10:53:43","modified_gmt":"2021-04-30T08:53:43","slug":"tancaments-de-garcia-faura-per-a-ledifici-doficines-diagonal-532-de-barcelona","status":"publish","type":"post","link":"https:\/\/www.garciafaura.com\/fr\/tancaments-de-garcia-faura-per-a-ledifici-doficines-diagonal-532-de-barcelona\/","title":{"rendered":"Fa\u00e7ade GARCIA FAURA pour l&rsquo;immeuble de bureaux Diagonal 532 \u00e0 Barcelone"},"content":{"rendered":"<p style=\"text-align: justify;\"><strong>Sur le num\u00e9ro 532 de l&rsquo;avenue Diagonal de Barcelone, il y a un immeuble de bureaux et des services commerciaux qui est en cours de r\u00e9habilitation compl\u00e8te. Il s&rsquo;agit d&rsquo;un b\u00e2timent de neufs \u00e9tages con\u00e7us pour accueillir des bureaux et des si\u00e8ges sociaux. Le b\u00e2timent a la certification Breeam pour la durabilit\u00e9 dans la gestion des installations.<\/strong><\/p>\n<p style=\"text-align: justify;\">L&rsquo;entreprise op\u00e8re sur la fa\u00e7ade principale et les cours int\u00e9rieures du b\u00e2timent, avec la fabrication et l&rsquo;installation de 1.160 m\u00e8tres carr\u00e9s de menuiserie fixe et des menuiseries oscillo-battantes, avec de syst\u00e8me d\u2019aluminium \u00e0 rupture de pont thermique tr\u00e8s polyvalent et performant.<\/p>\n<p style=\"text-align: justify;\">La conception est d&rsquo;esth\u00e9tique droite, ce qui contribuera \u00e0 donner un aspect plus avant-gardiste \u00e0 cette propri\u00e9t\u00e9 situ\u00e9e dans l&rsquo;une des routes les plus importantes de la capitale catalane, entour\u00e9e de tous les services et tr\u00e8s bien communiqu\u00e9e avec la gare et l&rsquo;a\u00e9roport.<\/p>\n<p style=\"text-align: justify;\">En plus des menuiseries, <strong>GARCIA FAURA<\/strong> fabrique \u00e9galement 650 m\u00e8tres carr\u00e9s de panneaux en aluminium composite pour le bardage de la fa\u00e7ade. Cette intervention am\u00e9liorera la certification Breeam de durabilit\u00e9 environnementale que le bien poss\u00e8de d\u00e9j\u00e0 (ainsi que d&rsquo;autres installations technologiquement avanc\u00e9es).<\/p>\n","protected":false},"excerpt":{"rendered":"<p>Sur le num\u00e9ro 532 de l&rsquo;avenue Diagonal de Barcelone, il y a un immeuble de bureaux et des services commerciaux qui est en cours de r\u00e9habilitation compl\u00e8te. Il s&rsquo;agit d&rsquo;un b\u00e2timent de neufs \u00e9tages con\u00e7us pour accueillir des bureaux et&hellip;<\/p>\n","protected":false},"author":3,"featured_media":27459,"comment_status":"closed","ping_status":"open","sticky":false,"template":"","format":"gallery","meta":{"footnotes":""},"categories":[2],"tags":[],"post_series":[],"class_list":["post-27471","post","type-post","status-publish","format-gallery","has-post-thumbnail","hentry","category-actualite","post_format-post-format-gallery","entry","has-media"],"yoast_head":"<!-- This site is optimized with the Yoast SEO plugin v26.7 - https:\/\/yoast.com\/wordpress\/plugins\/seo\/ -->\n<title>Fa\u00e7ade GARCIA FAURA pour l&#039;immeuble de bureaux Diagonal 532 \u00e0 Barcelone - GARCIA FAURA<\/title>\n<meta name=\"description\" content=\"Arquitectura en Alumini, Inox, Ferro i Vidre\" \/>\n<meta name=\"robots\" content=\"index, follow, max-snippet:-1, max-image-preview:large, max-video-preview:-1\" \/>\n<link rel=\"canonical\" href=\"https:\/\/www.garciafaura.com\/fr\/tancaments-de-garcia-faura-per-a-ledifici-doficines-diagonal-532-de-barcelona\/\" \/>\n<meta property=\"og:locale\" content=\"fr_FR\" \/>\n<meta property=\"og:type\" content=\"article\" \/>\n<meta property=\"og:title\" content=\"Fa\u00e7ade GARCIA FAURA pour l&#039;immeuble de bureaux Diagonal 532 \u00e0 Barcelone - GARCIA FAURA\" \/>\n<meta property=\"og:description\" content=\"Arquitectura en Alumini, Inox, Ferro i Vidre\" \/>\n<meta property=\"og:url\" content=\"https:\/\/www.garciafaura.com\/fr\/tancaments-de-garcia-faura-per-a-ledifici-doficines-diagonal-532-de-barcelona\/\" \/>\n<meta property=\"og:site_name\" content=\"GARCIA FAURA\" \/>\n<meta property=\"article:published_time\" content=\"2021-04-30T08:44:51+00:00\" \/>\n<meta property=\"article:modified_time\" content=\"2021-04-30T08:53:43+00:00\" \/>\n<meta property=\"og:image\" content=\"https:\/\/www.garciafaura.com\/wp-content\/uploads\/2021\/04\/Foto-Colonial-3-1024x618.png\" \/>\n\t<meta property=\"og:image:width\" content=\"1024\" \/>\n\t<meta property=\"og:image:height\" content=\"618\" \/>\n\t<meta property=\"og:image:type\" content=\"image\/png\" \/>\n<meta name=\"author\" content=\"David Achell\" \/>\n<meta name=\"twitter:card\" content=\"summary_large_image\" \/>\n<meta name=\"twitter:label1\" content=\"\u00c9crit par\" \/>\n\t<meta name=\"twitter:data1\" content=\"David Achell\" \/>\n\t<meta name=\"twitter:label2\" content=\"Dur\u00e9e de lecture estim\u00e9e\" \/>\n\t<meta name=\"twitter:data2\" content=\"1 minute\" \/>\n<script type=\"application\/ld+json\" class=\"yoast-schema-graph\">{\"@context\":\"https:\/\/schema.org\",\"@graph\":[{\"@type\":\"Article\",\"@id\":\"https:\/\/www.garciafaura.com\/fr\/tancaments-de-garcia-faura-per-a-ledifici-doficines-diagonal-532-de-barcelona\/#article\",\"isPartOf\":{\"@id\":\"https:\/\/www.garciafaura.com\/fr\/tancaments-de-garcia-faura-per-a-ledifici-doficines-diagonal-532-de-barcelona\/\"},\"author\":{\"name\":\"David Achell\",\"@id\":\"https:\/\/www.garciafaura.com\/fr\/#\/schema\/person\/b4b75e69b33fac3446071909bec106b0\"},\"headline\":\"Fa\u00e7ade GARCIA FAURA pour l&rsquo;immeuble de bureaux Diagonal 532 \u00e0 Barcelone\",\"datePublished\":\"2021-04-30T08:44:51+00:00\",\"dateModified\":\"2021-04-30T08:53:43+00:00\",\"mainEntityOfPage\":{\"@id\":\"https:\/\/www.garciafaura.com\/fr\/tancaments-de-garcia-faura-per-a-ledifici-doficines-diagonal-532-de-barcelona\/\"},\"wordCount\":227,\"publisher\":{\"@id\":\"https:\/\/www.garciafaura.com\/fr\/#organization\"},\"image\":{\"@id\":\"https:\/\/www.garciafaura.com\/fr\/tancaments-de-garcia-faura-per-a-ledifici-doficines-diagonal-532-de-barcelona\/#primaryimage\"},\"thumbnailUrl\":\"https:\/\/www.garciafaura.com\/wp-content\/uploads\/2021\/04\/Foto-Colonial-3.png\",\"articleSection\":[\"Actualit\u00e9\"],\"inLanguage\":\"fr-FR\"},{\"@type\":\"WebPage\",\"@id\":\"https:\/\/www.garciafaura.com\/fr\/tancaments-de-garcia-faura-per-a-ledifici-doficines-diagonal-532-de-barcelona\/\",\"url\":\"https:\/\/www.garciafaura.com\/fr\/tancaments-de-garcia-faura-per-a-ledifici-doficines-diagonal-532-de-barcelona\/\",\"name\":\"Fa\u00e7ade GARCIA FAURA pour l'immeuble de bureaux Diagonal 532 \u00e0 Barcelone - GARCIA FAURA\",\"isPartOf\":{\"@id\":\"https:\/\/www.garciafaura.com\/fr\/#website\"},\"primaryImageOfPage\":{\"@id\":\"https:\/\/www.garciafaura.com\/fr\/tancaments-de-garcia-faura-per-a-ledifici-doficines-diagonal-532-de-barcelona\/#primaryimage\"},\"image\":{\"@id\":\"https:\/\/www.garciafaura.com\/fr\/tancaments-de-garcia-faura-per-a-ledifici-doficines-diagonal-532-de-barcelona\/#primaryimage\"},\"thumbnailUrl\":\"https:\/\/www.garciafaura.com\/wp-content\/uploads\/2021\/04\/Foto-Colonial-3.png\",\"datePublished\":\"2021-04-30T08:44:51+00:00\",\"dateModified\":\"2021-04-30T08:53:43+00:00\",\"description\":\"Arquitectura en Alumini, Inox, Ferro i Vidre\",\"breadcrumb\":{\"@id\":\"https:\/\/www.garciafaura.com\/fr\/tancaments-de-garcia-faura-per-a-ledifici-doficines-diagonal-532-de-barcelona\/#breadcrumb\"},\"inLanguage\":\"fr-FR\",\"potentialAction\":[{\"@type\":\"ReadAction\",\"target\":[\"https:\/\/www.garciafaura.com\/fr\/tancaments-de-garcia-faura-per-a-ledifici-doficines-diagonal-532-de-barcelona\/\"]}]},{\"@type\":\"ImageObject\",\"inLanguage\":\"fr-FR\",\"@id\":\"https:\/\/www.garciafaura.com\/fr\/tancaments-de-garcia-faura-per-a-ledifici-doficines-diagonal-532-de-barcelona\/#primaryimage\",\"url\":\"https:\/\/www.garciafaura.com\/wp-content\/uploads\/2021\/04\/Foto-Colonial-3.png\",\"contentUrl\":\"https:\/\/www.garciafaura.com\/wp-content\/uploads\/2021\/04\/Foto-Colonial-3.png\",\"width\":4070,\"height\":2456},{\"@type\":\"BreadcrumbList\",\"@id\":\"https:\/\/www.garciafaura.com\/fr\/tancaments-de-garcia-faura-per-a-ledifici-doficines-diagonal-532-de-barcelona\/#breadcrumb\",\"itemListElement\":[{\"@type\":\"ListItem\",\"position\":1,\"name\":\"Inici\",\"item\":\"https:\/\/www.garciafaura.com\/fr\/\"},{\"@type\":\"ListItem\",\"position\":2,\"name\":\"Fa\u00e7ade GARCIA FAURA pour l&rsquo;immeuble de bureaux Diagonal 532 \u00e0 Barcelone\"}]},{\"@type\":\"WebSite\",\"@id\":\"https:\/\/www.garciafaura.com\/fr\/#website\",\"url\":\"https:\/\/www.garciafaura.com\/fr\/\",\"name\":\"GARCIA FAURA\",\"description\":\"Arquitectura en Alumini, Inox, Ferro i Vidre\",\"publisher\":{\"@id\":\"https:\/\/www.garciafaura.com\/fr\/#organization\"},\"potentialAction\":[{\"@type\":\"SearchAction\",\"target\":{\"@type\":\"EntryPoint\",\"urlTemplate\":\"https:\/\/www.garciafaura.com\/fr\/?s={search_term_string}\"},\"query-input\":{\"@type\":\"PropertyValueSpecification\",\"valueRequired\":true,\"valueName\":\"search_term_string\"}}],\"inLanguage\":\"fr-FR\"},{\"@type\":\"Organization\",\"@id\":\"https:\/\/www.garciafaura.com\/fr\/#organization\",\"name\":\"GARCIA FAURA\",\"url\":\"https:\/\/www.garciafaura.com\/fr\/\",\"logo\":{\"@type\":\"ImageObject\",\"inLanguage\":\"fr-FR\",\"@id\":\"https:\/\/www.garciafaura.com\/fr\/#\/schema\/logo\/image\/\",\"url\":\"https:\/\/www.garciafaura.com\/wp-content\/uploads\/2018\/09\/Garcia-Faura.png\",\"contentUrl\":\"https:\/\/www.garciafaura.com\/wp-content\/uploads\/2018\/09\/Garcia-Faura.png\",\"width\":512,\"height\":512,\"caption\":\"GARCIA FAURA\"},\"image\":{\"@id\":\"https:\/\/www.garciafaura.com\/fr\/#\/schema\/logo\/image\/\"},\"sameAs\":[\"https:\/\/www.youtube.com\/user\/GARCIAFAURA\"]},{\"@type\":\"Person\",\"@id\":\"https:\/\/www.garciafaura.com\/fr\/#\/schema\/person\/b4b75e69b33fac3446071909bec106b0\",\"name\":\"David Achell\",\"image\":{\"@type\":\"ImageObject\",\"inLanguage\":\"fr-FR\",\"@id\":\"https:\/\/www.garciafaura.com\/fr\/#\/schema\/person\/image\/\",\"url\":\"https:\/\/secure.gravatar.com\/avatar\/03900210afc1f61bce737bcb4a79c02e2c997f171e3eca839b5a4cbe03846c90?s=96&d=blank&r=g\",\"contentUrl\":\"https:\/\/secure.gravatar.com\/avatar\/03900210afc1f61bce737bcb4a79c02e2c997f171e3eca839b5a4cbe03846c90?s=96&d=blank&r=g\",\"caption\":\"David Achell\"}}]}<\/script>\n<!-- \/ Yoast SEO plugin. -->","yoast_head_json":{"title":"Fa\u00e7ade GARCIA FAURA pour l'immeuble de bureaux Diagonal 532 \u00e0 Barcelone - GARCIA FAURA","description":"Arquitectura en Alumini, Inox, Ferro i Vidre","robots":{"index":"index","follow":"follow","max-snippet":"max-snippet:-1","max-image-preview":"max-image-preview:large","max-video-preview":"max-video-preview:-1"},"canonical":"https:\/\/www.garciafaura.com\/fr\/tancaments-de-garcia-faura-per-a-ledifici-doficines-diagonal-532-de-barcelona\/","og_locale":"fr_FR","og_type":"article","og_title":"Fa\u00e7ade GARCIA FAURA pour l'immeuble de bureaux Diagonal 532 \u00e0 Barcelone - GARCIA FAURA","og_description":"Arquitectura en Alumini, Inox, Ferro i Vidre","og_url":"https:\/\/www.garciafaura.com\/fr\/tancaments-de-garcia-faura-per-a-ledifici-doficines-diagonal-532-de-barcelona\/","og_site_name":"GARCIA FAURA","article_published_time":"2021-04-30T08:44:51+00:00","article_modified_time":"2021-04-30T08:53:43+00:00","og_image":[{"width":1024,"height":618,"url":"https:\/\/www.garciafaura.com\/wp-content\/uploads\/2021\/04\/Foto-Colonial-3-1024x618.png","type":"image\/png"}],"author":"David Achell","twitter_card":"summary_large_image","twitter_misc":{"\u00c9crit par":"David Achell","Dur\u00e9e de lecture estim\u00e9e":"1 minute"},"schema":{"@context":"https:\/\/schema.org","@graph":[{"@type":"Article","@id":"https:\/\/www.garciafaura.com\/fr\/tancaments-de-garcia-faura-per-a-ledifici-doficines-diagonal-532-de-barcelona\/#article","isPartOf":{"@id":"https:\/\/www.garciafaura.com\/fr\/tancaments-de-garcia-faura-per-a-ledifici-doficines-diagonal-532-de-barcelona\/"},"author":{"name":"David Achell","@id":"https:\/\/www.garciafaura.com\/fr\/#\/schema\/person\/b4b75e69b33fac3446071909bec106b0"},"headline":"Fa\u00e7ade GARCIA FAURA pour l&rsquo;immeuble de bureaux Diagonal 532 \u00e0 Barcelone","datePublished":"2021-04-30T08:44:51+00:00","dateModified":"2021-04-30T08:53:43+00:00","mainEntityOfPage":{"@id":"https:\/\/www.garciafaura.com\/fr\/tancaments-de-garcia-faura-per-a-ledifici-doficines-diagonal-532-de-barcelona\/"},"wordCount":227,"publisher":{"@id":"https:\/\/www.garciafaura.com\/fr\/#organization"},"image":{"@id":"https:\/\/www.garciafaura.com\/fr\/tancaments-de-garcia-faura-per-a-ledifici-doficines-diagonal-532-de-barcelona\/#primaryimage"},"thumbnailUrl":"https:\/\/www.garciafaura.com\/wp-content\/uploads\/2021\/04\/Foto-Colonial-3.png","articleSection":["Actualit\u00e9"],"inLanguage":"fr-FR"},{"@type":"WebPage","@id":"https:\/\/www.garciafaura.com\/fr\/tancaments-de-garcia-faura-per-a-ledifici-doficines-diagonal-532-de-barcelona\/","url":"https:\/\/www.garciafaura.com\/fr\/tancaments-de-garcia-faura-per-a-ledifici-doficines-diagonal-532-de-barcelona\/","name":"Fa\u00e7ade GARCIA FAURA pour l'immeuble de bureaux Diagonal 532 \u00e0 Barcelone - GARCIA FAURA","isPartOf":{"@id":"https:\/\/www.garciafaura.com\/fr\/#website"},"primaryImageOfPage":{"@id":"https:\/\/www.garciafaura.com\/fr\/tancaments-de-garcia-faura-per-a-ledifici-doficines-diagonal-532-de-barcelona\/#primaryimage"},"image":{"@id":"https:\/\/www.garciafaura.com\/fr\/tancaments-de-garcia-faura-per-a-ledifici-doficines-diagonal-532-de-barcelona\/#primaryimage"},"thumbnailUrl":"https:\/\/www.garciafaura.com\/wp-content\/uploads\/2021\/04\/Foto-Colonial-3.png","datePublished":"2021-04-30T08:44:51+00:00","dateModified":"2021-04-30T08:53:43+00:00","description":"Arquitectura en Alumini, Inox, Ferro i Vidre","breadcrumb":{"@id":"https:\/\/www.garciafaura.com\/fr\/tancaments-de-garcia-faura-per-a-ledifici-doficines-diagonal-532-de-barcelona\/#breadcrumb"},"inLanguage":"fr-FR","potentialAction":[{"@type":"ReadAction","target":["https:\/\/www.garciafaura.com\/fr\/tancaments-de-garcia-faura-per-a-ledifici-doficines-diagonal-532-de-barcelona\/"]}]},{"@type":"ImageObject","inLanguage":"fr-FR","@id":"https:\/\/www.garciafaura.com\/fr\/tancaments-de-garcia-faura-per-a-ledifici-doficines-diagonal-532-de-barcelona\/#primaryimage","url":"https:\/\/www.garciafaura.com\/wp-content\/uploads\/2021\/04\/Foto-Colonial-3.png","contentUrl":"https:\/\/www.garciafaura.com\/wp-content\/uploads\/2021\/04\/Foto-Colonial-3.png","width":4070,"height":2456},{"@type":"BreadcrumbList","@id":"https:\/\/www.garciafaura.com\/fr\/tancaments-de-garcia-faura-per-a-ledifici-doficines-diagonal-532-de-barcelona\/#breadcrumb","itemListElement":[{"@type":"ListItem","position":1,"name":"Inici","item":"https:\/\/www.garciafaura.com\/fr\/"},{"@type":"ListItem","position":2,"name":"Fa\u00e7ade GARCIA FAURA pour l&rsquo;immeuble de bureaux Diagonal 532 \u00e0 Barcelone"}]},{"@type":"WebSite","@id":"https:\/\/www.garciafaura.com\/fr\/#website","url":"https:\/\/www.garciafaura.com\/fr\/","name":"GARCIA FAURA","description":"Arquitectura en Alumini, Inox, Ferro i Vidre","publisher":{"@id":"https:\/\/www.garciafaura.com\/fr\/#organization"},"potentialAction":[{"@type":"SearchAction","target":{"@type":"EntryPoint","urlTemplate":"https:\/\/www.garciafaura.com\/fr\/?s={search_term_string}"},"query-input":{"@type":"PropertyValueSpecification","valueRequired":true,"valueName":"search_term_string"}}],"inLanguage":"fr-FR"},{"@type":"Organization","@id":"https:\/\/www.garciafaura.com\/fr\/#organization","name":"GARCIA FAURA","url":"https:\/\/www.garciafaura.com\/fr\/","logo":{"@type":"ImageObject","inLanguage":"fr-FR","@id":"https:\/\/www.garciafaura.com\/fr\/#\/schema\/logo\/image\/","url":"https:\/\/www.garciafaura.com\/wp-content\/uploads\/2018\/09\/Garcia-Faura.png","contentUrl":"https:\/\/www.garciafaura.com\/wp-content\/uploads\/2018\/09\/Garcia-Faura.png","width":512,"height":512,"caption":"GARCIA FAURA"},"image":{"@id":"https:\/\/www.garciafaura.com\/fr\/#\/schema\/logo\/image\/"},"sameAs":["https:\/\/www.youtube.com\/user\/GARCIAFAURA"]},{"@type":"Person","@id":"https:\/\/www.garciafaura.com\/fr\/#\/schema\/person\/b4b75e69b33fac3446071909bec106b0","name":"David Achell","image":{"@type":"ImageObject","inLanguage":"fr-FR","@id":"https:\/\/www.garciafaura.com\/fr\/#\/schema\/person\/image\/","url":"https:\/\/secure.gravatar.com\/avatar\/03900210afc1f61bce737bcb4a79c02e2c997f171e3eca839b5a4cbe03846c90?s=96&d=blank&r=g","contentUrl":"https:\/\/secure.gravatar.com\/avatar\/03900210afc1f61bce737bcb4a79c02e2c997f171e3eca839b5a4cbe03846c90?s=96&d=blank&r=g","caption":"David Achell"}}]}},"_links":{"self":[{"href":"https:\/\/www.garciafaura.com\/fr\/wp-json\/wp\/v2\/posts\/27471","targetHints":{"allow":["GET"]}}],"collection":[{"href":"https:\/\/www.garciafaura.com\/fr\/wp-json\/wp\/v2\/posts"}],"about":[{"href":"https:\/\/www.garciafaura.com\/fr\/wp-json\/wp\/v2\/types\/post"}],"author":[{"embeddable":true,"href":"https:\/\/www.garciafaura.com\/fr\/wp-json\/wp\/v2\/users\/3"}],"replies":[{"embeddable":true,"href":"https:\/\/www.garciafaura.com\/fr\/wp-json\/wp\/v2\/comments?post=27471"}],"version-history":[{"count":3,"href":"https:\/\/www.garciafaura.com\/fr\/wp-json\/wp\/v2\/posts\/27471\/revisions"}],"predecessor-version":[{"id":27484,"href":"https:\/\/www.garciafaura.com\/fr\/wp-json\/wp\/v2\/posts\/27471\/revisions\/27484"}],"wp:featuredmedia":[{"embeddable":true,"href":"https:\/\/www.garciafaura.com\/fr\/wp-json\/wp\/v2\/media\/27459"}],"wp:attachment":[{"href":"https:\/\/www.garciafaura.com\/fr\/wp-json\/wp\/v2\/media?parent=27471"}],"wp:term":[{"taxonomy":"category","embeddable":true,"href":"https:\/\/www.garciafaura.com\/fr\/wp-json\/wp\/v2\/categories?post=27471"},{"taxonomy":"post_tag","embeddable":true,"href":"https:\/\/www.garciafaura.com\/fr\/wp-json\/wp\/v2\/tags?post=27471"},{"taxonomy":"post_series","embeddable":true,"href":"https:\/\/www.garciafaura.com\/fr\/wp-json\/wp\/v2\/post_series?post=27471"}],"curies":[{"name":"wp","href":"https:\/\/api.w.org\/{rel}","templated":true}]}}