{"id":27407,"date":"2021-04-15T12:02:51","date_gmt":"2021-04-15T10:02:51","guid":{"rendered":"https:\/\/www.garciafaura.com\/garcia-faura-interve-en-el-futur-complex-doficines-mes-sostenible-de-barcelona\/"},"modified":"2021-04-15T12:21:36","modified_gmt":"2021-04-15T10:21:36","slug":"garcia-faura-interve-en-el-futur-complex-doficines-mes-sostenible-de-barcelona","status":"publish","type":"post","link":"https:\/\/www.garciafaura.com\/fr\/garcia-faura-interve-en-el-futur-complex-doficines-mes-sostenible-de-barcelona\/","title":{"rendered":"GARCIA FAURA intervient dans le futur complexe de bureaux le plus durable de Barcelone"},"content":{"rendered":"<p style=\"text-align: justify;\"><span style=\"font-family: 'Open Sans';\"><strong>Au 22@, le quartier technologique de Barcelone qui veut \u00eatre un p\u00f4le d&rsquo;attraction d&rsquo;affaires, le Smart Building est en cours de construction, le complexe de bureaux appel\u00e9 \u00e0 \u00eatre le plus durable de la capitale de la Catalogne, une r\u00e9f\u00e9rence en mati\u00e8re de durabilit\u00e9 et d&rsquo;efficacit\u00e9 \u00e9nerg\u00e9tique. Et en cela, l&rsquo;intervention de GARCIA FAURA sera cl\u00e9.<\/strong><\/span><\/p>\n<p style=\"text-align: justify;\">Les deux b\u00e2timents qui composeront le <strong>complexe Smart<\/strong> sont en cours de construction sur une superficie de 25.000 m\u00e8tres carr\u00e9s: l&rsquo;un d&rsquo;eux de 12 \u00e9tages et l&rsquo;autre de 9. <strong>GARCIA FAURA<\/strong> construira 8.900 m\u00e8tres carr\u00e9s de mur-rideau de type Stick et 1.100 m\u00e8tres carr\u00e9s de ch\u00e2ssis en aluminium de diff\u00e9rentes typologies.<\/p>\n<p style=\"text-align: justify;\">En plus, l&rsquo;entreprise r\u00e9alisera \u00e9galement une intervention technique dans les rev\u00eatements et finitions d\u2019hautes performances tels que 7.200 m\u00e8tres carr\u00e9s de rev\u00eatements c\u00e9ramiques (bardages, baguettes, lamelles&#8230;), 1.000 m\u00e8tres carr\u00e9s de vitrage photovolta\u00efque et 500 m\u00e8tres carr\u00e9s de rev\u00eatement type Euronit.<\/p>\n<p style=\"text-align: justify;\">Tout cela doit aider <strong>Smart<\/strong> \u00e0 prouver sa durabilit\u00e9 avec le <strong>certificat LEED 4<\/strong>, un sceau g\u00e9r\u00e9 par une entit\u00e9 am\u00e9ricaine qui promeut des valeurs d&rsquo;efficacit\u00e9 \u00e9nerg\u00e9tique dans la construction telles que l&rsquo;\u00e9conomie d&rsquo;\u00e9nergie, la gestion des d\u00e9chets ou les mat\u00e9riaux utilis\u00e9s, entre autres.<\/p>\n<p style=\"text-align: justify;\">En ce sens, <strong>Smart<\/strong> devrait atteindre 10% de r\u00e9duction des \u00e9missions de CO<sub>2<\/sub> ou de production d&rsquo;\u00e9nergie gr\u00e2ce \u00e0 la capture de la lumi\u00e8re solaire \u00e0 travers les fen\u00eatres. Elle souhaite \u00e9galement atteindre 75% de gestion durable des d\u00e9chets, 32% d&rsquo;\u00e9conomie d&rsquo;\u00e9nergie et 45% de consommation d&rsquo;eau.<\/p>\n<h3 style=\"text-align: justify;\"><strong>Confort pour les personnes utilisant un complexe intelligent<\/strong><\/h3>\n<p style=\"text-align: justify;\">Une autre certification qui vise \u00e0 r\u00e9aliser le complexe est le <strong>Well Platinum<\/strong> de la sant\u00e9 et du confort des personnes utilisant les b\u00e2timents <strong>Smart<\/strong>. L\u2019organisme \u00e9value des aspects tels que la qualit\u00e9 de l&rsquo;eau, l&rsquo;\u00e9clairage ou les filtres du syst\u00e8me de ventilation.<\/p>\n<p style=\"text-align: justify;\">Comme si cela ne suffisait pas, le complexe sera connect\u00e9 \u00e0 <a href=\"http:\/\/www.districlima.com\/en\" target=\"_blank\" rel=\"noopener\"><strong>Districlima<\/strong><\/a>, un r\u00e9seau urbain de production de chauffage, de climatisation et d&rsquo;eau chaude sanitaire \u00e0 partir de la vapeur du bilan \u00e9nerg\u00e9tique des d\u00e9chets.<\/p>\n<p style=\"text-align: justify;\">Enfin, il convient de noter que Smart sera deux b\u00e2timents intelligents. Autrement dit, via une application mobile, vous pouvez r\u00e9server une place de parking, une salle pour des conf\u00e9rences ou des r\u00e9unions, ou entrer dans les bureaux, entre autres actions.<\/p>\n","protected":false},"excerpt":{"rendered":"<p>Au 22@, le quartier technologique de Barcelone qui veut \u00eatre un p\u00f4le d&rsquo;attraction d&rsquo;affaires, le Smart Building est en cours de construction, le complexe de bureaux appel\u00e9 \u00e0 \u00eatre le plus durable de la capitale de la Catalogne, une r\u00e9f\u00e9rence&hellip;<\/p>\n","protected":false},"author":3,"featured_media":27402,"comment_status":"closed","ping_status":"open","sticky":false,"template":"","format":"standard","meta":{"footnotes":""},"categories":[2],"tags":[],"post_series":[],"class_list":["post-27407","post","type-post","status-publish","format-standard","has-post-thumbnail","hentry","category-actualite","entry","has-media"],"yoast_head":"<!-- This site is optimized with the Yoast SEO plugin v26.7 - https:\/\/yoast.com\/wordpress\/plugins\/seo\/ -->\n<title>GARCIA FAURA intervient dans le futur complexe de bureaux le plus durable de Barcelone - GARCIA FAURA<\/title>\n<meta name=\"description\" content=\"Arquitectura en Alumini, Inox, Ferro i Vidre\" \/>\n<meta name=\"robots\" content=\"index, follow, max-snippet:-1, max-image-preview:large, max-video-preview:-1\" \/>\n<link rel=\"canonical\" href=\"https:\/\/www.garciafaura.com\/fr\/garcia-faura-interve-en-el-futur-complex-doficines-mes-sostenible-de-barcelona\/\" \/>\n<meta property=\"og:locale\" content=\"fr_FR\" \/>\n<meta property=\"og:type\" content=\"article\" \/>\n<meta property=\"og:title\" content=\"GARCIA FAURA intervient dans le futur complexe de bureaux le plus durable de Barcelone - GARCIA FAURA\" \/>\n<meta property=\"og:description\" content=\"Arquitectura en Alumini, Inox, Ferro i Vidre\" \/>\n<meta property=\"og:url\" content=\"https:\/\/www.garciafaura.com\/fr\/garcia-faura-interve-en-el-futur-complex-doficines-mes-sostenible-de-barcelona\/\" \/>\n<meta property=\"og:site_name\" content=\"GARCIA FAURA\" \/>\n<meta property=\"article:published_time\" content=\"2021-04-15T10:02:51+00:00\" \/>\n<meta property=\"article:modified_time\" content=\"2021-04-15T10:21:36+00:00\" \/>\n<meta property=\"og:image\" content=\"https:\/\/www.garciafaura.com\/wp-content\/uploads\/2021\/04\/Edifici-Smart.jpg\" \/>\n\t<meta property=\"og:image:width\" content=\"1920\" \/>\n\t<meta property=\"og:image:height\" content=\"1080\" \/>\n\t<meta property=\"og:image:type\" content=\"image\/jpeg\" \/>\n<meta name=\"author\" content=\"David Achell\" \/>\n<meta name=\"twitter:card\" content=\"summary_large_image\" \/>\n<meta name=\"twitter:label1\" content=\"\u00c9crit par\" \/>\n\t<meta name=\"twitter:data1\" content=\"David Achell\" \/>\n\t<meta name=\"twitter:label2\" content=\"Dur\u00e9e de lecture estim\u00e9e\" \/>\n\t<meta name=\"twitter:data2\" content=\"2 minutes\" \/>\n<script type=\"application\/ld+json\" class=\"yoast-schema-graph\">{\"@context\":\"https:\/\/schema.org\",\"@graph\":[{\"@type\":\"Article\",\"@id\":\"https:\/\/www.garciafaura.com\/fr\/garcia-faura-interve-en-el-futur-complex-doficines-mes-sostenible-de-barcelona\/#article\",\"isPartOf\":{\"@id\":\"https:\/\/www.garciafaura.com\/fr\/garcia-faura-interve-en-el-futur-complex-doficines-mes-sostenible-de-barcelona\/\"},\"author\":{\"name\":\"David Achell\",\"@id\":\"https:\/\/www.garciafaura.com\/fr\/#\/schema\/person\/b4b75e69b33fac3446071909bec106b0\"},\"headline\":\"GARCIA FAURA intervient dans le futur complexe de bureaux le plus durable de Barcelone\",\"datePublished\":\"2021-04-15T10:02:51+00:00\",\"dateModified\":\"2021-04-15T10:21:36+00:00\",\"mainEntityOfPage\":{\"@id\":\"https:\/\/www.garciafaura.com\/fr\/garcia-faura-interve-en-el-futur-complex-doficines-mes-sostenible-de-barcelona\/\"},\"wordCount\":424,\"publisher\":{\"@id\":\"https:\/\/www.garciafaura.com\/fr\/#organization\"},\"image\":{\"@id\":\"https:\/\/www.garciafaura.com\/fr\/garcia-faura-interve-en-el-futur-complex-doficines-mes-sostenible-de-barcelona\/#primaryimage\"},\"thumbnailUrl\":\"https:\/\/www.garciafaura.com\/wp-content\/uploads\/2021\/04\/Edifici-Smart.jpg\",\"articleSection\":[\"Actualit\u00e9\"],\"inLanguage\":\"fr-FR\"},{\"@type\":\"WebPage\",\"@id\":\"https:\/\/www.garciafaura.com\/fr\/garcia-faura-interve-en-el-futur-complex-doficines-mes-sostenible-de-barcelona\/\",\"url\":\"https:\/\/www.garciafaura.com\/fr\/garcia-faura-interve-en-el-futur-complex-doficines-mes-sostenible-de-barcelona\/\",\"name\":\"GARCIA FAURA intervient dans le futur complexe de bureaux le plus durable de Barcelone - GARCIA FAURA\",\"isPartOf\":{\"@id\":\"https:\/\/www.garciafaura.com\/fr\/#website\"},\"primaryImageOfPage\":{\"@id\":\"https:\/\/www.garciafaura.com\/fr\/garcia-faura-interve-en-el-futur-complex-doficines-mes-sostenible-de-barcelona\/#primaryimage\"},\"image\":{\"@id\":\"https:\/\/www.garciafaura.com\/fr\/garcia-faura-interve-en-el-futur-complex-doficines-mes-sostenible-de-barcelona\/#primaryimage\"},\"thumbnailUrl\":\"https:\/\/www.garciafaura.com\/wp-content\/uploads\/2021\/04\/Edifici-Smart.jpg\",\"datePublished\":\"2021-04-15T10:02:51+00:00\",\"dateModified\":\"2021-04-15T10:21:36+00:00\",\"description\":\"Arquitectura en Alumini, Inox, Ferro i Vidre\",\"breadcrumb\":{\"@id\":\"https:\/\/www.garciafaura.com\/fr\/garcia-faura-interve-en-el-futur-complex-doficines-mes-sostenible-de-barcelona\/#breadcrumb\"},\"inLanguage\":\"fr-FR\",\"potentialAction\":[{\"@type\":\"ReadAction\",\"target\":[\"https:\/\/www.garciafaura.com\/fr\/garcia-faura-interve-en-el-futur-complex-doficines-mes-sostenible-de-barcelona\/\"]}]},{\"@type\":\"ImageObject\",\"inLanguage\":\"fr-FR\",\"@id\":\"https:\/\/www.garciafaura.com\/fr\/garcia-faura-interve-en-el-futur-complex-doficines-mes-sostenible-de-barcelona\/#primaryimage\",\"url\":\"https:\/\/www.garciafaura.com\/wp-content\/uploads\/2021\/04\/Edifici-Smart.jpg\",\"contentUrl\":\"https:\/\/www.garciafaura.com\/wp-content\/uploads\/2021\/04\/Edifici-Smart.jpg\",\"width\":1920,\"height\":1080},{\"@type\":\"BreadcrumbList\",\"@id\":\"https:\/\/www.garciafaura.com\/fr\/garcia-faura-interve-en-el-futur-complex-doficines-mes-sostenible-de-barcelona\/#breadcrumb\",\"itemListElement\":[{\"@type\":\"ListItem\",\"position\":1,\"name\":\"Inici\",\"item\":\"https:\/\/www.garciafaura.com\/fr\/\"},{\"@type\":\"ListItem\",\"position\":2,\"name\":\"GARCIA FAURA intervient dans le futur complexe de bureaux le plus durable de Barcelone\"}]},{\"@type\":\"WebSite\",\"@id\":\"https:\/\/www.garciafaura.com\/fr\/#website\",\"url\":\"https:\/\/www.garciafaura.com\/fr\/\",\"name\":\"GARCIA FAURA\",\"description\":\"Arquitectura en Alumini, Inox, Ferro i Vidre\",\"publisher\":{\"@id\":\"https:\/\/www.garciafaura.com\/fr\/#organization\"},\"potentialAction\":[{\"@type\":\"SearchAction\",\"target\":{\"@type\":\"EntryPoint\",\"urlTemplate\":\"https:\/\/www.garciafaura.com\/fr\/?s={search_term_string}\"},\"query-input\":{\"@type\":\"PropertyValueSpecification\",\"valueRequired\":true,\"valueName\":\"search_term_string\"}}],\"inLanguage\":\"fr-FR\"},{\"@type\":\"Organization\",\"@id\":\"https:\/\/www.garciafaura.com\/fr\/#organization\",\"name\":\"GARCIA FAURA\",\"url\":\"https:\/\/www.garciafaura.com\/fr\/\",\"logo\":{\"@type\":\"ImageObject\",\"inLanguage\":\"fr-FR\",\"@id\":\"https:\/\/www.garciafaura.com\/fr\/#\/schema\/logo\/image\/\",\"url\":\"https:\/\/www.garciafaura.com\/wp-content\/uploads\/2018\/09\/Garcia-Faura.png\",\"contentUrl\":\"https:\/\/www.garciafaura.com\/wp-content\/uploads\/2018\/09\/Garcia-Faura.png\",\"width\":512,\"height\":512,\"caption\":\"GARCIA FAURA\"},\"image\":{\"@id\":\"https:\/\/www.garciafaura.com\/fr\/#\/schema\/logo\/image\/\"},\"sameAs\":[\"https:\/\/www.youtube.com\/user\/GARCIAFAURA\"]},{\"@type\":\"Person\",\"@id\":\"https:\/\/www.garciafaura.com\/fr\/#\/schema\/person\/b4b75e69b33fac3446071909bec106b0\",\"name\":\"David Achell\",\"image\":{\"@type\":\"ImageObject\",\"inLanguage\":\"fr-FR\",\"@id\":\"https:\/\/www.garciafaura.com\/fr\/#\/schema\/person\/image\/\",\"url\":\"https:\/\/secure.gravatar.com\/avatar\/03900210afc1f61bce737bcb4a79c02e2c997f171e3eca839b5a4cbe03846c90?s=96&d=blank&r=g\",\"contentUrl\":\"https:\/\/secure.gravatar.com\/avatar\/03900210afc1f61bce737bcb4a79c02e2c997f171e3eca839b5a4cbe03846c90?s=96&d=blank&r=g\",\"caption\":\"David Achell\"}}]}<\/script>\n<!-- \/ Yoast SEO plugin. -->","yoast_head_json":{"title":"GARCIA FAURA intervient dans le futur complexe de bureaux le plus durable de Barcelone - GARCIA FAURA","description":"Arquitectura en Alumini, Inox, Ferro i Vidre","robots":{"index":"index","follow":"follow","max-snippet":"max-snippet:-1","max-image-preview":"max-image-preview:large","max-video-preview":"max-video-preview:-1"},"canonical":"https:\/\/www.garciafaura.com\/fr\/garcia-faura-interve-en-el-futur-complex-doficines-mes-sostenible-de-barcelona\/","og_locale":"fr_FR","og_type":"article","og_title":"GARCIA FAURA intervient dans le futur complexe de bureaux le plus durable de Barcelone - GARCIA FAURA","og_description":"Arquitectura en Alumini, Inox, Ferro i Vidre","og_url":"https:\/\/www.garciafaura.com\/fr\/garcia-faura-interve-en-el-futur-complex-doficines-mes-sostenible-de-barcelona\/","og_site_name":"GARCIA FAURA","article_published_time":"2021-04-15T10:02:51+00:00","article_modified_time":"2021-04-15T10:21:36+00:00","og_image":[{"width":1920,"height":1080,"url":"https:\/\/www.garciafaura.com\/wp-content\/uploads\/2021\/04\/Edifici-Smart.jpg","type":"image\/jpeg"}],"author":"David Achell","twitter_card":"summary_large_image","twitter_misc":{"\u00c9crit par":"David Achell","Dur\u00e9e de lecture estim\u00e9e":"2 minutes"},"schema":{"@context":"https:\/\/schema.org","@graph":[{"@type":"Article","@id":"https:\/\/www.garciafaura.com\/fr\/garcia-faura-interve-en-el-futur-complex-doficines-mes-sostenible-de-barcelona\/#article","isPartOf":{"@id":"https:\/\/www.garciafaura.com\/fr\/garcia-faura-interve-en-el-futur-complex-doficines-mes-sostenible-de-barcelona\/"},"author":{"name":"David Achell","@id":"https:\/\/www.garciafaura.com\/fr\/#\/schema\/person\/b4b75e69b33fac3446071909bec106b0"},"headline":"GARCIA FAURA intervient dans le futur complexe de bureaux le plus durable de Barcelone","datePublished":"2021-04-15T10:02:51+00:00","dateModified":"2021-04-15T10:21:36+00:00","mainEntityOfPage":{"@id":"https:\/\/www.garciafaura.com\/fr\/garcia-faura-interve-en-el-futur-complex-doficines-mes-sostenible-de-barcelona\/"},"wordCount":424,"publisher":{"@id":"https:\/\/www.garciafaura.com\/fr\/#organization"},"image":{"@id":"https:\/\/www.garciafaura.com\/fr\/garcia-faura-interve-en-el-futur-complex-doficines-mes-sostenible-de-barcelona\/#primaryimage"},"thumbnailUrl":"https:\/\/www.garciafaura.com\/wp-content\/uploads\/2021\/04\/Edifici-Smart.jpg","articleSection":["Actualit\u00e9"],"inLanguage":"fr-FR"},{"@type":"WebPage","@id":"https:\/\/www.garciafaura.com\/fr\/garcia-faura-interve-en-el-futur-complex-doficines-mes-sostenible-de-barcelona\/","url":"https:\/\/www.garciafaura.com\/fr\/garcia-faura-interve-en-el-futur-complex-doficines-mes-sostenible-de-barcelona\/","name":"GARCIA FAURA intervient dans le futur complexe de bureaux le plus durable de Barcelone - GARCIA FAURA","isPartOf":{"@id":"https:\/\/www.garciafaura.com\/fr\/#website"},"primaryImageOfPage":{"@id":"https:\/\/www.garciafaura.com\/fr\/garcia-faura-interve-en-el-futur-complex-doficines-mes-sostenible-de-barcelona\/#primaryimage"},"image":{"@id":"https:\/\/www.garciafaura.com\/fr\/garcia-faura-interve-en-el-futur-complex-doficines-mes-sostenible-de-barcelona\/#primaryimage"},"thumbnailUrl":"https:\/\/www.garciafaura.com\/wp-content\/uploads\/2021\/04\/Edifici-Smart.jpg","datePublished":"2021-04-15T10:02:51+00:00","dateModified":"2021-04-15T10:21:36+00:00","description":"Arquitectura en Alumini, Inox, Ferro i Vidre","breadcrumb":{"@id":"https:\/\/www.garciafaura.com\/fr\/garcia-faura-interve-en-el-futur-complex-doficines-mes-sostenible-de-barcelona\/#breadcrumb"},"inLanguage":"fr-FR","potentialAction":[{"@type":"ReadAction","target":["https:\/\/www.garciafaura.com\/fr\/garcia-faura-interve-en-el-futur-complex-doficines-mes-sostenible-de-barcelona\/"]}]},{"@type":"ImageObject","inLanguage":"fr-FR","@id":"https:\/\/www.garciafaura.com\/fr\/garcia-faura-interve-en-el-futur-complex-doficines-mes-sostenible-de-barcelona\/#primaryimage","url":"https:\/\/www.garciafaura.com\/wp-content\/uploads\/2021\/04\/Edifici-Smart.jpg","contentUrl":"https:\/\/www.garciafaura.com\/wp-content\/uploads\/2021\/04\/Edifici-Smart.jpg","width":1920,"height":1080},{"@type":"BreadcrumbList","@id":"https:\/\/www.garciafaura.com\/fr\/garcia-faura-interve-en-el-futur-complex-doficines-mes-sostenible-de-barcelona\/#breadcrumb","itemListElement":[{"@type":"ListItem","position":1,"name":"Inici","item":"https:\/\/www.garciafaura.com\/fr\/"},{"@type":"ListItem","position":2,"name":"GARCIA FAURA intervient dans le futur complexe de bureaux le plus durable de Barcelone"}]},{"@type":"WebSite","@id":"https:\/\/www.garciafaura.com\/fr\/#website","url":"https:\/\/www.garciafaura.com\/fr\/","name":"GARCIA FAURA","description":"Arquitectura en Alumini, Inox, Ferro i Vidre","publisher":{"@id":"https:\/\/www.garciafaura.com\/fr\/#organization"},"potentialAction":[{"@type":"SearchAction","target":{"@type":"EntryPoint","urlTemplate":"https:\/\/www.garciafaura.com\/fr\/?s={search_term_string}"},"query-input":{"@type":"PropertyValueSpecification","valueRequired":true,"valueName":"search_term_string"}}],"inLanguage":"fr-FR"},{"@type":"Organization","@id":"https:\/\/www.garciafaura.com\/fr\/#organization","name":"GARCIA FAURA","url":"https:\/\/www.garciafaura.com\/fr\/","logo":{"@type":"ImageObject","inLanguage":"fr-FR","@id":"https:\/\/www.garciafaura.com\/fr\/#\/schema\/logo\/image\/","url":"https:\/\/www.garciafaura.com\/wp-content\/uploads\/2018\/09\/Garcia-Faura.png","contentUrl":"https:\/\/www.garciafaura.com\/wp-content\/uploads\/2018\/09\/Garcia-Faura.png","width":512,"height":512,"caption":"GARCIA FAURA"},"image":{"@id":"https:\/\/www.garciafaura.com\/fr\/#\/schema\/logo\/image\/"},"sameAs":["https:\/\/www.youtube.com\/user\/GARCIAFAURA"]},{"@type":"Person","@id":"https:\/\/www.garciafaura.com\/fr\/#\/schema\/person\/b4b75e69b33fac3446071909bec106b0","name":"David Achell","image":{"@type":"ImageObject","inLanguage":"fr-FR","@id":"https:\/\/www.garciafaura.com\/fr\/#\/schema\/person\/image\/","url":"https:\/\/secure.gravatar.com\/avatar\/03900210afc1f61bce737bcb4a79c02e2c997f171e3eca839b5a4cbe03846c90?s=96&d=blank&r=g","contentUrl":"https:\/\/secure.gravatar.com\/avatar\/03900210afc1f61bce737bcb4a79c02e2c997f171e3eca839b5a4cbe03846c90?s=96&d=blank&r=g","caption":"David Achell"}}]}},"_links":{"self":[{"href":"https:\/\/www.garciafaura.com\/fr\/wp-json\/wp\/v2\/posts\/27407","targetHints":{"allow":["GET"]}}],"collection":[{"href":"https:\/\/www.garciafaura.com\/fr\/wp-json\/wp\/v2\/posts"}],"about":[{"href":"https:\/\/www.garciafaura.com\/fr\/wp-json\/wp\/v2\/types\/post"}],"author":[{"embeddable":true,"href":"https:\/\/www.garciafaura.com\/fr\/wp-json\/wp\/v2\/users\/3"}],"replies":[{"embeddable":true,"href":"https:\/\/www.garciafaura.com\/fr\/wp-json\/wp\/v2\/comments?post=27407"}],"version-history":[{"count":8,"href":"https:\/\/www.garciafaura.com\/fr\/wp-json\/wp\/v2\/posts\/27407\/revisions"}],"predecessor-version":[{"id":27432,"href":"https:\/\/www.garciafaura.com\/fr\/wp-json\/wp\/v2\/posts\/27407\/revisions\/27432"}],"wp:featuredmedia":[{"embeddable":true,"href":"https:\/\/www.garciafaura.com\/fr\/wp-json\/wp\/v2\/media\/27402"}],"wp:attachment":[{"href":"https:\/\/www.garciafaura.com\/fr\/wp-json\/wp\/v2\/media?parent=27407"}],"wp:term":[{"taxonomy":"category","embeddable":true,"href":"https:\/\/www.garciafaura.com\/fr\/wp-json\/wp\/v2\/categories?post=27407"},{"taxonomy":"post_tag","embeddable":true,"href":"https:\/\/www.garciafaura.com\/fr\/wp-json\/wp\/v2\/tags?post=27407"},{"taxonomy":"post_series","embeddable":true,"href":"https:\/\/www.garciafaura.com\/fr\/wp-json\/wp\/v2\/post_series?post=27407"}],"curies":[{"name":"wp","href":"https:\/\/api.w.org\/{rel}","templated":true}]}}