{"id":26882,"date":"2021-03-18T16:45:14","date_gmt":"2021-03-18T14:45:14","guid":{"rendered":"https:\/\/www.garciafaura.com\/garcia-faura-una-trajectoria-forjada-a-foc\/"},"modified":"2021-03-18T16:55:01","modified_gmt":"2021-03-18T14:55:01","slug":"garcia-faura-una-trajectoria-forjada-a-foc","status":"publish","type":"post","link":"https:\/\/www.garciafaura.com\/fr\/garcia-faura-una-trajectoria-forjada-a-foc\/","title":{"rendered":"GARCIA FAURA: une trajectoire forg\u00e9e par le feu"},"content":{"rendered":"<p><strong>Les origines de GARCIA FAURA sont dans le fer. Et bien que la production d&rsquo;aluminium occupe actuellement la majeure partie du chiffre d&rsquo;affaires de l&rsquo;entreprise, le fer est toujours tr\u00e8s pr\u00e9sent dans l&rsquo;entreprise, avec sa propre division de production et la valeur ajout\u00e9e apport\u00e9e par le bureau technique et l&rsquo;exp\u00e9rience de techniciens hautement qualifi\u00e9s.<\/strong><\/p>\n<p style=\"text-align: justify;\"><strong>GARCIA FAURA<\/strong> est bien plus qu\u2019aluminium. L&rsquo;entreprise, qui a plus de 130 ans d&rsquo;histoire, a commenc\u00e9 par le travail du fer, notamment dans la fabrication et le placement de fers \u00e0 cheval dans la cavalerie. Peu \u00e0 peu, comme les coups de marteau sur l&rsquo;enclume, le travail \u00e9volue vers la serrurerie et travaille avec des portes, des barreaux et des fen\u00eatres. Jusqu&rsquo;\u00e0 l&rsquo;arriv\u00e9e de l&rsquo;aluminium.<\/p>\n<p style=\"text-align: justify;\">L&rsquo;aluminium a grandement simplifi\u00e9 le travail des serruriers en \u00e9tant un syst\u00e8me pr\u00e9con\u00e7u qui ne n\u00e9cessitait qu&rsquo;un assemblage. Ainsi, l&rsquo;architecture \u00e9voluait \u00e9galement et adoptait ce mat\u00e9riau pour les menuiseries, et aujourd\u2019hui la plupart des projets pr\u00e9f\u00e8rent l&rsquo;aluminium et le verre.<\/p>\n<p style=\"text-align: justify;\">Mais le fer est toujours bien vivant \u00e0 <strong>GARCIA FAURA<\/strong>, avec une division sp\u00e9cialis\u00e9e qui dispose d&rsquo;une usine de 2000 m\u00e8tres carr\u00e9s o\u00f9 le fer et l&rsquo;acier inoxydable sont travaill\u00e9s avec les machines les plus modernes et des techniciens hautement qualifi\u00e9s qui donnent \u00e0 l&rsquo;entreprise une valeur ajout\u00e9e qui n&rsquo;est pas \u00e0 la port\u00e9e de tous les serruriers traditionnels.<\/p>\n<p style=\"text-align: justify;\">Et c&rsquo;est que la division du fer et de l&rsquo;acier de <strong>GARCIA FAURA<\/strong> dispose, entre autres machines, de trois scies de coupe ou une de double disque uniquement pour des profils de fen\u00eatre avec une grande pr\u00e9cision qui facilite beaucoup le processus de soudage. De plus, gr\u00e2ce aux \u00e9tudes et analyses du Bureau Technique de l&rsquo;entreprise, les produits finis peuvent avoir les avantages de la r\u00e9sistance au vent, au soleil, \u00e0 la pluie et au feu.<\/p>\n<p style=\"text-align: justify;\">C&rsquo;est cette connaissance de <strong>GARCIA FAURA<\/strong> qui a fait de l&rsquo;entreprise une r\u00e9f\u00e9rence dans le secteur dans ce mat\u00e9riau, au point d&rsquo;avoir \u00e9t\u00e9 choisie, par exemple, pour la construction de quatre prisons en Espagne ou des bureaux de justice de Paris avec des profil\u00e9s en fer, de hautes performances, qui obtiennent toute la garantie de qualit\u00e9 n\u00e9cessaire.<\/p>\n","protected":false},"excerpt":{"rendered":"<p>Les origines de GARCIA FAURA sont dans le fer. Et bien que la production d&rsquo;aluminium occupe actuellement la majeure partie du chiffre d&rsquo;affaires de l&rsquo;entreprise, le fer est toujours tr\u00e8s pr\u00e9sent dans l&rsquo;entreprise, avec sa propre division de production et&hellip;<\/p>\n","protected":false},"author":3,"featured_media":26869,"comment_status":"closed","ping_status":"open","sticky":false,"template":"","format":"gallery","meta":{"footnotes":""},"categories":[2],"tags":[],"post_series":[],"class_list":["post-26882","post","type-post","status-publish","format-gallery","has-post-thumbnail","hentry","category-actualite","post_format-post-format-gallery","entry","has-media"],"yoast_head":"<!-- This site is optimized with the Yoast SEO plugin v26.7 - https:\/\/yoast.com\/wordpress\/plugins\/seo\/ -->\n<title>GARCIA FAURA: une trajectoire forg\u00e9e par le feu - GARCIA FAURA<\/title>\n<meta name=\"description\" content=\"Arquitectura en Alumini, Inox, Ferro i Vidre\" \/>\n<meta name=\"robots\" content=\"index, follow, max-snippet:-1, max-image-preview:large, max-video-preview:-1\" \/>\n<link rel=\"canonical\" href=\"https:\/\/www.garciafaura.com\/fr\/garcia-faura-una-trajectoria-forjada-a-foc\/\" \/>\n<meta property=\"og:locale\" content=\"fr_FR\" \/>\n<meta property=\"og:type\" content=\"article\" \/>\n<meta property=\"og:title\" content=\"GARCIA FAURA: une trajectoire forg\u00e9e par le feu - GARCIA FAURA\" \/>\n<meta property=\"og:description\" content=\"Arquitectura en Alumini, Inox, Ferro i Vidre\" \/>\n<meta property=\"og:url\" content=\"https:\/\/www.garciafaura.com\/fr\/garcia-faura-una-trajectoria-forjada-a-foc\/\" \/>\n<meta property=\"og:site_name\" content=\"GARCIA FAURA\" \/>\n<meta property=\"article:published_time\" content=\"2021-03-18T14:45:14+00:00\" \/>\n<meta property=\"article:modified_time\" content=\"2021-03-18T14:55:01+00:00\" \/>\n<meta property=\"og:image\" content=\"https:\/\/www.garciafaura.com\/wp-content\/uploads\/2021\/03\/DSC00210-1024x683.jpg\" \/>\n\t<meta property=\"og:image:width\" content=\"1024\" \/>\n\t<meta property=\"og:image:height\" content=\"683\" \/>\n\t<meta property=\"og:image:type\" content=\"image\/jpeg\" \/>\n<meta name=\"author\" content=\"David Achell\" \/>\n<meta name=\"twitter:card\" content=\"summary_large_image\" \/>\n<meta name=\"twitter:label1\" content=\"\u00c9crit par\" \/>\n\t<meta name=\"twitter:data1\" content=\"David Achell\" \/>\n\t<meta name=\"twitter:label2\" content=\"Dur\u00e9e de lecture estim\u00e9e\" \/>\n\t<meta name=\"twitter:data2\" content=\"2 minutes\" \/>\n<script type=\"application\/ld+json\" class=\"yoast-schema-graph\">{\"@context\":\"https:\/\/schema.org\",\"@graph\":[{\"@type\":\"Article\",\"@id\":\"https:\/\/www.garciafaura.com\/fr\/garcia-faura-una-trajectoria-forjada-a-foc\/#article\",\"isPartOf\":{\"@id\":\"https:\/\/www.garciafaura.com\/fr\/garcia-faura-una-trajectoria-forjada-a-foc\/\"},\"author\":{\"name\":\"David Achell\",\"@id\":\"https:\/\/www.garciafaura.com\/fr\/#\/schema\/person\/b4b75e69b33fac3446071909bec106b0\"},\"headline\":\"GARCIA FAURA: une trajectoire forg\u00e9e par le feu\",\"datePublished\":\"2021-03-18T14:45:14+00:00\",\"dateModified\":\"2021-03-18T14:55:01+00:00\",\"mainEntityOfPage\":{\"@id\":\"https:\/\/www.garciafaura.com\/fr\/garcia-faura-una-trajectoria-forjada-a-foc\/\"},\"wordCount\":410,\"publisher\":{\"@id\":\"https:\/\/www.garciafaura.com\/fr\/#organization\"},\"image\":{\"@id\":\"https:\/\/www.garciafaura.com\/fr\/garcia-faura-una-trajectoria-forjada-a-foc\/#primaryimage\"},\"thumbnailUrl\":\"https:\/\/www.garciafaura.com\/wp-content\/uploads\/2021\/03\/DSC00210.jpg\",\"articleSection\":[\"Actualit\u00e9\"],\"inLanguage\":\"fr-FR\"},{\"@type\":\"WebPage\",\"@id\":\"https:\/\/www.garciafaura.com\/fr\/garcia-faura-una-trajectoria-forjada-a-foc\/\",\"url\":\"https:\/\/www.garciafaura.com\/fr\/garcia-faura-una-trajectoria-forjada-a-foc\/\",\"name\":\"GARCIA FAURA: une trajectoire forg\u00e9e par le feu - GARCIA FAURA\",\"isPartOf\":{\"@id\":\"https:\/\/www.garciafaura.com\/fr\/#website\"},\"primaryImageOfPage\":{\"@id\":\"https:\/\/www.garciafaura.com\/fr\/garcia-faura-una-trajectoria-forjada-a-foc\/#primaryimage\"},\"image\":{\"@id\":\"https:\/\/www.garciafaura.com\/fr\/garcia-faura-una-trajectoria-forjada-a-foc\/#primaryimage\"},\"thumbnailUrl\":\"https:\/\/www.garciafaura.com\/wp-content\/uploads\/2021\/03\/DSC00210.jpg\",\"datePublished\":\"2021-03-18T14:45:14+00:00\",\"dateModified\":\"2021-03-18T14:55:01+00:00\",\"description\":\"Arquitectura en Alumini, Inox, Ferro i Vidre\",\"breadcrumb\":{\"@id\":\"https:\/\/www.garciafaura.com\/fr\/garcia-faura-una-trajectoria-forjada-a-foc\/#breadcrumb\"},\"inLanguage\":\"fr-FR\",\"potentialAction\":[{\"@type\":\"ReadAction\",\"target\":[\"https:\/\/www.garciafaura.com\/fr\/garcia-faura-una-trajectoria-forjada-a-foc\/\"]}]},{\"@type\":\"ImageObject\",\"inLanguage\":\"fr-FR\",\"@id\":\"https:\/\/www.garciafaura.com\/fr\/garcia-faura-una-trajectoria-forjada-a-foc\/#primaryimage\",\"url\":\"https:\/\/www.garciafaura.com\/wp-content\/uploads\/2021\/03\/DSC00210.jpg\",\"contentUrl\":\"https:\/\/www.garciafaura.com\/wp-content\/uploads\/2021\/03\/DSC00210.jpg\",\"width\":6000,\"height\":4000},{\"@type\":\"BreadcrumbList\",\"@id\":\"https:\/\/www.garciafaura.com\/fr\/garcia-faura-una-trajectoria-forjada-a-foc\/#breadcrumb\",\"itemListElement\":[{\"@type\":\"ListItem\",\"position\":1,\"name\":\"Inici\",\"item\":\"https:\/\/www.garciafaura.com\/fr\/\"},{\"@type\":\"ListItem\",\"position\":2,\"name\":\"GARCIA FAURA: une trajectoire forg\u00e9e par le feu\"}]},{\"@type\":\"WebSite\",\"@id\":\"https:\/\/www.garciafaura.com\/fr\/#website\",\"url\":\"https:\/\/www.garciafaura.com\/fr\/\",\"name\":\"GARCIA FAURA\",\"description\":\"Arquitectura en Alumini, Inox, Ferro i Vidre\",\"publisher\":{\"@id\":\"https:\/\/www.garciafaura.com\/fr\/#organization\"},\"potentialAction\":[{\"@type\":\"SearchAction\",\"target\":{\"@type\":\"EntryPoint\",\"urlTemplate\":\"https:\/\/www.garciafaura.com\/fr\/?s={search_term_string}\"},\"query-input\":{\"@type\":\"PropertyValueSpecification\",\"valueRequired\":true,\"valueName\":\"search_term_string\"}}],\"inLanguage\":\"fr-FR\"},{\"@type\":\"Organization\",\"@id\":\"https:\/\/www.garciafaura.com\/fr\/#organization\",\"name\":\"GARCIA FAURA\",\"url\":\"https:\/\/www.garciafaura.com\/fr\/\",\"logo\":{\"@type\":\"ImageObject\",\"inLanguage\":\"fr-FR\",\"@id\":\"https:\/\/www.garciafaura.com\/fr\/#\/schema\/logo\/image\/\",\"url\":\"https:\/\/www.garciafaura.com\/wp-content\/uploads\/2018\/09\/Garcia-Faura.png\",\"contentUrl\":\"https:\/\/www.garciafaura.com\/wp-content\/uploads\/2018\/09\/Garcia-Faura.png\",\"width\":512,\"height\":512,\"caption\":\"GARCIA FAURA\"},\"image\":{\"@id\":\"https:\/\/www.garciafaura.com\/fr\/#\/schema\/logo\/image\/\"},\"sameAs\":[\"https:\/\/www.youtube.com\/user\/GARCIAFAURA\"]},{\"@type\":\"Person\",\"@id\":\"https:\/\/www.garciafaura.com\/fr\/#\/schema\/person\/b4b75e69b33fac3446071909bec106b0\",\"name\":\"David Achell\",\"image\":{\"@type\":\"ImageObject\",\"inLanguage\":\"fr-FR\",\"@id\":\"https:\/\/www.garciafaura.com\/fr\/#\/schema\/person\/image\/\",\"url\":\"https:\/\/secure.gravatar.com\/avatar\/03900210afc1f61bce737bcb4a79c02e2c997f171e3eca839b5a4cbe03846c90?s=96&d=blank&r=g\",\"contentUrl\":\"https:\/\/secure.gravatar.com\/avatar\/03900210afc1f61bce737bcb4a79c02e2c997f171e3eca839b5a4cbe03846c90?s=96&d=blank&r=g\",\"caption\":\"David Achell\"}}]}<\/script>\n<!-- \/ Yoast SEO plugin. -->","yoast_head_json":{"title":"GARCIA FAURA: une trajectoire forg\u00e9e par le feu - GARCIA FAURA","description":"Arquitectura en Alumini, Inox, Ferro i Vidre","robots":{"index":"index","follow":"follow","max-snippet":"max-snippet:-1","max-image-preview":"max-image-preview:large","max-video-preview":"max-video-preview:-1"},"canonical":"https:\/\/www.garciafaura.com\/fr\/garcia-faura-una-trajectoria-forjada-a-foc\/","og_locale":"fr_FR","og_type":"article","og_title":"GARCIA FAURA: une trajectoire forg\u00e9e par le feu - GARCIA FAURA","og_description":"Arquitectura en Alumini, Inox, Ferro i Vidre","og_url":"https:\/\/www.garciafaura.com\/fr\/garcia-faura-una-trajectoria-forjada-a-foc\/","og_site_name":"GARCIA FAURA","article_published_time":"2021-03-18T14:45:14+00:00","article_modified_time":"2021-03-18T14:55:01+00:00","og_image":[{"width":1024,"height":683,"url":"https:\/\/www.garciafaura.com\/wp-content\/uploads\/2021\/03\/DSC00210-1024x683.jpg","type":"image\/jpeg"}],"author":"David Achell","twitter_card":"summary_large_image","twitter_misc":{"\u00c9crit par":"David Achell","Dur\u00e9e de lecture estim\u00e9e":"2 minutes"},"schema":{"@context":"https:\/\/schema.org","@graph":[{"@type":"Article","@id":"https:\/\/www.garciafaura.com\/fr\/garcia-faura-una-trajectoria-forjada-a-foc\/#article","isPartOf":{"@id":"https:\/\/www.garciafaura.com\/fr\/garcia-faura-una-trajectoria-forjada-a-foc\/"},"author":{"name":"David Achell","@id":"https:\/\/www.garciafaura.com\/fr\/#\/schema\/person\/b4b75e69b33fac3446071909bec106b0"},"headline":"GARCIA FAURA: une trajectoire forg\u00e9e par le feu","datePublished":"2021-03-18T14:45:14+00:00","dateModified":"2021-03-18T14:55:01+00:00","mainEntityOfPage":{"@id":"https:\/\/www.garciafaura.com\/fr\/garcia-faura-una-trajectoria-forjada-a-foc\/"},"wordCount":410,"publisher":{"@id":"https:\/\/www.garciafaura.com\/fr\/#organization"},"image":{"@id":"https:\/\/www.garciafaura.com\/fr\/garcia-faura-una-trajectoria-forjada-a-foc\/#primaryimage"},"thumbnailUrl":"https:\/\/www.garciafaura.com\/wp-content\/uploads\/2021\/03\/DSC00210.jpg","articleSection":["Actualit\u00e9"],"inLanguage":"fr-FR"},{"@type":"WebPage","@id":"https:\/\/www.garciafaura.com\/fr\/garcia-faura-una-trajectoria-forjada-a-foc\/","url":"https:\/\/www.garciafaura.com\/fr\/garcia-faura-una-trajectoria-forjada-a-foc\/","name":"GARCIA FAURA: une trajectoire forg\u00e9e par le feu - GARCIA FAURA","isPartOf":{"@id":"https:\/\/www.garciafaura.com\/fr\/#website"},"primaryImageOfPage":{"@id":"https:\/\/www.garciafaura.com\/fr\/garcia-faura-una-trajectoria-forjada-a-foc\/#primaryimage"},"image":{"@id":"https:\/\/www.garciafaura.com\/fr\/garcia-faura-una-trajectoria-forjada-a-foc\/#primaryimage"},"thumbnailUrl":"https:\/\/www.garciafaura.com\/wp-content\/uploads\/2021\/03\/DSC00210.jpg","datePublished":"2021-03-18T14:45:14+00:00","dateModified":"2021-03-18T14:55:01+00:00","description":"Arquitectura en Alumini, Inox, Ferro i Vidre","breadcrumb":{"@id":"https:\/\/www.garciafaura.com\/fr\/garcia-faura-una-trajectoria-forjada-a-foc\/#breadcrumb"},"inLanguage":"fr-FR","potentialAction":[{"@type":"ReadAction","target":["https:\/\/www.garciafaura.com\/fr\/garcia-faura-una-trajectoria-forjada-a-foc\/"]}]},{"@type":"ImageObject","inLanguage":"fr-FR","@id":"https:\/\/www.garciafaura.com\/fr\/garcia-faura-una-trajectoria-forjada-a-foc\/#primaryimage","url":"https:\/\/www.garciafaura.com\/wp-content\/uploads\/2021\/03\/DSC00210.jpg","contentUrl":"https:\/\/www.garciafaura.com\/wp-content\/uploads\/2021\/03\/DSC00210.jpg","width":6000,"height":4000},{"@type":"BreadcrumbList","@id":"https:\/\/www.garciafaura.com\/fr\/garcia-faura-una-trajectoria-forjada-a-foc\/#breadcrumb","itemListElement":[{"@type":"ListItem","position":1,"name":"Inici","item":"https:\/\/www.garciafaura.com\/fr\/"},{"@type":"ListItem","position":2,"name":"GARCIA FAURA: une trajectoire forg\u00e9e par le feu"}]},{"@type":"WebSite","@id":"https:\/\/www.garciafaura.com\/fr\/#website","url":"https:\/\/www.garciafaura.com\/fr\/","name":"GARCIA FAURA","description":"Arquitectura en Alumini, Inox, Ferro i Vidre","publisher":{"@id":"https:\/\/www.garciafaura.com\/fr\/#organization"},"potentialAction":[{"@type":"SearchAction","target":{"@type":"EntryPoint","urlTemplate":"https:\/\/www.garciafaura.com\/fr\/?s={search_term_string}"},"query-input":{"@type":"PropertyValueSpecification","valueRequired":true,"valueName":"search_term_string"}}],"inLanguage":"fr-FR"},{"@type":"Organization","@id":"https:\/\/www.garciafaura.com\/fr\/#organization","name":"GARCIA FAURA","url":"https:\/\/www.garciafaura.com\/fr\/","logo":{"@type":"ImageObject","inLanguage":"fr-FR","@id":"https:\/\/www.garciafaura.com\/fr\/#\/schema\/logo\/image\/","url":"https:\/\/www.garciafaura.com\/wp-content\/uploads\/2018\/09\/Garcia-Faura.png","contentUrl":"https:\/\/www.garciafaura.com\/wp-content\/uploads\/2018\/09\/Garcia-Faura.png","width":512,"height":512,"caption":"GARCIA FAURA"},"image":{"@id":"https:\/\/www.garciafaura.com\/fr\/#\/schema\/logo\/image\/"},"sameAs":["https:\/\/www.youtube.com\/user\/GARCIAFAURA"]},{"@type":"Person","@id":"https:\/\/www.garciafaura.com\/fr\/#\/schema\/person\/b4b75e69b33fac3446071909bec106b0","name":"David Achell","image":{"@type":"ImageObject","inLanguage":"fr-FR","@id":"https:\/\/www.garciafaura.com\/fr\/#\/schema\/person\/image\/","url":"https:\/\/secure.gravatar.com\/avatar\/03900210afc1f61bce737bcb4a79c02e2c997f171e3eca839b5a4cbe03846c90?s=96&d=blank&r=g","contentUrl":"https:\/\/secure.gravatar.com\/avatar\/03900210afc1f61bce737bcb4a79c02e2c997f171e3eca839b5a4cbe03846c90?s=96&d=blank&r=g","caption":"David Achell"}}]}},"_links":{"self":[{"href":"https:\/\/www.garciafaura.com\/fr\/wp-json\/wp\/v2\/posts\/26882","targetHints":{"allow":["GET"]}}],"collection":[{"href":"https:\/\/www.garciafaura.com\/fr\/wp-json\/wp\/v2\/posts"}],"about":[{"href":"https:\/\/www.garciafaura.com\/fr\/wp-json\/wp\/v2\/types\/post"}],"author":[{"embeddable":true,"href":"https:\/\/www.garciafaura.com\/fr\/wp-json\/wp\/v2\/users\/3"}],"replies":[{"embeddable":true,"href":"https:\/\/www.garciafaura.com\/fr\/wp-json\/wp\/v2\/comments?post=26882"}],"version-history":[{"count":2,"href":"https:\/\/www.garciafaura.com\/fr\/wp-json\/wp\/v2\/posts\/26882\/revisions"}],"predecessor-version":[{"id":26897,"href":"https:\/\/www.garciafaura.com\/fr\/wp-json\/wp\/v2\/posts\/26882\/revisions\/26897"}],"wp:featuredmedia":[{"embeddable":true,"href":"https:\/\/www.garciafaura.com\/fr\/wp-json\/wp\/v2\/media\/26869"}],"wp:attachment":[{"href":"https:\/\/www.garciafaura.com\/fr\/wp-json\/wp\/v2\/media?parent=26882"}],"wp:term":[{"taxonomy":"category","embeddable":true,"href":"https:\/\/www.garciafaura.com\/fr\/wp-json\/wp\/v2\/categories?post=26882"},{"taxonomy":"post_tag","embeddable":true,"href":"https:\/\/www.garciafaura.com\/fr\/wp-json\/wp\/v2\/tags?post=26882"},{"taxonomy":"post_series","embeddable":true,"href":"https:\/\/www.garciafaura.com\/fr\/wp-json\/wp\/v2\/post_series?post=26882"}],"curies":[{"name":"wp","href":"https:\/\/api.w.org\/{rel}","templated":true}]}}