{"id":26835,"date":"2021-02-23T12:00:14","date_gmt":"2021-02-23T10:00:14","guid":{"rendered":"https:\/\/www.garciafaura.com\/?p=26835"},"modified":"2021-02-22T14:49:10","modified_gmt":"2021-02-22T12:49:10","slug":"especialitzacio-tecnica-al-servei-dels-projectes-constructius","status":"publish","type":"post","link":"https:\/\/www.garciafaura.com\/fr\/especialitzacio-tecnica-al-servei-dels-projectes-constructius\/","title":{"rendered":"Sp\u00e9cialisation technique au service des projets de construction"},"content":{"rendered":"<h3><strong>GARCIA FAURA dispose d&rsquo;un Bureau Technique de haute sp\u00e9cialisation dans le monde des fa\u00e7ades et l\u2019enveloppe du b\u00e2timent de grande importance dans son secteur. Une cinquantaine d&rsquo;architectes, d&rsquo;ing\u00e9nieurs et de techniciens veillent \u00e0 ce que les projets auxquels l&rsquo;entreprise participe soient de la plus haute qualit\u00e9 et fiabilit\u00e9.<\/strong><\/h3>\n<p style=\"text-align: justify;\"><strong>GARCIA FAURA<\/strong> s&rsquo;est engag\u00e9 depuis plus de 30 ans \u00e0 avoir son propre Bureau Technique qui grandira et se sp\u00e9cialisera au rythme de sa propre entreprise. Trois d\u00e9cennies plus tard, l&rsquo;entreprise dispose d&rsquo;une des \u00e9quipes techniques les plus sp\u00e9cialis\u00e9es dans le domaine des fa\u00e7ades en aluminium, vitrage et acier. Un fait qui lui a permis d&rsquo;avoir une proc\u00e9dure de travail qui int\u00e8gre l&rsquo;\u00e9tude technique de tout projet d\u00e8s sa phase initiale. Et, en plus, le faire avec des ressources propres qui permettent d&rsquo;avoir une vision strat\u00e9gique et sa pleine int\u00e9gration dans le reste des proc\u00e9dures propres de tout projet constructif.<\/p>\n<p style=\"text-align: justify;\">Gr\u00e2ce \u00e0 ce travail patient et complexe, une \u00e9quipe de professionnels enti\u00e8rement sp\u00e9cialis\u00e9s dans les fa\u00e7ades, de r\u00e9f\u00e9rence dans le secteur, et qui participent \u00e0 des projets d\u00e9j\u00e0 sign\u00e9s, mais qui sont \u00e9galement n\u00e9cessaires \u00e0 l&rsquo;\u00e9tude pr\u00e9alable de solutions constructives, soit par des studios d&rsquo;architecture ou des entreprises g\u00e9n\u00e9rales.<\/p>\n<p style=\"text-align: justify;\">Ce r\u00f4le de r\u00e9f\u00e9rence pour le secteur du <strong>Bureau Technique de GARCIA FAURA<\/strong> permet \u00e0 l&rsquo;entreprise, non d\u00e9j\u00e0 d&rsquo;analyser en d\u00e9tail le projet, mais d&rsquo;entrer dans ses entrailles, d&rsquo;\u00e9tudier ses forces et faiblesses et de proposer des solutions ou des produits qui permettent d&rsquo;augmenter la qualit\u00e9 ou pour r\u00e9duire les co\u00fbts du projet.<\/p>\n<p style=\"text-align: justify;\"><strong>Travail transversal entre tous les domaines de l&rsquo;entreprise<\/strong><\/p>\n<p style=\"text-align: justify;\">Une fois que la phase de d\u00e9veloppement de tout projet auquel l&rsquo;entreprise participe a commenc\u00e9, le <strong>Bureau Technique GARCIA FAURA<\/strong> non seulement \u00e9tablit les plans de fabrication ou d&rsquo;assemblage, mais se coordonne \u00e9galement avec les \u00e9quipes de production et d&rsquo;installation pour cr\u00e9er des \u00e9quipes de travail transversales permettant d&rsquo;int\u00e9grer tous les points de vue et connaissances.<\/p>\n<p style=\"text-align: justify;\">De cette mani\u00e8re, le d\u00e9veloppement d&rsquo;un projet devient, pour <strong>GARCIA FAURA<\/strong>, une t\u00e2che globale et transversale, impliquant tous les services techniques de l&rsquo;entreprise, avec une \u00e9quipe d&rsquo;ing\u00e9nieurs, d&rsquo;architectes, de chefs de projet et de techniciens travaillant ensemble, bureau, usine et installation, pour trouver la meilleure solution aux d\u00e9fis pos\u00e9s par tout projet.<\/p>\n","protected":false},"excerpt":{"rendered":"<p>GARCIA FAURA dispose d&rsquo;un Bureau Technique de haute sp\u00e9cialisation dans le monde des fa\u00e7ades et l\u2019enveloppe du b\u00e2timent de grande importance dans son secteur. Une cinquantaine d&rsquo;architectes, d&rsquo;ing\u00e9nieurs et de techniciens veillent \u00e0 ce que les projets auxquels l&rsquo;entreprise participe&hellip;<\/p>\n","protected":false},"author":3,"featured_media":26853,"comment_status":"closed","ping_status":"open","sticky":false,"template":"","format":"gallery","meta":{"footnotes":""},"categories":[2],"tags":[],"post_series":[],"class_list":["post-26835","post","type-post","status-publish","format-gallery","has-post-thumbnail","hentry","category-actualite","post_format-post-format-gallery","entry","has-media"],"yoast_head":"<!-- This site is optimized with the Yoast SEO plugin v26.7 - https:\/\/yoast.com\/wordpress\/plugins\/seo\/ -->\n<title>Sp\u00e9cialisation technique au service des projets de construction - GARCIA FAURA<\/title>\n<meta name=\"description\" content=\"Arquitectura en Alumini, Inox, Ferro i Vidre\" \/>\n<meta name=\"robots\" content=\"index, follow, max-snippet:-1, max-image-preview:large, max-video-preview:-1\" \/>\n<link rel=\"canonical\" href=\"https:\/\/www.garciafaura.com\/fr\/especialitzacio-tecnica-al-servei-dels-projectes-constructius\/\" \/>\n<meta property=\"og:locale\" content=\"fr_FR\" \/>\n<meta property=\"og:type\" content=\"article\" \/>\n<meta property=\"og:title\" content=\"Sp\u00e9cialisation technique au service des projets de construction - GARCIA FAURA\" \/>\n<meta property=\"og:description\" content=\"Arquitectura en Alumini, Inox, Ferro i Vidre\" \/>\n<meta property=\"og:url\" content=\"https:\/\/www.garciafaura.com\/fr\/especialitzacio-tecnica-al-servei-dels-projectes-constructius\/\" \/>\n<meta property=\"og:site_name\" content=\"GARCIA FAURA\" \/>\n<meta property=\"article:published_time\" content=\"2021-02-23T10:00:14+00:00\" \/>\n<meta property=\"og:image\" content=\"https:\/\/www.garciafaura.com\/wp-content\/uploads\/2021\/02\/Oficina-Tecnica-GC-02.jpg\" \/>\n\t<meta property=\"og:image:width\" content=\"2560\" \/>\n\t<meta property=\"og:image:height\" content=\"1440\" \/>\n\t<meta property=\"og:image:type\" content=\"image\/jpeg\" \/>\n<meta name=\"author\" content=\"David Achell\" \/>\n<meta name=\"twitter:card\" content=\"summary_large_image\" \/>\n<meta name=\"twitter:label1\" content=\"\u00c9crit par\" \/>\n\t<meta name=\"twitter:data1\" content=\"David Achell\" \/>\n\t<meta name=\"twitter:label2\" content=\"Dur\u00e9e de lecture estim\u00e9e\" \/>\n\t<meta name=\"twitter:data2\" content=\"2 minutes\" \/>\n<script type=\"application\/ld+json\" class=\"yoast-schema-graph\">{\"@context\":\"https:\/\/schema.org\",\"@graph\":[{\"@type\":\"Article\",\"@id\":\"https:\/\/www.garciafaura.com\/fr\/especialitzacio-tecnica-al-servei-dels-projectes-constructius\/#article\",\"isPartOf\":{\"@id\":\"https:\/\/www.garciafaura.com\/fr\/especialitzacio-tecnica-al-servei-dels-projectes-constructius\/\"},\"author\":{\"name\":\"David Achell\",\"@id\":\"https:\/\/www.garciafaura.com\/fr\/#\/schema\/person\/b4b75e69b33fac3446071909bec106b0\"},\"headline\":\"Sp\u00e9cialisation technique au service des projets de construction\",\"datePublished\":\"2021-02-23T10:00:14+00:00\",\"mainEntityOfPage\":{\"@id\":\"https:\/\/www.garciafaura.com\/fr\/especialitzacio-tecnica-al-servei-dels-projectes-constructius\/\"},\"wordCount\":439,\"publisher\":{\"@id\":\"https:\/\/www.garciafaura.com\/fr\/#organization\"},\"image\":{\"@id\":\"https:\/\/www.garciafaura.com\/fr\/especialitzacio-tecnica-al-servei-dels-projectes-constructius\/#primaryimage\"},\"thumbnailUrl\":\"https:\/\/www.garciafaura.com\/wp-content\/uploads\/2021\/02\/Oficina-Tecnica-GC-02.jpg\",\"articleSection\":[\"Actualit\u00e9\"],\"inLanguage\":\"fr-FR\"},{\"@type\":\"WebPage\",\"@id\":\"https:\/\/www.garciafaura.com\/fr\/especialitzacio-tecnica-al-servei-dels-projectes-constructius\/\",\"url\":\"https:\/\/www.garciafaura.com\/fr\/especialitzacio-tecnica-al-servei-dels-projectes-constructius\/\",\"name\":\"Sp\u00e9cialisation technique au service des projets de construction - GARCIA FAURA\",\"isPartOf\":{\"@id\":\"https:\/\/www.garciafaura.com\/fr\/#website\"},\"primaryImageOfPage\":{\"@id\":\"https:\/\/www.garciafaura.com\/fr\/especialitzacio-tecnica-al-servei-dels-projectes-constructius\/#primaryimage\"},\"image\":{\"@id\":\"https:\/\/www.garciafaura.com\/fr\/especialitzacio-tecnica-al-servei-dels-projectes-constructius\/#primaryimage\"},\"thumbnailUrl\":\"https:\/\/www.garciafaura.com\/wp-content\/uploads\/2021\/02\/Oficina-Tecnica-GC-02.jpg\",\"datePublished\":\"2021-02-23T10:00:14+00:00\",\"description\":\"Arquitectura en Alumini, Inox, Ferro i Vidre\",\"breadcrumb\":{\"@id\":\"https:\/\/www.garciafaura.com\/fr\/especialitzacio-tecnica-al-servei-dels-projectes-constructius\/#breadcrumb\"},\"inLanguage\":\"fr-FR\",\"potentialAction\":[{\"@type\":\"ReadAction\",\"target\":[\"https:\/\/www.garciafaura.com\/fr\/especialitzacio-tecnica-al-servei-dels-projectes-constructius\/\"]}]},{\"@type\":\"ImageObject\",\"inLanguage\":\"fr-FR\",\"@id\":\"https:\/\/www.garciafaura.com\/fr\/especialitzacio-tecnica-al-servei-dels-projectes-constructius\/#primaryimage\",\"url\":\"https:\/\/www.garciafaura.com\/wp-content\/uploads\/2021\/02\/Oficina-Tecnica-GC-02.jpg\",\"contentUrl\":\"https:\/\/www.garciafaura.com\/wp-content\/uploads\/2021\/02\/Oficina-Tecnica-GC-02.jpg\",\"width\":2560,\"height\":1440},{\"@type\":\"BreadcrumbList\",\"@id\":\"https:\/\/www.garciafaura.com\/fr\/especialitzacio-tecnica-al-servei-dels-projectes-constructius\/#breadcrumb\",\"itemListElement\":[{\"@type\":\"ListItem\",\"position\":1,\"name\":\"Inici\",\"item\":\"https:\/\/www.garciafaura.com\/fr\/\"},{\"@type\":\"ListItem\",\"position\":2,\"name\":\"Sp\u00e9cialisation technique au service des projets de construction\"}]},{\"@type\":\"WebSite\",\"@id\":\"https:\/\/www.garciafaura.com\/fr\/#website\",\"url\":\"https:\/\/www.garciafaura.com\/fr\/\",\"name\":\"GARCIA FAURA\",\"description\":\"Arquitectura en Alumini, Inox, Ferro i Vidre\",\"publisher\":{\"@id\":\"https:\/\/www.garciafaura.com\/fr\/#organization\"},\"potentialAction\":[{\"@type\":\"SearchAction\",\"target\":{\"@type\":\"EntryPoint\",\"urlTemplate\":\"https:\/\/www.garciafaura.com\/fr\/?s={search_term_string}\"},\"query-input\":{\"@type\":\"PropertyValueSpecification\",\"valueRequired\":true,\"valueName\":\"search_term_string\"}}],\"inLanguage\":\"fr-FR\"},{\"@type\":\"Organization\",\"@id\":\"https:\/\/www.garciafaura.com\/fr\/#organization\",\"name\":\"GARCIA FAURA\",\"url\":\"https:\/\/www.garciafaura.com\/fr\/\",\"logo\":{\"@type\":\"ImageObject\",\"inLanguage\":\"fr-FR\",\"@id\":\"https:\/\/www.garciafaura.com\/fr\/#\/schema\/logo\/image\/\",\"url\":\"https:\/\/www.garciafaura.com\/wp-content\/uploads\/2018\/09\/Garcia-Faura.png\",\"contentUrl\":\"https:\/\/www.garciafaura.com\/wp-content\/uploads\/2018\/09\/Garcia-Faura.png\",\"width\":512,\"height\":512,\"caption\":\"GARCIA FAURA\"},\"image\":{\"@id\":\"https:\/\/www.garciafaura.com\/fr\/#\/schema\/logo\/image\/\"},\"sameAs\":[\"https:\/\/www.youtube.com\/user\/GARCIAFAURA\"]},{\"@type\":\"Person\",\"@id\":\"https:\/\/www.garciafaura.com\/fr\/#\/schema\/person\/b4b75e69b33fac3446071909bec106b0\",\"name\":\"David Achell\",\"image\":{\"@type\":\"ImageObject\",\"inLanguage\":\"fr-FR\",\"@id\":\"https:\/\/www.garciafaura.com\/fr\/#\/schema\/person\/image\/\",\"url\":\"https:\/\/secure.gravatar.com\/avatar\/03900210afc1f61bce737bcb4a79c02e2c997f171e3eca839b5a4cbe03846c90?s=96&d=blank&r=g\",\"contentUrl\":\"https:\/\/secure.gravatar.com\/avatar\/03900210afc1f61bce737bcb4a79c02e2c997f171e3eca839b5a4cbe03846c90?s=96&d=blank&r=g\",\"caption\":\"David Achell\"}}]}<\/script>\n<!-- \/ Yoast SEO plugin. -->","yoast_head_json":{"title":"Sp\u00e9cialisation technique au service des projets de construction - GARCIA FAURA","description":"Arquitectura en Alumini, Inox, Ferro i Vidre","robots":{"index":"index","follow":"follow","max-snippet":"max-snippet:-1","max-image-preview":"max-image-preview:large","max-video-preview":"max-video-preview:-1"},"canonical":"https:\/\/www.garciafaura.com\/fr\/especialitzacio-tecnica-al-servei-dels-projectes-constructius\/","og_locale":"fr_FR","og_type":"article","og_title":"Sp\u00e9cialisation technique au service des projets de construction - GARCIA FAURA","og_description":"Arquitectura en Alumini, Inox, Ferro i Vidre","og_url":"https:\/\/www.garciafaura.com\/fr\/especialitzacio-tecnica-al-servei-dels-projectes-constructius\/","og_site_name":"GARCIA FAURA","article_published_time":"2021-02-23T10:00:14+00:00","og_image":[{"width":2560,"height":1440,"url":"https:\/\/www.garciafaura.com\/wp-content\/uploads\/2021\/02\/Oficina-Tecnica-GC-02.jpg","type":"image\/jpeg"}],"author":"David Achell","twitter_card":"summary_large_image","twitter_misc":{"\u00c9crit par":"David Achell","Dur\u00e9e de lecture estim\u00e9e":"2 minutes"},"schema":{"@context":"https:\/\/schema.org","@graph":[{"@type":"Article","@id":"https:\/\/www.garciafaura.com\/fr\/especialitzacio-tecnica-al-servei-dels-projectes-constructius\/#article","isPartOf":{"@id":"https:\/\/www.garciafaura.com\/fr\/especialitzacio-tecnica-al-servei-dels-projectes-constructius\/"},"author":{"name":"David Achell","@id":"https:\/\/www.garciafaura.com\/fr\/#\/schema\/person\/b4b75e69b33fac3446071909bec106b0"},"headline":"Sp\u00e9cialisation technique au service des projets de construction","datePublished":"2021-02-23T10:00:14+00:00","mainEntityOfPage":{"@id":"https:\/\/www.garciafaura.com\/fr\/especialitzacio-tecnica-al-servei-dels-projectes-constructius\/"},"wordCount":439,"publisher":{"@id":"https:\/\/www.garciafaura.com\/fr\/#organization"},"image":{"@id":"https:\/\/www.garciafaura.com\/fr\/especialitzacio-tecnica-al-servei-dels-projectes-constructius\/#primaryimage"},"thumbnailUrl":"https:\/\/www.garciafaura.com\/wp-content\/uploads\/2021\/02\/Oficina-Tecnica-GC-02.jpg","articleSection":["Actualit\u00e9"],"inLanguage":"fr-FR"},{"@type":"WebPage","@id":"https:\/\/www.garciafaura.com\/fr\/especialitzacio-tecnica-al-servei-dels-projectes-constructius\/","url":"https:\/\/www.garciafaura.com\/fr\/especialitzacio-tecnica-al-servei-dels-projectes-constructius\/","name":"Sp\u00e9cialisation technique au service des projets de construction - GARCIA FAURA","isPartOf":{"@id":"https:\/\/www.garciafaura.com\/fr\/#website"},"primaryImageOfPage":{"@id":"https:\/\/www.garciafaura.com\/fr\/especialitzacio-tecnica-al-servei-dels-projectes-constructius\/#primaryimage"},"image":{"@id":"https:\/\/www.garciafaura.com\/fr\/especialitzacio-tecnica-al-servei-dels-projectes-constructius\/#primaryimage"},"thumbnailUrl":"https:\/\/www.garciafaura.com\/wp-content\/uploads\/2021\/02\/Oficina-Tecnica-GC-02.jpg","datePublished":"2021-02-23T10:00:14+00:00","description":"Arquitectura en Alumini, Inox, Ferro i Vidre","breadcrumb":{"@id":"https:\/\/www.garciafaura.com\/fr\/especialitzacio-tecnica-al-servei-dels-projectes-constructius\/#breadcrumb"},"inLanguage":"fr-FR","potentialAction":[{"@type":"ReadAction","target":["https:\/\/www.garciafaura.com\/fr\/especialitzacio-tecnica-al-servei-dels-projectes-constructius\/"]}]},{"@type":"ImageObject","inLanguage":"fr-FR","@id":"https:\/\/www.garciafaura.com\/fr\/especialitzacio-tecnica-al-servei-dels-projectes-constructius\/#primaryimage","url":"https:\/\/www.garciafaura.com\/wp-content\/uploads\/2021\/02\/Oficina-Tecnica-GC-02.jpg","contentUrl":"https:\/\/www.garciafaura.com\/wp-content\/uploads\/2021\/02\/Oficina-Tecnica-GC-02.jpg","width":2560,"height":1440},{"@type":"BreadcrumbList","@id":"https:\/\/www.garciafaura.com\/fr\/especialitzacio-tecnica-al-servei-dels-projectes-constructius\/#breadcrumb","itemListElement":[{"@type":"ListItem","position":1,"name":"Inici","item":"https:\/\/www.garciafaura.com\/fr\/"},{"@type":"ListItem","position":2,"name":"Sp\u00e9cialisation technique au service des projets de construction"}]},{"@type":"WebSite","@id":"https:\/\/www.garciafaura.com\/fr\/#website","url":"https:\/\/www.garciafaura.com\/fr\/","name":"GARCIA FAURA","description":"Arquitectura en Alumini, Inox, Ferro i Vidre","publisher":{"@id":"https:\/\/www.garciafaura.com\/fr\/#organization"},"potentialAction":[{"@type":"SearchAction","target":{"@type":"EntryPoint","urlTemplate":"https:\/\/www.garciafaura.com\/fr\/?s={search_term_string}"},"query-input":{"@type":"PropertyValueSpecification","valueRequired":true,"valueName":"search_term_string"}}],"inLanguage":"fr-FR"},{"@type":"Organization","@id":"https:\/\/www.garciafaura.com\/fr\/#organization","name":"GARCIA FAURA","url":"https:\/\/www.garciafaura.com\/fr\/","logo":{"@type":"ImageObject","inLanguage":"fr-FR","@id":"https:\/\/www.garciafaura.com\/fr\/#\/schema\/logo\/image\/","url":"https:\/\/www.garciafaura.com\/wp-content\/uploads\/2018\/09\/Garcia-Faura.png","contentUrl":"https:\/\/www.garciafaura.com\/wp-content\/uploads\/2018\/09\/Garcia-Faura.png","width":512,"height":512,"caption":"GARCIA FAURA"},"image":{"@id":"https:\/\/www.garciafaura.com\/fr\/#\/schema\/logo\/image\/"},"sameAs":["https:\/\/www.youtube.com\/user\/GARCIAFAURA"]},{"@type":"Person","@id":"https:\/\/www.garciafaura.com\/fr\/#\/schema\/person\/b4b75e69b33fac3446071909bec106b0","name":"David Achell","image":{"@type":"ImageObject","inLanguage":"fr-FR","@id":"https:\/\/www.garciafaura.com\/fr\/#\/schema\/person\/image\/","url":"https:\/\/secure.gravatar.com\/avatar\/03900210afc1f61bce737bcb4a79c02e2c997f171e3eca839b5a4cbe03846c90?s=96&d=blank&r=g","contentUrl":"https:\/\/secure.gravatar.com\/avatar\/03900210afc1f61bce737bcb4a79c02e2c997f171e3eca839b5a4cbe03846c90?s=96&d=blank&r=g","caption":"David Achell"}}]}},"_links":{"self":[{"href":"https:\/\/www.garciafaura.com\/fr\/wp-json\/wp\/v2\/posts\/26835","targetHints":{"allow":["GET"]}}],"collection":[{"href":"https:\/\/www.garciafaura.com\/fr\/wp-json\/wp\/v2\/posts"}],"about":[{"href":"https:\/\/www.garciafaura.com\/fr\/wp-json\/wp\/v2\/types\/post"}],"author":[{"embeddable":true,"href":"https:\/\/www.garciafaura.com\/fr\/wp-json\/wp\/v2\/users\/3"}],"replies":[{"embeddable":true,"href":"https:\/\/www.garciafaura.com\/fr\/wp-json\/wp\/v2\/comments?post=26835"}],"version-history":[{"count":4,"href":"https:\/\/www.garciafaura.com\/fr\/wp-json\/wp\/v2\/posts\/26835\/revisions"}],"predecessor-version":[{"id":26861,"href":"https:\/\/www.garciafaura.com\/fr\/wp-json\/wp\/v2\/posts\/26835\/revisions\/26861"}],"wp:featuredmedia":[{"embeddable":true,"href":"https:\/\/www.garciafaura.com\/fr\/wp-json\/wp\/v2\/media\/26853"}],"wp:attachment":[{"href":"https:\/\/www.garciafaura.com\/fr\/wp-json\/wp\/v2\/media?parent=26835"}],"wp:term":[{"taxonomy":"category","embeddable":true,"href":"https:\/\/www.garciafaura.com\/fr\/wp-json\/wp\/v2\/categories?post=26835"},{"taxonomy":"post_tag","embeddable":true,"href":"https:\/\/www.garciafaura.com\/fr\/wp-json\/wp\/v2\/tags?post=26835"},{"taxonomy":"post_series","embeddable":true,"href":"https:\/\/www.garciafaura.com\/fr\/wp-json\/wp\/v2\/post_series?post=26835"}],"curies":[{"name":"wp","href":"https:\/\/api.w.org\/{rel}","templated":true}]}}