{"id":26813,"date":"2021-02-12T10:00:34","date_gmt":"2021-02-12T08:00:34","guid":{"rendered":"https:\/\/www.garciafaura.com\/?p=26813"},"modified":"2021-02-11T10:49:45","modified_gmt":"2021-02-11T08:49:45","slug":"lengagement-de-la-qualite-chez-garcia-faura","status":"publish","type":"post","link":"https:\/\/www.garciafaura.com\/fr\/lengagement-de-la-qualite-chez-garcia-faura\/","title":{"rendered":"L&rsquo;engagement de la qualit\u00e9 chez GARCIA FAURA"},"content":{"rendered":"<p><strong>La qualit\u00e9 est l&rsquo;un des axes plus importants de GARCIA FAURA. La qualit\u00e9 non seulement dans les produits finis, mais aussi dans les processus de fabrication et d&rsquo;installation internes que l&rsquo;entreprise effectue, ainsi que dans l&rsquo;exploitation et la gestion des diff\u00e9rents d\u00e9partements de l&rsquo;entreprise.<\/strong><\/p>\n<p style=\"text-align: justify;\">Atteindre les plus hauts niveaux de qualit\u00e9 dans la gestion et la production est une caract\u00e9ristique de <strong>GARCIA FAURA<\/strong> depuis que l&rsquo;entreprise a fait le saut sur le march\u00e9 national au d\u00e9but des ann\u00e9es 80 du XXe si\u00e8cle. L&rsquo;entreprise \u00e9tait, \u00e0 l&rsquo;\u00e9poque, l&rsquo;une des premi\u00e8res entreprises du secteur \u00e0 mettre en \u0153uvre et \u00e0 maintenir le certificat de qualit\u00e9 ISO 9001 dans ses processus internes. Ce fait a conduit \u00e0 la cr\u00e9ation d&rsquo;un D\u00e9partement Qualit\u00e9 qui, au fil des ann\u00e9es, s&rsquo;est professionnalis\u00e9 et s&rsquo;est d\u00e9velopp\u00e9, gagnant en demande et en rigueur.<\/p>\n<p style=\"text-align: justify;\">\u00c0 ce jour le D\u00e9partement de Qualit\u00e9 est compos\u00e9 par huit techniciens, qui travaillent de mani\u00e8re transversale avec d&rsquo;autres p\u00f4les de l&rsquo;entreprise, notamment le Bureau d\u2019\u00e9tudes, Production et Syst\u00e8mes Informatiques. En plus des ressources directes dont dispose le d\u00e9partement, une centaine de salari\u00e9s de l&rsquo;entreprise ont, parmi leurs fonctions, certaines t\u00e2ches li\u00e9es \u00e0 la r\u00e9alisation des proc\u00e9dures qualit\u00e9 \u00e9tablies dans les diff\u00e9rentes phases de conception et de production de l&rsquo;entreprise.<\/p>\n<p style=\"text-align: justify;\"><strong>Des proc\u00e9dures adapt\u00e9es \u00e0 chaque type de produit<\/strong><\/p>\n<p style=\"text-align: justify;\">Depuis plus d&rsquo;une d\u00e9cennie, <strong>GARCIA FAURA<\/strong> s&rsquo;est sp\u00e9cialis\u00e9e dans le d\u00e9veloppement de projets uniques, \u00e0 travers de la conception, la fabrication et l&rsquo;installation des fa\u00e7ades modulaires et des murs-rideaux. Afin de garantir la qualit\u00e9 maximale de ces travaux d\u00e8s le d\u00e9but, l&rsquo;entreprise met en place une nouvelle proc\u00e9dure transversale de gestion de la qualit\u00e9. Cela permettra d&rsquo;effectuer, une \u00e9tude technique avec la participation des diff\u00e9rents services o\u00f9 sont d\u00e9finis d&rsquo;\u00e9ventuels points critiques qui devront \u00eatre ma\u00eetris\u00e9s tout au long du processus, \u00e0 la fois en usine et sur chantier.<\/p>\n<p style=\"text-align: justify;\">Une fois ces points critiques d\u00e9finis, les techniciens qualit\u00e9 seront en charge de pr\u00e9parer les proc\u00e9dures n\u00e9cessaires et de les mettre en \u0153uvre \u00e0 la fois en usine et dans l&rsquo;installation, avec des contr\u00f4les permettant d&rsquo;assurer le respect permanent de toutes les proc\u00e9dures.<\/p>\n<p style=\"text-align: justify;\">En ce qui concerne la ligne de production des menuiseries, une partie importante de la qualit\u00e9 de ces produits est d\u00e9j\u00e0 assur\u00e9e par la fiabilit\u00e9 des syst\u00e8mes standardis\u00e9s propos\u00e9s par nos fournisseurs, avec des gammes d\u00e9j\u00e0 test\u00e9es et des proc\u00e9dures de surveillance d\u00e9finies en standard. Cependant, en usine, des contr\u00f4les qualit\u00e9 sont suivis tout au long de la cha\u00eene de montage, de mani\u00e8re informatis\u00e9e \u00e0 l&rsquo;aide de tablettes qui nous permettent de r\u00e9aliser les contr\u00f4les correspondants et d&rsquo;assurer le respect de tous les points \u00e0 v\u00e9rifier.<\/p>\n<p style=\"text-align: justify;\">A la fin des lignes de production, en outre, des \u00e9chantillons des produits fabriqu\u00e9s sont pr\u00e9lev\u00e9s pour v\u00e9rifier leur bon fonctionnement. V\u00e9rifications et contr\u00f4les qui se r\u00e9p\u00e8tent une fois sur chantier et avec les produits d\u00e9j\u00e0 install\u00e9s.<\/p>\n<p style=\"text-align: justify;\">Avec tout cela, <strong>GARCIA FAURA<\/strong> vise \u00e0 continuer \u00e0 faire de la qualit\u00e9 sa marque de fabrique, et \u00e0 la maintenir comme une caract\u00e9ristique distinctive de l&rsquo;entreprise, devenant l&rsquo;un des points les plus appr\u00e9ci\u00e9s par ses clients au fil des ans.<\/p>\n","protected":false},"excerpt":{"rendered":"<p>La qualit\u00e9 est l&rsquo;un des axes plus importants de GARCIA FAURA. La qualit\u00e9 non seulement dans les produits finis, mais aussi dans les processus de fabrication et d&rsquo;installation internes que l&rsquo;entreprise effectue, ainsi que dans l&rsquo;exploitation et la gestion des&hellip;<\/p>\n","protected":false},"author":3,"featured_media":26821,"comment_status":"closed","ping_status":"open","sticky":false,"template":"","format":"gallery","meta":{"footnotes":""},"categories":[2],"tags":[],"post_series":[],"class_list":["post-26813","post","type-post","status-publish","format-gallery","has-post-thumbnail","hentry","category-actualite","post_format-post-format-gallery","entry","has-media"],"yoast_head":"<!-- This site is optimized with the Yoast SEO plugin v26.7 - https:\/\/yoast.com\/wordpress\/plugins\/seo\/ -->\n<title>L&#039;engagement de la qualit\u00e9 chez GARCIA FAURA - GARCIA FAURA<\/title>\n<meta name=\"description\" content=\"Arquitectura en Alumini, Inox, Ferro i Vidre\" \/>\n<meta name=\"robots\" content=\"index, follow, max-snippet:-1, max-image-preview:large, max-video-preview:-1\" \/>\n<link rel=\"canonical\" href=\"https:\/\/www.garciafaura.com\/fr\/lengagement-de-la-qualite-chez-garcia-faura\/\" \/>\n<meta property=\"og:locale\" content=\"fr_FR\" \/>\n<meta property=\"og:type\" content=\"article\" \/>\n<meta property=\"og:title\" content=\"L&#039;engagement de la qualit\u00e9 chez GARCIA FAURA - GARCIA FAURA\" \/>\n<meta property=\"og:description\" content=\"Arquitectura en Alumini, Inox, Ferro i Vidre\" \/>\n<meta property=\"og:url\" content=\"https:\/\/www.garciafaura.com\/fr\/lengagement-de-la-qualite-chez-garcia-faura\/\" \/>\n<meta property=\"og:site_name\" content=\"GARCIA FAURA\" \/>\n<meta property=\"article:published_time\" content=\"2021-02-12T08:00:34+00:00\" \/>\n<meta property=\"og:image\" content=\"https:\/\/www.garciafaura.com\/wp-content\/uploads\/2021\/02\/Proces-Qualitat-01.jpg\" \/>\n\t<meta property=\"og:image:width\" content=\"2560\" \/>\n\t<meta property=\"og:image:height\" content=\"1440\" \/>\n\t<meta property=\"og:image:type\" content=\"image\/jpeg\" \/>\n<meta name=\"author\" content=\"David Achell\" \/>\n<meta name=\"twitter:card\" content=\"summary_large_image\" \/>\n<meta name=\"twitter:label1\" content=\"\u00c9crit par\" \/>\n\t<meta name=\"twitter:data1\" content=\"David Achell\" \/>\n\t<meta name=\"twitter:label2\" content=\"Dur\u00e9e de lecture estim\u00e9e\" \/>\n\t<meta name=\"twitter:data2\" content=\"3 minutes\" \/>\n<script type=\"application\/ld+json\" class=\"yoast-schema-graph\">{\"@context\":\"https:\/\/schema.org\",\"@graph\":[{\"@type\":\"Article\",\"@id\":\"https:\/\/www.garciafaura.com\/fr\/lengagement-de-la-qualite-chez-garcia-faura\/#article\",\"isPartOf\":{\"@id\":\"https:\/\/www.garciafaura.com\/fr\/lengagement-de-la-qualite-chez-garcia-faura\/\"},\"author\":{\"name\":\"David Achell\",\"@id\":\"https:\/\/www.garciafaura.com\/fr\/#\/schema\/person\/b4b75e69b33fac3446071909bec106b0\"},\"headline\":\"L&rsquo;engagement de la qualit\u00e9 chez GARCIA FAURA\",\"datePublished\":\"2021-02-12T08:00:34+00:00\",\"mainEntityOfPage\":{\"@id\":\"https:\/\/www.garciafaura.com\/fr\/lengagement-de-la-qualite-chez-garcia-faura\/\"},\"wordCount\":600,\"publisher\":{\"@id\":\"https:\/\/www.garciafaura.com\/fr\/#organization\"},\"image\":{\"@id\":\"https:\/\/www.garciafaura.com\/fr\/lengagement-de-la-qualite-chez-garcia-faura\/#primaryimage\"},\"thumbnailUrl\":\"https:\/\/www.garciafaura.com\/wp-content\/uploads\/2021\/02\/Proces-Qualitat-01.jpg\",\"articleSection\":[\"Actualit\u00e9\"],\"inLanguage\":\"fr-FR\"},{\"@type\":\"WebPage\",\"@id\":\"https:\/\/www.garciafaura.com\/fr\/lengagement-de-la-qualite-chez-garcia-faura\/\",\"url\":\"https:\/\/www.garciafaura.com\/fr\/lengagement-de-la-qualite-chez-garcia-faura\/\",\"name\":\"L'engagement de la qualit\u00e9 chez GARCIA FAURA - GARCIA FAURA\",\"isPartOf\":{\"@id\":\"https:\/\/www.garciafaura.com\/fr\/#website\"},\"primaryImageOfPage\":{\"@id\":\"https:\/\/www.garciafaura.com\/fr\/lengagement-de-la-qualite-chez-garcia-faura\/#primaryimage\"},\"image\":{\"@id\":\"https:\/\/www.garciafaura.com\/fr\/lengagement-de-la-qualite-chez-garcia-faura\/#primaryimage\"},\"thumbnailUrl\":\"https:\/\/www.garciafaura.com\/wp-content\/uploads\/2021\/02\/Proces-Qualitat-01.jpg\",\"datePublished\":\"2021-02-12T08:00:34+00:00\",\"description\":\"Arquitectura en Alumini, Inox, Ferro i Vidre\",\"breadcrumb\":{\"@id\":\"https:\/\/www.garciafaura.com\/fr\/lengagement-de-la-qualite-chez-garcia-faura\/#breadcrumb\"},\"inLanguage\":\"fr-FR\",\"potentialAction\":[{\"@type\":\"ReadAction\",\"target\":[\"https:\/\/www.garciafaura.com\/fr\/lengagement-de-la-qualite-chez-garcia-faura\/\"]}]},{\"@type\":\"ImageObject\",\"inLanguage\":\"fr-FR\",\"@id\":\"https:\/\/www.garciafaura.com\/fr\/lengagement-de-la-qualite-chez-garcia-faura\/#primaryimage\",\"url\":\"https:\/\/www.garciafaura.com\/wp-content\/uploads\/2021\/02\/Proces-Qualitat-01.jpg\",\"contentUrl\":\"https:\/\/www.garciafaura.com\/wp-content\/uploads\/2021\/02\/Proces-Qualitat-01.jpg\",\"width\":2560,\"height\":1440},{\"@type\":\"BreadcrumbList\",\"@id\":\"https:\/\/www.garciafaura.com\/fr\/lengagement-de-la-qualite-chez-garcia-faura\/#breadcrumb\",\"itemListElement\":[{\"@type\":\"ListItem\",\"position\":1,\"name\":\"Inici\",\"item\":\"https:\/\/www.garciafaura.com\/fr\/\"},{\"@type\":\"ListItem\",\"position\":2,\"name\":\"L&rsquo;engagement de la qualit\u00e9 chez GARCIA FAURA\"}]},{\"@type\":\"WebSite\",\"@id\":\"https:\/\/www.garciafaura.com\/fr\/#website\",\"url\":\"https:\/\/www.garciafaura.com\/fr\/\",\"name\":\"GARCIA FAURA\",\"description\":\"Arquitectura en Alumini, Inox, Ferro i Vidre\",\"publisher\":{\"@id\":\"https:\/\/www.garciafaura.com\/fr\/#organization\"},\"potentialAction\":[{\"@type\":\"SearchAction\",\"target\":{\"@type\":\"EntryPoint\",\"urlTemplate\":\"https:\/\/www.garciafaura.com\/fr\/?s={search_term_string}\"},\"query-input\":{\"@type\":\"PropertyValueSpecification\",\"valueRequired\":true,\"valueName\":\"search_term_string\"}}],\"inLanguage\":\"fr-FR\"},{\"@type\":\"Organization\",\"@id\":\"https:\/\/www.garciafaura.com\/fr\/#organization\",\"name\":\"GARCIA FAURA\",\"url\":\"https:\/\/www.garciafaura.com\/fr\/\",\"logo\":{\"@type\":\"ImageObject\",\"inLanguage\":\"fr-FR\",\"@id\":\"https:\/\/www.garciafaura.com\/fr\/#\/schema\/logo\/image\/\",\"url\":\"https:\/\/www.garciafaura.com\/wp-content\/uploads\/2018\/09\/Garcia-Faura.png\",\"contentUrl\":\"https:\/\/www.garciafaura.com\/wp-content\/uploads\/2018\/09\/Garcia-Faura.png\",\"width\":512,\"height\":512,\"caption\":\"GARCIA FAURA\"},\"image\":{\"@id\":\"https:\/\/www.garciafaura.com\/fr\/#\/schema\/logo\/image\/\"},\"sameAs\":[\"https:\/\/www.youtube.com\/user\/GARCIAFAURA\"]},{\"@type\":\"Person\",\"@id\":\"https:\/\/www.garciafaura.com\/fr\/#\/schema\/person\/b4b75e69b33fac3446071909bec106b0\",\"name\":\"David Achell\",\"image\":{\"@type\":\"ImageObject\",\"inLanguage\":\"fr-FR\",\"@id\":\"https:\/\/www.garciafaura.com\/fr\/#\/schema\/person\/image\/\",\"url\":\"https:\/\/secure.gravatar.com\/avatar\/03900210afc1f61bce737bcb4a79c02e2c997f171e3eca839b5a4cbe03846c90?s=96&d=blank&r=g\",\"contentUrl\":\"https:\/\/secure.gravatar.com\/avatar\/03900210afc1f61bce737bcb4a79c02e2c997f171e3eca839b5a4cbe03846c90?s=96&d=blank&r=g\",\"caption\":\"David Achell\"}}]}<\/script>\n<!-- \/ Yoast SEO plugin. -->","yoast_head_json":{"title":"L'engagement de la qualit\u00e9 chez GARCIA FAURA - GARCIA FAURA","description":"Arquitectura en Alumini, Inox, Ferro i Vidre","robots":{"index":"index","follow":"follow","max-snippet":"max-snippet:-1","max-image-preview":"max-image-preview:large","max-video-preview":"max-video-preview:-1"},"canonical":"https:\/\/www.garciafaura.com\/fr\/lengagement-de-la-qualite-chez-garcia-faura\/","og_locale":"fr_FR","og_type":"article","og_title":"L'engagement de la qualit\u00e9 chez GARCIA FAURA - GARCIA FAURA","og_description":"Arquitectura en Alumini, Inox, Ferro i Vidre","og_url":"https:\/\/www.garciafaura.com\/fr\/lengagement-de-la-qualite-chez-garcia-faura\/","og_site_name":"GARCIA FAURA","article_published_time":"2021-02-12T08:00:34+00:00","og_image":[{"width":2560,"height":1440,"url":"https:\/\/www.garciafaura.com\/wp-content\/uploads\/2021\/02\/Proces-Qualitat-01.jpg","type":"image\/jpeg"}],"author":"David Achell","twitter_card":"summary_large_image","twitter_misc":{"\u00c9crit par":"David Achell","Dur\u00e9e de lecture estim\u00e9e":"3 minutes"},"schema":{"@context":"https:\/\/schema.org","@graph":[{"@type":"Article","@id":"https:\/\/www.garciafaura.com\/fr\/lengagement-de-la-qualite-chez-garcia-faura\/#article","isPartOf":{"@id":"https:\/\/www.garciafaura.com\/fr\/lengagement-de-la-qualite-chez-garcia-faura\/"},"author":{"name":"David Achell","@id":"https:\/\/www.garciafaura.com\/fr\/#\/schema\/person\/b4b75e69b33fac3446071909bec106b0"},"headline":"L&rsquo;engagement de la qualit\u00e9 chez GARCIA FAURA","datePublished":"2021-02-12T08:00:34+00:00","mainEntityOfPage":{"@id":"https:\/\/www.garciafaura.com\/fr\/lengagement-de-la-qualite-chez-garcia-faura\/"},"wordCount":600,"publisher":{"@id":"https:\/\/www.garciafaura.com\/fr\/#organization"},"image":{"@id":"https:\/\/www.garciafaura.com\/fr\/lengagement-de-la-qualite-chez-garcia-faura\/#primaryimage"},"thumbnailUrl":"https:\/\/www.garciafaura.com\/wp-content\/uploads\/2021\/02\/Proces-Qualitat-01.jpg","articleSection":["Actualit\u00e9"],"inLanguage":"fr-FR"},{"@type":"WebPage","@id":"https:\/\/www.garciafaura.com\/fr\/lengagement-de-la-qualite-chez-garcia-faura\/","url":"https:\/\/www.garciafaura.com\/fr\/lengagement-de-la-qualite-chez-garcia-faura\/","name":"L'engagement de la qualit\u00e9 chez GARCIA FAURA - GARCIA FAURA","isPartOf":{"@id":"https:\/\/www.garciafaura.com\/fr\/#website"},"primaryImageOfPage":{"@id":"https:\/\/www.garciafaura.com\/fr\/lengagement-de-la-qualite-chez-garcia-faura\/#primaryimage"},"image":{"@id":"https:\/\/www.garciafaura.com\/fr\/lengagement-de-la-qualite-chez-garcia-faura\/#primaryimage"},"thumbnailUrl":"https:\/\/www.garciafaura.com\/wp-content\/uploads\/2021\/02\/Proces-Qualitat-01.jpg","datePublished":"2021-02-12T08:00:34+00:00","description":"Arquitectura en Alumini, Inox, Ferro i Vidre","breadcrumb":{"@id":"https:\/\/www.garciafaura.com\/fr\/lengagement-de-la-qualite-chez-garcia-faura\/#breadcrumb"},"inLanguage":"fr-FR","potentialAction":[{"@type":"ReadAction","target":["https:\/\/www.garciafaura.com\/fr\/lengagement-de-la-qualite-chez-garcia-faura\/"]}]},{"@type":"ImageObject","inLanguage":"fr-FR","@id":"https:\/\/www.garciafaura.com\/fr\/lengagement-de-la-qualite-chez-garcia-faura\/#primaryimage","url":"https:\/\/www.garciafaura.com\/wp-content\/uploads\/2021\/02\/Proces-Qualitat-01.jpg","contentUrl":"https:\/\/www.garciafaura.com\/wp-content\/uploads\/2021\/02\/Proces-Qualitat-01.jpg","width":2560,"height":1440},{"@type":"BreadcrumbList","@id":"https:\/\/www.garciafaura.com\/fr\/lengagement-de-la-qualite-chez-garcia-faura\/#breadcrumb","itemListElement":[{"@type":"ListItem","position":1,"name":"Inici","item":"https:\/\/www.garciafaura.com\/fr\/"},{"@type":"ListItem","position":2,"name":"L&rsquo;engagement de la qualit\u00e9 chez GARCIA FAURA"}]},{"@type":"WebSite","@id":"https:\/\/www.garciafaura.com\/fr\/#website","url":"https:\/\/www.garciafaura.com\/fr\/","name":"GARCIA FAURA","description":"Arquitectura en Alumini, Inox, Ferro i Vidre","publisher":{"@id":"https:\/\/www.garciafaura.com\/fr\/#organization"},"potentialAction":[{"@type":"SearchAction","target":{"@type":"EntryPoint","urlTemplate":"https:\/\/www.garciafaura.com\/fr\/?s={search_term_string}"},"query-input":{"@type":"PropertyValueSpecification","valueRequired":true,"valueName":"search_term_string"}}],"inLanguage":"fr-FR"},{"@type":"Organization","@id":"https:\/\/www.garciafaura.com\/fr\/#organization","name":"GARCIA FAURA","url":"https:\/\/www.garciafaura.com\/fr\/","logo":{"@type":"ImageObject","inLanguage":"fr-FR","@id":"https:\/\/www.garciafaura.com\/fr\/#\/schema\/logo\/image\/","url":"https:\/\/www.garciafaura.com\/wp-content\/uploads\/2018\/09\/Garcia-Faura.png","contentUrl":"https:\/\/www.garciafaura.com\/wp-content\/uploads\/2018\/09\/Garcia-Faura.png","width":512,"height":512,"caption":"GARCIA FAURA"},"image":{"@id":"https:\/\/www.garciafaura.com\/fr\/#\/schema\/logo\/image\/"},"sameAs":["https:\/\/www.youtube.com\/user\/GARCIAFAURA"]},{"@type":"Person","@id":"https:\/\/www.garciafaura.com\/fr\/#\/schema\/person\/b4b75e69b33fac3446071909bec106b0","name":"David Achell","image":{"@type":"ImageObject","inLanguage":"fr-FR","@id":"https:\/\/www.garciafaura.com\/fr\/#\/schema\/person\/image\/","url":"https:\/\/secure.gravatar.com\/avatar\/03900210afc1f61bce737bcb4a79c02e2c997f171e3eca839b5a4cbe03846c90?s=96&d=blank&r=g","contentUrl":"https:\/\/secure.gravatar.com\/avatar\/03900210afc1f61bce737bcb4a79c02e2c997f171e3eca839b5a4cbe03846c90?s=96&d=blank&r=g","caption":"David Achell"}}]}},"_links":{"self":[{"href":"https:\/\/www.garciafaura.com\/fr\/wp-json\/wp\/v2\/posts\/26813","targetHints":{"allow":["GET"]}}],"collection":[{"href":"https:\/\/www.garciafaura.com\/fr\/wp-json\/wp\/v2\/posts"}],"about":[{"href":"https:\/\/www.garciafaura.com\/fr\/wp-json\/wp\/v2\/types\/post"}],"author":[{"embeddable":true,"href":"https:\/\/www.garciafaura.com\/fr\/wp-json\/wp\/v2\/users\/3"}],"replies":[{"embeddable":true,"href":"https:\/\/www.garciafaura.com\/fr\/wp-json\/wp\/v2\/comments?post=26813"}],"version-history":[{"count":1,"href":"https:\/\/www.garciafaura.com\/fr\/wp-json\/wp\/v2\/posts\/26813\/revisions"}],"predecessor-version":[{"id":26818,"href":"https:\/\/www.garciafaura.com\/fr\/wp-json\/wp\/v2\/posts\/26813\/revisions\/26818"}],"wp:featuredmedia":[{"embeddable":true,"href":"https:\/\/www.garciafaura.com\/fr\/wp-json\/wp\/v2\/media\/26821"}],"wp:attachment":[{"href":"https:\/\/www.garciafaura.com\/fr\/wp-json\/wp\/v2\/media?parent=26813"}],"wp:term":[{"taxonomy":"category","embeddable":true,"href":"https:\/\/www.garciafaura.com\/fr\/wp-json\/wp\/v2\/categories?post=26813"},{"taxonomy":"post_tag","embeddable":true,"href":"https:\/\/www.garciafaura.com\/fr\/wp-json\/wp\/v2\/tags?post=26813"},{"taxonomy":"post_series","embeddable":true,"href":"https:\/\/www.garciafaura.com\/fr\/wp-json\/wp\/v2\/post_series?post=26813"}],"curies":[{"name":"wp","href":"https:\/\/api.w.org\/{rel}","templated":true}]}}