{"id":26601,"date":"2021-01-29T10:00:49","date_gmt":"2021-01-29T08:00:49","guid":{"rendered":"https:\/\/www.garciafaura.com\/?p=26601"},"modified":"2021-01-26T18:17:21","modified_gmt":"2021-01-26T16:17:21","slug":"contribucio-de-garcia-faura-a-lesperada-ampliacio-de-lhospital-de-viladecans","status":"publish","type":"post","link":"https:\/\/www.garciafaura.com\/fr\/contribucio-de-garcia-faura-a-lesperada-ampliacio-de-lhospital-de-viladecans\/","title":{"rendered":"La contribution de GARCIA FAURA \u00e0 l&rsquo;expansion attendue de l&rsquo;h\u00f4pital de Viladecans"},"content":{"rendered":"<h3><strong>GARCIA FAURA participe \u00e0 l&rsquo;agrandissement de l&rsquo;H\u00f4pital G\u00e9n\u00e9ral de Viladecans, \u00e0 la r\u00e9gion de Barcelone, centre national de r\u00e9f\u00e9rence en chirurgie sans admission. Le projet triplera la superficie actuelle du centre de sant\u00e9 et am\u00e9liorera le confort des patients et du personnel professionnel.<\/strong><\/h3>\n<p style=\"text-align: justify;\">Le nouveau b\u00e2timent de l&rsquo;<a href=\"https:\/\/www.garciafaura.com\/fr\/portfolio-item\/ampliacion-hospital-de-viladecans\/\" target=\"_blank\" rel=\"noopener\"><strong>H\u00f4pital de Viladecans<\/strong><\/a>, dont le projet architectural est l&rsquo;\u0153uvre de <a href=\"https:\/\/www.ramonesteve.com\/en\/\" target=\"_blank\" rel=\"noopener\"><strong>Ram\u00f3n Esteve Estudio<\/strong><\/a> et <a href=\"http:\/\/sulkin-marchissio.com\/\" target=\"_blank\" rel=\"noopener\"><strong>Sulkin Marchissio Arquitectos<\/strong><\/a>, aura l\u2019acc\u00e8s \u00e0 l&rsquo;avenue Mil\u00b7lenari et sera principalement utilis\u00e9 \u00e0 des fins de soins de sant\u00e9 (telles que les consultations externes et les urgences) tout en le b\u00e2timent actuel et historique sera utilis\u00e9 \u00e0 des fins administratives et non li\u00e9es aux soins.<\/p>\n<p style=\"text-align: justify;\">De plus, l&rsquo;espace entre les b\u00e2timents sera am\u00e9nag\u00e9 pour cr\u00e9er des conditions environnementales qui favorisent le bien-\u00eatre des personnes utilisant l&rsquo;h\u00f4pital et aussi du grand public de Viladecans, car l&rsquo;ancienne place d&rsquo;acc\u00e8s est r\u00e9nov\u00e9e et elle est reconvertie en une zone sans trafic des voitures et de nature ludique.<\/p>\n<p style=\"text-align: justify;\">L&rsquo;intervention de <strong>GARCIA FAURA<\/strong> dans le projet, dans la ligne de la cr\u00e9ation d&rsquo;un espace de confort et de bien-\u00eatre pour les patients et les professionnels de la sant\u00e9, consiste en la fabrication et l&rsquo;installation de 1.802 m\u00e8tres carr\u00e9s de menuiseries en aluminium \u00e0 rupture thermique et ouvrant cach\u00e9, ces derniers maximisent l&rsquo;entr\u00e9e de la lumi\u00e8re naturelle et cr\u00e9ent une esth\u00e9tique ext\u00e9rieure plus moderne.<\/p>\n<p style=\"text-align: justify;\">Notre soci\u00e9t\u00e9 fabriquera et installera \u00e9galement 2.308 m\u00e8tres carr\u00e9s de mur rideau en aluminium et vitrage avec portes int\u00e9gr\u00e9es, ainsi que 1.735 m\u00e8tres carr\u00e9s de rev\u00eatements et de parements en aluminium, en pensant toujours \u00e0 la qualit\u00e9 non seulement du projet effectu\u00e9 mais aussi \u00e0 la satisfaction des utilisateurs et du personnel professionnel.<\/p>\n","protected":false},"excerpt":{"rendered":"<p>GARCIA FAURA participe \u00e0 l&rsquo;agrandissement de l&rsquo;H\u00f4pital G\u00e9n\u00e9ral de Viladecans, \u00e0 la r\u00e9gion de Barcelone, centre national de r\u00e9f\u00e9rence en chirurgie sans admission. Le projet triplera la superficie actuelle du centre de sant\u00e9 et am\u00e9liorera le confort des patients et&hellip;<\/p>\n","protected":false},"author":3,"featured_media":26597,"comment_status":"closed","ping_status":"open","sticky":false,"template":"","format":"standard","meta":{"footnotes":""},"categories":[2],"tags":[],"post_series":[],"class_list":["post-26601","post","type-post","status-publish","format-standard","has-post-thumbnail","hentry","category-actualite","entry","has-media"],"yoast_head":"<!-- This site is optimized with the Yoast SEO plugin v26.7 - https:\/\/yoast.com\/wordpress\/plugins\/seo\/ -->\n<title>La contribution de GARCIA FAURA \u00e0 l&#039;expansion attendue de l&#039;h\u00f4pital de Viladecans - GARCIA FAURA<\/title>\n<meta name=\"description\" content=\"Arquitectura en Alumini, Inox, Ferro i Vidre\" \/>\n<meta name=\"robots\" content=\"index, follow, max-snippet:-1, max-image-preview:large, max-video-preview:-1\" \/>\n<link rel=\"canonical\" href=\"https:\/\/www.garciafaura.com\/fr\/contribucio-de-garcia-faura-a-lesperada-ampliacio-de-lhospital-de-viladecans\/\" \/>\n<meta property=\"og:locale\" content=\"fr_FR\" \/>\n<meta property=\"og:type\" content=\"article\" \/>\n<meta property=\"og:title\" content=\"La contribution de GARCIA FAURA \u00e0 l&#039;expansion attendue de l&#039;h\u00f4pital de Viladecans - GARCIA FAURA\" \/>\n<meta property=\"og:description\" content=\"Arquitectura en Alumini, Inox, Ferro i Vidre\" \/>\n<meta property=\"og:url\" content=\"https:\/\/www.garciafaura.com\/fr\/contribucio-de-garcia-faura-a-lesperada-ampliacio-de-lhospital-de-viladecans\/\" \/>\n<meta property=\"og:site_name\" content=\"GARCIA FAURA\" \/>\n<meta property=\"article:published_time\" content=\"2021-01-29T08:00:49+00:00\" \/>\n<meta property=\"og:image\" content=\"https:\/\/www.garciafaura.com\/wp-content\/uploads\/2021\/01\/Ampliacio\u0301HospitalViladecans_01-1.jpg\" \/>\n\t<meta property=\"og:image:width\" content=\"800\" \/>\n\t<meta property=\"og:image:height\" content=\"456\" \/>\n\t<meta property=\"og:image:type\" content=\"image\/jpeg\" \/>\n<meta name=\"author\" content=\"David Achell\" \/>\n<meta name=\"twitter:card\" content=\"summary_large_image\" \/>\n<meta name=\"twitter:label1\" content=\"\u00c9crit par\" \/>\n\t<meta name=\"twitter:data1\" content=\"David Achell\" \/>\n\t<meta name=\"twitter:label2\" content=\"Dur\u00e9e de lecture estim\u00e9e\" \/>\n\t<meta name=\"twitter:data2\" content=\"2 minutes\" \/>\n<script type=\"application\/ld+json\" class=\"yoast-schema-graph\">{\"@context\":\"https:\/\/schema.org\",\"@graph\":[{\"@type\":\"Article\",\"@id\":\"https:\/\/www.garciafaura.com\/fr\/contribucio-de-garcia-faura-a-lesperada-ampliacio-de-lhospital-de-viladecans\/#article\",\"isPartOf\":{\"@id\":\"https:\/\/www.garciafaura.com\/fr\/contribucio-de-garcia-faura-a-lesperada-ampliacio-de-lhospital-de-viladecans\/\"},\"author\":{\"name\":\"David Achell\",\"@id\":\"https:\/\/www.garciafaura.com\/fr\/#\/schema\/person\/b4b75e69b33fac3446071909bec106b0\"},\"headline\":\"La contribution de GARCIA FAURA \u00e0 l&rsquo;expansion attendue de l&rsquo;h\u00f4pital de Viladecans\",\"datePublished\":\"2021-01-29T08:00:49+00:00\",\"mainEntityOfPage\":{\"@id\":\"https:\/\/www.garciafaura.com\/fr\/contribucio-de-garcia-faura-a-lesperada-ampliacio-de-lhospital-de-viladecans\/\"},\"wordCount\":328,\"publisher\":{\"@id\":\"https:\/\/www.garciafaura.com\/fr\/#organization\"},\"image\":{\"@id\":\"https:\/\/www.garciafaura.com\/fr\/contribucio-de-garcia-faura-a-lesperada-ampliacio-de-lhospital-de-viladecans\/#primaryimage\"},\"thumbnailUrl\":\"https:\/\/www.garciafaura.com\/wp-content\/uploads\/2021\/01\/Ampliacio\u0301HospitalViladecans_01-1.jpg\",\"articleSection\":[\"Actualit\u00e9\"],\"inLanguage\":\"fr-FR\"},{\"@type\":\"WebPage\",\"@id\":\"https:\/\/www.garciafaura.com\/fr\/contribucio-de-garcia-faura-a-lesperada-ampliacio-de-lhospital-de-viladecans\/\",\"url\":\"https:\/\/www.garciafaura.com\/fr\/contribucio-de-garcia-faura-a-lesperada-ampliacio-de-lhospital-de-viladecans\/\",\"name\":\"La contribution de GARCIA FAURA \u00e0 l'expansion attendue de l'h\u00f4pital de Viladecans - GARCIA FAURA\",\"isPartOf\":{\"@id\":\"https:\/\/www.garciafaura.com\/fr\/#website\"},\"primaryImageOfPage\":{\"@id\":\"https:\/\/www.garciafaura.com\/fr\/contribucio-de-garcia-faura-a-lesperada-ampliacio-de-lhospital-de-viladecans\/#primaryimage\"},\"image\":{\"@id\":\"https:\/\/www.garciafaura.com\/fr\/contribucio-de-garcia-faura-a-lesperada-ampliacio-de-lhospital-de-viladecans\/#primaryimage\"},\"thumbnailUrl\":\"https:\/\/www.garciafaura.com\/wp-content\/uploads\/2021\/01\/Ampliacio\u0301HospitalViladecans_01-1.jpg\",\"datePublished\":\"2021-01-29T08:00:49+00:00\",\"description\":\"Arquitectura en Alumini, Inox, Ferro i Vidre\",\"breadcrumb\":{\"@id\":\"https:\/\/www.garciafaura.com\/fr\/contribucio-de-garcia-faura-a-lesperada-ampliacio-de-lhospital-de-viladecans\/#breadcrumb\"},\"inLanguage\":\"fr-FR\",\"potentialAction\":[{\"@type\":\"ReadAction\",\"target\":[\"https:\/\/www.garciafaura.com\/fr\/contribucio-de-garcia-faura-a-lesperada-ampliacio-de-lhospital-de-viladecans\/\"]}]},{\"@type\":\"ImageObject\",\"inLanguage\":\"fr-FR\",\"@id\":\"https:\/\/www.garciafaura.com\/fr\/contribucio-de-garcia-faura-a-lesperada-ampliacio-de-lhospital-de-viladecans\/#primaryimage\",\"url\":\"https:\/\/www.garciafaura.com\/wp-content\/uploads\/2021\/01\/Ampliacio\u0301HospitalViladecans_01-1.jpg\",\"contentUrl\":\"https:\/\/www.garciafaura.com\/wp-content\/uploads\/2021\/01\/Ampliacio\u0301HospitalViladecans_01-1.jpg\",\"width\":800,\"height\":456},{\"@type\":\"BreadcrumbList\",\"@id\":\"https:\/\/www.garciafaura.com\/fr\/contribucio-de-garcia-faura-a-lesperada-ampliacio-de-lhospital-de-viladecans\/#breadcrumb\",\"itemListElement\":[{\"@type\":\"ListItem\",\"position\":1,\"name\":\"Inici\",\"item\":\"https:\/\/www.garciafaura.com\/fr\/\"},{\"@type\":\"ListItem\",\"position\":2,\"name\":\"La contribution de GARCIA FAURA \u00e0 l&rsquo;expansion attendue de l&rsquo;h\u00f4pital de Viladecans\"}]},{\"@type\":\"WebSite\",\"@id\":\"https:\/\/www.garciafaura.com\/fr\/#website\",\"url\":\"https:\/\/www.garciafaura.com\/fr\/\",\"name\":\"GARCIA FAURA\",\"description\":\"Arquitectura en Alumini, Inox, Ferro i Vidre\",\"publisher\":{\"@id\":\"https:\/\/www.garciafaura.com\/fr\/#organization\"},\"potentialAction\":[{\"@type\":\"SearchAction\",\"target\":{\"@type\":\"EntryPoint\",\"urlTemplate\":\"https:\/\/www.garciafaura.com\/fr\/?s={search_term_string}\"},\"query-input\":{\"@type\":\"PropertyValueSpecification\",\"valueRequired\":true,\"valueName\":\"search_term_string\"}}],\"inLanguage\":\"fr-FR\"},{\"@type\":\"Organization\",\"@id\":\"https:\/\/www.garciafaura.com\/fr\/#organization\",\"name\":\"GARCIA FAURA\",\"url\":\"https:\/\/www.garciafaura.com\/fr\/\",\"logo\":{\"@type\":\"ImageObject\",\"inLanguage\":\"fr-FR\",\"@id\":\"https:\/\/www.garciafaura.com\/fr\/#\/schema\/logo\/image\/\",\"url\":\"https:\/\/www.garciafaura.com\/wp-content\/uploads\/2018\/09\/Garcia-Faura.png\",\"contentUrl\":\"https:\/\/www.garciafaura.com\/wp-content\/uploads\/2018\/09\/Garcia-Faura.png\",\"width\":512,\"height\":512,\"caption\":\"GARCIA FAURA\"},\"image\":{\"@id\":\"https:\/\/www.garciafaura.com\/fr\/#\/schema\/logo\/image\/\"},\"sameAs\":[\"https:\/\/www.youtube.com\/user\/GARCIAFAURA\"]},{\"@type\":\"Person\",\"@id\":\"https:\/\/www.garciafaura.com\/fr\/#\/schema\/person\/b4b75e69b33fac3446071909bec106b0\",\"name\":\"David Achell\",\"image\":{\"@type\":\"ImageObject\",\"inLanguage\":\"fr-FR\",\"@id\":\"https:\/\/www.garciafaura.com\/fr\/#\/schema\/person\/image\/\",\"url\":\"https:\/\/secure.gravatar.com\/avatar\/03900210afc1f61bce737bcb4a79c02e2c997f171e3eca839b5a4cbe03846c90?s=96&d=blank&r=g\",\"contentUrl\":\"https:\/\/secure.gravatar.com\/avatar\/03900210afc1f61bce737bcb4a79c02e2c997f171e3eca839b5a4cbe03846c90?s=96&d=blank&r=g\",\"caption\":\"David Achell\"}}]}<\/script>\n<!-- \/ Yoast SEO plugin. -->","yoast_head_json":{"title":"La contribution de GARCIA FAURA \u00e0 l'expansion attendue de l'h\u00f4pital de Viladecans - GARCIA FAURA","description":"Arquitectura en Alumini, Inox, Ferro i Vidre","robots":{"index":"index","follow":"follow","max-snippet":"max-snippet:-1","max-image-preview":"max-image-preview:large","max-video-preview":"max-video-preview:-1"},"canonical":"https:\/\/www.garciafaura.com\/fr\/contribucio-de-garcia-faura-a-lesperada-ampliacio-de-lhospital-de-viladecans\/","og_locale":"fr_FR","og_type":"article","og_title":"La contribution de GARCIA FAURA \u00e0 l'expansion attendue de l'h\u00f4pital de Viladecans - GARCIA FAURA","og_description":"Arquitectura en Alumini, Inox, Ferro i Vidre","og_url":"https:\/\/www.garciafaura.com\/fr\/contribucio-de-garcia-faura-a-lesperada-ampliacio-de-lhospital-de-viladecans\/","og_site_name":"GARCIA FAURA","article_published_time":"2021-01-29T08:00:49+00:00","og_image":[{"width":800,"height":456,"url":"https:\/\/www.garciafaura.com\/wp-content\/uploads\/2021\/01\/Ampliacio\u0301HospitalViladecans_01-1.jpg","type":"image\/jpeg"}],"author":"David Achell","twitter_card":"summary_large_image","twitter_misc":{"\u00c9crit par":"David Achell","Dur\u00e9e de lecture estim\u00e9e":"2 minutes"},"schema":{"@context":"https:\/\/schema.org","@graph":[{"@type":"Article","@id":"https:\/\/www.garciafaura.com\/fr\/contribucio-de-garcia-faura-a-lesperada-ampliacio-de-lhospital-de-viladecans\/#article","isPartOf":{"@id":"https:\/\/www.garciafaura.com\/fr\/contribucio-de-garcia-faura-a-lesperada-ampliacio-de-lhospital-de-viladecans\/"},"author":{"name":"David Achell","@id":"https:\/\/www.garciafaura.com\/fr\/#\/schema\/person\/b4b75e69b33fac3446071909bec106b0"},"headline":"La contribution de GARCIA FAURA \u00e0 l&rsquo;expansion attendue de l&rsquo;h\u00f4pital de Viladecans","datePublished":"2021-01-29T08:00:49+00:00","mainEntityOfPage":{"@id":"https:\/\/www.garciafaura.com\/fr\/contribucio-de-garcia-faura-a-lesperada-ampliacio-de-lhospital-de-viladecans\/"},"wordCount":328,"publisher":{"@id":"https:\/\/www.garciafaura.com\/fr\/#organization"},"image":{"@id":"https:\/\/www.garciafaura.com\/fr\/contribucio-de-garcia-faura-a-lesperada-ampliacio-de-lhospital-de-viladecans\/#primaryimage"},"thumbnailUrl":"https:\/\/www.garciafaura.com\/wp-content\/uploads\/2021\/01\/Ampliacio\u0301HospitalViladecans_01-1.jpg","articleSection":["Actualit\u00e9"],"inLanguage":"fr-FR"},{"@type":"WebPage","@id":"https:\/\/www.garciafaura.com\/fr\/contribucio-de-garcia-faura-a-lesperada-ampliacio-de-lhospital-de-viladecans\/","url":"https:\/\/www.garciafaura.com\/fr\/contribucio-de-garcia-faura-a-lesperada-ampliacio-de-lhospital-de-viladecans\/","name":"La contribution de GARCIA FAURA \u00e0 l'expansion attendue de l'h\u00f4pital de Viladecans - GARCIA FAURA","isPartOf":{"@id":"https:\/\/www.garciafaura.com\/fr\/#website"},"primaryImageOfPage":{"@id":"https:\/\/www.garciafaura.com\/fr\/contribucio-de-garcia-faura-a-lesperada-ampliacio-de-lhospital-de-viladecans\/#primaryimage"},"image":{"@id":"https:\/\/www.garciafaura.com\/fr\/contribucio-de-garcia-faura-a-lesperada-ampliacio-de-lhospital-de-viladecans\/#primaryimage"},"thumbnailUrl":"https:\/\/www.garciafaura.com\/wp-content\/uploads\/2021\/01\/Ampliacio\u0301HospitalViladecans_01-1.jpg","datePublished":"2021-01-29T08:00:49+00:00","description":"Arquitectura en Alumini, Inox, Ferro i Vidre","breadcrumb":{"@id":"https:\/\/www.garciafaura.com\/fr\/contribucio-de-garcia-faura-a-lesperada-ampliacio-de-lhospital-de-viladecans\/#breadcrumb"},"inLanguage":"fr-FR","potentialAction":[{"@type":"ReadAction","target":["https:\/\/www.garciafaura.com\/fr\/contribucio-de-garcia-faura-a-lesperada-ampliacio-de-lhospital-de-viladecans\/"]}]},{"@type":"ImageObject","inLanguage":"fr-FR","@id":"https:\/\/www.garciafaura.com\/fr\/contribucio-de-garcia-faura-a-lesperada-ampliacio-de-lhospital-de-viladecans\/#primaryimage","url":"https:\/\/www.garciafaura.com\/wp-content\/uploads\/2021\/01\/Ampliacio\u0301HospitalViladecans_01-1.jpg","contentUrl":"https:\/\/www.garciafaura.com\/wp-content\/uploads\/2021\/01\/Ampliacio\u0301HospitalViladecans_01-1.jpg","width":800,"height":456},{"@type":"BreadcrumbList","@id":"https:\/\/www.garciafaura.com\/fr\/contribucio-de-garcia-faura-a-lesperada-ampliacio-de-lhospital-de-viladecans\/#breadcrumb","itemListElement":[{"@type":"ListItem","position":1,"name":"Inici","item":"https:\/\/www.garciafaura.com\/fr\/"},{"@type":"ListItem","position":2,"name":"La contribution de GARCIA FAURA \u00e0 l&rsquo;expansion attendue de l&rsquo;h\u00f4pital de Viladecans"}]},{"@type":"WebSite","@id":"https:\/\/www.garciafaura.com\/fr\/#website","url":"https:\/\/www.garciafaura.com\/fr\/","name":"GARCIA FAURA","description":"Arquitectura en Alumini, Inox, Ferro i Vidre","publisher":{"@id":"https:\/\/www.garciafaura.com\/fr\/#organization"},"potentialAction":[{"@type":"SearchAction","target":{"@type":"EntryPoint","urlTemplate":"https:\/\/www.garciafaura.com\/fr\/?s={search_term_string}"},"query-input":{"@type":"PropertyValueSpecification","valueRequired":true,"valueName":"search_term_string"}}],"inLanguage":"fr-FR"},{"@type":"Organization","@id":"https:\/\/www.garciafaura.com\/fr\/#organization","name":"GARCIA FAURA","url":"https:\/\/www.garciafaura.com\/fr\/","logo":{"@type":"ImageObject","inLanguage":"fr-FR","@id":"https:\/\/www.garciafaura.com\/fr\/#\/schema\/logo\/image\/","url":"https:\/\/www.garciafaura.com\/wp-content\/uploads\/2018\/09\/Garcia-Faura.png","contentUrl":"https:\/\/www.garciafaura.com\/wp-content\/uploads\/2018\/09\/Garcia-Faura.png","width":512,"height":512,"caption":"GARCIA FAURA"},"image":{"@id":"https:\/\/www.garciafaura.com\/fr\/#\/schema\/logo\/image\/"},"sameAs":["https:\/\/www.youtube.com\/user\/GARCIAFAURA"]},{"@type":"Person","@id":"https:\/\/www.garciafaura.com\/fr\/#\/schema\/person\/b4b75e69b33fac3446071909bec106b0","name":"David Achell","image":{"@type":"ImageObject","inLanguage":"fr-FR","@id":"https:\/\/www.garciafaura.com\/fr\/#\/schema\/person\/image\/","url":"https:\/\/secure.gravatar.com\/avatar\/03900210afc1f61bce737bcb4a79c02e2c997f171e3eca839b5a4cbe03846c90?s=96&d=blank&r=g","contentUrl":"https:\/\/secure.gravatar.com\/avatar\/03900210afc1f61bce737bcb4a79c02e2c997f171e3eca839b5a4cbe03846c90?s=96&d=blank&r=g","caption":"David Achell"}}]}},"_links":{"self":[{"href":"https:\/\/www.garciafaura.com\/fr\/wp-json\/wp\/v2\/posts\/26601","targetHints":{"allow":["GET"]}}],"collection":[{"href":"https:\/\/www.garciafaura.com\/fr\/wp-json\/wp\/v2\/posts"}],"about":[{"href":"https:\/\/www.garciafaura.com\/fr\/wp-json\/wp\/v2\/types\/post"}],"author":[{"embeddable":true,"href":"https:\/\/www.garciafaura.com\/fr\/wp-json\/wp\/v2\/users\/3"}],"replies":[{"embeddable":true,"href":"https:\/\/www.garciafaura.com\/fr\/wp-json\/wp\/v2\/comments?post=26601"}],"version-history":[{"count":2,"href":"https:\/\/www.garciafaura.com\/fr\/wp-json\/wp\/v2\/posts\/26601\/revisions"}],"predecessor-version":[{"id":26606,"href":"https:\/\/www.garciafaura.com\/fr\/wp-json\/wp\/v2\/posts\/26601\/revisions\/26606"}],"wp:featuredmedia":[{"embeddable":true,"href":"https:\/\/www.garciafaura.com\/fr\/wp-json\/wp\/v2\/media\/26597"}],"wp:attachment":[{"href":"https:\/\/www.garciafaura.com\/fr\/wp-json\/wp\/v2\/media?parent=26601"}],"wp:term":[{"taxonomy":"category","embeddable":true,"href":"https:\/\/www.garciafaura.com\/fr\/wp-json\/wp\/v2\/categories?post=26601"},{"taxonomy":"post_tag","embeddable":true,"href":"https:\/\/www.garciafaura.com\/fr\/wp-json\/wp\/v2\/tags?post=26601"},{"taxonomy":"post_series","embeddable":true,"href":"https:\/\/www.garciafaura.com\/fr\/wp-json\/wp\/v2\/post_series?post=26601"}],"curies":[{"name":"wp","href":"https:\/\/api.w.org\/{rel}","templated":true}]}}