{"id":26348,"date":"2021-01-22T10:20:19","date_gmt":"2021-01-22T08:20:19","guid":{"rendered":"https:\/\/www.garciafaura.com\/?p=26348"},"modified":"2021-01-22T21:29:01","modified_gmt":"2021-01-22T19:29:01","slug":"garcia-faura-en-train-de-travailler-pourlescourageux","status":"publish","type":"post","link":"https:\/\/www.garciafaura.com\/fr\/garcia-faura-en-train-de-travailler-pourlescourageux\/","title":{"rendered":"GARCIA FAURA, en train de travailler #PourlesCourageux"},"content":{"rendered":"<h3><strong>L&rsquo;entreprise r\u00e9alisera les travaux sur les fa\u00e7ades du nouveau <em>Sant Joan de D\u00e9u Pediatric Cancer Center<\/em> \u00e0 Barcelone. Une fois op\u00e9rationnel, ce sera le plus grand h\u00f4pital oncologique pour enfants d&rsquo;Europe.<\/strong><\/h3>\n<p style=\"text-align: justify;\">Dans les semaines \u00e0 venir, <strong>GARCIA FAURA<\/strong> va \u00e0 d\u00e9marrer les travaux du nouvel h\u00f4pital d\u2019oncologie p\u00e9diatrique <a href=\"https:\/\/www.sjdhospitalbarcelona.org\/fr\" target=\"_blank\" rel=\"noopener\"><strong><em>Sant Joan de D\u00e9u<\/em><\/strong><\/a>, qui sera le plus grand centre d\u2019oncologie p\u00e9diatrique d\u2019Europe avec 8.400 m\u00e8tres carr\u00e9s r\u00e9partis sur quatre \u00e9tages.<\/p>\n<p style=\"text-align: justify;\">Le projet, \u0153uvre du <a href=\"https:\/\/pinearq.es\/\" target=\"_blank\" rel=\"noopener\"><strong>studio d&rsquo;architecture PINEARQ<\/strong><\/a>, est en cours de construction \u00e0 c\u00f4t\u00e9 de l&rsquo;h\u00f4pital actuel avec lequel il sera connect\u00e9 par une passerelle. Les <a href=\"https:\/\/www.garciafaura.com\/fr\/portfolio-item\/hospital-sjd-pediatric-cancer-center-de-barcelona\/\" target=\"_blank\" rel=\"noopener\"><strong>nouvelles installations<\/strong><\/a> traiteront jusqu&rsquo;\u00e0 400 patients par an, 30% de plus que ce qu&rsquo;ils soignent actuellement, et int\u00e9greront les derniers avanc\u00e9s dans la lutte contre le cancer.<\/p>\n<p style=\"text-align: justify;\"><strong>GARCIA FAURA<\/strong> r\u00e9alisera l&rsquo;ensemble des menuiseries en aluminium et vitrage, ainsi que les solutions de fa\u00e7ade ext\u00e9rieure comme les murs rideaux avec 350 m\u00e8tres carr\u00e9s et les protections solaires innovantes avec environ 2.000 m\u00e8tres carr\u00e9s, ce qui permettra, si n\u00e9cessaire, de r\u00e9duire l&rsquo;incidence du soleil sur la fa\u00e7ade tout en gagnant en efficacit\u00e9 \u00e9nerg\u00e9tique.<\/p>\n<p style=\"text-align: justify;\">Quant aux menuiseries, avec une quantit\u00e9 de 1.800 m\u00e8tres carr\u00e9s, elles sont en aluminium \u00e0 rupture de pont thermique et hautes performances techniques, dans le but d&rsquo;offrir un confort acoustique et thermique maximal aux utilisateurs et aux travailleurs d&rsquo;un \u00e9quipement sanitaire de ces caract\u00e9ristiques<\/p>\n<p style=\"text-align: justify;\">Pour obtenir les 30 millions qui va co\u00fbter le projet de construction, en f\u00e9vrier 2017, l&rsquo;<strong>h\u00f4pital <em>Sant Joan de D\u00e9u<\/em><\/strong> a lanc\u00e9 une campagne de m\u00e9c\u00e9nat sous le slogan <strong>#PelsValents (<a href=\"https:\/\/www.paralosvalientes.com\/boxweb\/detalle\/tk1853483?lang=en\" target=\"_blank\" rel=\"noopener\">PourlesCourageux<\/a>)<\/strong>, qui a permis de recueillir des contributions d&rsquo;entreprises et de micro-m\u00e9c\u00e9nat de plus de 100.000 personnes, et il est toujours actif.<\/p>\n<p>Foto: Hospital Sant Joan de D\u00e9u Barcelona<\/p>\n","protected":false},"excerpt":{"rendered":"<p>L&rsquo;entreprise r\u00e9alisera les travaux sur les fa\u00e7ades du nouveau Sant Joan de D\u00e9u Pediatric Cancer Center \u00e0 Barcelone. Une fois op\u00e9rationnel, ce sera le plus grand h\u00f4pital oncologique pour enfants d&rsquo;Europe. Dans les semaines \u00e0 venir, GARCIA FAURA va \u00e0&hellip;<\/p>\n","protected":false},"author":3,"featured_media":26368,"comment_status":"closed","ping_status":"open","sticky":false,"template":"","format":"standard","meta":{"footnotes":""},"categories":[2],"tags":[],"post_series":[],"class_list":["post-26348","post","type-post","status-publish","format-standard","has-post-thumbnail","hentry","category-actualite","entry","has-media"],"yoast_head":"<!-- This site is optimized with the Yoast SEO plugin v26.7 - https:\/\/yoast.com\/wordpress\/plugins\/seo\/ -->\n<title>GARCIA FAURA, en train de travailler #PourlesCourageux - GARCIA FAURA<\/title>\n<meta name=\"description\" content=\"Arquitectura en Alumini, Inox, Ferro i Vidre\" \/>\n<meta name=\"robots\" content=\"index, follow, max-snippet:-1, max-image-preview:large, max-video-preview:-1\" \/>\n<link rel=\"canonical\" href=\"https:\/\/www.garciafaura.com\/fr\/garcia-faura-en-train-de-travailler-pourlescourageux\/\" \/>\n<meta property=\"og:locale\" content=\"fr_FR\" \/>\n<meta property=\"og:type\" content=\"article\" \/>\n<meta property=\"og:title\" content=\"GARCIA FAURA, en train de travailler #PourlesCourageux - GARCIA FAURA\" \/>\n<meta property=\"og:description\" content=\"Arquitectura en Alumini, Inox, Ferro i Vidre\" \/>\n<meta property=\"og:url\" content=\"https:\/\/www.garciafaura.com\/fr\/garcia-faura-en-train-de-travailler-pourlescourageux\/\" \/>\n<meta property=\"og:site_name\" content=\"GARCIA FAURA\" \/>\n<meta property=\"article:published_time\" content=\"2021-01-22T08:20:19+00:00\" \/>\n<meta property=\"article:modified_time\" content=\"2021-01-22T19:29:01+00:00\" \/>\n<meta property=\"og:image\" content=\"https:\/\/www.garciafaura.com\/wp-content\/uploads\/2021\/01\/SJD_Pediatric_Cancer_Center_-Octubre_2019-landing_1.png\" \/>\n\t<meta property=\"og:image:width\" content=\"750\" \/>\n\t<meta property=\"og:image:height\" content=\"422\" \/>\n\t<meta property=\"og:image:type\" content=\"image\/png\" \/>\n<meta name=\"author\" content=\"David Achell\" \/>\n<meta name=\"twitter:card\" content=\"summary_large_image\" \/>\n<meta name=\"twitter:label1\" content=\"\u00c9crit par\" \/>\n\t<meta name=\"twitter:data1\" content=\"David Achell\" \/>\n\t<meta name=\"twitter:label2\" content=\"Dur\u00e9e de lecture estim\u00e9e\" \/>\n\t<meta name=\"twitter:data2\" content=\"2 minutes\" \/>\n<script type=\"application\/ld+json\" class=\"yoast-schema-graph\">{\"@context\":\"https:\/\/schema.org\",\"@graph\":[{\"@type\":\"Article\",\"@id\":\"https:\/\/www.garciafaura.com\/fr\/garcia-faura-en-train-de-travailler-pourlescourageux\/#article\",\"isPartOf\":{\"@id\":\"https:\/\/www.garciafaura.com\/fr\/garcia-faura-en-train-de-travailler-pourlescourageux\/\"},\"author\":{\"name\":\"David Achell\",\"@id\":\"https:\/\/www.garciafaura.com\/fr\/#\/schema\/person\/b4b75e69b33fac3446071909bec106b0\"},\"headline\":\"GARCIA FAURA, en train de travailler #PourlesCourageux\",\"datePublished\":\"2021-01-22T08:20:19+00:00\",\"dateModified\":\"2021-01-22T19:29:01+00:00\",\"mainEntityOfPage\":{\"@id\":\"https:\/\/www.garciafaura.com\/fr\/garcia-faura-en-train-de-travailler-pourlescourageux\/\"},\"wordCount\":326,\"publisher\":{\"@id\":\"https:\/\/www.garciafaura.com\/fr\/#organization\"},\"image\":{\"@id\":\"https:\/\/www.garciafaura.com\/fr\/garcia-faura-en-train-de-travailler-pourlescourageux\/#primaryimage\"},\"thumbnailUrl\":\"https:\/\/www.garciafaura.com\/wp-content\/uploads\/2021\/01\/SJD_Pediatric_Cancer_Center_-Octubre_2019-landing_1.png\",\"articleSection\":[\"Actualit\u00e9\"],\"inLanguage\":\"fr-FR\"},{\"@type\":\"WebPage\",\"@id\":\"https:\/\/www.garciafaura.com\/fr\/garcia-faura-en-train-de-travailler-pourlescourageux\/\",\"url\":\"https:\/\/www.garciafaura.com\/fr\/garcia-faura-en-train-de-travailler-pourlescourageux\/\",\"name\":\"GARCIA FAURA, en train de travailler #PourlesCourageux - GARCIA FAURA\",\"isPartOf\":{\"@id\":\"https:\/\/www.garciafaura.com\/fr\/#website\"},\"primaryImageOfPage\":{\"@id\":\"https:\/\/www.garciafaura.com\/fr\/garcia-faura-en-train-de-travailler-pourlescourageux\/#primaryimage\"},\"image\":{\"@id\":\"https:\/\/www.garciafaura.com\/fr\/garcia-faura-en-train-de-travailler-pourlescourageux\/#primaryimage\"},\"thumbnailUrl\":\"https:\/\/www.garciafaura.com\/wp-content\/uploads\/2021\/01\/SJD_Pediatric_Cancer_Center_-Octubre_2019-landing_1.png\",\"datePublished\":\"2021-01-22T08:20:19+00:00\",\"dateModified\":\"2021-01-22T19:29:01+00:00\",\"description\":\"Arquitectura en Alumini, Inox, Ferro i Vidre\",\"breadcrumb\":{\"@id\":\"https:\/\/www.garciafaura.com\/fr\/garcia-faura-en-train-de-travailler-pourlescourageux\/#breadcrumb\"},\"inLanguage\":\"fr-FR\",\"potentialAction\":[{\"@type\":\"ReadAction\",\"target\":[\"https:\/\/www.garciafaura.com\/fr\/garcia-faura-en-train-de-travailler-pourlescourageux\/\"]}]},{\"@type\":\"ImageObject\",\"inLanguage\":\"fr-FR\",\"@id\":\"https:\/\/www.garciafaura.com\/fr\/garcia-faura-en-train-de-travailler-pourlescourageux\/#primaryimage\",\"url\":\"https:\/\/www.garciafaura.com\/wp-content\/uploads\/2021\/01\/SJD_Pediatric_Cancer_Center_-Octubre_2019-landing_1.png\",\"contentUrl\":\"https:\/\/www.garciafaura.com\/wp-content\/uploads\/2021\/01\/SJD_Pediatric_Cancer_Center_-Octubre_2019-landing_1.png\",\"width\":750,\"height\":422},{\"@type\":\"BreadcrumbList\",\"@id\":\"https:\/\/www.garciafaura.com\/fr\/garcia-faura-en-train-de-travailler-pourlescourageux\/#breadcrumb\",\"itemListElement\":[{\"@type\":\"ListItem\",\"position\":1,\"name\":\"Inici\",\"item\":\"https:\/\/www.garciafaura.com\/fr\/\"},{\"@type\":\"ListItem\",\"position\":2,\"name\":\"GARCIA FAURA, en train de travailler #PourlesCourageux\"}]},{\"@type\":\"WebSite\",\"@id\":\"https:\/\/www.garciafaura.com\/fr\/#website\",\"url\":\"https:\/\/www.garciafaura.com\/fr\/\",\"name\":\"GARCIA FAURA\",\"description\":\"Arquitectura en Alumini, Inox, Ferro i Vidre\",\"publisher\":{\"@id\":\"https:\/\/www.garciafaura.com\/fr\/#organization\"},\"potentialAction\":[{\"@type\":\"SearchAction\",\"target\":{\"@type\":\"EntryPoint\",\"urlTemplate\":\"https:\/\/www.garciafaura.com\/fr\/?s={search_term_string}\"},\"query-input\":{\"@type\":\"PropertyValueSpecification\",\"valueRequired\":true,\"valueName\":\"search_term_string\"}}],\"inLanguage\":\"fr-FR\"},{\"@type\":\"Organization\",\"@id\":\"https:\/\/www.garciafaura.com\/fr\/#organization\",\"name\":\"GARCIA FAURA\",\"url\":\"https:\/\/www.garciafaura.com\/fr\/\",\"logo\":{\"@type\":\"ImageObject\",\"inLanguage\":\"fr-FR\",\"@id\":\"https:\/\/www.garciafaura.com\/fr\/#\/schema\/logo\/image\/\",\"url\":\"https:\/\/www.garciafaura.com\/wp-content\/uploads\/2018\/09\/Garcia-Faura.png\",\"contentUrl\":\"https:\/\/www.garciafaura.com\/wp-content\/uploads\/2018\/09\/Garcia-Faura.png\",\"width\":512,\"height\":512,\"caption\":\"GARCIA FAURA\"},\"image\":{\"@id\":\"https:\/\/www.garciafaura.com\/fr\/#\/schema\/logo\/image\/\"},\"sameAs\":[\"https:\/\/www.youtube.com\/user\/GARCIAFAURA\"]},{\"@type\":\"Person\",\"@id\":\"https:\/\/www.garciafaura.com\/fr\/#\/schema\/person\/b4b75e69b33fac3446071909bec106b0\",\"name\":\"David Achell\",\"image\":{\"@type\":\"ImageObject\",\"inLanguage\":\"fr-FR\",\"@id\":\"https:\/\/www.garciafaura.com\/fr\/#\/schema\/person\/image\/\",\"url\":\"https:\/\/secure.gravatar.com\/avatar\/03900210afc1f61bce737bcb4a79c02e2c997f171e3eca839b5a4cbe03846c90?s=96&d=blank&r=g\",\"contentUrl\":\"https:\/\/secure.gravatar.com\/avatar\/03900210afc1f61bce737bcb4a79c02e2c997f171e3eca839b5a4cbe03846c90?s=96&d=blank&r=g\",\"caption\":\"David Achell\"}}]}<\/script>\n<!-- \/ Yoast SEO plugin. -->","yoast_head_json":{"title":"GARCIA FAURA, en train de travailler #PourlesCourageux - GARCIA FAURA","description":"Arquitectura en Alumini, Inox, Ferro i Vidre","robots":{"index":"index","follow":"follow","max-snippet":"max-snippet:-1","max-image-preview":"max-image-preview:large","max-video-preview":"max-video-preview:-1"},"canonical":"https:\/\/www.garciafaura.com\/fr\/garcia-faura-en-train-de-travailler-pourlescourageux\/","og_locale":"fr_FR","og_type":"article","og_title":"GARCIA FAURA, en train de travailler #PourlesCourageux - GARCIA FAURA","og_description":"Arquitectura en Alumini, Inox, Ferro i Vidre","og_url":"https:\/\/www.garciafaura.com\/fr\/garcia-faura-en-train-de-travailler-pourlescourageux\/","og_site_name":"GARCIA FAURA","article_published_time":"2021-01-22T08:20:19+00:00","article_modified_time":"2021-01-22T19:29:01+00:00","og_image":[{"width":750,"height":422,"url":"https:\/\/www.garciafaura.com\/wp-content\/uploads\/2021\/01\/SJD_Pediatric_Cancer_Center_-Octubre_2019-landing_1.png","type":"image\/png"}],"author":"David Achell","twitter_card":"summary_large_image","twitter_misc":{"\u00c9crit par":"David Achell","Dur\u00e9e de lecture estim\u00e9e":"2 minutes"},"schema":{"@context":"https:\/\/schema.org","@graph":[{"@type":"Article","@id":"https:\/\/www.garciafaura.com\/fr\/garcia-faura-en-train-de-travailler-pourlescourageux\/#article","isPartOf":{"@id":"https:\/\/www.garciafaura.com\/fr\/garcia-faura-en-train-de-travailler-pourlescourageux\/"},"author":{"name":"David Achell","@id":"https:\/\/www.garciafaura.com\/fr\/#\/schema\/person\/b4b75e69b33fac3446071909bec106b0"},"headline":"GARCIA FAURA, en train de travailler #PourlesCourageux","datePublished":"2021-01-22T08:20:19+00:00","dateModified":"2021-01-22T19:29:01+00:00","mainEntityOfPage":{"@id":"https:\/\/www.garciafaura.com\/fr\/garcia-faura-en-train-de-travailler-pourlescourageux\/"},"wordCount":326,"publisher":{"@id":"https:\/\/www.garciafaura.com\/fr\/#organization"},"image":{"@id":"https:\/\/www.garciafaura.com\/fr\/garcia-faura-en-train-de-travailler-pourlescourageux\/#primaryimage"},"thumbnailUrl":"https:\/\/www.garciafaura.com\/wp-content\/uploads\/2021\/01\/SJD_Pediatric_Cancer_Center_-Octubre_2019-landing_1.png","articleSection":["Actualit\u00e9"],"inLanguage":"fr-FR"},{"@type":"WebPage","@id":"https:\/\/www.garciafaura.com\/fr\/garcia-faura-en-train-de-travailler-pourlescourageux\/","url":"https:\/\/www.garciafaura.com\/fr\/garcia-faura-en-train-de-travailler-pourlescourageux\/","name":"GARCIA FAURA, en train de travailler #PourlesCourageux - GARCIA FAURA","isPartOf":{"@id":"https:\/\/www.garciafaura.com\/fr\/#website"},"primaryImageOfPage":{"@id":"https:\/\/www.garciafaura.com\/fr\/garcia-faura-en-train-de-travailler-pourlescourageux\/#primaryimage"},"image":{"@id":"https:\/\/www.garciafaura.com\/fr\/garcia-faura-en-train-de-travailler-pourlescourageux\/#primaryimage"},"thumbnailUrl":"https:\/\/www.garciafaura.com\/wp-content\/uploads\/2021\/01\/SJD_Pediatric_Cancer_Center_-Octubre_2019-landing_1.png","datePublished":"2021-01-22T08:20:19+00:00","dateModified":"2021-01-22T19:29:01+00:00","description":"Arquitectura en Alumini, Inox, Ferro i Vidre","breadcrumb":{"@id":"https:\/\/www.garciafaura.com\/fr\/garcia-faura-en-train-de-travailler-pourlescourageux\/#breadcrumb"},"inLanguage":"fr-FR","potentialAction":[{"@type":"ReadAction","target":["https:\/\/www.garciafaura.com\/fr\/garcia-faura-en-train-de-travailler-pourlescourageux\/"]}]},{"@type":"ImageObject","inLanguage":"fr-FR","@id":"https:\/\/www.garciafaura.com\/fr\/garcia-faura-en-train-de-travailler-pourlescourageux\/#primaryimage","url":"https:\/\/www.garciafaura.com\/wp-content\/uploads\/2021\/01\/SJD_Pediatric_Cancer_Center_-Octubre_2019-landing_1.png","contentUrl":"https:\/\/www.garciafaura.com\/wp-content\/uploads\/2021\/01\/SJD_Pediatric_Cancer_Center_-Octubre_2019-landing_1.png","width":750,"height":422},{"@type":"BreadcrumbList","@id":"https:\/\/www.garciafaura.com\/fr\/garcia-faura-en-train-de-travailler-pourlescourageux\/#breadcrumb","itemListElement":[{"@type":"ListItem","position":1,"name":"Inici","item":"https:\/\/www.garciafaura.com\/fr\/"},{"@type":"ListItem","position":2,"name":"GARCIA FAURA, en train de travailler #PourlesCourageux"}]},{"@type":"WebSite","@id":"https:\/\/www.garciafaura.com\/fr\/#website","url":"https:\/\/www.garciafaura.com\/fr\/","name":"GARCIA FAURA","description":"Arquitectura en Alumini, Inox, Ferro i Vidre","publisher":{"@id":"https:\/\/www.garciafaura.com\/fr\/#organization"},"potentialAction":[{"@type":"SearchAction","target":{"@type":"EntryPoint","urlTemplate":"https:\/\/www.garciafaura.com\/fr\/?s={search_term_string}"},"query-input":{"@type":"PropertyValueSpecification","valueRequired":true,"valueName":"search_term_string"}}],"inLanguage":"fr-FR"},{"@type":"Organization","@id":"https:\/\/www.garciafaura.com\/fr\/#organization","name":"GARCIA FAURA","url":"https:\/\/www.garciafaura.com\/fr\/","logo":{"@type":"ImageObject","inLanguage":"fr-FR","@id":"https:\/\/www.garciafaura.com\/fr\/#\/schema\/logo\/image\/","url":"https:\/\/www.garciafaura.com\/wp-content\/uploads\/2018\/09\/Garcia-Faura.png","contentUrl":"https:\/\/www.garciafaura.com\/wp-content\/uploads\/2018\/09\/Garcia-Faura.png","width":512,"height":512,"caption":"GARCIA FAURA"},"image":{"@id":"https:\/\/www.garciafaura.com\/fr\/#\/schema\/logo\/image\/"},"sameAs":["https:\/\/www.youtube.com\/user\/GARCIAFAURA"]},{"@type":"Person","@id":"https:\/\/www.garciafaura.com\/fr\/#\/schema\/person\/b4b75e69b33fac3446071909bec106b0","name":"David Achell","image":{"@type":"ImageObject","inLanguage":"fr-FR","@id":"https:\/\/www.garciafaura.com\/fr\/#\/schema\/person\/image\/","url":"https:\/\/secure.gravatar.com\/avatar\/03900210afc1f61bce737bcb4a79c02e2c997f171e3eca839b5a4cbe03846c90?s=96&d=blank&r=g","contentUrl":"https:\/\/secure.gravatar.com\/avatar\/03900210afc1f61bce737bcb4a79c02e2c997f171e3eca839b5a4cbe03846c90?s=96&d=blank&r=g","caption":"David Achell"}}]}},"_links":{"self":[{"href":"https:\/\/www.garciafaura.com\/fr\/wp-json\/wp\/v2\/posts\/26348","targetHints":{"allow":["GET"]}}],"collection":[{"href":"https:\/\/www.garciafaura.com\/fr\/wp-json\/wp\/v2\/posts"}],"about":[{"href":"https:\/\/www.garciafaura.com\/fr\/wp-json\/wp\/v2\/types\/post"}],"author":[{"embeddable":true,"href":"https:\/\/www.garciafaura.com\/fr\/wp-json\/wp\/v2\/users\/3"}],"replies":[{"embeddable":true,"href":"https:\/\/www.garciafaura.com\/fr\/wp-json\/wp\/v2\/comments?post=26348"}],"version-history":[{"count":5,"href":"https:\/\/www.garciafaura.com\/fr\/wp-json\/wp\/v2\/posts\/26348\/revisions"}],"predecessor-version":[{"id":26372,"href":"https:\/\/www.garciafaura.com\/fr\/wp-json\/wp\/v2\/posts\/26348\/revisions\/26372"}],"wp:featuredmedia":[{"embeddable":true,"href":"https:\/\/www.garciafaura.com\/fr\/wp-json\/wp\/v2\/media\/26368"}],"wp:attachment":[{"href":"https:\/\/www.garciafaura.com\/fr\/wp-json\/wp\/v2\/media?parent=26348"}],"wp:term":[{"taxonomy":"category","embeddable":true,"href":"https:\/\/www.garciafaura.com\/fr\/wp-json\/wp\/v2\/categories?post=26348"},{"taxonomy":"post_tag","embeddable":true,"href":"https:\/\/www.garciafaura.com\/fr\/wp-json\/wp\/v2\/tags?post=26348"},{"taxonomy":"post_series","embeddable":true,"href":"https:\/\/www.garciafaura.com\/fr\/wp-json\/wp\/v2\/post_series?post=26348"}],"curies":[{"name":"wp","href":"https:\/\/api.w.org\/{rel}","templated":true}]}}