{"id":26136,"date":"2020-11-11T17:26:23","date_gmt":"2020-11-11T15:26:23","guid":{"rendered":"https:\/\/www.garciafaura.com\/la-facana-com-a-contribucio-a-edificis-amb-certificacio-leed\/"},"modified":"2020-11-11T18:00:56","modified_gmt":"2020-11-11T16:00:56","slug":"la-facana-com-a-contribucio-a-edificis-amb-certificacio-leed","status":"publish","type":"post","link":"https:\/\/www.garciafaura.com\/fr\/la-facana-com-a-contribucio-a-edificis-amb-certificacio-leed\/","title":{"rendered":"La fa\u00e7ade comme contribution aux b\u00e2timents certifi\u00e9s LEED"},"content":{"rendered":"<p style=\"text-align: justify;\"><strong>Contribuer \u00e0 une construction respectueuse de l&rsquo;environnement est l&rsquo;une des priorit\u00e9s de GARCIA FAURA. C\u2019est pourquoi les fa\u00e7ades de l\u2019entreprise peuvent devenir une pi\u00e8ce tr\u00e8s importante pour les b\u00e2timents qui souhaitent obtenir la certification LEED, l\u2019une des plus importantes au monde pour garantir que les b\u00e2timents sont consid\u00e9r\u00e9s comme des b\u00e2timents \u00e9cologiques.<\/strong><\/p>\n<p style=\"text-align: justify;\">La certification LEED (Leadership in Energy and Environmental Design) est volontaire et s&rsquo;applique aux propri\u00e9t\u00e9s nouvellement construites et r\u00e9nov\u00e9es, de toutes sortes d&rsquo;utilisations, m\u00eame dans des quartiers entiers.<\/p>\n<p style=\"text-align: justify;\">C&rsquo;est un ensemble de r\u00e8gles et d&rsquo;exigences qui certifient que le b\u00e2timent en question est durable, compatible avec les normes d&rsquo;\u00e9co-efficacit\u00e9, en le notant en cinq cat\u00e9gories : durabilit\u00e9, \u00e9conomie d&rsquo;eau, d&rsquo;\u00e9nergie et d&rsquo;atmosph\u00e8re, mat\u00e9riaux et ressources et la qualit\u00e9 environnementale des int\u00e9rieurs.<\/p>\n<p style=\"text-align: justify;\">Parall\u00e8lement \u00e0 une cat\u00e9gorie suppl\u00e9mentaire, sur l&rsquo;innovation dans la conception des b\u00e2timents, un tableau est \u00e9tabli qui vous permet d&rsquo;obtenir l&rsquo;un des quatre niveaux du certificat : le certificat LEED lui-m\u00eame, le plus bas, suivi des certificats Argent, Or et Platine.<\/p>\n<p style=\"text-align: justify;\"><strong>GARCIA FAURA<\/strong> peut apporter une contribution d\u00e9cisive \u00e0 la durabilit\u00e9 du b\u00e2timent, notamment avec ses fa\u00e7ades. Ce sont des \u00e9l\u00e9ments qui contribuent \u00e0 la durabilit\u00e9 des b\u00e2timents qui se traduisent par le confort et la sant\u00e9 des personnes dans des espaces de toutes sortes. Et, en plus, avec des \u00e9conomies d&rsquo;\u00e9nergie et \u00e9conomiques.<\/p>\n<p style=\"text-align: justify;\">Le choix et la conception d&rsquo;une solution technique correcte pour la fa\u00e7ade d&rsquo;un b\u00e2timent peuvent consid\u00e9rablement am\u00e9liorer son efficacit\u00e9 \u00e9nerg\u00e9tique, \u00e0 la fois en performance thermique et solaire. La combinaison de cette solution de fa\u00e7ade avec d&rsquo;autres \u00e9l\u00e9ments \u00e0 valeur ajout\u00e9e qui favorisent les \u00e9conomies d&rsquo;\u00e9nergie peut \u00eatre fondamentale pour d\u00e9terminer le degr\u00e9 de durabilit\u00e9 du b\u00e2timent.<\/p>\n<p style=\"text-align: justify;\"><strong>GARCIA FAURA<\/strong> s&rsquo;est sp\u00e9cialis\u00e9e dans le d\u00e9veloppement de ce type de solutions techniques pour les fa\u00e7ades, gr\u00e2ce \u00e0 son \u00e9quipe d&rsquo;ing\u00e9nieurs sp\u00e9cialis\u00e9s, qui travaillent avec les ing\u00e9nieurs en construction et les architectes des projets ex\u00e9cut\u00e9s par l&rsquo;entreprise.<\/p>\n<p style=\"text-align: justify;\">En effet, <strong>GARCIA FAURA<\/strong> a particip\u00e9 \u00e0 la construction de plusieurs b\u00e2timents qui ont d\u00e9j\u00e0 ou sont en cours de certification LEED, tels que les bureaux de la <a href=\"https:\/\/www.garciafaura.com\/fr\/portfolio-item\/bureaux-diagonal-191\/\" target=\"_blank\" rel=\"noopener\"><strong>Diagonal 191<\/strong><\/a> et <a href=\"https:\/\/www.garciafaura.com\/fr\/portfolio-item\/bureaux-diagonal-525\/\" target=\"_blank\" rel=\"noopener\"><strong>525<\/strong><\/a> \u00e0 Barcelone, la tour coloniale de la Pla\u00e7a Europa \u00e0 L&rsquo;Hospitalet de Llobregat, ou une promotion d&rsquo;entreprise dans la rue Selva de Mar dans la capitale catalane.<\/p>\n","protected":false},"excerpt":{"rendered":"<p>Contribuer \u00e0 une construction respectueuse de l&rsquo;environnement est l&rsquo;une des priorit\u00e9s de GARCIA FAURA. C\u2019est pourquoi les fa\u00e7ades de l\u2019entreprise peuvent devenir une pi\u00e8ce tr\u00e8s importante pour les b\u00e2timents qui souhaitent obtenir la certification LEED, l\u2019une des plus importantes au&hellip;<\/p>\n","protected":false},"author":3,"featured_media":0,"comment_status":"closed","ping_status":"open","sticky":false,"template":"","format":"gallery","meta":{"footnotes":""},"categories":[2],"tags":[],"post_series":[],"class_list":["post-26136","post","type-post","status-publish","format-gallery","hentry","category-actualite","post_format-post-format-gallery","entry","has-media"],"yoast_head":"<!-- This site is optimized with the Yoast SEO plugin v26.7 - https:\/\/yoast.com\/wordpress\/plugins\/seo\/ -->\n<title>La fa\u00e7ade comme contribution aux b\u00e2timents certifi\u00e9s LEED - GARCIA FAURA<\/title>\n<meta name=\"description\" content=\"Arquitectura en Alumini, Inox, Ferro i Vidre\" \/>\n<meta name=\"robots\" content=\"index, follow, max-snippet:-1, max-image-preview:large, max-video-preview:-1\" \/>\n<link rel=\"canonical\" href=\"https:\/\/www.garciafaura.com\/fr\/la-facana-com-a-contribucio-a-edificis-amb-certificacio-leed\/\" \/>\n<meta property=\"og:locale\" content=\"fr_FR\" \/>\n<meta property=\"og:type\" content=\"article\" \/>\n<meta property=\"og:title\" content=\"La fa\u00e7ade comme contribution aux b\u00e2timents certifi\u00e9s LEED - GARCIA FAURA\" \/>\n<meta property=\"og:description\" content=\"Arquitectura en Alumini, Inox, Ferro i Vidre\" \/>\n<meta property=\"og:url\" content=\"https:\/\/www.garciafaura.com\/fr\/la-facana-com-a-contribucio-a-edificis-amb-certificacio-leed\/\" \/>\n<meta property=\"og:site_name\" content=\"GARCIA FAURA\" \/>\n<meta property=\"article:published_time\" content=\"2020-11-11T15:26:23+00:00\" \/>\n<meta property=\"article:modified_time\" content=\"2020-11-11T16:00:56+00:00\" \/>\n<meta name=\"author\" content=\"David Achell\" \/>\n<meta name=\"twitter:card\" content=\"summary_large_image\" \/>\n<meta name=\"twitter:label1\" content=\"\u00c9crit par\" \/>\n\t<meta name=\"twitter:data1\" content=\"David Achell\" \/>\n\t<meta name=\"twitter:label2\" content=\"Dur\u00e9e de lecture estim\u00e9e\" \/>\n\t<meta name=\"twitter:data2\" content=\"2 minutes\" \/>\n<script type=\"application\/ld+json\" class=\"yoast-schema-graph\">{\"@context\":\"https:\/\/schema.org\",\"@graph\":[{\"@type\":\"Article\",\"@id\":\"https:\/\/www.garciafaura.com\/fr\/la-facana-com-a-contribucio-a-edificis-amb-certificacio-leed\/#article\",\"isPartOf\":{\"@id\":\"https:\/\/www.garciafaura.com\/fr\/la-facana-com-a-contribucio-a-edificis-amb-certificacio-leed\/\"},\"author\":{\"name\":\"David Achell\",\"@id\":\"https:\/\/www.garciafaura.com\/fr\/#\/schema\/person\/b4b75e69b33fac3446071909bec106b0\"},\"headline\":\"La fa\u00e7ade comme contribution aux b\u00e2timents certifi\u00e9s LEED\",\"datePublished\":\"2020-11-11T15:26:23+00:00\",\"dateModified\":\"2020-11-11T16:00:56+00:00\",\"mainEntityOfPage\":{\"@id\":\"https:\/\/www.garciafaura.com\/fr\/la-facana-com-a-contribucio-a-edificis-amb-certificacio-leed\/\"},\"wordCount\":447,\"publisher\":{\"@id\":\"https:\/\/www.garciafaura.com\/fr\/#organization\"},\"articleSection\":[\"Actualit\u00e9\"],\"inLanguage\":\"fr-FR\"},{\"@type\":\"WebPage\",\"@id\":\"https:\/\/www.garciafaura.com\/fr\/la-facana-com-a-contribucio-a-edificis-amb-certificacio-leed\/\",\"url\":\"https:\/\/www.garciafaura.com\/fr\/la-facana-com-a-contribucio-a-edificis-amb-certificacio-leed\/\",\"name\":\"La fa\u00e7ade comme contribution aux b\u00e2timents certifi\u00e9s LEED - GARCIA FAURA\",\"isPartOf\":{\"@id\":\"https:\/\/www.garciafaura.com\/fr\/#website\"},\"datePublished\":\"2020-11-11T15:26:23+00:00\",\"dateModified\":\"2020-11-11T16:00:56+00:00\",\"description\":\"Arquitectura en Alumini, Inox, Ferro i Vidre\",\"breadcrumb\":{\"@id\":\"https:\/\/www.garciafaura.com\/fr\/la-facana-com-a-contribucio-a-edificis-amb-certificacio-leed\/#breadcrumb\"},\"inLanguage\":\"fr-FR\",\"potentialAction\":[{\"@type\":\"ReadAction\",\"target\":[\"https:\/\/www.garciafaura.com\/fr\/la-facana-com-a-contribucio-a-edificis-amb-certificacio-leed\/\"]}]},{\"@type\":\"BreadcrumbList\",\"@id\":\"https:\/\/www.garciafaura.com\/fr\/la-facana-com-a-contribucio-a-edificis-amb-certificacio-leed\/#breadcrumb\",\"itemListElement\":[{\"@type\":\"ListItem\",\"position\":1,\"name\":\"Inici\",\"item\":\"https:\/\/www.garciafaura.com\/fr\/\"},{\"@type\":\"ListItem\",\"position\":2,\"name\":\"La fa\u00e7ade comme contribution aux b\u00e2timents certifi\u00e9s LEED\"}]},{\"@type\":\"WebSite\",\"@id\":\"https:\/\/www.garciafaura.com\/fr\/#website\",\"url\":\"https:\/\/www.garciafaura.com\/fr\/\",\"name\":\"GARCIA FAURA\",\"description\":\"Arquitectura en Alumini, Inox, Ferro i Vidre\",\"publisher\":{\"@id\":\"https:\/\/www.garciafaura.com\/fr\/#organization\"},\"potentialAction\":[{\"@type\":\"SearchAction\",\"target\":{\"@type\":\"EntryPoint\",\"urlTemplate\":\"https:\/\/www.garciafaura.com\/fr\/?s={search_term_string}\"},\"query-input\":{\"@type\":\"PropertyValueSpecification\",\"valueRequired\":true,\"valueName\":\"search_term_string\"}}],\"inLanguage\":\"fr-FR\"},{\"@type\":\"Organization\",\"@id\":\"https:\/\/www.garciafaura.com\/fr\/#organization\",\"name\":\"GARCIA FAURA\",\"url\":\"https:\/\/www.garciafaura.com\/fr\/\",\"logo\":{\"@type\":\"ImageObject\",\"inLanguage\":\"fr-FR\",\"@id\":\"https:\/\/www.garciafaura.com\/fr\/#\/schema\/logo\/image\/\",\"url\":\"https:\/\/www.garciafaura.com\/wp-content\/uploads\/2018\/09\/Garcia-Faura.png\",\"contentUrl\":\"https:\/\/www.garciafaura.com\/wp-content\/uploads\/2018\/09\/Garcia-Faura.png\",\"width\":512,\"height\":512,\"caption\":\"GARCIA FAURA\"},\"image\":{\"@id\":\"https:\/\/www.garciafaura.com\/fr\/#\/schema\/logo\/image\/\"},\"sameAs\":[\"https:\/\/www.youtube.com\/user\/GARCIAFAURA\"]},{\"@type\":\"Person\",\"@id\":\"https:\/\/www.garciafaura.com\/fr\/#\/schema\/person\/b4b75e69b33fac3446071909bec106b0\",\"name\":\"David Achell\",\"image\":{\"@type\":\"ImageObject\",\"inLanguage\":\"fr-FR\",\"@id\":\"https:\/\/www.garciafaura.com\/fr\/#\/schema\/person\/image\/\",\"url\":\"https:\/\/secure.gravatar.com\/avatar\/03900210afc1f61bce737bcb4a79c02e2c997f171e3eca839b5a4cbe03846c90?s=96&d=blank&r=g\",\"contentUrl\":\"https:\/\/secure.gravatar.com\/avatar\/03900210afc1f61bce737bcb4a79c02e2c997f171e3eca839b5a4cbe03846c90?s=96&d=blank&r=g\",\"caption\":\"David Achell\"}}]}<\/script>\n<!-- \/ Yoast SEO plugin. -->","yoast_head_json":{"title":"La fa\u00e7ade comme contribution aux b\u00e2timents certifi\u00e9s LEED - GARCIA FAURA","description":"Arquitectura en Alumini, Inox, Ferro i Vidre","robots":{"index":"index","follow":"follow","max-snippet":"max-snippet:-1","max-image-preview":"max-image-preview:large","max-video-preview":"max-video-preview:-1"},"canonical":"https:\/\/www.garciafaura.com\/fr\/la-facana-com-a-contribucio-a-edificis-amb-certificacio-leed\/","og_locale":"fr_FR","og_type":"article","og_title":"La fa\u00e7ade comme contribution aux b\u00e2timents certifi\u00e9s LEED - GARCIA FAURA","og_description":"Arquitectura en Alumini, Inox, Ferro i Vidre","og_url":"https:\/\/www.garciafaura.com\/fr\/la-facana-com-a-contribucio-a-edificis-amb-certificacio-leed\/","og_site_name":"GARCIA FAURA","article_published_time":"2020-11-11T15:26:23+00:00","article_modified_time":"2020-11-11T16:00:56+00:00","author":"David Achell","twitter_card":"summary_large_image","twitter_misc":{"\u00c9crit par":"David Achell","Dur\u00e9e de lecture estim\u00e9e":"2 minutes"},"schema":{"@context":"https:\/\/schema.org","@graph":[{"@type":"Article","@id":"https:\/\/www.garciafaura.com\/fr\/la-facana-com-a-contribucio-a-edificis-amb-certificacio-leed\/#article","isPartOf":{"@id":"https:\/\/www.garciafaura.com\/fr\/la-facana-com-a-contribucio-a-edificis-amb-certificacio-leed\/"},"author":{"name":"David Achell","@id":"https:\/\/www.garciafaura.com\/fr\/#\/schema\/person\/b4b75e69b33fac3446071909bec106b0"},"headline":"La fa\u00e7ade comme contribution aux b\u00e2timents certifi\u00e9s LEED","datePublished":"2020-11-11T15:26:23+00:00","dateModified":"2020-11-11T16:00:56+00:00","mainEntityOfPage":{"@id":"https:\/\/www.garciafaura.com\/fr\/la-facana-com-a-contribucio-a-edificis-amb-certificacio-leed\/"},"wordCount":447,"publisher":{"@id":"https:\/\/www.garciafaura.com\/fr\/#organization"},"articleSection":["Actualit\u00e9"],"inLanguage":"fr-FR"},{"@type":"WebPage","@id":"https:\/\/www.garciafaura.com\/fr\/la-facana-com-a-contribucio-a-edificis-amb-certificacio-leed\/","url":"https:\/\/www.garciafaura.com\/fr\/la-facana-com-a-contribucio-a-edificis-amb-certificacio-leed\/","name":"La fa\u00e7ade comme contribution aux b\u00e2timents certifi\u00e9s LEED - GARCIA FAURA","isPartOf":{"@id":"https:\/\/www.garciafaura.com\/fr\/#website"},"datePublished":"2020-11-11T15:26:23+00:00","dateModified":"2020-11-11T16:00:56+00:00","description":"Arquitectura en Alumini, Inox, Ferro i Vidre","breadcrumb":{"@id":"https:\/\/www.garciafaura.com\/fr\/la-facana-com-a-contribucio-a-edificis-amb-certificacio-leed\/#breadcrumb"},"inLanguage":"fr-FR","potentialAction":[{"@type":"ReadAction","target":["https:\/\/www.garciafaura.com\/fr\/la-facana-com-a-contribucio-a-edificis-amb-certificacio-leed\/"]}]},{"@type":"BreadcrumbList","@id":"https:\/\/www.garciafaura.com\/fr\/la-facana-com-a-contribucio-a-edificis-amb-certificacio-leed\/#breadcrumb","itemListElement":[{"@type":"ListItem","position":1,"name":"Inici","item":"https:\/\/www.garciafaura.com\/fr\/"},{"@type":"ListItem","position":2,"name":"La fa\u00e7ade comme contribution aux b\u00e2timents certifi\u00e9s LEED"}]},{"@type":"WebSite","@id":"https:\/\/www.garciafaura.com\/fr\/#website","url":"https:\/\/www.garciafaura.com\/fr\/","name":"GARCIA FAURA","description":"Arquitectura en Alumini, Inox, Ferro i Vidre","publisher":{"@id":"https:\/\/www.garciafaura.com\/fr\/#organization"},"potentialAction":[{"@type":"SearchAction","target":{"@type":"EntryPoint","urlTemplate":"https:\/\/www.garciafaura.com\/fr\/?s={search_term_string}"},"query-input":{"@type":"PropertyValueSpecification","valueRequired":true,"valueName":"search_term_string"}}],"inLanguage":"fr-FR"},{"@type":"Organization","@id":"https:\/\/www.garciafaura.com\/fr\/#organization","name":"GARCIA FAURA","url":"https:\/\/www.garciafaura.com\/fr\/","logo":{"@type":"ImageObject","inLanguage":"fr-FR","@id":"https:\/\/www.garciafaura.com\/fr\/#\/schema\/logo\/image\/","url":"https:\/\/www.garciafaura.com\/wp-content\/uploads\/2018\/09\/Garcia-Faura.png","contentUrl":"https:\/\/www.garciafaura.com\/wp-content\/uploads\/2018\/09\/Garcia-Faura.png","width":512,"height":512,"caption":"GARCIA FAURA"},"image":{"@id":"https:\/\/www.garciafaura.com\/fr\/#\/schema\/logo\/image\/"},"sameAs":["https:\/\/www.youtube.com\/user\/GARCIAFAURA"]},{"@type":"Person","@id":"https:\/\/www.garciafaura.com\/fr\/#\/schema\/person\/b4b75e69b33fac3446071909bec106b0","name":"David Achell","image":{"@type":"ImageObject","inLanguage":"fr-FR","@id":"https:\/\/www.garciafaura.com\/fr\/#\/schema\/person\/image\/","url":"https:\/\/secure.gravatar.com\/avatar\/03900210afc1f61bce737bcb4a79c02e2c997f171e3eca839b5a4cbe03846c90?s=96&d=blank&r=g","contentUrl":"https:\/\/secure.gravatar.com\/avatar\/03900210afc1f61bce737bcb4a79c02e2c997f171e3eca839b5a4cbe03846c90?s=96&d=blank&r=g","caption":"David Achell"}}]}},"_links":{"self":[{"href":"https:\/\/www.garciafaura.com\/fr\/wp-json\/wp\/v2\/posts\/26136","targetHints":{"allow":["GET"]}}],"collection":[{"href":"https:\/\/www.garciafaura.com\/fr\/wp-json\/wp\/v2\/posts"}],"about":[{"href":"https:\/\/www.garciafaura.com\/fr\/wp-json\/wp\/v2\/types\/post"}],"author":[{"embeddable":true,"href":"https:\/\/www.garciafaura.com\/fr\/wp-json\/wp\/v2\/users\/3"}],"replies":[{"embeddable":true,"href":"https:\/\/www.garciafaura.com\/fr\/wp-json\/wp\/v2\/comments?post=26136"}],"version-history":[{"count":2,"href":"https:\/\/www.garciafaura.com\/fr\/wp-json\/wp\/v2\/posts\/26136\/revisions"}],"predecessor-version":[{"id":26143,"href":"https:\/\/www.garciafaura.com\/fr\/wp-json\/wp\/v2\/posts\/26136\/revisions\/26143"}],"wp:attachment":[{"href":"https:\/\/www.garciafaura.com\/fr\/wp-json\/wp\/v2\/media?parent=26136"}],"wp:term":[{"taxonomy":"category","embeddable":true,"href":"https:\/\/www.garciafaura.com\/fr\/wp-json\/wp\/v2\/categories?post=26136"},{"taxonomy":"post_tag","embeddable":true,"href":"https:\/\/www.garciafaura.com\/fr\/wp-json\/wp\/v2\/tags?post=26136"},{"taxonomy":"post_series","embeddable":true,"href":"https:\/\/www.garciafaura.com\/fr\/wp-json\/wp\/v2\/post_series?post=26136"}],"curies":[{"name":"wp","href":"https:\/\/api.w.org\/{rel}","templated":true}]}}