{"id":26117,"date":"2020-10-28T16:41:35","date_gmt":"2020-10-28T14:41:35","guid":{"rendered":"https:\/\/www.garciafaura.com\/garcia-faura-per-la-promocio-del-talent-jove\/"},"modified":"2020-10-30T09:09:51","modified_gmt":"2020-10-30T07:09:51","slug":"garcia-faura-per-la-promocio-del-talent-jove","status":"publish","type":"post","link":"https:\/\/www.garciafaura.com\/fr\/garcia-faura-per-la-promocio-del-talent-jove\/","title":{"rendered":"GARCIA FAURA, pour la promotion des jeunes talents"},"content":{"rendered":"<p style=\"text-align: justify;\"><strong><span style=\"font-family: arial, helvetica, sans-serif;\">L&rsquo;entreprise est l&rsquo;une des dix entreprises catalanes participant \u00e0 la deuxi\u00e8me \u00e9dition du programme Metr\u00f2polisFPLab, une initiative innovante qui rapproche les \u00e9tudiants de FP (Formation Professionnelle) des exigences du monde des affaires et du territoire<\/span>.<\/strong><\/p>\n<p style=\"text-align: justify;\"><strong>GARCIA FAURA<\/strong> a \u00e9t\u00e9 choisie cette ann\u00e9e comme l&rsquo;une des dix entreprises de r\u00e9f\u00e9rence \u00e0 participer \u00e0 l&rsquo;\u00e9dition 2020-2021 du programme <a href=\"https:\/\/blogs.amb.cat\/innoamb\/ca\/metropolisfplab\/\" target=\"_blank\" rel=\"noopener\"><strong>Metr\u00f2polisFPLab<\/strong><\/a>, promu par l&rsquo;Agence pour le d\u00e9veloppement \u00e9conomique de la zone m\u00e9tropolitaine de Barcelone et la Fondation BCN Formation Professionnelle.<\/p>\n<p style=\"text-align: justify;\">Les entreprises participant au programme proposent une s\u00e9rie de d\u00e9fis que diff\u00e9rentes \u00e9quipes d&rsquo;\u00e9tudiants doivent r\u00e9soudre en apportant leurs id\u00e9es. Le prix de chaque \u00e9quipe gagnante consiste en le d\u00e9veloppement de l&rsquo;id\u00e9e et \/ ou de la proposition d&rsquo;am\u00e9lioration dans la m\u00eame entreprise gr\u00e2ce \u00e0 une bourse de formation r\u00e9mun\u00e9r\u00e9e.<\/p>\n<p style=\"text-align: justify;\">Dans le cas de <strong>GARCIA FAURA,<\/strong> l&rsquo;entreprise a pos\u00e9 un d\u00e9fi li\u00e9 au processus de logistique et d&rsquo;exp\u00e9dition des produits. La proposition est \u00e0 c\u00f4t\u00e9 de celle d&rsquo;autres entreprises participantes importantes telles que le Port de Barcelone, les Transports M\u00e9tropolitains de Barcelone, Aig\u00fces de Barcelona, \u200b\u200bInstitut Catalan d&rsquo;Oncologie ou le Circuit de Barcelone &#8211; Catalunya, entre autres.<\/p>\n<p style=\"text-align: justify;\">L&rsquo;\u00e9dition de l&rsquo;ann\u00e9e derni\u00e8re a r\u00e9uni plus de 600 \u00e9tudiants de 33 centres de formation professionnelle qui ont g\u00e9n\u00e9r\u00e9 426 id\u00e9es pour huit d\u00e9fis, avec un total de 12 projets finalistes et six \u00e9quipes gagnantes.<\/p>\n<p style=\"text-align: justify;\">La participation de l&rsquo;entreprise \u00e0 ce programme s&rsquo;inscrit dans les objectifs de la Responsabilit\u00e9 Soci\u00e9tale d&rsquo;Entreprise de <strong>GARCIA FAURA<\/strong>, qui a l&rsquo;un de ses principaux axes d&rsquo;action dans la promotion des talents.<\/p>\n","protected":false},"excerpt":{"rendered":"<p>L&rsquo;entreprise est l&rsquo;une des dix entreprises catalanes participant \u00e0 la deuxi\u00e8me \u00e9dition du programme Metr\u00f2polisFPLab, une initiative innovante qui rapproche les \u00e9tudiants de FP (Formation Professionnelle) des exigences du monde des affaires et du territoire. GARCIA FAURA a \u00e9t\u00e9 choisie&hellip;<\/p>\n","protected":false},"author":3,"featured_media":26107,"comment_status":"closed","ping_status":"open","sticky":false,"template":"","format":"standard","meta":{"footnotes":""},"categories":[2],"tags":[],"post_series":[],"class_list":["post-26117","post","type-post","status-publish","format-standard","has-post-thumbnail","hentry","category-actualite","entry","has-media"],"yoast_head":"<!-- This site is optimized with the Yoast SEO plugin v26.7 - https:\/\/yoast.com\/wordpress\/plugins\/seo\/ -->\n<title>GARCIA FAURA, pour la promotion des jeunes talents - GARCIA FAURA<\/title>\n<meta name=\"description\" content=\"Arquitectura en Alumini, Inox, Ferro i Vidre\" \/>\n<meta name=\"robots\" content=\"index, follow, max-snippet:-1, max-image-preview:large, max-video-preview:-1\" \/>\n<link rel=\"canonical\" href=\"https:\/\/www.garciafaura.com\/fr\/garcia-faura-per-la-promocio-del-talent-jove\/\" \/>\n<meta property=\"og:locale\" content=\"fr_FR\" \/>\n<meta property=\"og:type\" content=\"article\" \/>\n<meta property=\"og:title\" content=\"GARCIA FAURA, pour la promotion des jeunes talents - GARCIA FAURA\" \/>\n<meta property=\"og:description\" content=\"Arquitectura en Alumini, Inox, Ferro i Vidre\" \/>\n<meta property=\"og:url\" content=\"https:\/\/www.garciafaura.com\/fr\/garcia-faura-per-la-promocio-del-talent-jove\/\" \/>\n<meta property=\"og:site_name\" content=\"GARCIA FAURA\" \/>\n<meta property=\"article:published_time\" content=\"2020-10-28T14:41:35+00:00\" \/>\n<meta property=\"article:modified_time\" content=\"2020-10-30T07:09:51+00:00\" \/>\n<meta property=\"og:image\" content=\"https:\/\/www.garciafaura.com\/wp-content\/uploads\/2020\/10\/logometropolis1.jpg\" \/>\n\t<meta property=\"og:image:width\" content=\"600\" \/>\n\t<meta property=\"og:image:height\" content=\"300\" \/>\n\t<meta property=\"og:image:type\" content=\"image\/jpeg\" \/>\n<meta name=\"author\" content=\"David Achell\" \/>\n<meta name=\"twitter:card\" content=\"summary_large_image\" \/>\n<meta name=\"twitter:label1\" content=\"\u00c9crit par\" \/>\n\t<meta name=\"twitter:data1\" content=\"David Achell\" \/>\n\t<meta name=\"twitter:label2\" content=\"Dur\u00e9e de lecture estim\u00e9e\" \/>\n\t<meta name=\"twitter:data2\" content=\"1 minute\" \/>\n<script type=\"application\/ld+json\" class=\"yoast-schema-graph\">{\"@context\":\"https:\/\/schema.org\",\"@graph\":[{\"@type\":\"Article\",\"@id\":\"https:\/\/www.garciafaura.com\/fr\/garcia-faura-per-la-promocio-del-talent-jove\/#article\",\"isPartOf\":{\"@id\":\"https:\/\/www.garciafaura.com\/fr\/garcia-faura-per-la-promocio-del-talent-jove\/\"},\"author\":{\"name\":\"David Achell\",\"@id\":\"https:\/\/www.garciafaura.com\/fr\/#\/schema\/person\/b4b75e69b33fac3446071909bec106b0\"},\"headline\":\"GARCIA FAURA, pour la promotion des jeunes talents\",\"datePublished\":\"2020-10-28T14:41:35+00:00\",\"dateModified\":\"2020-10-30T07:09:51+00:00\",\"mainEntityOfPage\":{\"@id\":\"https:\/\/www.garciafaura.com\/fr\/garcia-faura-per-la-promocio-del-talent-jove\/\"},\"wordCount\":300,\"publisher\":{\"@id\":\"https:\/\/www.garciafaura.com\/fr\/#organization\"},\"image\":{\"@id\":\"https:\/\/www.garciafaura.com\/fr\/garcia-faura-per-la-promocio-del-talent-jove\/#primaryimage\"},\"thumbnailUrl\":\"https:\/\/www.garciafaura.com\/wp-content\/uploads\/2020\/10\/logometropolis1.jpg\",\"articleSection\":[\"Actualit\u00e9\"],\"inLanguage\":\"fr-FR\"},{\"@type\":\"WebPage\",\"@id\":\"https:\/\/www.garciafaura.com\/fr\/garcia-faura-per-la-promocio-del-talent-jove\/\",\"url\":\"https:\/\/www.garciafaura.com\/fr\/garcia-faura-per-la-promocio-del-talent-jove\/\",\"name\":\"GARCIA FAURA, pour la promotion des jeunes talents - GARCIA FAURA\",\"isPartOf\":{\"@id\":\"https:\/\/www.garciafaura.com\/fr\/#website\"},\"primaryImageOfPage\":{\"@id\":\"https:\/\/www.garciafaura.com\/fr\/garcia-faura-per-la-promocio-del-talent-jove\/#primaryimage\"},\"image\":{\"@id\":\"https:\/\/www.garciafaura.com\/fr\/garcia-faura-per-la-promocio-del-talent-jove\/#primaryimage\"},\"thumbnailUrl\":\"https:\/\/www.garciafaura.com\/wp-content\/uploads\/2020\/10\/logometropolis1.jpg\",\"datePublished\":\"2020-10-28T14:41:35+00:00\",\"dateModified\":\"2020-10-30T07:09:51+00:00\",\"description\":\"Arquitectura en Alumini, Inox, Ferro i Vidre\",\"breadcrumb\":{\"@id\":\"https:\/\/www.garciafaura.com\/fr\/garcia-faura-per-la-promocio-del-talent-jove\/#breadcrumb\"},\"inLanguage\":\"fr-FR\",\"potentialAction\":[{\"@type\":\"ReadAction\",\"target\":[\"https:\/\/www.garciafaura.com\/fr\/garcia-faura-per-la-promocio-del-talent-jove\/\"]}]},{\"@type\":\"ImageObject\",\"inLanguage\":\"fr-FR\",\"@id\":\"https:\/\/www.garciafaura.com\/fr\/garcia-faura-per-la-promocio-del-talent-jove\/#primaryimage\",\"url\":\"https:\/\/www.garciafaura.com\/wp-content\/uploads\/2020\/10\/logometropolis1.jpg\",\"contentUrl\":\"https:\/\/www.garciafaura.com\/wp-content\/uploads\/2020\/10\/logometropolis1.jpg\",\"width\":600,\"height\":300},{\"@type\":\"BreadcrumbList\",\"@id\":\"https:\/\/www.garciafaura.com\/fr\/garcia-faura-per-la-promocio-del-talent-jove\/#breadcrumb\",\"itemListElement\":[{\"@type\":\"ListItem\",\"position\":1,\"name\":\"Inici\",\"item\":\"https:\/\/www.garciafaura.com\/fr\/\"},{\"@type\":\"ListItem\",\"position\":2,\"name\":\"GARCIA FAURA, pour la promotion des jeunes talents\"}]},{\"@type\":\"WebSite\",\"@id\":\"https:\/\/www.garciafaura.com\/fr\/#website\",\"url\":\"https:\/\/www.garciafaura.com\/fr\/\",\"name\":\"GARCIA FAURA\",\"description\":\"Arquitectura en Alumini, Inox, Ferro i Vidre\",\"publisher\":{\"@id\":\"https:\/\/www.garciafaura.com\/fr\/#organization\"},\"potentialAction\":[{\"@type\":\"SearchAction\",\"target\":{\"@type\":\"EntryPoint\",\"urlTemplate\":\"https:\/\/www.garciafaura.com\/fr\/?s={search_term_string}\"},\"query-input\":{\"@type\":\"PropertyValueSpecification\",\"valueRequired\":true,\"valueName\":\"search_term_string\"}}],\"inLanguage\":\"fr-FR\"},{\"@type\":\"Organization\",\"@id\":\"https:\/\/www.garciafaura.com\/fr\/#organization\",\"name\":\"GARCIA FAURA\",\"url\":\"https:\/\/www.garciafaura.com\/fr\/\",\"logo\":{\"@type\":\"ImageObject\",\"inLanguage\":\"fr-FR\",\"@id\":\"https:\/\/www.garciafaura.com\/fr\/#\/schema\/logo\/image\/\",\"url\":\"https:\/\/www.garciafaura.com\/wp-content\/uploads\/2018\/09\/Garcia-Faura.png\",\"contentUrl\":\"https:\/\/www.garciafaura.com\/wp-content\/uploads\/2018\/09\/Garcia-Faura.png\",\"width\":512,\"height\":512,\"caption\":\"GARCIA FAURA\"},\"image\":{\"@id\":\"https:\/\/www.garciafaura.com\/fr\/#\/schema\/logo\/image\/\"},\"sameAs\":[\"https:\/\/www.youtube.com\/user\/GARCIAFAURA\"]},{\"@type\":\"Person\",\"@id\":\"https:\/\/www.garciafaura.com\/fr\/#\/schema\/person\/b4b75e69b33fac3446071909bec106b0\",\"name\":\"David Achell\",\"image\":{\"@type\":\"ImageObject\",\"inLanguage\":\"fr-FR\",\"@id\":\"https:\/\/www.garciafaura.com\/fr\/#\/schema\/person\/image\/\",\"url\":\"https:\/\/secure.gravatar.com\/avatar\/03900210afc1f61bce737bcb4a79c02e2c997f171e3eca839b5a4cbe03846c90?s=96&d=blank&r=g\",\"contentUrl\":\"https:\/\/secure.gravatar.com\/avatar\/03900210afc1f61bce737bcb4a79c02e2c997f171e3eca839b5a4cbe03846c90?s=96&d=blank&r=g\",\"caption\":\"David Achell\"}}]}<\/script>\n<!-- \/ Yoast SEO plugin. -->","yoast_head_json":{"title":"GARCIA FAURA, pour la promotion des jeunes talents - GARCIA FAURA","description":"Arquitectura en Alumini, Inox, Ferro i Vidre","robots":{"index":"index","follow":"follow","max-snippet":"max-snippet:-1","max-image-preview":"max-image-preview:large","max-video-preview":"max-video-preview:-1"},"canonical":"https:\/\/www.garciafaura.com\/fr\/garcia-faura-per-la-promocio-del-talent-jove\/","og_locale":"fr_FR","og_type":"article","og_title":"GARCIA FAURA, pour la promotion des jeunes talents - GARCIA FAURA","og_description":"Arquitectura en Alumini, Inox, Ferro i Vidre","og_url":"https:\/\/www.garciafaura.com\/fr\/garcia-faura-per-la-promocio-del-talent-jove\/","og_site_name":"GARCIA FAURA","article_published_time":"2020-10-28T14:41:35+00:00","article_modified_time":"2020-10-30T07:09:51+00:00","og_image":[{"width":600,"height":300,"url":"https:\/\/www.garciafaura.com\/wp-content\/uploads\/2020\/10\/logometropolis1.jpg","type":"image\/jpeg"}],"author":"David Achell","twitter_card":"summary_large_image","twitter_misc":{"\u00c9crit par":"David Achell","Dur\u00e9e de lecture estim\u00e9e":"1 minute"},"schema":{"@context":"https:\/\/schema.org","@graph":[{"@type":"Article","@id":"https:\/\/www.garciafaura.com\/fr\/garcia-faura-per-la-promocio-del-talent-jove\/#article","isPartOf":{"@id":"https:\/\/www.garciafaura.com\/fr\/garcia-faura-per-la-promocio-del-talent-jove\/"},"author":{"name":"David Achell","@id":"https:\/\/www.garciafaura.com\/fr\/#\/schema\/person\/b4b75e69b33fac3446071909bec106b0"},"headline":"GARCIA FAURA, pour la promotion des jeunes talents","datePublished":"2020-10-28T14:41:35+00:00","dateModified":"2020-10-30T07:09:51+00:00","mainEntityOfPage":{"@id":"https:\/\/www.garciafaura.com\/fr\/garcia-faura-per-la-promocio-del-talent-jove\/"},"wordCount":300,"publisher":{"@id":"https:\/\/www.garciafaura.com\/fr\/#organization"},"image":{"@id":"https:\/\/www.garciafaura.com\/fr\/garcia-faura-per-la-promocio-del-talent-jove\/#primaryimage"},"thumbnailUrl":"https:\/\/www.garciafaura.com\/wp-content\/uploads\/2020\/10\/logometropolis1.jpg","articleSection":["Actualit\u00e9"],"inLanguage":"fr-FR"},{"@type":"WebPage","@id":"https:\/\/www.garciafaura.com\/fr\/garcia-faura-per-la-promocio-del-talent-jove\/","url":"https:\/\/www.garciafaura.com\/fr\/garcia-faura-per-la-promocio-del-talent-jove\/","name":"GARCIA FAURA, pour la promotion des jeunes talents - GARCIA FAURA","isPartOf":{"@id":"https:\/\/www.garciafaura.com\/fr\/#website"},"primaryImageOfPage":{"@id":"https:\/\/www.garciafaura.com\/fr\/garcia-faura-per-la-promocio-del-talent-jove\/#primaryimage"},"image":{"@id":"https:\/\/www.garciafaura.com\/fr\/garcia-faura-per-la-promocio-del-talent-jove\/#primaryimage"},"thumbnailUrl":"https:\/\/www.garciafaura.com\/wp-content\/uploads\/2020\/10\/logometropolis1.jpg","datePublished":"2020-10-28T14:41:35+00:00","dateModified":"2020-10-30T07:09:51+00:00","description":"Arquitectura en Alumini, Inox, Ferro i Vidre","breadcrumb":{"@id":"https:\/\/www.garciafaura.com\/fr\/garcia-faura-per-la-promocio-del-talent-jove\/#breadcrumb"},"inLanguage":"fr-FR","potentialAction":[{"@type":"ReadAction","target":["https:\/\/www.garciafaura.com\/fr\/garcia-faura-per-la-promocio-del-talent-jove\/"]}]},{"@type":"ImageObject","inLanguage":"fr-FR","@id":"https:\/\/www.garciafaura.com\/fr\/garcia-faura-per-la-promocio-del-talent-jove\/#primaryimage","url":"https:\/\/www.garciafaura.com\/wp-content\/uploads\/2020\/10\/logometropolis1.jpg","contentUrl":"https:\/\/www.garciafaura.com\/wp-content\/uploads\/2020\/10\/logometropolis1.jpg","width":600,"height":300},{"@type":"BreadcrumbList","@id":"https:\/\/www.garciafaura.com\/fr\/garcia-faura-per-la-promocio-del-talent-jove\/#breadcrumb","itemListElement":[{"@type":"ListItem","position":1,"name":"Inici","item":"https:\/\/www.garciafaura.com\/fr\/"},{"@type":"ListItem","position":2,"name":"GARCIA FAURA, pour la promotion des jeunes talents"}]},{"@type":"WebSite","@id":"https:\/\/www.garciafaura.com\/fr\/#website","url":"https:\/\/www.garciafaura.com\/fr\/","name":"GARCIA FAURA","description":"Arquitectura en Alumini, Inox, Ferro i Vidre","publisher":{"@id":"https:\/\/www.garciafaura.com\/fr\/#organization"},"potentialAction":[{"@type":"SearchAction","target":{"@type":"EntryPoint","urlTemplate":"https:\/\/www.garciafaura.com\/fr\/?s={search_term_string}"},"query-input":{"@type":"PropertyValueSpecification","valueRequired":true,"valueName":"search_term_string"}}],"inLanguage":"fr-FR"},{"@type":"Organization","@id":"https:\/\/www.garciafaura.com\/fr\/#organization","name":"GARCIA FAURA","url":"https:\/\/www.garciafaura.com\/fr\/","logo":{"@type":"ImageObject","inLanguage":"fr-FR","@id":"https:\/\/www.garciafaura.com\/fr\/#\/schema\/logo\/image\/","url":"https:\/\/www.garciafaura.com\/wp-content\/uploads\/2018\/09\/Garcia-Faura.png","contentUrl":"https:\/\/www.garciafaura.com\/wp-content\/uploads\/2018\/09\/Garcia-Faura.png","width":512,"height":512,"caption":"GARCIA FAURA"},"image":{"@id":"https:\/\/www.garciafaura.com\/fr\/#\/schema\/logo\/image\/"},"sameAs":["https:\/\/www.youtube.com\/user\/GARCIAFAURA"]},{"@type":"Person","@id":"https:\/\/www.garciafaura.com\/fr\/#\/schema\/person\/b4b75e69b33fac3446071909bec106b0","name":"David Achell","image":{"@type":"ImageObject","inLanguage":"fr-FR","@id":"https:\/\/www.garciafaura.com\/fr\/#\/schema\/person\/image\/","url":"https:\/\/secure.gravatar.com\/avatar\/03900210afc1f61bce737bcb4a79c02e2c997f171e3eca839b5a4cbe03846c90?s=96&d=blank&r=g","contentUrl":"https:\/\/secure.gravatar.com\/avatar\/03900210afc1f61bce737bcb4a79c02e2c997f171e3eca839b5a4cbe03846c90?s=96&d=blank&r=g","caption":"David Achell"}}]}},"_links":{"self":[{"href":"https:\/\/www.garciafaura.com\/fr\/wp-json\/wp\/v2\/posts\/26117","targetHints":{"allow":["GET"]}}],"collection":[{"href":"https:\/\/www.garciafaura.com\/fr\/wp-json\/wp\/v2\/posts"}],"about":[{"href":"https:\/\/www.garciafaura.com\/fr\/wp-json\/wp\/v2\/types\/post"}],"author":[{"embeddable":true,"href":"https:\/\/www.garciafaura.com\/fr\/wp-json\/wp\/v2\/users\/3"}],"replies":[{"embeddable":true,"href":"https:\/\/www.garciafaura.com\/fr\/wp-json\/wp\/v2\/comments?post=26117"}],"version-history":[{"count":2,"href":"https:\/\/www.garciafaura.com\/fr\/wp-json\/wp\/v2\/posts\/26117\/revisions"}],"predecessor-version":[{"id":26119,"href":"https:\/\/www.garciafaura.com\/fr\/wp-json\/wp\/v2\/posts\/26117\/revisions\/26119"}],"wp:featuredmedia":[{"embeddable":true,"href":"https:\/\/www.garciafaura.com\/fr\/wp-json\/wp\/v2\/media\/26107"}],"wp:attachment":[{"href":"https:\/\/www.garciafaura.com\/fr\/wp-json\/wp\/v2\/media?parent=26117"}],"wp:term":[{"taxonomy":"category","embeddable":true,"href":"https:\/\/www.garciafaura.com\/fr\/wp-json\/wp\/v2\/categories?post=26117"},{"taxonomy":"post_tag","embeddable":true,"href":"https:\/\/www.garciafaura.com\/fr\/wp-json\/wp\/v2\/tags?post=26117"},{"taxonomy":"post_series","embeddable":true,"href":"https:\/\/www.garciafaura.com\/fr\/wp-json\/wp\/v2\/post_series?post=26117"}],"curies":[{"name":"wp","href":"https:\/\/api.w.org\/{rel}","templated":true}]}}