{"id":25605,"date":"2020-07-28T12:00:13","date_gmt":"2020-07-28T10:00:13","guid":{"rendered":"https:\/\/www.garciafaura.com\/?p=25605"},"modified":"2020-07-27T10:33:29","modified_gmt":"2020-07-27T08:33:29","slug":"bon-balanc-de-la-participacio-de-garcia-faura-en-el-master-de-facanes-lleugeres","status":"publish","type":"post","link":"https:\/\/www.garciafaura.com\/fr\/bon-balanc-de-la-participacio-de-garcia-faura-en-el-master-de-facanes-lleugeres\/","title":{"rendered":"Bon r\u00e9sultat de la participation de GARCIA FAURA au Master des fa\u00e7ades l\u00e9g\u00e8res"},"content":{"rendered":"<p style=\"text-align: justify;\"><strong>Au cours de cette ann\u00e9e scolaire, un groupe de techniciens sup\u00e9rieurs de GARCIA FAURA, a re\u00e7u une bourse d&rsquo;\u00e9tudes de l&rsquo;entreprise pour participer au <a href=\"https:\/\/www.masterfachadasligeras.es\/\" target=\"_blank\" rel=\"noopener\">Master des Fa\u00e7ades L\u00e9g\u00e8res<\/a> qui a \u00e9t\u00e9 enseign\u00e9 \u00e0 l&rsquo;\u00c9cole d&rsquo;Architecture de l&rsquo;Universit\u00e9 Polit\u00e8cnica de Catalunya. <a href=\"https:\/\/www.garciafaura.com\/fr\/garcia-faura-recompense-4-de-ses-engenieurs-au-master-de-facades-legeres\/\" target=\"_blank\" rel=\"noopener\">Un engagement de GARCIA FAURA pour la formation continue des travailleurs de l&rsquo;entreprise<\/a>.<\/strong><\/p>\n<p style=\"text-align: justify;\">Le master, dont <strong>GARCIA FAURA<\/strong> \u00e9tait une entit\u00e9 collaboratrice, a \u00e9t\u00e9 marqu\u00e9 par l&rsquo;incidence du coronavirus, avec le d\u00e9but du cours en personne mais se terminant par une formation en ligne. Cependant, le cours a \u00e9t\u00e9 b\u00e9n\u00e9fique pour les techniciens de l&rsquo;entreprise qui y ont particip\u00e9, trois d&rsquo;entre eux ont obtenu des bourses directement par <strong>GARCIA FAURA<\/strong> et une avec la collaboration du fournisseur <a href=\"https:\/\/www.geze.es\/es\/\" target=\"_blank\" rel=\"noopener\"><strong>GEZE Ib\u00e9rica<\/strong><\/a>. Certains participants nous racontent leur exp\u00e9rience.<\/p>\n<p style=\"text-align: justify;\">Pour Maria L\u00f3pez, architecte de formation, les classes du Master ont \u00e9t\u00e9 tr\u00e8s bien organis\u00e9es, m\u00eame lorsque le confinement les a oblig\u00e9s \u00e0 se faire en ligne, de sorte que tous les contenus pr\u00e9vus ont \u00e9t\u00e9 compl\u00e9t\u00e9s correctement.<\/p>\n<p style=\"text-align: justify;\">Selon lui, le master lui a permis \u00ab<strong>d&rsquo;am\u00e9liorer la fa\u00e7on dont je r\u00e9alise mon travail, mais aussi d&rsquo;avoir une vision plus globale d&rsquo;autres parties de la fa\u00e7ade au-del\u00e0 de l&rsquo;assemblage et de la fabrication, comme le design, l&rsquo;acoustique ou le thermique<\/strong>\u00bb. Une vue d&rsquo;ensemble qui \u00ab<strong>me permet d&rsquo;anticiper les probl\u00e8mes ou d&rsquo;en d\u00e9tecter certains qui peuvent survenir dans certaines parties de la fa\u00e7ade<\/strong>\u00bb.<\/p>\n<p style=\"text-align: justify;\">Pour cette raison, je recommanderais le master \u00ab<strong>tant aux personnes qui viennent d&rsquo;obtenir leur dipl\u00f4me et qui souhaitent se sp\u00e9cialiser dans les fa\u00e7ades et aux personnes qui font d\u00e9j\u00e0 partie du secteur et qui souhaitent recycler, car le master est tr\u00e8s \u00e0 jour et aussi \u00e0 jour de la r\u00e9glementation en vigueur. Il ne suffit pas de consacrer vingt ans au monde des fa\u00e7ades<\/strong>\u00bb, conclut-il.<\/p>\n<p style=\"text-align: justify;\">Pour N\u00faria Mu\u00f1oz, une ing\u00e9nieure, le Master a \u00e9t\u00e9 \u00ab<strong>difficile<\/strong>\u00bb de pouvoir combiner travail et cours et r\u00e9aliser le projet final pendant la d\u00e9tention en raison de la pand\u00e9mie de covid-19. \u00ab<strong>Cela nous a servi, finalement, tout a une r\u00e9compense<\/strong>\u00bb, dit-elle avec satisfaction.<\/p>\n<p style=\"text-align: justify;\">Et le master lui a donn\u00e9 \u00ab<strong>un aper\u00e7u de nombreux domaines du secteur que nous ne touchons pas dans notre travail quotidien<\/strong>\u00bb. Ainsi, en plus des connaissances acquises, le cours servira \u00ab<strong>\u00e0 disposer d&rsquo;outils et de ressources pour savoir o\u00f9 aller chercher les informations le jour qui me trouve un probl\u00e8me. En fait, j&rsquo;ai d\u00e9j\u00e0 trouv\u00e9 des cas de doute survenant lors d&rsquo;une r\u00e9union et ayant la r\u00e9ponse dans les notes du master<\/strong>\u00bb<\/p>\n<p style=\"text-align: justify;\">Je recommanderais d\u00e9finitivement le Master \u00e0 n&rsquo;importe qui dans l&rsquo;industrie, car \u00ab<strong>c\u2019est utile, les enseignants sont des sp\u00e9cialistes dans un domaine sp\u00e9cifique et peuvent donner des connaissances plus approfondies. Il peut vous donner un aper\u00e7u des connaissances g\u00e9n\u00e9rales du secteur<\/strong>\u00bb<\/p>\n<p style=\"text-align: justify;\">Francesc S\u00e1nchez, ing\u00e9nieur, partage le m\u00eame avis, donnant une bonne appr\u00e9ciation du master car \u00ab<strong>le programme a \u00e9t\u00e9 tr\u00e8s large, avec des choses tr\u00e8s sp\u00e9cifiques<\/strong>\u00bb. Un aspect du cours qu&rsquo;il aimait car il lui a permis d&rsquo;avoir \u00ab<strong>une vision g\u00e9n\u00e9rale et globale de ce qu&rsquo;est notre m\u00e9tier, car ici chacun de nous est focalis\u00e9 sur un point pr\u00e9cis. Et, m\u00eame dans le m\u00eame domaine dans lequel nous travaillons, vous voyez des types de fa\u00e7ade qui ne sont pas si courants ici et qu&rsquo;il fait aussi bon voir<\/strong>\u00bb.<\/p>\n<p style=\"text-align: justify;\">En ce sens, il consid\u00e8re que le master est \u00ab<strong>particuli\u00e8rement int\u00e9ressant pour quelqu&rsquo;un qui vient de terminer ses \u00e9tudes ou qui est dans le secteur depuis peu de temps, car dans ce monde, quelle que soit la formation que vous avez, vous n\u2019avez pas vu grand-chose. Ce que poss\u00e8de le master, c&rsquo;est une formation sp\u00e9cifique dans ce domaine des fa\u00e7ades, ce qui est toujours bon<\/strong>\u00bb.<\/p>\n","protected":false},"excerpt":{"rendered":"<p>Au cours de cette ann\u00e9e scolaire, un groupe de techniciens sup\u00e9rieurs de GARCIA FAURA, a re\u00e7u une bourse d&rsquo;\u00e9tudes de l&rsquo;entreprise pour participer au Master des Fa\u00e7ades L\u00e9g\u00e8res qui a \u00e9t\u00e9 enseign\u00e9 \u00e0 l&rsquo;\u00c9cole d&rsquo;Architecture de l&rsquo;Universit\u00e9 Polit\u00e8cnica de Catalunya.&hellip;<\/p>\n","protected":false},"author":3,"featured_media":25599,"comment_status":"closed","ping_status":"open","sticky":false,"template":"","format":"standard","meta":{"footnotes":""},"categories":[2],"tags":[],"post_series":[],"class_list":["post-25605","post","type-post","status-publish","format-standard","has-post-thumbnail","hentry","category-actualite","entry","has-media"],"yoast_head":"<!-- This site is optimized with the Yoast SEO plugin v26.7 - https:\/\/yoast.com\/wordpress\/plugins\/seo\/ -->\n<title>Bon r\u00e9sultat de la participation de GARCIA FAURA au Master des fa\u00e7ades l\u00e9g\u00e8res - GARCIA FAURA<\/title>\n<meta name=\"description\" content=\"Arquitectura en Alumini, Inox, Ferro i Vidre\" \/>\n<meta name=\"robots\" content=\"index, follow, max-snippet:-1, max-image-preview:large, max-video-preview:-1\" \/>\n<link rel=\"canonical\" href=\"https:\/\/www.garciafaura.com\/fr\/bon-balanc-de-la-participacio-de-garcia-faura-en-el-master-de-facanes-lleugeres\/\" \/>\n<meta property=\"og:locale\" content=\"fr_FR\" \/>\n<meta property=\"og:type\" content=\"article\" \/>\n<meta property=\"og:title\" content=\"Bon r\u00e9sultat de la participation de GARCIA FAURA au Master des fa\u00e7ades l\u00e9g\u00e8res - GARCIA FAURA\" \/>\n<meta property=\"og:description\" content=\"Arquitectura en Alumini, Inox, Ferro i Vidre\" \/>\n<meta property=\"og:url\" content=\"https:\/\/www.garciafaura.com\/fr\/bon-balanc-de-la-participacio-de-garcia-faura-en-el-master-de-facanes-lleugeres\/\" \/>\n<meta property=\"og:site_name\" content=\"GARCIA FAURA\" \/>\n<meta property=\"article:published_time\" content=\"2020-07-28T10:00:13+00:00\" \/>\n<meta property=\"og:image\" content=\"https:\/\/www.garciafaura.com\/wp-content\/uploads\/2020\/07\/EstudiantsMasterFLleugeres-1024x683.jpg\" \/>\n\t<meta property=\"og:image:width\" content=\"1024\" \/>\n\t<meta property=\"og:image:height\" content=\"683\" \/>\n\t<meta property=\"og:image:type\" content=\"image\/jpeg\" \/>\n<meta name=\"author\" content=\"David Achell\" \/>\n<meta name=\"twitter:card\" content=\"summary_large_image\" \/>\n<meta name=\"twitter:label1\" content=\"\u00c9crit par\" \/>\n\t<meta name=\"twitter:data1\" content=\"David Achell\" \/>\n\t<meta name=\"twitter:label2\" content=\"Dur\u00e9e de lecture estim\u00e9e\" \/>\n\t<meta name=\"twitter:data2\" content=\"3 minutes\" \/>\n<script type=\"application\/ld+json\" class=\"yoast-schema-graph\">{\"@context\":\"https:\/\/schema.org\",\"@graph\":[{\"@type\":\"Article\",\"@id\":\"https:\/\/www.garciafaura.com\/fr\/bon-balanc-de-la-participacio-de-garcia-faura-en-el-master-de-facanes-lleugeres\/#article\",\"isPartOf\":{\"@id\":\"https:\/\/www.garciafaura.com\/fr\/bon-balanc-de-la-participacio-de-garcia-faura-en-el-master-de-facanes-lleugeres\/\"},\"author\":{\"name\":\"David Achell\",\"@id\":\"https:\/\/www.garciafaura.com\/fr\/#\/schema\/person\/b4b75e69b33fac3446071909bec106b0\"},\"headline\":\"Bon r\u00e9sultat de la participation de GARCIA FAURA au Master des fa\u00e7ades l\u00e9g\u00e8res\",\"datePublished\":\"2020-07-28T10:00:13+00:00\",\"mainEntityOfPage\":{\"@id\":\"https:\/\/www.garciafaura.com\/fr\/bon-balanc-de-la-participacio-de-garcia-faura-en-el-master-de-facanes-lleugeres\/\"},\"wordCount\":713,\"publisher\":{\"@id\":\"https:\/\/www.garciafaura.com\/fr\/#organization\"},\"image\":{\"@id\":\"https:\/\/www.garciafaura.com\/fr\/bon-balanc-de-la-participacio-de-garcia-faura-en-el-master-de-facanes-lleugeres\/#primaryimage\"},\"thumbnailUrl\":\"https:\/\/www.garciafaura.com\/wp-content\/uploads\/2020\/07\/EstudiantsMasterFLleugeres.jpg\",\"articleSection\":[\"Actualit\u00e9\"],\"inLanguage\":\"fr-FR\"},{\"@type\":\"WebPage\",\"@id\":\"https:\/\/www.garciafaura.com\/fr\/bon-balanc-de-la-participacio-de-garcia-faura-en-el-master-de-facanes-lleugeres\/\",\"url\":\"https:\/\/www.garciafaura.com\/fr\/bon-balanc-de-la-participacio-de-garcia-faura-en-el-master-de-facanes-lleugeres\/\",\"name\":\"Bon r\u00e9sultat de la participation de GARCIA FAURA au Master des fa\u00e7ades l\u00e9g\u00e8res - GARCIA FAURA\",\"isPartOf\":{\"@id\":\"https:\/\/www.garciafaura.com\/fr\/#website\"},\"primaryImageOfPage\":{\"@id\":\"https:\/\/www.garciafaura.com\/fr\/bon-balanc-de-la-participacio-de-garcia-faura-en-el-master-de-facanes-lleugeres\/#primaryimage\"},\"image\":{\"@id\":\"https:\/\/www.garciafaura.com\/fr\/bon-balanc-de-la-participacio-de-garcia-faura-en-el-master-de-facanes-lleugeres\/#primaryimage\"},\"thumbnailUrl\":\"https:\/\/www.garciafaura.com\/wp-content\/uploads\/2020\/07\/EstudiantsMasterFLleugeres.jpg\",\"datePublished\":\"2020-07-28T10:00:13+00:00\",\"description\":\"Arquitectura en Alumini, Inox, Ferro i Vidre\",\"breadcrumb\":{\"@id\":\"https:\/\/www.garciafaura.com\/fr\/bon-balanc-de-la-participacio-de-garcia-faura-en-el-master-de-facanes-lleugeres\/#breadcrumb\"},\"inLanguage\":\"fr-FR\",\"potentialAction\":[{\"@type\":\"ReadAction\",\"target\":[\"https:\/\/www.garciafaura.com\/fr\/bon-balanc-de-la-participacio-de-garcia-faura-en-el-master-de-facanes-lleugeres\/\"]}]},{\"@type\":\"ImageObject\",\"inLanguage\":\"fr-FR\",\"@id\":\"https:\/\/www.garciafaura.com\/fr\/bon-balanc-de-la-participacio-de-garcia-faura-en-el-master-de-facanes-lleugeres\/#primaryimage\",\"url\":\"https:\/\/www.garciafaura.com\/wp-content\/uploads\/2020\/07\/EstudiantsMasterFLleugeres.jpg\",\"contentUrl\":\"https:\/\/www.garciafaura.com\/wp-content\/uploads\/2020\/07\/EstudiantsMasterFLleugeres.jpg\",\"width\":6000,\"height\":4000},{\"@type\":\"BreadcrumbList\",\"@id\":\"https:\/\/www.garciafaura.com\/fr\/bon-balanc-de-la-participacio-de-garcia-faura-en-el-master-de-facanes-lleugeres\/#breadcrumb\",\"itemListElement\":[{\"@type\":\"ListItem\",\"position\":1,\"name\":\"Inici\",\"item\":\"https:\/\/www.garciafaura.com\/fr\/\"},{\"@type\":\"ListItem\",\"position\":2,\"name\":\"Bon r\u00e9sultat de la participation de GARCIA FAURA au Master des fa\u00e7ades l\u00e9g\u00e8res\"}]},{\"@type\":\"WebSite\",\"@id\":\"https:\/\/www.garciafaura.com\/fr\/#website\",\"url\":\"https:\/\/www.garciafaura.com\/fr\/\",\"name\":\"GARCIA FAURA\",\"description\":\"Arquitectura en Alumini, Inox, Ferro i Vidre\",\"publisher\":{\"@id\":\"https:\/\/www.garciafaura.com\/fr\/#organization\"},\"potentialAction\":[{\"@type\":\"SearchAction\",\"target\":{\"@type\":\"EntryPoint\",\"urlTemplate\":\"https:\/\/www.garciafaura.com\/fr\/?s={search_term_string}\"},\"query-input\":{\"@type\":\"PropertyValueSpecification\",\"valueRequired\":true,\"valueName\":\"search_term_string\"}}],\"inLanguage\":\"fr-FR\"},{\"@type\":\"Organization\",\"@id\":\"https:\/\/www.garciafaura.com\/fr\/#organization\",\"name\":\"GARCIA FAURA\",\"url\":\"https:\/\/www.garciafaura.com\/fr\/\",\"logo\":{\"@type\":\"ImageObject\",\"inLanguage\":\"fr-FR\",\"@id\":\"https:\/\/www.garciafaura.com\/fr\/#\/schema\/logo\/image\/\",\"url\":\"https:\/\/www.garciafaura.com\/wp-content\/uploads\/2018\/09\/Garcia-Faura.png\",\"contentUrl\":\"https:\/\/www.garciafaura.com\/wp-content\/uploads\/2018\/09\/Garcia-Faura.png\",\"width\":512,\"height\":512,\"caption\":\"GARCIA FAURA\"},\"image\":{\"@id\":\"https:\/\/www.garciafaura.com\/fr\/#\/schema\/logo\/image\/\"},\"sameAs\":[\"https:\/\/www.youtube.com\/user\/GARCIAFAURA\"]},{\"@type\":\"Person\",\"@id\":\"https:\/\/www.garciafaura.com\/fr\/#\/schema\/person\/b4b75e69b33fac3446071909bec106b0\",\"name\":\"David Achell\",\"image\":{\"@type\":\"ImageObject\",\"inLanguage\":\"fr-FR\",\"@id\":\"https:\/\/www.garciafaura.com\/fr\/#\/schema\/person\/image\/\",\"url\":\"https:\/\/secure.gravatar.com\/avatar\/03900210afc1f61bce737bcb4a79c02e2c997f171e3eca839b5a4cbe03846c90?s=96&d=blank&r=g\",\"contentUrl\":\"https:\/\/secure.gravatar.com\/avatar\/03900210afc1f61bce737bcb4a79c02e2c997f171e3eca839b5a4cbe03846c90?s=96&d=blank&r=g\",\"caption\":\"David Achell\"}}]}<\/script>\n<!-- \/ Yoast SEO plugin. -->","yoast_head_json":{"title":"Bon r\u00e9sultat de la participation de GARCIA FAURA au Master des fa\u00e7ades l\u00e9g\u00e8res - GARCIA FAURA","description":"Arquitectura en Alumini, Inox, Ferro i Vidre","robots":{"index":"index","follow":"follow","max-snippet":"max-snippet:-1","max-image-preview":"max-image-preview:large","max-video-preview":"max-video-preview:-1"},"canonical":"https:\/\/www.garciafaura.com\/fr\/bon-balanc-de-la-participacio-de-garcia-faura-en-el-master-de-facanes-lleugeres\/","og_locale":"fr_FR","og_type":"article","og_title":"Bon r\u00e9sultat de la participation de GARCIA FAURA au Master des fa\u00e7ades l\u00e9g\u00e8res - GARCIA FAURA","og_description":"Arquitectura en Alumini, Inox, Ferro i Vidre","og_url":"https:\/\/www.garciafaura.com\/fr\/bon-balanc-de-la-participacio-de-garcia-faura-en-el-master-de-facanes-lleugeres\/","og_site_name":"GARCIA FAURA","article_published_time":"2020-07-28T10:00:13+00:00","og_image":[{"width":1024,"height":683,"url":"https:\/\/www.garciafaura.com\/wp-content\/uploads\/2020\/07\/EstudiantsMasterFLleugeres-1024x683.jpg","type":"image\/jpeg"}],"author":"David Achell","twitter_card":"summary_large_image","twitter_misc":{"\u00c9crit par":"David Achell","Dur\u00e9e de lecture estim\u00e9e":"3 minutes"},"schema":{"@context":"https:\/\/schema.org","@graph":[{"@type":"Article","@id":"https:\/\/www.garciafaura.com\/fr\/bon-balanc-de-la-participacio-de-garcia-faura-en-el-master-de-facanes-lleugeres\/#article","isPartOf":{"@id":"https:\/\/www.garciafaura.com\/fr\/bon-balanc-de-la-participacio-de-garcia-faura-en-el-master-de-facanes-lleugeres\/"},"author":{"name":"David Achell","@id":"https:\/\/www.garciafaura.com\/fr\/#\/schema\/person\/b4b75e69b33fac3446071909bec106b0"},"headline":"Bon r\u00e9sultat de la participation de GARCIA FAURA au Master des fa\u00e7ades l\u00e9g\u00e8res","datePublished":"2020-07-28T10:00:13+00:00","mainEntityOfPage":{"@id":"https:\/\/www.garciafaura.com\/fr\/bon-balanc-de-la-participacio-de-garcia-faura-en-el-master-de-facanes-lleugeres\/"},"wordCount":713,"publisher":{"@id":"https:\/\/www.garciafaura.com\/fr\/#organization"},"image":{"@id":"https:\/\/www.garciafaura.com\/fr\/bon-balanc-de-la-participacio-de-garcia-faura-en-el-master-de-facanes-lleugeres\/#primaryimage"},"thumbnailUrl":"https:\/\/www.garciafaura.com\/wp-content\/uploads\/2020\/07\/EstudiantsMasterFLleugeres.jpg","articleSection":["Actualit\u00e9"],"inLanguage":"fr-FR"},{"@type":"WebPage","@id":"https:\/\/www.garciafaura.com\/fr\/bon-balanc-de-la-participacio-de-garcia-faura-en-el-master-de-facanes-lleugeres\/","url":"https:\/\/www.garciafaura.com\/fr\/bon-balanc-de-la-participacio-de-garcia-faura-en-el-master-de-facanes-lleugeres\/","name":"Bon r\u00e9sultat de la participation de GARCIA FAURA au Master des fa\u00e7ades l\u00e9g\u00e8res - GARCIA FAURA","isPartOf":{"@id":"https:\/\/www.garciafaura.com\/fr\/#website"},"primaryImageOfPage":{"@id":"https:\/\/www.garciafaura.com\/fr\/bon-balanc-de-la-participacio-de-garcia-faura-en-el-master-de-facanes-lleugeres\/#primaryimage"},"image":{"@id":"https:\/\/www.garciafaura.com\/fr\/bon-balanc-de-la-participacio-de-garcia-faura-en-el-master-de-facanes-lleugeres\/#primaryimage"},"thumbnailUrl":"https:\/\/www.garciafaura.com\/wp-content\/uploads\/2020\/07\/EstudiantsMasterFLleugeres.jpg","datePublished":"2020-07-28T10:00:13+00:00","description":"Arquitectura en Alumini, Inox, Ferro i Vidre","breadcrumb":{"@id":"https:\/\/www.garciafaura.com\/fr\/bon-balanc-de-la-participacio-de-garcia-faura-en-el-master-de-facanes-lleugeres\/#breadcrumb"},"inLanguage":"fr-FR","potentialAction":[{"@type":"ReadAction","target":["https:\/\/www.garciafaura.com\/fr\/bon-balanc-de-la-participacio-de-garcia-faura-en-el-master-de-facanes-lleugeres\/"]}]},{"@type":"ImageObject","inLanguage":"fr-FR","@id":"https:\/\/www.garciafaura.com\/fr\/bon-balanc-de-la-participacio-de-garcia-faura-en-el-master-de-facanes-lleugeres\/#primaryimage","url":"https:\/\/www.garciafaura.com\/wp-content\/uploads\/2020\/07\/EstudiantsMasterFLleugeres.jpg","contentUrl":"https:\/\/www.garciafaura.com\/wp-content\/uploads\/2020\/07\/EstudiantsMasterFLleugeres.jpg","width":6000,"height":4000},{"@type":"BreadcrumbList","@id":"https:\/\/www.garciafaura.com\/fr\/bon-balanc-de-la-participacio-de-garcia-faura-en-el-master-de-facanes-lleugeres\/#breadcrumb","itemListElement":[{"@type":"ListItem","position":1,"name":"Inici","item":"https:\/\/www.garciafaura.com\/fr\/"},{"@type":"ListItem","position":2,"name":"Bon r\u00e9sultat de la participation de GARCIA FAURA au Master des fa\u00e7ades l\u00e9g\u00e8res"}]},{"@type":"WebSite","@id":"https:\/\/www.garciafaura.com\/fr\/#website","url":"https:\/\/www.garciafaura.com\/fr\/","name":"GARCIA FAURA","description":"Arquitectura en Alumini, Inox, Ferro i Vidre","publisher":{"@id":"https:\/\/www.garciafaura.com\/fr\/#organization"},"potentialAction":[{"@type":"SearchAction","target":{"@type":"EntryPoint","urlTemplate":"https:\/\/www.garciafaura.com\/fr\/?s={search_term_string}"},"query-input":{"@type":"PropertyValueSpecification","valueRequired":true,"valueName":"search_term_string"}}],"inLanguage":"fr-FR"},{"@type":"Organization","@id":"https:\/\/www.garciafaura.com\/fr\/#organization","name":"GARCIA FAURA","url":"https:\/\/www.garciafaura.com\/fr\/","logo":{"@type":"ImageObject","inLanguage":"fr-FR","@id":"https:\/\/www.garciafaura.com\/fr\/#\/schema\/logo\/image\/","url":"https:\/\/www.garciafaura.com\/wp-content\/uploads\/2018\/09\/Garcia-Faura.png","contentUrl":"https:\/\/www.garciafaura.com\/wp-content\/uploads\/2018\/09\/Garcia-Faura.png","width":512,"height":512,"caption":"GARCIA FAURA"},"image":{"@id":"https:\/\/www.garciafaura.com\/fr\/#\/schema\/logo\/image\/"},"sameAs":["https:\/\/www.youtube.com\/user\/GARCIAFAURA"]},{"@type":"Person","@id":"https:\/\/www.garciafaura.com\/fr\/#\/schema\/person\/b4b75e69b33fac3446071909bec106b0","name":"David Achell","image":{"@type":"ImageObject","inLanguage":"fr-FR","@id":"https:\/\/www.garciafaura.com\/fr\/#\/schema\/person\/image\/","url":"https:\/\/secure.gravatar.com\/avatar\/03900210afc1f61bce737bcb4a79c02e2c997f171e3eca839b5a4cbe03846c90?s=96&d=blank&r=g","contentUrl":"https:\/\/secure.gravatar.com\/avatar\/03900210afc1f61bce737bcb4a79c02e2c997f171e3eca839b5a4cbe03846c90?s=96&d=blank&r=g","caption":"David Achell"}}]}},"_links":{"self":[{"href":"https:\/\/www.garciafaura.com\/fr\/wp-json\/wp\/v2\/posts\/25605","targetHints":{"allow":["GET"]}}],"collection":[{"href":"https:\/\/www.garciafaura.com\/fr\/wp-json\/wp\/v2\/posts"}],"about":[{"href":"https:\/\/www.garciafaura.com\/fr\/wp-json\/wp\/v2\/types\/post"}],"author":[{"embeddable":true,"href":"https:\/\/www.garciafaura.com\/fr\/wp-json\/wp\/v2\/users\/3"}],"replies":[{"embeddable":true,"href":"https:\/\/www.garciafaura.com\/fr\/wp-json\/wp\/v2\/comments?post=25605"}],"version-history":[{"count":2,"href":"https:\/\/www.garciafaura.com\/fr\/wp-json\/wp\/v2\/posts\/25605\/revisions"}],"predecessor-version":[{"id":25609,"href":"https:\/\/www.garciafaura.com\/fr\/wp-json\/wp\/v2\/posts\/25605\/revisions\/25609"}],"wp:featuredmedia":[{"embeddable":true,"href":"https:\/\/www.garciafaura.com\/fr\/wp-json\/wp\/v2\/media\/25599"}],"wp:attachment":[{"href":"https:\/\/www.garciafaura.com\/fr\/wp-json\/wp\/v2\/media?parent=25605"}],"wp:term":[{"taxonomy":"category","embeddable":true,"href":"https:\/\/www.garciafaura.com\/fr\/wp-json\/wp\/v2\/categories?post=25605"},{"taxonomy":"post_tag","embeddable":true,"href":"https:\/\/www.garciafaura.com\/fr\/wp-json\/wp\/v2\/tags?post=25605"},{"taxonomy":"post_series","embeddable":true,"href":"https:\/\/www.garciafaura.com\/fr\/wp-json\/wp\/v2\/post_series?post=25605"}],"curies":[{"name":"wp","href":"https:\/\/api.w.org\/{rel}","templated":true}]}}