{"id":25580,"date":"2020-07-21T09:00:08","date_gmt":"2020-07-21T07:00:08","guid":{"rendered":"https:\/\/www.garciafaura.com\/?p=25580"},"modified":"2020-07-21T08:55:51","modified_gmt":"2020-07-21T06:55:51","slug":"finalitza-amb-exit-el-primer-projecte-amb-segell-garcia-faura-a-luxemburg","status":"publish","type":"post","link":"https:\/\/www.garciafaura.com\/fr\/finalitza-amb-exit-el-primer-projecte-amb-segell-garcia-faura-a-luxemburg\/","title":{"rendered":"Fin avec succ\u00e8s du premier projet GARCIA FAURA \u00e0 Luxembourg"},"content":{"rendered":"<p style=\"text-align: justify;\">Derniers d\u00e9tails sur la r\u00e9alisation du projet d&rsquo;un b\u00e2timent de bureaux et d\u2019un h\u00f4tel dans la ville de Luxembourg, dans le prestigieux quartier de Kirchberg, avec la participation de <strong>GARCIA FAURA<\/strong>. En fait, l&rsquo;<a href=\"https:\/\/www.mamashelter.com\/fr\/luxembourg\" target=\"_blank\" rel=\"noopener\">h\u00f4tel<\/a> ouvre officiellement ses portes le 20 juillet.<\/p>\n<p style=\"text-align: justify;\">Pour le nouvel \u00e9tablissement h\u00f4telier, <strong>GARCIA FAURA<\/strong> a fabriqu\u00e9 et install\u00e9 1.025 m\u00e8tres carr\u00e9s de ch\u00e2ssis de menuiserie en aluminium haute de gamme, avec du vitrage \u00e0 haute performance thermique, et un mur-rideau avec capot ext\u00e9rieur et triple vitrage. Il a aussi install\u00e9 des portes en aluminium et d&rsquo;autres \u00e9l\u00e9ments, tels que des lames de ventilation.<\/p>\n<p style=\"text-align: justify;\">Concernant le b\u00e2timent de bureaux, <strong>GARCIA FAURA<\/strong> a install\u00e9 une fa\u00e7ade de mur-rideau modulaire \u00e0 double peau, sp\u00e9cialement d\u00e9velopp\u00e9 pour ce projet. Le b\u00e2timent aura une peau int\u00e9rieure qui combine des zones opaques avec des zones de vision avec des ouvertures qui comprennent du vitrage \u00e0 haute performance thermique.<\/p>\n<p style=\"text-align: justify;\">La peau ext\u00e9rieure combine des zones opaques avec des transparences dans des cadres en aluminium qui cr\u00e9ent une fa\u00e7ade modulaire de 4.870 m\u00e8tres carr\u00e9s. Le b\u00e2timent dispose \u00e9galement de 600 m\u00e8tres carr\u00e9s de mur-rideau avec capot ext\u00e9rieur et triple vitrage, en plus des portes d\u2019acc\u00e8s en aluminium.<\/p>\n<p style=\"text-align: justify;\">Au rez-de-chauss\u00e9e du b\u00e2timent, il y a un bureau de la police, donc une partie de la fa\u00e7ade est pare-balle et anti-effraction.<\/p>\n<p style=\"text-align: justify;\">Dans le quartier de Kirchberg, vous trouverez certaines institutions de l&rsquo;Union europ\u00e9enne, telles que la Cour de justice, la Cour des comptes ou le Secr\u00e9tariat g\u00e9n\u00e9ral du Parlement, ainsi que la Banque europ\u00e9enne d&rsquo;investissement, le si\u00e8ge de la Philharmonie de Luxembourg ou le Mus\u00e9e de L&rsquo;art moderne, en plus d&rsquo;\u00eatre un quartier r\u00e9sidentiel et de loisirs reconnu.<\/p>\n","protected":false},"excerpt":{"rendered":"<p>Derniers d\u00e9tails sur la r\u00e9alisation du projet d&rsquo;un b\u00e2timent de bureaux et d\u2019un h\u00f4tel dans la ville de Luxembourg, dans le prestigieux quartier de Kirchberg, avec la participation de GARCIA FAURA. En fait, l&rsquo;h\u00f4tel ouvre officiellement ses portes le 20&hellip;<\/p>\n","protected":false},"author":3,"featured_media":25559,"comment_status":"closed","ping_status":"open","sticky":false,"template":"","format":"gallery","meta":{"footnotes":""},"categories":[2],"tags":[],"post_series":[],"class_list":["post-25580","post","type-post","status-publish","format-gallery","has-post-thumbnail","hentry","category-actualite","post_format-post-format-gallery","entry","has-media"],"yoast_head":"<!-- This site is optimized with the Yoast SEO plugin v26.7 - https:\/\/yoast.com\/wordpress\/plugins\/seo\/ -->\n<title>Fin avec succ\u00e8s du premier projet GARCIA FAURA \u00e0 Luxembourg - GARCIA FAURA<\/title>\n<meta name=\"description\" content=\"Arquitectura en Alumini, Inox, Ferro i Vidre\" \/>\n<meta name=\"robots\" content=\"index, follow, max-snippet:-1, max-image-preview:large, max-video-preview:-1\" \/>\n<link rel=\"canonical\" href=\"https:\/\/www.garciafaura.com\/fr\/finalitza-amb-exit-el-primer-projecte-amb-segell-garcia-faura-a-luxemburg\/\" \/>\n<meta property=\"og:locale\" content=\"fr_FR\" \/>\n<meta property=\"og:type\" content=\"article\" \/>\n<meta property=\"og:title\" content=\"Fin avec succ\u00e8s du premier projet GARCIA FAURA \u00e0 Luxembourg - GARCIA FAURA\" \/>\n<meta property=\"og:description\" content=\"Arquitectura en Alumini, Inox, Ferro i Vidre\" \/>\n<meta property=\"og:url\" content=\"https:\/\/www.garciafaura.com\/fr\/finalitza-amb-exit-el-primer-projecte-amb-segell-garcia-faura-a-luxemburg\/\" \/>\n<meta property=\"og:site_name\" content=\"GARCIA FAURA\" \/>\n<meta property=\"article:published_time\" content=\"2020-07-21T07:00:08+00:00\" \/>\n<meta property=\"og:image\" content=\"https:\/\/www.garciafaura.com\/wp-content\/uploads\/2020\/07\/OBH-Luxemburg-01.jpg\" \/>\n\t<meta property=\"og:image:width\" content=\"1200\" \/>\n\t<meta property=\"og:image:height\" content=\"628\" \/>\n\t<meta property=\"og:image:type\" content=\"image\/jpeg\" \/>\n<meta name=\"author\" content=\"David Achell\" \/>\n<meta name=\"twitter:card\" content=\"summary_large_image\" \/>\n<meta name=\"twitter:label1\" content=\"\u00c9crit par\" \/>\n\t<meta name=\"twitter:data1\" content=\"David Achell\" \/>\n\t<meta name=\"twitter:label2\" content=\"Dur\u00e9e de lecture estim\u00e9e\" \/>\n\t<meta name=\"twitter:data2\" content=\"2 minutes\" \/>\n<script type=\"application\/ld+json\" class=\"yoast-schema-graph\">{\"@context\":\"https:\/\/schema.org\",\"@graph\":[{\"@type\":\"Article\",\"@id\":\"https:\/\/www.garciafaura.com\/fr\/finalitza-amb-exit-el-primer-projecte-amb-segell-garcia-faura-a-luxemburg\/#article\",\"isPartOf\":{\"@id\":\"https:\/\/www.garciafaura.com\/fr\/finalitza-amb-exit-el-primer-projecte-amb-segell-garcia-faura-a-luxemburg\/\"},\"author\":{\"name\":\"David Achell\",\"@id\":\"https:\/\/www.garciafaura.com\/fr\/#\/schema\/person\/b4b75e69b33fac3446071909bec106b0\"},\"headline\":\"Fin avec succ\u00e8s du premier projet GARCIA FAURA \u00e0 Luxembourg\",\"datePublished\":\"2020-07-21T07:00:08+00:00\",\"mainEntityOfPage\":{\"@id\":\"https:\/\/www.garciafaura.com\/fr\/finalitza-amb-exit-el-primer-projecte-amb-segell-garcia-faura-a-luxemburg\/\"},\"wordCount\":322,\"publisher\":{\"@id\":\"https:\/\/www.garciafaura.com\/fr\/#organization\"},\"image\":{\"@id\":\"https:\/\/www.garciafaura.com\/fr\/finalitza-amb-exit-el-primer-projecte-amb-segell-garcia-faura-a-luxemburg\/#primaryimage\"},\"thumbnailUrl\":\"https:\/\/www.garciafaura.com\/wp-content\/uploads\/2020\/07\/OBH-Luxemburg-01.jpg\",\"articleSection\":[\"Actualit\u00e9\"],\"inLanguage\":\"fr-FR\"},{\"@type\":\"WebPage\",\"@id\":\"https:\/\/www.garciafaura.com\/fr\/finalitza-amb-exit-el-primer-projecte-amb-segell-garcia-faura-a-luxemburg\/\",\"url\":\"https:\/\/www.garciafaura.com\/fr\/finalitza-amb-exit-el-primer-projecte-amb-segell-garcia-faura-a-luxemburg\/\",\"name\":\"Fin avec succ\u00e8s du premier projet GARCIA FAURA \u00e0 Luxembourg - GARCIA FAURA\",\"isPartOf\":{\"@id\":\"https:\/\/www.garciafaura.com\/fr\/#website\"},\"primaryImageOfPage\":{\"@id\":\"https:\/\/www.garciafaura.com\/fr\/finalitza-amb-exit-el-primer-projecte-amb-segell-garcia-faura-a-luxemburg\/#primaryimage\"},\"image\":{\"@id\":\"https:\/\/www.garciafaura.com\/fr\/finalitza-amb-exit-el-primer-projecte-amb-segell-garcia-faura-a-luxemburg\/#primaryimage\"},\"thumbnailUrl\":\"https:\/\/www.garciafaura.com\/wp-content\/uploads\/2020\/07\/OBH-Luxemburg-01.jpg\",\"datePublished\":\"2020-07-21T07:00:08+00:00\",\"description\":\"Arquitectura en Alumini, Inox, Ferro i Vidre\",\"breadcrumb\":{\"@id\":\"https:\/\/www.garciafaura.com\/fr\/finalitza-amb-exit-el-primer-projecte-amb-segell-garcia-faura-a-luxemburg\/#breadcrumb\"},\"inLanguage\":\"fr-FR\",\"potentialAction\":[{\"@type\":\"ReadAction\",\"target\":[\"https:\/\/www.garciafaura.com\/fr\/finalitza-amb-exit-el-primer-projecte-amb-segell-garcia-faura-a-luxemburg\/\"]}]},{\"@type\":\"ImageObject\",\"inLanguage\":\"fr-FR\",\"@id\":\"https:\/\/www.garciafaura.com\/fr\/finalitza-amb-exit-el-primer-projecte-amb-segell-garcia-faura-a-luxemburg\/#primaryimage\",\"url\":\"https:\/\/www.garciafaura.com\/wp-content\/uploads\/2020\/07\/OBH-Luxemburg-01.jpg\",\"contentUrl\":\"https:\/\/www.garciafaura.com\/wp-content\/uploads\/2020\/07\/OBH-Luxemburg-01.jpg\",\"width\":1200,\"height\":628},{\"@type\":\"BreadcrumbList\",\"@id\":\"https:\/\/www.garciafaura.com\/fr\/finalitza-amb-exit-el-primer-projecte-amb-segell-garcia-faura-a-luxemburg\/#breadcrumb\",\"itemListElement\":[{\"@type\":\"ListItem\",\"position\":1,\"name\":\"Inici\",\"item\":\"https:\/\/www.garciafaura.com\/fr\/\"},{\"@type\":\"ListItem\",\"position\":2,\"name\":\"Fin avec succ\u00e8s du premier projet GARCIA FAURA \u00e0 Luxembourg\"}]},{\"@type\":\"WebSite\",\"@id\":\"https:\/\/www.garciafaura.com\/fr\/#website\",\"url\":\"https:\/\/www.garciafaura.com\/fr\/\",\"name\":\"GARCIA FAURA\",\"description\":\"Arquitectura en Alumini, Inox, Ferro i Vidre\",\"publisher\":{\"@id\":\"https:\/\/www.garciafaura.com\/fr\/#organization\"},\"potentialAction\":[{\"@type\":\"SearchAction\",\"target\":{\"@type\":\"EntryPoint\",\"urlTemplate\":\"https:\/\/www.garciafaura.com\/fr\/?s={search_term_string}\"},\"query-input\":{\"@type\":\"PropertyValueSpecification\",\"valueRequired\":true,\"valueName\":\"search_term_string\"}}],\"inLanguage\":\"fr-FR\"},{\"@type\":\"Organization\",\"@id\":\"https:\/\/www.garciafaura.com\/fr\/#organization\",\"name\":\"GARCIA FAURA\",\"url\":\"https:\/\/www.garciafaura.com\/fr\/\",\"logo\":{\"@type\":\"ImageObject\",\"inLanguage\":\"fr-FR\",\"@id\":\"https:\/\/www.garciafaura.com\/fr\/#\/schema\/logo\/image\/\",\"url\":\"https:\/\/www.garciafaura.com\/wp-content\/uploads\/2018\/09\/Garcia-Faura.png\",\"contentUrl\":\"https:\/\/www.garciafaura.com\/wp-content\/uploads\/2018\/09\/Garcia-Faura.png\",\"width\":512,\"height\":512,\"caption\":\"GARCIA FAURA\"},\"image\":{\"@id\":\"https:\/\/www.garciafaura.com\/fr\/#\/schema\/logo\/image\/\"},\"sameAs\":[\"https:\/\/www.youtube.com\/user\/GARCIAFAURA\"]},{\"@type\":\"Person\",\"@id\":\"https:\/\/www.garciafaura.com\/fr\/#\/schema\/person\/b4b75e69b33fac3446071909bec106b0\",\"name\":\"David Achell\",\"image\":{\"@type\":\"ImageObject\",\"inLanguage\":\"fr-FR\",\"@id\":\"https:\/\/www.garciafaura.com\/fr\/#\/schema\/person\/image\/\",\"url\":\"https:\/\/secure.gravatar.com\/avatar\/03900210afc1f61bce737bcb4a79c02e2c997f171e3eca839b5a4cbe03846c90?s=96&d=blank&r=g\",\"contentUrl\":\"https:\/\/secure.gravatar.com\/avatar\/03900210afc1f61bce737bcb4a79c02e2c997f171e3eca839b5a4cbe03846c90?s=96&d=blank&r=g\",\"caption\":\"David Achell\"}}]}<\/script>\n<!-- \/ Yoast SEO plugin. -->","yoast_head_json":{"title":"Fin avec succ\u00e8s du premier projet GARCIA FAURA \u00e0 Luxembourg - GARCIA FAURA","description":"Arquitectura en Alumini, Inox, Ferro i Vidre","robots":{"index":"index","follow":"follow","max-snippet":"max-snippet:-1","max-image-preview":"max-image-preview:large","max-video-preview":"max-video-preview:-1"},"canonical":"https:\/\/www.garciafaura.com\/fr\/finalitza-amb-exit-el-primer-projecte-amb-segell-garcia-faura-a-luxemburg\/","og_locale":"fr_FR","og_type":"article","og_title":"Fin avec succ\u00e8s du premier projet GARCIA FAURA \u00e0 Luxembourg - GARCIA FAURA","og_description":"Arquitectura en Alumini, Inox, Ferro i Vidre","og_url":"https:\/\/www.garciafaura.com\/fr\/finalitza-amb-exit-el-primer-projecte-amb-segell-garcia-faura-a-luxemburg\/","og_site_name":"GARCIA FAURA","article_published_time":"2020-07-21T07:00:08+00:00","og_image":[{"width":1200,"height":628,"url":"https:\/\/www.garciafaura.com\/wp-content\/uploads\/2020\/07\/OBH-Luxemburg-01.jpg","type":"image\/jpeg"}],"author":"David Achell","twitter_card":"summary_large_image","twitter_misc":{"\u00c9crit par":"David Achell","Dur\u00e9e de lecture estim\u00e9e":"2 minutes"},"schema":{"@context":"https:\/\/schema.org","@graph":[{"@type":"Article","@id":"https:\/\/www.garciafaura.com\/fr\/finalitza-amb-exit-el-primer-projecte-amb-segell-garcia-faura-a-luxemburg\/#article","isPartOf":{"@id":"https:\/\/www.garciafaura.com\/fr\/finalitza-amb-exit-el-primer-projecte-amb-segell-garcia-faura-a-luxemburg\/"},"author":{"name":"David Achell","@id":"https:\/\/www.garciafaura.com\/fr\/#\/schema\/person\/b4b75e69b33fac3446071909bec106b0"},"headline":"Fin avec succ\u00e8s du premier projet GARCIA FAURA \u00e0 Luxembourg","datePublished":"2020-07-21T07:00:08+00:00","mainEntityOfPage":{"@id":"https:\/\/www.garciafaura.com\/fr\/finalitza-amb-exit-el-primer-projecte-amb-segell-garcia-faura-a-luxemburg\/"},"wordCount":322,"publisher":{"@id":"https:\/\/www.garciafaura.com\/fr\/#organization"},"image":{"@id":"https:\/\/www.garciafaura.com\/fr\/finalitza-amb-exit-el-primer-projecte-amb-segell-garcia-faura-a-luxemburg\/#primaryimage"},"thumbnailUrl":"https:\/\/www.garciafaura.com\/wp-content\/uploads\/2020\/07\/OBH-Luxemburg-01.jpg","articleSection":["Actualit\u00e9"],"inLanguage":"fr-FR"},{"@type":"WebPage","@id":"https:\/\/www.garciafaura.com\/fr\/finalitza-amb-exit-el-primer-projecte-amb-segell-garcia-faura-a-luxemburg\/","url":"https:\/\/www.garciafaura.com\/fr\/finalitza-amb-exit-el-primer-projecte-amb-segell-garcia-faura-a-luxemburg\/","name":"Fin avec succ\u00e8s du premier projet GARCIA FAURA \u00e0 Luxembourg - GARCIA FAURA","isPartOf":{"@id":"https:\/\/www.garciafaura.com\/fr\/#website"},"primaryImageOfPage":{"@id":"https:\/\/www.garciafaura.com\/fr\/finalitza-amb-exit-el-primer-projecte-amb-segell-garcia-faura-a-luxemburg\/#primaryimage"},"image":{"@id":"https:\/\/www.garciafaura.com\/fr\/finalitza-amb-exit-el-primer-projecte-amb-segell-garcia-faura-a-luxemburg\/#primaryimage"},"thumbnailUrl":"https:\/\/www.garciafaura.com\/wp-content\/uploads\/2020\/07\/OBH-Luxemburg-01.jpg","datePublished":"2020-07-21T07:00:08+00:00","description":"Arquitectura en Alumini, Inox, Ferro i Vidre","breadcrumb":{"@id":"https:\/\/www.garciafaura.com\/fr\/finalitza-amb-exit-el-primer-projecte-amb-segell-garcia-faura-a-luxemburg\/#breadcrumb"},"inLanguage":"fr-FR","potentialAction":[{"@type":"ReadAction","target":["https:\/\/www.garciafaura.com\/fr\/finalitza-amb-exit-el-primer-projecte-amb-segell-garcia-faura-a-luxemburg\/"]}]},{"@type":"ImageObject","inLanguage":"fr-FR","@id":"https:\/\/www.garciafaura.com\/fr\/finalitza-amb-exit-el-primer-projecte-amb-segell-garcia-faura-a-luxemburg\/#primaryimage","url":"https:\/\/www.garciafaura.com\/wp-content\/uploads\/2020\/07\/OBH-Luxemburg-01.jpg","contentUrl":"https:\/\/www.garciafaura.com\/wp-content\/uploads\/2020\/07\/OBH-Luxemburg-01.jpg","width":1200,"height":628},{"@type":"BreadcrumbList","@id":"https:\/\/www.garciafaura.com\/fr\/finalitza-amb-exit-el-primer-projecte-amb-segell-garcia-faura-a-luxemburg\/#breadcrumb","itemListElement":[{"@type":"ListItem","position":1,"name":"Inici","item":"https:\/\/www.garciafaura.com\/fr\/"},{"@type":"ListItem","position":2,"name":"Fin avec succ\u00e8s du premier projet GARCIA FAURA \u00e0 Luxembourg"}]},{"@type":"WebSite","@id":"https:\/\/www.garciafaura.com\/fr\/#website","url":"https:\/\/www.garciafaura.com\/fr\/","name":"GARCIA FAURA","description":"Arquitectura en Alumini, Inox, Ferro i Vidre","publisher":{"@id":"https:\/\/www.garciafaura.com\/fr\/#organization"},"potentialAction":[{"@type":"SearchAction","target":{"@type":"EntryPoint","urlTemplate":"https:\/\/www.garciafaura.com\/fr\/?s={search_term_string}"},"query-input":{"@type":"PropertyValueSpecification","valueRequired":true,"valueName":"search_term_string"}}],"inLanguage":"fr-FR"},{"@type":"Organization","@id":"https:\/\/www.garciafaura.com\/fr\/#organization","name":"GARCIA FAURA","url":"https:\/\/www.garciafaura.com\/fr\/","logo":{"@type":"ImageObject","inLanguage":"fr-FR","@id":"https:\/\/www.garciafaura.com\/fr\/#\/schema\/logo\/image\/","url":"https:\/\/www.garciafaura.com\/wp-content\/uploads\/2018\/09\/Garcia-Faura.png","contentUrl":"https:\/\/www.garciafaura.com\/wp-content\/uploads\/2018\/09\/Garcia-Faura.png","width":512,"height":512,"caption":"GARCIA FAURA"},"image":{"@id":"https:\/\/www.garciafaura.com\/fr\/#\/schema\/logo\/image\/"},"sameAs":["https:\/\/www.youtube.com\/user\/GARCIAFAURA"]},{"@type":"Person","@id":"https:\/\/www.garciafaura.com\/fr\/#\/schema\/person\/b4b75e69b33fac3446071909bec106b0","name":"David Achell","image":{"@type":"ImageObject","inLanguage":"fr-FR","@id":"https:\/\/www.garciafaura.com\/fr\/#\/schema\/person\/image\/","url":"https:\/\/secure.gravatar.com\/avatar\/03900210afc1f61bce737bcb4a79c02e2c997f171e3eca839b5a4cbe03846c90?s=96&d=blank&r=g","contentUrl":"https:\/\/secure.gravatar.com\/avatar\/03900210afc1f61bce737bcb4a79c02e2c997f171e3eca839b5a4cbe03846c90?s=96&d=blank&r=g","caption":"David Achell"}}]}},"_links":{"self":[{"href":"https:\/\/www.garciafaura.com\/fr\/wp-json\/wp\/v2\/posts\/25580","targetHints":{"allow":["GET"]}}],"collection":[{"href":"https:\/\/www.garciafaura.com\/fr\/wp-json\/wp\/v2\/posts"}],"about":[{"href":"https:\/\/www.garciafaura.com\/fr\/wp-json\/wp\/v2\/types\/post"}],"author":[{"embeddable":true,"href":"https:\/\/www.garciafaura.com\/fr\/wp-json\/wp\/v2\/users\/3"}],"replies":[{"embeddable":true,"href":"https:\/\/www.garciafaura.com\/fr\/wp-json\/wp\/v2\/comments?post=25580"}],"version-history":[{"count":3,"href":"https:\/\/www.garciafaura.com\/fr\/wp-json\/wp\/v2\/posts\/25580\/revisions"}],"predecessor-version":[{"id":25590,"href":"https:\/\/www.garciafaura.com\/fr\/wp-json\/wp\/v2\/posts\/25580\/revisions\/25590"}],"wp:featuredmedia":[{"embeddable":true,"href":"https:\/\/www.garciafaura.com\/fr\/wp-json\/wp\/v2\/media\/25559"}],"wp:attachment":[{"href":"https:\/\/www.garciafaura.com\/fr\/wp-json\/wp\/v2\/media?parent=25580"}],"wp:term":[{"taxonomy":"category","embeddable":true,"href":"https:\/\/www.garciafaura.com\/fr\/wp-json\/wp\/v2\/categories?post=25580"},{"taxonomy":"post_tag","embeddable":true,"href":"https:\/\/www.garciafaura.com\/fr\/wp-json\/wp\/v2\/tags?post=25580"},{"taxonomy":"post_series","embeddable":true,"href":"https:\/\/www.garciafaura.com\/fr\/wp-json\/wp\/v2\/post_series?post=25580"}],"curies":[{"name":"wp","href":"https:\/\/api.w.org\/{rel}","templated":true}]}}