{"id":25536,"date":"2020-07-07T11:35:22","date_gmt":"2020-07-07T09:35:22","guid":{"rendered":"https:\/\/www.garciafaura.com\/garcia-faura-obte-les-seves-primeres-certificacions-tecniques-dinnovacio-a-franca\/"},"modified":"2020-07-09T12:06:12","modified_gmt":"2020-07-09T10:06:12","slug":"garcia-faura-obte-les-seves-primeres-certificacions-tecniques-dinnovacio-a-franca","status":"publish","type":"post","link":"https:\/\/www.garciafaura.com\/fr\/garcia-faura-obte-les-seves-primeres-certificacions-tecniques-dinnovacio-a-franca\/","title":{"rendered":"GARCIA FAURA obtient ses premi\u00e8res certifications techniques pour l&rsquo;innovation en France"},"content":{"rendered":"<p style=\"text-align: justify;\"><strong>GARCIA FAURA<\/strong> a certifi\u00e9, pour la premi\u00e8re fois en France, sa qualit\u00e9 technique avec l&rsquo;obtention de deux <a href=\"https:\/\/evaluation.cstb.fr\/fr\/appreciation-technique-expertise-atex\/\" target=\"_blank\" rel=\"noopener\"><strong>ATEx<\/strong><\/a> (Appretiation Technique de Exp\u00e9rimentation), une proc\u00e9dure d&rsquo;\u00e9valuation technique formul\u00e9e par un groupe d&rsquo;experts sur tout produit, proc\u00e9d\u00e9 ou \u00e9quipement innovant appliqu\u00e9 pour la premi\u00e8re fois en France. Seules quelques d&rsquo;entreprises espagnoles ont r\u00e9ussi un avis favorable de ce type de certification dans le domaine professionnel que l&rsquo;entreprise catalane d\u00e9veloppe.<\/p>\n<p style=\"text-align: justify;\">Dans le cas de <strong>GARCIA FAURA<\/strong>, les deux\u00a0<strong>ATEx<\/strong> ont \u00e9t\u00e9 apport\u00e9es aux solutions d\u00e9velopp\u00e9es pour le <a href=\"https:\/\/www.garciafaura.com\/fr\/archipel-le-projet-plus-grand-de-garcia-faura-en-france\/\" target=\"_blank\" rel=\"noopener\"><strong>projet Archipel<\/strong><\/a>, un complexe de cinq b\u00e2timents en construction dans la ville de Nanterre et pour lequel la soci\u00e9t\u00e9 catalane fait la fabrication, fourniture et pose des fa\u00e7ades de deux de ces b\u00e2timents, avec la r\u00e9alisation des fa\u00e7ades en\u00a0menuiserie aluminium, double peau de fa\u00e7ade en vitrage et t\u00f4le perfor\u00e9e, coursives d&rsquo;entretien en ossature d&rsquo;acier, murs-rideaux et bardage de panneaux en t\u00f4le d&rsquo;aluminium de trois millim\u00e8tres d&rsquo;\u00e9paisseur et finition anodis\u00e9e.<\/p>\n<p style=\"text-align: justify;\">En raison des solutions techniques adopt\u00e9es par <strong>GARCIA FAURA<\/strong> dans ce projet, le Centre Scientifique et Technique du B\u00e2timent (<a href=\"http:\/\/www.cstb.fr\/fr\/\" target=\"_blank\" rel=\"noopener\"><strong>CSTB<\/strong><\/a>, organisme qui doit garantir la qualit\u00e9 et la s\u00e9curit\u00e9 des b\u00e2timents construits en France) a contraint \u00e0 passer des contr\u00f4les stricts afin de valider ces solutions techniques innovantes ou exclusives \u00e0 travers les proc\u00e9dures dites <strong>ATEx<\/strong>.<\/p>\n<p style=\"text-align: justify;\">L&rsquo;obtention d&rsquo;un r\u00e9sultat favorable \u00e0 l&rsquo;<strong>ATEx<\/strong> a requis de nombreuses heures de travail pendant plus d&rsquo;un an de l&rsquo;\u00e9quipe des professionnels du <strong>Bureau Technique de GARCIA FAURA<\/strong>, n\u00e9cessitant une large exp\u00e9rience dans le secteur et une tr\u00e8s bonne connaissance technique, notamment de la r\u00e9glementation fran\u00e7aise en mati\u00e8re de construction de b\u00e2timents.<\/p>\n<p style=\"text-align: justify;\">Ainsi, les projets soumis \u00e0 la certification <strong>ATEx<\/strong>\u00a0pr\u00e9sent\u00e9s par <strong>GARCIA FAURA<\/strong> se sont mat\u00e9rialis\u00e9s dans des dossiers de plus de 650 pages comprenant notamment la justification des solutions techniques propos\u00e9es, des notes de calcul, des plans, des rapports d&rsquo;essais et des fiches techniques.<\/p>\n<p style=\"text-align: justify;\">Ces certificats deviendront une carte de pr\u00e9sentation et de garantie de l&rsquo;entreprise pour des nouveaux projets dans le pays voisin, mais aussi une preuve de sa capacit\u00e9 d&rsquo;innovation et de d\u00e9veloppement au service de la construction.<\/p>\n","protected":false},"excerpt":{"rendered":"<p>GARCIA FAURA a certifi\u00e9, pour la premi\u00e8re fois en France, sa qualit\u00e9 technique avec l&rsquo;obtention de deux ATEx (Appretiation Technique de Exp\u00e9rimentation), une proc\u00e9dure d&rsquo;\u00e9valuation technique formul\u00e9e par un groupe d&rsquo;experts sur tout produit, proc\u00e9d\u00e9 ou \u00e9quipement innovant appliqu\u00e9 pour&hellip;<\/p>\n","protected":false},"author":3,"featured_media":25528,"comment_status":"closed","ping_status":"open","sticky":false,"template":"","format":"gallery","meta":{"footnotes":""},"categories":[2],"tags":[],"post_series":[],"class_list":["post-25536","post","type-post","status-publish","format-gallery","has-post-thumbnail","hentry","category-actualite","post_format-post-format-gallery","entry","has-media"],"yoast_head":"<!-- This site is optimized with the Yoast SEO plugin v26.7 - https:\/\/yoast.com\/wordpress\/plugins\/seo\/ -->\n<title>GARCIA FAURA obtient ses premi\u00e8res certifications techniques pour l&#039;innovation en France - GARCIA FAURA<\/title>\n<meta name=\"description\" content=\"Arquitectura en Alumini, Inox, Ferro i Vidre\" \/>\n<meta name=\"robots\" content=\"index, follow, max-snippet:-1, max-image-preview:large, max-video-preview:-1\" \/>\n<link rel=\"canonical\" href=\"https:\/\/www.garciafaura.com\/fr\/garcia-faura-obte-les-seves-primeres-certificacions-tecniques-dinnovacio-a-franca\/\" \/>\n<meta property=\"og:locale\" content=\"fr_FR\" \/>\n<meta property=\"og:type\" content=\"article\" \/>\n<meta property=\"og:title\" content=\"GARCIA FAURA obtient ses premi\u00e8res certifications techniques pour l&#039;innovation en France - GARCIA FAURA\" \/>\n<meta property=\"og:description\" content=\"Arquitectura en Alumini, Inox, Ferro i Vidre\" \/>\n<meta property=\"og:url\" content=\"https:\/\/www.garciafaura.com\/fr\/garcia-faura-obte-les-seves-primeres-certificacions-tecniques-dinnovacio-a-franca\/\" \/>\n<meta property=\"og:site_name\" content=\"GARCIA FAURA\" \/>\n<meta property=\"article:published_time\" content=\"2020-07-07T09:35:22+00:00\" \/>\n<meta property=\"article:modified_time\" content=\"2020-07-09T10:06:12+00:00\" \/>\n<meta property=\"og:image\" content=\"https:\/\/www.garciafaura.com\/wp-content\/uploads\/2020\/07\/Atex-Archipel-Nanterre-11.jpg\" \/>\n\t<meta property=\"og:image:width\" content=\"1600\" \/>\n\t<meta property=\"og:image:height\" content=\"1047\" \/>\n\t<meta property=\"og:image:type\" content=\"image\/jpeg\" \/>\n<meta name=\"author\" content=\"David Achell\" \/>\n<meta name=\"twitter:card\" content=\"summary_large_image\" \/>\n<meta name=\"twitter:label1\" content=\"\u00c9crit par\" \/>\n\t<meta name=\"twitter:data1\" content=\"David Achell\" \/>\n\t<meta name=\"twitter:label2\" content=\"Dur\u00e9e de lecture estim\u00e9e\" \/>\n\t<meta name=\"twitter:data2\" content=\"2 minutes\" \/>\n<script type=\"application\/ld+json\" class=\"yoast-schema-graph\">{\"@context\":\"https:\/\/schema.org\",\"@graph\":[{\"@type\":\"Article\",\"@id\":\"https:\/\/www.garciafaura.com\/fr\/garcia-faura-obte-les-seves-primeres-certificacions-tecniques-dinnovacio-a-franca\/#article\",\"isPartOf\":{\"@id\":\"https:\/\/www.garciafaura.com\/fr\/garcia-faura-obte-les-seves-primeres-certificacions-tecniques-dinnovacio-a-franca\/\"},\"author\":{\"name\":\"David Achell\",\"@id\":\"https:\/\/www.garciafaura.com\/fr\/#\/schema\/person\/b4b75e69b33fac3446071909bec106b0\"},\"headline\":\"GARCIA FAURA obtient ses premi\u00e8res certifications techniques pour l&rsquo;innovation en France\",\"datePublished\":\"2020-07-07T09:35:22+00:00\",\"dateModified\":\"2020-07-09T10:06:12+00:00\",\"mainEntityOfPage\":{\"@id\":\"https:\/\/www.garciafaura.com\/fr\/garcia-faura-obte-les-seves-primeres-certificacions-tecniques-dinnovacio-a-franca\/\"},\"wordCount\":410,\"publisher\":{\"@id\":\"https:\/\/www.garciafaura.com\/fr\/#organization\"},\"image\":{\"@id\":\"https:\/\/www.garciafaura.com\/fr\/garcia-faura-obte-les-seves-primeres-certificacions-tecniques-dinnovacio-a-franca\/#primaryimage\"},\"thumbnailUrl\":\"https:\/\/www.garciafaura.com\/wp-content\/uploads\/2020\/07\/Atex-Archipel-Nanterre-11.jpg\",\"articleSection\":[\"Actualit\u00e9\"],\"inLanguage\":\"fr-FR\"},{\"@type\":\"WebPage\",\"@id\":\"https:\/\/www.garciafaura.com\/fr\/garcia-faura-obte-les-seves-primeres-certificacions-tecniques-dinnovacio-a-franca\/\",\"url\":\"https:\/\/www.garciafaura.com\/fr\/garcia-faura-obte-les-seves-primeres-certificacions-tecniques-dinnovacio-a-franca\/\",\"name\":\"GARCIA FAURA obtient ses premi\u00e8res certifications techniques pour l'innovation en France - GARCIA FAURA\",\"isPartOf\":{\"@id\":\"https:\/\/www.garciafaura.com\/fr\/#website\"},\"primaryImageOfPage\":{\"@id\":\"https:\/\/www.garciafaura.com\/fr\/garcia-faura-obte-les-seves-primeres-certificacions-tecniques-dinnovacio-a-franca\/#primaryimage\"},\"image\":{\"@id\":\"https:\/\/www.garciafaura.com\/fr\/garcia-faura-obte-les-seves-primeres-certificacions-tecniques-dinnovacio-a-franca\/#primaryimage\"},\"thumbnailUrl\":\"https:\/\/www.garciafaura.com\/wp-content\/uploads\/2020\/07\/Atex-Archipel-Nanterre-11.jpg\",\"datePublished\":\"2020-07-07T09:35:22+00:00\",\"dateModified\":\"2020-07-09T10:06:12+00:00\",\"description\":\"Arquitectura en Alumini, Inox, Ferro i Vidre\",\"breadcrumb\":{\"@id\":\"https:\/\/www.garciafaura.com\/fr\/garcia-faura-obte-les-seves-primeres-certificacions-tecniques-dinnovacio-a-franca\/#breadcrumb\"},\"inLanguage\":\"fr-FR\",\"potentialAction\":[{\"@type\":\"ReadAction\",\"target\":[\"https:\/\/www.garciafaura.com\/fr\/garcia-faura-obte-les-seves-primeres-certificacions-tecniques-dinnovacio-a-franca\/\"]}]},{\"@type\":\"ImageObject\",\"inLanguage\":\"fr-FR\",\"@id\":\"https:\/\/www.garciafaura.com\/fr\/garcia-faura-obte-les-seves-primeres-certificacions-tecniques-dinnovacio-a-franca\/#primaryimage\",\"url\":\"https:\/\/www.garciafaura.com\/wp-content\/uploads\/2020\/07\/Atex-Archipel-Nanterre-11.jpg\",\"contentUrl\":\"https:\/\/www.garciafaura.com\/wp-content\/uploads\/2020\/07\/Atex-Archipel-Nanterre-11.jpg\",\"width\":1600,\"height\":1047},{\"@type\":\"BreadcrumbList\",\"@id\":\"https:\/\/www.garciafaura.com\/fr\/garcia-faura-obte-les-seves-primeres-certificacions-tecniques-dinnovacio-a-franca\/#breadcrumb\",\"itemListElement\":[{\"@type\":\"ListItem\",\"position\":1,\"name\":\"Inici\",\"item\":\"https:\/\/www.garciafaura.com\/fr\/\"},{\"@type\":\"ListItem\",\"position\":2,\"name\":\"GARCIA FAURA obtient ses premi\u00e8res certifications techniques pour l&rsquo;innovation en France\"}]},{\"@type\":\"WebSite\",\"@id\":\"https:\/\/www.garciafaura.com\/fr\/#website\",\"url\":\"https:\/\/www.garciafaura.com\/fr\/\",\"name\":\"GARCIA FAURA\",\"description\":\"Arquitectura en Alumini, Inox, Ferro i Vidre\",\"publisher\":{\"@id\":\"https:\/\/www.garciafaura.com\/fr\/#organization\"},\"potentialAction\":[{\"@type\":\"SearchAction\",\"target\":{\"@type\":\"EntryPoint\",\"urlTemplate\":\"https:\/\/www.garciafaura.com\/fr\/?s={search_term_string}\"},\"query-input\":{\"@type\":\"PropertyValueSpecification\",\"valueRequired\":true,\"valueName\":\"search_term_string\"}}],\"inLanguage\":\"fr-FR\"},{\"@type\":\"Organization\",\"@id\":\"https:\/\/www.garciafaura.com\/fr\/#organization\",\"name\":\"GARCIA FAURA\",\"url\":\"https:\/\/www.garciafaura.com\/fr\/\",\"logo\":{\"@type\":\"ImageObject\",\"inLanguage\":\"fr-FR\",\"@id\":\"https:\/\/www.garciafaura.com\/fr\/#\/schema\/logo\/image\/\",\"url\":\"https:\/\/www.garciafaura.com\/wp-content\/uploads\/2018\/09\/Garcia-Faura.png\",\"contentUrl\":\"https:\/\/www.garciafaura.com\/wp-content\/uploads\/2018\/09\/Garcia-Faura.png\",\"width\":512,\"height\":512,\"caption\":\"GARCIA FAURA\"},\"image\":{\"@id\":\"https:\/\/www.garciafaura.com\/fr\/#\/schema\/logo\/image\/\"},\"sameAs\":[\"https:\/\/www.youtube.com\/user\/GARCIAFAURA\"]},{\"@type\":\"Person\",\"@id\":\"https:\/\/www.garciafaura.com\/fr\/#\/schema\/person\/b4b75e69b33fac3446071909bec106b0\",\"name\":\"David Achell\",\"image\":{\"@type\":\"ImageObject\",\"inLanguage\":\"fr-FR\",\"@id\":\"https:\/\/www.garciafaura.com\/fr\/#\/schema\/person\/image\/\",\"url\":\"https:\/\/secure.gravatar.com\/avatar\/03900210afc1f61bce737bcb4a79c02e2c997f171e3eca839b5a4cbe03846c90?s=96&d=blank&r=g\",\"contentUrl\":\"https:\/\/secure.gravatar.com\/avatar\/03900210afc1f61bce737bcb4a79c02e2c997f171e3eca839b5a4cbe03846c90?s=96&d=blank&r=g\",\"caption\":\"David Achell\"}}]}<\/script>\n<!-- \/ Yoast SEO plugin. -->","yoast_head_json":{"title":"GARCIA FAURA obtient ses premi\u00e8res certifications techniques pour l'innovation en France - GARCIA FAURA","description":"Arquitectura en Alumini, Inox, Ferro i Vidre","robots":{"index":"index","follow":"follow","max-snippet":"max-snippet:-1","max-image-preview":"max-image-preview:large","max-video-preview":"max-video-preview:-1"},"canonical":"https:\/\/www.garciafaura.com\/fr\/garcia-faura-obte-les-seves-primeres-certificacions-tecniques-dinnovacio-a-franca\/","og_locale":"fr_FR","og_type":"article","og_title":"GARCIA FAURA obtient ses premi\u00e8res certifications techniques pour l'innovation en France - GARCIA FAURA","og_description":"Arquitectura en Alumini, Inox, Ferro i Vidre","og_url":"https:\/\/www.garciafaura.com\/fr\/garcia-faura-obte-les-seves-primeres-certificacions-tecniques-dinnovacio-a-franca\/","og_site_name":"GARCIA FAURA","article_published_time":"2020-07-07T09:35:22+00:00","article_modified_time":"2020-07-09T10:06:12+00:00","og_image":[{"width":1600,"height":1047,"url":"https:\/\/www.garciafaura.com\/wp-content\/uploads\/2020\/07\/Atex-Archipel-Nanterre-11.jpg","type":"image\/jpeg"}],"author":"David Achell","twitter_card":"summary_large_image","twitter_misc":{"\u00c9crit par":"David Achell","Dur\u00e9e de lecture estim\u00e9e":"2 minutes"},"schema":{"@context":"https:\/\/schema.org","@graph":[{"@type":"Article","@id":"https:\/\/www.garciafaura.com\/fr\/garcia-faura-obte-les-seves-primeres-certificacions-tecniques-dinnovacio-a-franca\/#article","isPartOf":{"@id":"https:\/\/www.garciafaura.com\/fr\/garcia-faura-obte-les-seves-primeres-certificacions-tecniques-dinnovacio-a-franca\/"},"author":{"name":"David Achell","@id":"https:\/\/www.garciafaura.com\/fr\/#\/schema\/person\/b4b75e69b33fac3446071909bec106b0"},"headline":"GARCIA FAURA obtient ses premi\u00e8res certifications techniques pour l&rsquo;innovation en France","datePublished":"2020-07-07T09:35:22+00:00","dateModified":"2020-07-09T10:06:12+00:00","mainEntityOfPage":{"@id":"https:\/\/www.garciafaura.com\/fr\/garcia-faura-obte-les-seves-primeres-certificacions-tecniques-dinnovacio-a-franca\/"},"wordCount":410,"publisher":{"@id":"https:\/\/www.garciafaura.com\/fr\/#organization"},"image":{"@id":"https:\/\/www.garciafaura.com\/fr\/garcia-faura-obte-les-seves-primeres-certificacions-tecniques-dinnovacio-a-franca\/#primaryimage"},"thumbnailUrl":"https:\/\/www.garciafaura.com\/wp-content\/uploads\/2020\/07\/Atex-Archipel-Nanterre-11.jpg","articleSection":["Actualit\u00e9"],"inLanguage":"fr-FR"},{"@type":"WebPage","@id":"https:\/\/www.garciafaura.com\/fr\/garcia-faura-obte-les-seves-primeres-certificacions-tecniques-dinnovacio-a-franca\/","url":"https:\/\/www.garciafaura.com\/fr\/garcia-faura-obte-les-seves-primeres-certificacions-tecniques-dinnovacio-a-franca\/","name":"GARCIA FAURA obtient ses premi\u00e8res certifications techniques pour l'innovation en France - GARCIA FAURA","isPartOf":{"@id":"https:\/\/www.garciafaura.com\/fr\/#website"},"primaryImageOfPage":{"@id":"https:\/\/www.garciafaura.com\/fr\/garcia-faura-obte-les-seves-primeres-certificacions-tecniques-dinnovacio-a-franca\/#primaryimage"},"image":{"@id":"https:\/\/www.garciafaura.com\/fr\/garcia-faura-obte-les-seves-primeres-certificacions-tecniques-dinnovacio-a-franca\/#primaryimage"},"thumbnailUrl":"https:\/\/www.garciafaura.com\/wp-content\/uploads\/2020\/07\/Atex-Archipel-Nanterre-11.jpg","datePublished":"2020-07-07T09:35:22+00:00","dateModified":"2020-07-09T10:06:12+00:00","description":"Arquitectura en Alumini, Inox, Ferro i Vidre","breadcrumb":{"@id":"https:\/\/www.garciafaura.com\/fr\/garcia-faura-obte-les-seves-primeres-certificacions-tecniques-dinnovacio-a-franca\/#breadcrumb"},"inLanguage":"fr-FR","potentialAction":[{"@type":"ReadAction","target":["https:\/\/www.garciafaura.com\/fr\/garcia-faura-obte-les-seves-primeres-certificacions-tecniques-dinnovacio-a-franca\/"]}]},{"@type":"ImageObject","inLanguage":"fr-FR","@id":"https:\/\/www.garciafaura.com\/fr\/garcia-faura-obte-les-seves-primeres-certificacions-tecniques-dinnovacio-a-franca\/#primaryimage","url":"https:\/\/www.garciafaura.com\/wp-content\/uploads\/2020\/07\/Atex-Archipel-Nanterre-11.jpg","contentUrl":"https:\/\/www.garciafaura.com\/wp-content\/uploads\/2020\/07\/Atex-Archipel-Nanterre-11.jpg","width":1600,"height":1047},{"@type":"BreadcrumbList","@id":"https:\/\/www.garciafaura.com\/fr\/garcia-faura-obte-les-seves-primeres-certificacions-tecniques-dinnovacio-a-franca\/#breadcrumb","itemListElement":[{"@type":"ListItem","position":1,"name":"Inici","item":"https:\/\/www.garciafaura.com\/fr\/"},{"@type":"ListItem","position":2,"name":"GARCIA FAURA obtient ses premi\u00e8res certifications techniques pour l&rsquo;innovation en France"}]},{"@type":"WebSite","@id":"https:\/\/www.garciafaura.com\/fr\/#website","url":"https:\/\/www.garciafaura.com\/fr\/","name":"GARCIA FAURA","description":"Arquitectura en Alumini, Inox, Ferro i Vidre","publisher":{"@id":"https:\/\/www.garciafaura.com\/fr\/#organization"},"potentialAction":[{"@type":"SearchAction","target":{"@type":"EntryPoint","urlTemplate":"https:\/\/www.garciafaura.com\/fr\/?s={search_term_string}"},"query-input":{"@type":"PropertyValueSpecification","valueRequired":true,"valueName":"search_term_string"}}],"inLanguage":"fr-FR"},{"@type":"Organization","@id":"https:\/\/www.garciafaura.com\/fr\/#organization","name":"GARCIA FAURA","url":"https:\/\/www.garciafaura.com\/fr\/","logo":{"@type":"ImageObject","inLanguage":"fr-FR","@id":"https:\/\/www.garciafaura.com\/fr\/#\/schema\/logo\/image\/","url":"https:\/\/www.garciafaura.com\/wp-content\/uploads\/2018\/09\/Garcia-Faura.png","contentUrl":"https:\/\/www.garciafaura.com\/wp-content\/uploads\/2018\/09\/Garcia-Faura.png","width":512,"height":512,"caption":"GARCIA FAURA"},"image":{"@id":"https:\/\/www.garciafaura.com\/fr\/#\/schema\/logo\/image\/"},"sameAs":["https:\/\/www.youtube.com\/user\/GARCIAFAURA"]},{"@type":"Person","@id":"https:\/\/www.garciafaura.com\/fr\/#\/schema\/person\/b4b75e69b33fac3446071909bec106b0","name":"David Achell","image":{"@type":"ImageObject","inLanguage":"fr-FR","@id":"https:\/\/www.garciafaura.com\/fr\/#\/schema\/person\/image\/","url":"https:\/\/secure.gravatar.com\/avatar\/03900210afc1f61bce737bcb4a79c02e2c997f171e3eca839b5a4cbe03846c90?s=96&d=blank&r=g","contentUrl":"https:\/\/secure.gravatar.com\/avatar\/03900210afc1f61bce737bcb4a79c02e2c997f171e3eca839b5a4cbe03846c90?s=96&d=blank&r=g","caption":"David Achell"}}]}},"_links":{"self":[{"href":"https:\/\/www.garciafaura.com\/fr\/wp-json\/wp\/v2\/posts\/25536","targetHints":{"allow":["GET"]}}],"collection":[{"href":"https:\/\/www.garciafaura.com\/fr\/wp-json\/wp\/v2\/posts"}],"about":[{"href":"https:\/\/www.garciafaura.com\/fr\/wp-json\/wp\/v2\/types\/post"}],"author":[{"embeddable":true,"href":"https:\/\/www.garciafaura.com\/fr\/wp-json\/wp\/v2\/users\/3"}],"replies":[{"embeddable":true,"href":"https:\/\/www.garciafaura.com\/fr\/wp-json\/wp\/v2\/comments?post=25536"}],"version-history":[{"count":5,"href":"https:\/\/www.garciafaura.com\/fr\/wp-json\/wp\/v2\/posts\/25536\/revisions"}],"predecessor-version":[{"id":25554,"href":"https:\/\/www.garciafaura.com\/fr\/wp-json\/wp\/v2\/posts\/25536\/revisions\/25554"}],"wp:featuredmedia":[{"embeddable":true,"href":"https:\/\/www.garciafaura.com\/fr\/wp-json\/wp\/v2\/media\/25528"}],"wp:attachment":[{"href":"https:\/\/www.garciafaura.com\/fr\/wp-json\/wp\/v2\/media?parent=25536"}],"wp:term":[{"taxonomy":"category","embeddable":true,"href":"https:\/\/www.garciafaura.com\/fr\/wp-json\/wp\/v2\/categories?post=25536"},{"taxonomy":"post_tag","embeddable":true,"href":"https:\/\/www.garciafaura.com\/fr\/wp-json\/wp\/v2\/tags?post=25536"},{"taxonomy":"post_series","embeddable":true,"href":"https:\/\/www.garciafaura.com\/fr\/wp-json\/wp\/v2\/post_series?post=25536"}],"curies":[{"name":"wp","href":"https:\/\/api.w.org\/{rel}","templated":true}]}}