{"id":25372,"date":"2020-06-19T09:05:25","date_gmt":"2020-06-19T07:05:25","guid":{"rendered":"https:\/\/www.garciafaura.com\/garcia-faura-incorpora-un-altre-centre-mecanitzat-el-cinque\/"},"modified":"2022-11-28T11:27:08","modified_gmt":"2022-11-28T09:27:08","slug":"garcia-faura-incorpora-un-altre-centre-mecanitzat-el-cinque","status":"publish","type":"post","link":"https:\/\/www.garciafaura.com\/fr\/garcia-faura-incorpora-un-altre-centre-mecanitzat-el-cinque\/","title":{"rendered":"GARCIA FAURA int\u00e8gre le cinqui\u00e8me centre d&rsquo;usinage"},"content":{"rendered":"<p style=\"text-align: justify;\">La crise sanitaire de covid-19 n&rsquo;arr\u00eate pas les investissements de <strong>GARCIA FAURA<\/strong>. L&rsquo;entreprise a acquis un nouveau centre d&rsquo;usinage aux avantages similaires \u00e0 <a href=\"https:\/\/www.garciafaura.com\/fr\/nouveau-centre-dusinage-cnc-pour-latelier-daluminium-garcia-faura\/\" target=\"_blank\" rel=\"noopener\"><strong>celui qu&rsquo;elle avait d\u00e9j\u00e0 acquis en d\u00e9but d&rsquo;ann\u00e9e<\/strong><\/a> dans sa zone de production. Avec ce nouvel \u00e9quipement, l&rsquo;entreprise dispose d\u00e9j\u00e0 de cinq centres d&rsquo;usinage au service de projets en cours.<\/p>\n<p style=\"text-align: justify;\">Il s&rsquo;agit du mod\u00e8le <a href=\"https:\/\/www.emmegi.com\/fr\/produit\/centres-dusinage\/comet-r6-hp\" target=\"_blank\" rel=\"noopener\"><strong>Comet R6 HP d&rsquo;Emmegi<\/strong><\/a>, un centre polyvalent \u00e0 commande num\u00e9rique \u00e0 cinq axes qui sert \u00e0 m\u00e9caniser des barres ou des pi\u00e8ces d&rsquo;aluminium, acier et PVC.<\/p>\n<p style=\"text-align: justify;\">La machine peut fonctionner en deux modes: avec une seule zone de travail pour les barres jusqu&rsquo;\u00e0 sept m\u00e8tres de longueur, ou avec deux zones de travail en mode pendulaire ind\u00e9pendant.<\/p>\n<p style=\"text-align: justify;\">Cette version du centre d&rsquo;usinage poss\u00e8de deux axes suppl\u00e9mentaires pour le positionnement des m\u00e2choires et des plateaux de r\u00e9f\u00e9rence, qui permettent leur positionnement simultan\u00e9ment lors du fonctionnement en mode pendulaire.<\/p>\n<p style=\"text-align: justify;\">Les quatri\u00e8me et cinqui\u00e8me axes permettent \u00e0 l&rsquo;\u00e9lectrobroche de tourner avec une commande num\u00e9rique de -15 \u00e0 90 degr\u00e9s sur un axe horizontal et de 0 \u00e0 720 degr\u00e9s sur un axe vertical en continu pour faire fonctionner le haut et les c\u00f4t\u00e9s du profil.<\/p>\n<p style=\"text-align: justify;\">La machine a un plan d&rsquo;usinage mobile qui facilite les op\u00e9rations de chargement et de d\u00e9chargement et permet l&rsquo;usinage de pi\u00e8ces de grande section et \u00e9galement avec des protections de verre haut de gamme avanc\u00e9es et une interface chromatique brillante qui agit comme un avertissement suppl\u00e9mentaire de l&rsquo;\u00e9tat de la machine \u00e0 tout moment.<\/p>\n<p>Cet investissement s&rsquo;inscrit dans le plan de modernisation de l&rsquo;usine de fabrication de fa\u00e7ades, murs-rideaux et menuiseries ext\u00e9rieures <strong>GARCIA FAURA<\/strong>. Un projet financ\u00e9 par le Ministerio de Industria, Comercio y Turismo, dans le cadre du <a href=\"https:\/\/www.mincotur.gob.es\/PortalAyudas\/RCI\/Paginas\/Index.aspx\" target=\"_blank\" rel=\"noopener\">Programme de r\u00e9industrialisation et de promotion de la comp\u00e9titivit\u00e9 industrielle<\/a>.<\/p>\n<p><img loading=\"lazy\" decoding=\"async\" class=\"aligncenter size-full wp-image-31090\" src=\"https:\/\/www.garciafaura.com\/wp-content\/uploads\/2020\/06\/LogoMinisterio.png\" alt=\"\" width=\"800\" height=\"153\" srcset=\"https:\/\/www.garciafaura.com\/wp-content\/uploads\/2020\/06\/LogoMinisterio.png 800w, https:\/\/www.garciafaura.com\/wp-content\/uploads\/2020\/06\/LogoMinisterio-300x57.png 300w, https:\/\/www.garciafaura.com\/wp-content\/uploads\/2020\/06\/LogoMinisterio-768x147.png 768w\" sizes=\"auto, (max-width: 800px) 100vw, 800px\" \/><\/p>\n","protected":false},"excerpt":{"rendered":"<p>La crise sanitaire de covid-19 n&rsquo;arr\u00eate pas les investissements de GARCIA FAURA. L&rsquo;entreprise a acquis un nouveau centre d&rsquo;usinage aux avantages similaires \u00e0 celui qu&rsquo;elle avait d\u00e9j\u00e0 acquis en d\u00e9but d&rsquo;ann\u00e9e dans sa zone de production. Avec ce nouvel \u00e9quipement,&hellip;<\/p>\n","protected":false},"author":3,"featured_media":25368,"comment_status":"closed","ping_status":"open","sticky":false,"template":"","format":"standard","meta":{"footnotes":""},"categories":[2],"tags":[],"post_series":[],"class_list":["post-25372","post","type-post","status-publish","format-standard","has-post-thumbnail","hentry","category-actualite","entry","has-media"],"yoast_head":"<!-- This site is optimized with the Yoast SEO plugin v26.7 - https:\/\/yoast.com\/wordpress\/plugins\/seo\/ -->\n<title>GARCIA FAURA int\u00e8gre le cinqui\u00e8me centre d&#039;usinage - GARCIA FAURA<\/title>\n<meta name=\"description\" content=\"Arquitectura en Alumini, Inox, Ferro i Vidre\" \/>\n<meta name=\"robots\" content=\"index, follow, max-snippet:-1, max-image-preview:large, max-video-preview:-1\" \/>\n<link rel=\"canonical\" href=\"https:\/\/www.garciafaura.com\/fr\/garcia-faura-incorpora-un-altre-centre-mecanitzat-el-cinque\/\" \/>\n<meta property=\"og:locale\" content=\"fr_FR\" \/>\n<meta property=\"og:type\" content=\"article\" \/>\n<meta property=\"og:title\" content=\"GARCIA FAURA int\u00e8gre le cinqui\u00e8me centre d&#039;usinage - GARCIA FAURA\" \/>\n<meta property=\"og:description\" content=\"Arquitectura en Alumini, Inox, Ferro i Vidre\" \/>\n<meta property=\"og:url\" content=\"https:\/\/www.garciafaura.com\/fr\/garcia-faura-incorpora-un-altre-centre-mecanitzat-el-cinque\/\" \/>\n<meta property=\"og:site_name\" content=\"GARCIA FAURA\" \/>\n<meta property=\"article:published_time\" content=\"2020-06-19T07:05:25+00:00\" \/>\n<meta property=\"article:modified_time\" content=\"2022-11-28T09:27:08+00:00\" \/>\n<meta property=\"og:image\" content=\"https:\/\/www.garciafaura.com\/wp-content\/uploads\/2020\/06\/centre-mecanitzat-Emmegi-1024x768.jpeg\" \/>\n\t<meta property=\"og:image:width\" content=\"1024\" \/>\n\t<meta property=\"og:image:height\" content=\"768\" \/>\n\t<meta property=\"og:image:type\" content=\"image\/jpeg\" \/>\n<meta name=\"author\" content=\"David Achell\" \/>\n<meta name=\"twitter:card\" content=\"summary_large_image\" \/>\n<meta name=\"twitter:label1\" content=\"\u00c9crit par\" \/>\n\t<meta name=\"twitter:data1\" content=\"David Achell\" \/>\n\t<meta name=\"twitter:label2\" content=\"Dur\u00e9e de lecture estim\u00e9e\" \/>\n\t<meta name=\"twitter:data2\" content=\"2 minutes\" \/>\n<script type=\"application\/ld+json\" class=\"yoast-schema-graph\">{\"@context\":\"https:\/\/schema.org\",\"@graph\":[{\"@type\":\"Article\",\"@id\":\"https:\/\/www.garciafaura.com\/fr\/garcia-faura-incorpora-un-altre-centre-mecanitzat-el-cinque\/#article\",\"isPartOf\":{\"@id\":\"https:\/\/www.garciafaura.com\/fr\/garcia-faura-incorpora-un-altre-centre-mecanitzat-el-cinque\/\"},\"author\":{\"name\":\"David Achell\",\"@id\":\"https:\/\/www.garciafaura.com\/fr\/#\/schema\/person\/b4b75e69b33fac3446071909bec106b0\"},\"headline\":\"GARCIA FAURA int\u00e8gre le cinqui\u00e8me centre d&rsquo;usinage\",\"datePublished\":\"2020-06-19T07:05:25+00:00\",\"dateModified\":\"2022-11-28T09:27:08+00:00\",\"mainEntityOfPage\":{\"@id\":\"https:\/\/www.garciafaura.com\/fr\/garcia-faura-incorpora-un-altre-centre-mecanitzat-el-cinque\/\"},\"wordCount\":337,\"publisher\":{\"@id\":\"https:\/\/www.garciafaura.com\/fr\/#organization\"},\"image\":{\"@id\":\"https:\/\/www.garciafaura.com\/fr\/garcia-faura-incorpora-un-altre-centre-mecanitzat-el-cinque\/#primaryimage\"},\"thumbnailUrl\":\"https:\/\/www.garciafaura.com\/wp-content\/uploads\/2020\/06\/centre-mecanitzat-Emmegi.jpeg\",\"articleSection\":[\"Actualit\u00e9\"],\"inLanguage\":\"fr-FR\"},{\"@type\":\"WebPage\",\"@id\":\"https:\/\/www.garciafaura.com\/fr\/garcia-faura-incorpora-un-altre-centre-mecanitzat-el-cinque\/\",\"url\":\"https:\/\/www.garciafaura.com\/fr\/garcia-faura-incorpora-un-altre-centre-mecanitzat-el-cinque\/\",\"name\":\"GARCIA FAURA int\u00e8gre le cinqui\u00e8me centre d'usinage - GARCIA FAURA\",\"isPartOf\":{\"@id\":\"https:\/\/www.garciafaura.com\/fr\/#website\"},\"primaryImageOfPage\":{\"@id\":\"https:\/\/www.garciafaura.com\/fr\/garcia-faura-incorpora-un-altre-centre-mecanitzat-el-cinque\/#primaryimage\"},\"image\":{\"@id\":\"https:\/\/www.garciafaura.com\/fr\/garcia-faura-incorpora-un-altre-centre-mecanitzat-el-cinque\/#primaryimage\"},\"thumbnailUrl\":\"https:\/\/www.garciafaura.com\/wp-content\/uploads\/2020\/06\/centre-mecanitzat-Emmegi.jpeg\",\"datePublished\":\"2020-06-19T07:05:25+00:00\",\"dateModified\":\"2022-11-28T09:27:08+00:00\",\"description\":\"Arquitectura en Alumini, Inox, Ferro i Vidre\",\"breadcrumb\":{\"@id\":\"https:\/\/www.garciafaura.com\/fr\/garcia-faura-incorpora-un-altre-centre-mecanitzat-el-cinque\/#breadcrumb\"},\"inLanguage\":\"fr-FR\",\"potentialAction\":[{\"@type\":\"ReadAction\",\"target\":[\"https:\/\/www.garciafaura.com\/fr\/garcia-faura-incorpora-un-altre-centre-mecanitzat-el-cinque\/\"]}]},{\"@type\":\"ImageObject\",\"inLanguage\":\"fr-FR\",\"@id\":\"https:\/\/www.garciafaura.com\/fr\/garcia-faura-incorpora-un-altre-centre-mecanitzat-el-cinque\/#primaryimage\",\"url\":\"https:\/\/www.garciafaura.com\/wp-content\/uploads\/2020\/06\/centre-mecanitzat-Emmegi.jpeg\",\"contentUrl\":\"https:\/\/www.garciafaura.com\/wp-content\/uploads\/2020\/06\/centre-mecanitzat-Emmegi.jpeg\",\"width\":4032,\"height\":3024},{\"@type\":\"BreadcrumbList\",\"@id\":\"https:\/\/www.garciafaura.com\/fr\/garcia-faura-incorpora-un-altre-centre-mecanitzat-el-cinque\/#breadcrumb\",\"itemListElement\":[{\"@type\":\"ListItem\",\"position\":1,\"name\":\"Inici\",\"item\":\"https:\/\/www.garciafaura.com\/fr\/\"},{\"@type\":\"ListItem\",\"position\":2,\"name\":\"GARCIA FAURA int\u00e8gre le cinqui\u00e8me centre d&#8217;usinage\"}]},{\"@type\":\"WebSite\",\"@id\":\"https:\/\/www.garciafaura.com\/fr\/#website\",\"url\":\"https:\/\/www.garciafaura.com\/fr\/\",\"name\":\"GARCIA FAURA\",\"description\":\"Arquitectura en Alumini, Inox, Ferro i Vidre\",\"publisher\":{\"@id\":\"https:\/\/www.garciafaura.com\/fr\/#organization\"},\"potentialAction\":[{\"@type\":\"SearchAction\",\"target\":{\"@type\":\"EntryPoint\",\"urlTemplate\":\"https:\/\/www.garciafaura.com\/fr\/?s={search_term_string}\"},\"query-input\":{\"@type\":\"PropertyValueSpecification\",\"valueRequired\":true,\"valueName\":\"search_term_string\"}}],\"inLanguage\":\"fr-FR\"},{\"@type\":\"Organization\",\"@id\":\"https:\/\/www.garciafaura.com\/fr\/#organization\",\"name\":\"GARCIA FAURA\",\"url\":\"https:\/\/www.garciafaura.com\/fr\/\",\"logo\":{\"@type\":\"ImageObject\",\"inLanguage\":\"fr-FR\",\"@id\":\"https:\/\/www.garciafaura.com\/fr\/#\/schema\/logo\/image\/\",\"url\":\"https:\/\/www.garciafaura.com\/wp-content\/uploads\/2018\/09\/Garcia-Faura.png\",\"contentUrl\":\"https:\/\/www.garciafaura.com\/wp-content\/uploads\/2018\/09\/Garcia-Faura.png\",\"width\":512,\"height\":512,\"caption\":\"GARCIA FAURA\"},\"image\":{\"@id\":\"https:\/\/www.garciafaura.com\/fr\/#\/schema\/logo\/image\/\"},\"sameAs\":[\"https:\/\/www.youtube.com\/user\/GARCIAFAURA\"]},{\"@type\":\"Person\",\"@id\":\"https:\/\/www.garciafaura.com\/fr\/#\/schema\/person\/b4b75e69b33fac3446071909bec106b0\",\"name\":\"David Achell\",\"image\":{\"@type\":\"ImageObject\",\"inLanguage\":\"fr-FR\",\"@id\":\"https:\/\/www.garciafaura.com\/fr\/#\/schema\/person\/image\/\",\"url\":\"https:\/\/secure.gravatar.com\/avatar\/03900210afc1f61bce737bcb4a79c02e2c997f171e3eca839b5a4cbe03846c90?s=96&d=blank&r=g\",\"contentUrl\":\"https:\/\/secure.gravatar.com\/avatar\/03900210afc1f61bce737bcb4a79c02e2c997f171e3eca839b5a4cbe03846c90?s=96&d=blank&r=g\",\"caption\":\"David Achell\"}}]}<\/script>\n<!-- \/ Yoast SEO plugin. -->","yoast_head_json":{"title":"GARCIA FAURA int\u00e8gre le cinqui\u00e8me centre d'usinage - GARCIA FAURA","description":"Arquitectura en Alumini, Inox, Ferro i Vidre","robots":{"index":"index","follow":"follow","max-snippet":"max-snippet:-1","max-image-preview":"max-image-preview:large","max-video-preview":"max-video-preview:-1"},"canonical":"https:\/\/www.garciafaura.com\/fr\/garcia-faura-incorpora-un-altre-centre-mecanitzat-el-cinque\/","og_locale":"fr_FR","og_type":"article","og_title":"GARCIA FAURA int\u00e8gre le cinqui\u00e8me centre d'usinage - GARCIA FAURA","og_description":"Arquitectura en Alumini, Inox, Ferro i Vidre","og_url":"https:\/\/www.garciafaura.com\/fr\/garcia-faura-incorpora-un-altre-centre-mecanitzat-el-cinque\/","og_site_name":"GARCIA FAURA","article_published_time":"2020-06-19T07:05:25+00:00","article_modified_time":"2022-11-28T09:27:08+00:00","og_image":[{"width":1024,"height":768,"url":"https:\/\/www.garciafaura.com\/wp-content\/uploads\/2020\/06\/centre-mecanitzat-Emmegi-1024x768.jpeg","type":"image\/jpeg"}],"author":"David Achell","twitter_card":"summary_large_image","twitter_misc":{"\u00c9crit par":"David Achell","Dur\u00e9e de lecture estim\u00e9e":"2 minutes"},"schema":{"@context":"https:\/\/schema.org","@graph":[{"@type":"Article","@id":"https:\/\/www.garciafaura.com\/fr\/garcia-faura-incorpora-un-altre-centre-mecanitzat-el-cinque\/#article","isPartOf":{"@id":"https:\/\/www.garciafaura.com\/fr\/garcia-faura-incorpora-un-altre-centre-mecanitzat-el-cinque\/"},"author":{"name":"David Achell","@id":"https:\/\/www.garciafaura.com\/fr\/#\/schema\/person\/b4b75e69b33fac3446071909bec106b0"},"headline":"GARCIA FAURA int\u00e8gre le cinqui\u00e8me centre d&rsquo;usinage","datePublished":"2020-06-19T07:05:25+00:00","dateModified":"2022-11-28T09:27:08+00:00","mainEntityOfPage":{"@id":"https:\/\/www.garciafaura.com\/fr\/garcia-faura-incorpora-un-altre-centre-mecanitzat-el-cinque\/"},"wordCount":337,"publisher":{"@id":"https:\/\/www.garciafaura.com\/fr\/#organization"},"image":{"@id":"https:\/\/www.garciafaura.com\/fr\/garcia-faura-incorpora-un-altre-centre-mecanitzat-el-cinque\/#primaryimage"},"thumbnailUrl":"https:\/\/www.garciafaura.com\/wp-content\/uploads\/2020\/06\/centre-mecanitzat-Emmegi.jpeg","articleSection":["Actualit\u00e9"],"inLanguage":"fr-FR"},{"@type":"WebPage","@id":"https:\/\/www.garciafaura.com\/fr\/garcia-faura-incorpora-un-altre-centre-mecanitzat-el-cinque\/","url":"https:\/\/www.garciafaura.com\/fr\/garcia-faura-incorpora-un-altre-centre-mecanitzat-el-cinque\/","name":"GARCIA FAURA int\u00e8gre le cinqui\u00e8me centre d'usinage - GARCIA FAURA","isPartOf":{"@id":"https:\/\/www.garciafaura.com\/fr\/#website"},"primaryImageOfPage":{"@id":"https:\/\/www.garciafaura.com\/fr\/garcia-faura-incorpora-un-altre-centre-mecanitzat-el-cinque\/#primaryimage"},"image":{"@id":"https:\/\/www.garciafaura.com\/fr\/garcia-faura-incorpora-un-altre-centre-mecanitzat-el-cinque\/#primaryimage"},"thumbnailUrl":"https:\/\/www.garciafaura.com\/wp-content\/uploads\/2020\/06\/centre-mecanitzat-Emmegi.jpeg","datePublished":"2020-06-19T07:05:25+00:00","dateModified":"2022-11-28T09:27:08+00:00","description":"Arquitectura en Alumini, Inox, Ferro i Vidre","breadcrumb":{"@id":"https:\/\/www.garciafaura.com\/fr\/garcia-faura-incorpora-un-altre-centre-mecanitzat-el-cinque\/#breadcrumb"},"inLanguage":"fr-FR","potentialAction":[{"@type":"ReadAction","target":["https:\/\/www.garciafaura.com\/fr\/garcia-faura-incorpora-un-altre-centre-mecanitzat-el-cinque\/"]}]},{"@type":"ImageObject","inLanguage":"fr-FR","@id":"https:\/\/www.garciafaura.com\/fr\/garcia-faura-incorpora-un-altre-centre-mecanitzat-el-cinque\/#primaryimage","url":"https:\/\/www.garciafaura.com\/wp-content\/uploads\/2020\/06\/centre-mecanitzat-Emmegi.jpeg","contentUrl":"https:\/\/www.garciafaura.com\/wp-content\/uploads\/2020\/06\/centre-mecanitzat-Emmegi.jpeg","width":4032,"height":3024},{"@type":"BreadcrumbList","@id":"https:\/\/www.garciafaura.com\/fr\/garcia-faura-incorpora-un-altre-centre-mecanitzat-el-cinque\/#breadcrumb","itemListElement":[{"@type":"ListItem","position":1,"name":"Inici","item":"https:\/\/www.garciafaura.com\/fr\/"},{"@type":"ListItem","position":2,"name":"GARCIA FAURA int\u00e8gre le cinqui\u00e8me centre d&#8217;usinage"}]},{"@type":"WebSite","@id":"https:\/\/www.garciafaura.com\/fr\/#website","url":"https:\/\/www.garciafaura.com\/fr\/","name":"GARCIA FAURA","description":"Arquitectura en Alumini, Inox, Ferro i Vidre","publisher":{"@id":"https:\/\/www.garciafaura.com\/fr\/#organization"},"potentialAction":[{"@type":"SearchAction","target":{"@type":"EntryPoint","urlTemplate":"https:\/\/www.garciafaura.com\/fr\/?s={search_term_string}"},"query-input":{"@type":"PropertyValueSpecification","valueRequired":true,"valueName":"search_term_string"}}],"inLanguage":"fr-FR"},{"@type":"Organization","@id":"https:\/\/www.garciafaura.com\/fr\/#organization","name":"GARCIA FAURA","url":"https:\/\/www.garciafaura.com\/fr\/","logo":{"@type":"ImageObject","inLanguage":"fr-FR","@id":"https:\/\/www.garciafaura.com\/fr\/#\/schema\/logo\/image\/","url":"https:\/\/www.garciafaura.com\/wp-content\/uploads\/2018\/09\/Garcia-Faura.png","contentUrl":"https:\/\/www.garciafaura.com\/wp-content\/uploads\/2018\/09\/Garcia-Faura.png","width":512,"height":512,"caption":"GARCIA FAURA"},"image":{"@id":"https:\/\/www.garciafaura.com\/fr\/#\/schema\/logo\/image\/"},"sameAs":["https:\/\/www.youtube.com\/user\/GARCIAFAURA"]},{"@type":"Person","@id":"https:\/\/www.garciafaura.com\/fr\/#\/schema\/person\/b4b75e69b33fac3446071909bec106b0","name":"David Achell","image":{"@type":"ImageObject","inLanguage":"fr-FR","@id":"https:\/\/www.garciafaura.com\/fr\/#\/schema\/person\/image\/","url":"https:\/\/secure.gravatar.com\/avatar\/03900210afc1f61bce737bcb4a79c02e2c997f171e3eca839b5a4cbe03846c90?s=96&d=blank&r=g","contentUrl":"https:\/\/secure.gravatar.com\/avatar\/03900210afc1f61bce737bcb4a79c02e2c997f171e3eca839b5a4cbe03846c90?s=96&d=blank&r=g","caption":"David Achell"}}]}},"_links":{"self":[{"href":"https:\/\/www.garciafaura.com\/fr\/wp-json\/wp\/v2\/posts\/25372","targetHints":{"allow":["GET"]}}],"collection":[{"href":"https:\/\/www.garciafaura.com\/fr\/wp-json\/wp\/v2\/posts"}],"about":[{"href":"https:\/\/www.garciafaura.com\/fr\/wp-json\/wp\/v2\/types\/post"}],"author":[{"embeddable":true,"href":"https:\/\/www.garciafaura.com\/fr\/wp-json\/wp\/v2\/users\/3"}],"replies":[{"embeddable":true,"href":"https:\/\/www.garciafaura.com\/fr\/wp-json\/wp\/v2\/comments?post=25372"}],"version-history":[{"count":4,"href":"https:\/\/www.garciafaura.com\/fr\/wp-json\/wp\/v2\/posts\/25372\/revisions"}],"predecessor-version":[{"id":31095,"href":"https:\/\/www.garciafaura.com\/fr\/wp-json\/wp\/v2\/posts\/25372\/revisions\/31095"}],"wp:featuredmedia":[{"embeddable":true,"href":"https:\/\/www.garciafaura.com\/fr\/wp-json\/wp\/v2\/media\/25368"}],"wp:attachment":[{"href":"https:\/\/www.garciafaura.com\/fr\/wp-json\/wp\/v2\/media?parent=25372"}],"wp:term":[{"taxonomy":"category","embeddable":true,"href":"https:\/\/www.garciafaura.com\/fr\/wp-json\/wp\/v2\/categories?post=25372"},{"taxonomy":"post_tag","embeddable":true,"href":"https:\/\/www.garciafaura.com\/fr\/wp-json\/wp\/v2\/tags?post=25372"},{"taxonomy":"post_series","embeddable":true,"href":"https:\/\/www.garciafaura.com\/fr\/wp-json\/wp\/v2\/post_series?post=25372"}],"curies":[{"name":"wp","href":"https:\/\/api.w.org\/{rel}","templated":true}]}}