{"id":25286,"date":"2020-06-10T11:50:26","date_gmt":"2020-06-10T09:50:26","guid":{"rendered":"https:\/\/www.garciafaura.com\/finestres-de-garcia-faura-per-a-un-edifici-finalista-dels-premis-fad\/"},"modified":"2020-06-10T12:13:46","modified_gmt":"2020-06-10T10:13:46","slug":"finestres-de-garcia-faura-per-a-un-edifici-finalista-dels-premis-fad","status":"publish","type":"post","link":"https:\/\/www.garciafaura.com\/fr\/finestres-de-garcia-faura-per-a-un-edifici-finalista-dels-premis-fad\/","title":{"rendered":"Fen\u00eatres de GARCIA FAURA pour un finaliste en construction aux FAD Award"},"content":{"rendered":"<p style=\"text-align: justify;\"><strong>GARCIA FAURA<\/strong> a particip\u00e9 \u00e0 la construction de 79 maisons officiellement prot\u00e9g\u00e9es \u00e0 Sant Boi de Llobregat (Barcelopne). Il s&rsquo;agit d&rsquo;un b\u00e2timent finaliste des <a href=\"http:\/\/arquinfad.org\/premisfad\/es\/ediciones-anteriores\/?edicio\/2020\/obra\/11120\/\" target=\"_blank\" rel=\"noopener\"><strong>FAD Architecture 2020 Awards<\/strong><\/a> gr\u00e2ce \u00e0 l&rsquo;incorporation de cours et d&rsquo;espaces communautaires comme solution \u00e0 l&rsquo;impossibilit\u00e9 de r\u00e9aliser des balcons.<\/p>\n<p style=\"text-align: justify;\">Pour ce projet, <strong>GARCIA FAURA<\/strong> a fabriqu\u00e9 et install\u00e9 1100 m\u00e8tres carr\u00e9s de bo\u00eetiers en aluminium et en verre. Un projet dans lequel les fen\u00eatres prennent un caract\u00e8re important, car c&rsquo;est pr\u00e9cis\u00e9ment le b\u00e2timent qui est con\u00e7u de telle sorte que tous les salons et toutes les chambres dans tous les appartements sont ext\u00e9rieurs. Ainsi, l&rsquo;entr\u00e9e de la lumi\u00e8re naturelle devient un signe d&rsquo;identit\u00e9 de son confort int\u00e9rieur.<\/p>\n<p style=\"text-align: justify;\">Les fermetures ont \u00e9t\u00e9 d\u00e9velopp\u00e9s avec des profils en aluminium \u00e0 rupture de pont thermique et de bonnes performances techniques en verre. Il contribue ainsi \u00e0 un bon niveau de bien-\u00eatre, parfaitement compatible avec les co\u00fbts de construction du projet, \u00e0 caract\u00e8re public et destin\u00e9 \u00e0 des logements prot\u00e9g\u00e9s.<\/p>\n<p style=\"text-align: justify;\">Le fait est que, malgr\u00e9 le budget serr\u00e9, le projet a cr\u00e9\u00e9 des maisons tr\u00e8s lumineuses, avec des espaces int\u00e9rieurs pour tout le quartier ouverts sur l&rsquo;ext\u00e9rieur, des espaces qui deviennent des lieux de transition entre la maison et la rue. Tous les salons et chambres des maisons sont ext\u00e9rieurs, tandis que les acc\u00e8s, les cuisines et les salles de bains font face \u00e0 quatre couloirs qui ne desservent que quatre maisons chacune.<\/p>\n<p style=\"text-align: justify;\">En fait, cela peut \u00eatre l&rsquo;une des tendances architecturales en p\u00e9riode d&rsquo;incertitude pour la sant\u00e9, comme la covid-19 actuelle. Si, comme le pr\u00e9disent les experts, il est possible qu&rsquo;il y ait des flamb\u00e9es de la maladie et, par cons\u00e9quent, de nouveaux confinements possibles, les b\u00e2timents devront \u00eatre pr\u00e9par\u00e9s \u00e0 offrir des espaces a\u00e9riens et lumineux, pr\u00e9cis\u00e9ment comme celui-ci dans lequel a particip\u00e9 <strong>GARCIA FAURA<\/strong>.<\/p>\n","protected":false},"excerpt":{"rendered":"<p>GARCIA FAURA a particip\u00e9 \u00e0 la construction de 79 maisons officiellement prot\u00e9g\u00e9es \u00e0 Sant Boi de Llobregat (Barcelopne). Il s&rsquo;agit d&rsquo;un b\u00e2timent finaliste des FAD Architecture 2020 Awards gr\u00e2ce \u00e0 l&rsquo;incorporation de cours et d&rsquo;espaces communautaires comme solution \u00e0 l&rsquo;impossibilit\u00e9&hellip;<\/p>\n","protected":false},"author":3,"featured_media":25282,"comment_status":"closed","ping_status":"open","sticky":false,"template":"","format":"standard","meta":{"footnotes":""},"categories":[2],"tags":[],"post_series":[],"class_list":["post-25286","post","type-post","status-publish","format-standard","has-post-thumbnail","hentry","category-actualite","entry","has-media"],"yoast_head":"<!-- This site is optimized with the Yoast SEO plugin v26.7 - https:\/\/yoast.com\/wordpress\/plugins\/seo\/ -->\n<title>Fen\u00eatres de GARCIA FAURA pour un finaliste en construction aux FAD Award - GARCIA FAURA<\/title>\n<meta name=\"description\" content=\"Arquitectura en Alumini, Inox, Ferro i Vidre\" \/>\n<meta name=\"robots\" content=\"index, follow, max-snippet:-1, max-image-preview:large, max-video-preview:-1\" \/>\n<link rel=\"canonical\" href=\"https:\/\/www.garciafaura.com\/fr\/finestres-de-garcia-faura-per-a-un-edifici-finalista-dels-premis-fad\/\" \/>\n<meta property=\"og:locale\" content=\"fr_FR\" \/>\n<meta property=\"og:type\" content=\"article\" \/>\n<meta property=\"og:title\" content=\"Fen\u00eatres de GARCIA FAURA pour un finaliste en construction aux FAD Award - GARCIA FAURA\" \/>\n<meta property=\"og:description\" content=\"Arquitectura en Alumini, Inox, Ferro i Vidre\" \/>\n<meta property=\"og:url\" content=\"https:\/\/www.garciafaura.com\/fr\/finestres-de-garcia-faura-per-a-un-edifici-finalista-dels-premis-fad\/\" \/>\n<meta property=\"og:site_name\" content=\"GARCIA FAURA\" \/>\n<meta property=\"article:published_time\" content=\"2020-06-10T09:50:26+00:00\" \/>\n<meta property=\"article:modified_time\" content=\"2020-06-10T10:13:46+00:00\" \/>\n<meta property=\"og:image\" content=\"https:\/\/www.garciafaura.com\/wp-content\/uploads\/2020\/06\/Detall-fext.jpg\" \/>\n\t<meta property=\"og:image:width\" content=\"600\" \/>\n\t<meta property=\"og:image:height\" content=\"400\" \/>\n\t<meta property=\"og:image:type\" content=\"image\/jpeg\" \/>\n<meta name=\"author\" content=\"David Achell\" \/>\n<meta name=\"twitter:card\" content=\"summary_large_image\" \/>\n<meta name=\"twitter:label1\" content=\"\u00c9crit par\" \/>\n\t<meta name=\"twitter:data1\" content=\"David Achell\" \/>\n\t<meta name=\"twitter:label2\" content=\"Dur\u00e9e de lecture estim\u00e9e\" \/>\n\t<meta name=\"twitter:data2\" content=\"2 minutes\" \/>\n<script type=\"application\/ld+json\" class=\"yoast-schema-graph\">{\"@context\":\"https:\/\/schema.org\",\"@graph\":[{\"@type\":\"Article\",\"@id\":\"https:\/\/www.garciafaura.com\/fr\/finestres-de-garcia-faura-per-a-un-edifici-finalista-dels-premis-fad\/#article\",\"isPartOf\":{\"@id\":\"https:\/\/www.garciafaura.com\/fr\/finestres-de-garcia-faura-per-a-un-edifici-finalista-dels-premis-fad\/\"},\"author\":{\"name\":\"David Achell\",\"@id\":\"https:\/\/www.garciafaura.com\/fr\/#\/schema\/person\/b4b75e69b33fac3446071909bec106b0\"},\"headline\":\"Fen\u00eatres de GARCIA FAURA pour un finaliste en construction aux FAD Award\",\"datePublished\":\"2020-06-10T09:50:26+00:00\",\"dateModified\":\"2020-06-10T10:13:46+00:00\",\"mainEntityOfPage\":{\"@id\":\"https:\/\/www.garciafaura.com\/fr\/finestres-de-garcia-faura-per-a-un-edifici-finalista-dels-premis-fad\/\"},\"wordCount\":350,\"publisher\":{\"@id\":\"https:\/\/www.garciafaura.com\/fr\/#organization\"},\"image\":{\"@id\":\"https:\/\/www.garciafaura.com\/fr\/finestres-de-garcia-faura-per-a-un-edifici-finalista-dels-premis-fad\/#primaryimage\"},\"thumbnailUrl\":\"https:\/\/www.garciafaura.com\/wp-content\/uploads\/2020\/06\/Detall-fext.jpg\",\"articleSection\":[\"Actualit\u00e9\"],\"inLanguage\":\"fr-FR\"},{\"@type\":\"WebPage\",\"@id\":\"https:\/\/www.garciafaura.com\/fr\/finestres-de-garcia-faura-per-a-un-edifici-finalista-dels-premis-fad\/\",\"url\":\"https:\/\/www.garciafaura.com\/fr\/finestres-de-garcia-faura-per-a-un-edifici-finalista-dels-premis-fad\/\",\"name\":\"Fen\u00eatres de GARCIA FAURA pour un finaliste en construction aux FAD Award - GARCIA FAURA\",\"isPartOf\":{\"@id\":\"https:\/\/www.garciafaura.com\/fr\/#website\"},\"primaryImageOfPage\":{\"@id\":\"https:\/\/www.garciafaura.com\/fr\/finestres-de-garcia-faura-per-a-un-edifici-finalista-dels-premis-fad\/#primaryimage\"},\"image\":{\"@id\":\"https:\/\/www.garciafaura.com\/fr\/finestres-de-garcia-faura-per-a-un-edifici-finalista-dels-premis-fad\/#primaryimage\"},\"thumbnailUrl\":\"https:\/\/www.garciafaura.com\/wp-content\/uploads\/2020\/06\/Detall-fext.jpg\",\"datePublished\":\"2020-06-10T09:50:26+00:00\",\"dateModified\":\"2020-06-10T10:13:46+00:00\",\"description\":\"Arquitectura en Alumini, Inox, Ferro i Vidre\",\"breadcrumb\":{\"@id\":\"https:\/\/www.garciafaura.com\/fr\/finestres-de-garcia-faura-per-a-un-edifici-finalista-dels-premis-fad\/#breadcrumb\"},\"inLanguage\":\"fr-FR\",\"potentialAction\":[{\"@type\":\"ReadAction\",\"target\":[\"https:\/\/www.garciafaura.com\/fr\/finestres-de-garcia-faura-per-a-un-edifici-finalista-dels-premis-fad\/\"]}]},{\"@type\":\"ImageObject\",\"inLanguage\":\"fr-FR\",\"@id\":\"https:\/\/www.garciafaura.com\/fr\/finestres-de-garcia-faura-per-a-un-edifici-finalista-dels-premis-fad\/#primaryimage\",\"url\":\"https:\/\/www.garciafaura.com\/wp-content\/uploads\/2020\/06\/Detall-fext.jpg\",\"contentUrl\":\"https:\/\/www.garciafaura.com\/wp-content\/uploads\/2020\/06\/Detall-fext.jpg\",\"width\":600,\"height\":400},{\"@type\":\"BreadcrumbList\",\"@id\":\"https:\/\/www.garciafaura.com\/fr\/finestres-de-garcia-faura-per-a-un-edifici-finalista-dels-premis-fad\/#breadcrumb\",\"itemListElement\":[{\"@type\":\"ListItem\",\"position\":1,\"name\":\"Inici\",\"item\":\"https:\/\/www.garciafaura.com\/fr\/\"},{\"@type\":\"ListItem\",\"position\":2,\"name\":\"Fen\u00eatres de GARCIA FAURA pour un finaliste en construction aux FAD Award\"}]},{\"@type\":\"WebSite\",\"@id\":\"https:\/\/www.garciafaura.com\/fr\/#website\",\"url\":\"https:\/\/www.garciafaura.com\/fr\/\",\"name\":\"GARCIA FAURA\",\"description\":\"Arquitectura en Alumini, Inox, Ferro i Vidre\",\"publisher\":{\"@id\":\"https:\/\/www.garciafaura.com\/fr\/#organization\"},\"potentialAction\":[{\"@type\":\"SearchAction\",\"target\":{\"@type\":\"EntryPoint\",\"urlTemplate\":\"https:\/\/www.garciafaura.com\/fr\/?s={search_term_string}\"},\"query-input\":{\"@type\":\"PropertyValueSpecification\",\"valueRequired\":true,\"valueName\":\"search_term_string\"}}],\"inLanguage\":\"fr-FR\"},{\"@type\":\"Organization\",\"@id\":\"https:\/\/www.garciafaura.com\/fr\/#organization\",\"name\":\"GARCIA FAURA\",\"url\":\"https:\/\/www.garciafaura.com\/fr\/\",\"logo\":{\"@type\":\"ImageObject\",\"inLanguage\":\"fr-FR\",\"@id\":\"https:\/\/www.garciafaura.com\/fr\/#\/schema\/logo\/image\/\",\"url\":\"https:\/\/www.garciafaura.com\/wp-content\/uploads\/2018\/09\/Garcia-Faura.png\",\"contentUrl\":\"https:\/\/www.garciafaura.com\/wp-content\/uploads\/2018\/09\/Garcia-Faura.png\",\"width\":512,\"height\":512,\"caption\":\"GARCIA FAURA\"},\"image\":{\"@id\":\"https:\/\/www.garciafaura.com\/fr\/#\/schema\/logo\/image\/\"},\"sameAs\":[\"https:\/\/www.youtube.com\/user\/GARCIAFAURA\"]},{\"@type\":\"Person\",\"@id\":\"https:\/\/www.garciafaura.com\/fr\/#\/schema\/person\/b4b75e69b33fac3446071909bec106b0\",\"name\":\"David Achell\",\"image\":{\"@type\":\"ImageObject\",\"inLanguage\":\"fr-FR\",\"@id\":\"https:\/\/www.garciafaura.com\/fr\/#\/schema\/person\/image\/\",\"url\":\"https:\/\/secure.gravatar.com\/avatar\/03900210afc1f61bce737bcb4a79c02e2c997f171e3eca839b5a4cbe03846c90?s=96&d=blank&r=g\",\"contentUrl\":\"https:\/\/secure.gravatar.com\/avatar\/03900210afc1f61bce737bcb4a79c02e2c997f171e3eca839b5a4cbe03846c90?s=96&d=blank&r=g\",\"caption\":\"David Achell\"}}]}<\/script>\n<!-- \/ Yoast SEO plugin. -->","yoast_head_json":{"title":"Fen\u00eatres de GARCIA FAURA pour un finaliste en construction aux FAD Award - GARCIA FAURA","description":"Arquitectura en Alumini, Inox, Ferro i Vidre","robots":{"index":"index","follow":"follow","max-snippet":"max-snippet:-1","max-image-preview":"max-image-preview:large","max-video-preview":"max-video-preview:-1"},"canonical":"https:\/\/www.garciafaura.com\/fr\/finestres-de-garcia-faura-per-a-un-edifici-finalista-dels-premis-fad\/","og_locale":"fr_FR","og_type":"article","og_title":"Fen\u00eatres de GARCIA FAURA pour un finaliste en construction aux FAD Award - GARCIA FAURA","og_description":"Arquitectura en Alumini, Inox, Ferro i Vidre","og_url":"https:\/\/www.garciafaura.com\/fr\/finestres-de-garcia-faura-per-a-un-edifici-finalista-dels-premis-fad\/","og_site_name":"GARCIA FAURA","article_published_time":"2020-06-10T09:50:26+00:00","article_modified_time":"2020-06-10T10:13:46+00:00","og_image":[{"width":600,"height":400,"url":"https:\/\/www.garciafaura.com\/wp-content\/uploads\/2020\/06\/Detall-fext.jpg","type":"image\/jpeg"}],"author":"David Achell","twitter_card":"summary_large_image","twitter_misc":{"\u00c9crit par":"David Achell","Dur\u00e9e de lecture estim\u00e9e":"2 minutes"},"schema":{"@context":"https:\/\/schema.org","@graph":[{"@type":"Article","@id":"https:\/\/www.garciafaura.com\/fr\/finestres-de-garcia-faura-per-a-un-edifici-finalista-dels-premis-fad\/#article","isPartOf":{"@id":"https:\/\/www.garciafaura.com\/fr\/finestres-de-garcia-faura-per-a-un-edifici-finalista-dels-premis-fad\/"},"author":{"name":"David Achell","@id":"https:\/\/www.garciafaura.com\/fr\/#\/schema\/person\/b4b75e69b33fac3446071909bec106b0"},"headline":"Fen\u00eatres de GARCIA FAURA pour un finaliste en construction aux FAD Award","datePublished":"2020-06-10T09:50:26+00:00","dateModified":"2020-06-10T10:13:46+00:00","mainEntityOfPage":{"@id":"https:\/\/www.garciafaura.com\/fr\/finestres-de-garcia-faura-per-a-un-edifici-finalista-dels-premis-fad\/"},"wordCount":350,"publisher":{"@id":"https:\/\/www.garciafaura.com\/fr\/#organization"},"image":{"@id":"https:\/\/www.garciafaura.com\/fr\/finestres-de-garcia-faura-per-a-un-edifici-finalista-dels-premis-fad\/#primaryimage"},"thumbnailUrl":"https:\/\/www.garciafaura.com\/wp-content\/uploads\/2020\/06\/Detall-fext.jpg","articleSection":["Actualit\u00e9"],"inLanguage":"fr-FR"},{"@type":"WebPage","@id":"https:\/\/www.garciafaura.com\/fr\/finestres-de-garcia-faura-per-a-un-edifici-finalista-dels-premis-fad\/","url":"https:\/\/www.garciafaura.com\/fr\/finestres-de-garcia-faura-per-a-un-edifici-finalista-dels-premis-fad\/","name":"Fen\u00eatres de GARCIA FAURA pour un finaliste en construction aux FAD Award - GARCIA FAURA","isPartOf":{"@id":"https:\/\/www.garciafaura.com\/fr\/#website"},"primaryImageOfPage":{"@id":"https:\/\/www.garciafaura.com\/fr\/finestres-de-garcia-faura-per-a-un-edifici-finalista-dels-premis-fad\/#primaryimage"},"image":{"@id":"https:\/\/www.garciafaura.com\/fr\/finestres-de-garcia-faura-per-a-un-edifici-finalista-dels-premis-fad\/#primaryimage"},"thumbnailUrl":"https:\/\/www.garciafaura.com\/wp-content\/uploads\/2020\/06\/Detall-fext.jpg","datePublished":"2020-06-10T09:50:26+00:00","dateModified":"2020-06-10T10:13:46+00:00","description":"Arquitectura en Alumini, Inox, Ferro i Vidre","breadcrumb":{"@id":"https:\/\/www.garciafaura.com\/fr\/finestres-de-garcia-faura-per-a-un-edifici-finalista-dels-premis-fad\/#breadcrumb"},"inLanguage":"fr-FR","potentialAction":[{"@type":"ReadAction","target":["https:\/\/www.garciafaura.com\/fr\/finestres-de-garcia-faura-per-a-un-edifici-finalista-dels-premis-fad\/"]}]},{"@type":"ImageObject","inLanguage":"fr-FR","@id":"https:\/\/www.garciafaura.com\/fr\/finestres-de-garcia-faura-per-a-un-edifici-finalista-dels-premis-fad\/#primaryimage","url":"https:\/\/www.garciafaura.com\/wp-content\/uploads\/2020\/06\/Detall-fext.jpg","contentUrl":"https:\/\/www.garciafaura.com\/wp-content\/uploads\/2020\/06\/Detall-fext.jpg","width":600,"height":400},{"@type":"BreadcrumbList","@id":"https:\/\/www.garciafaura.com\/fr\/finestres-de-garcia-faura-per-a-un-edifici-finalista-dels-premis-fad\/#breadcrumb","itemListElement":[{"@type":"ListItem","position":1,"name":"Inici","item":"https:\/\/www.garciafaura.com\/fr\/"},{"@type":"ListItem","position":2,"name":"Fen\u00eatres de GARCIA FAURA pour un finaliste en construction aux FAD Award"}]},{"@type":"WebSite","@id":"https:\/\/www.garciafaura.com\/fr\/#website","url":"https:\/\/www.garciafaura.com\/fr\/","name":"GARCIA FAURA","description":"Arquitectura en Alumini, Inox, Ferro i Vidre","publisher":{"@id":"https:\/\/www.garciafaura.com\/fr\/#organization"},"potentialAction":[{"@type":"SearchAction","target":{"@type":"EntryPoint","urlTemplate":"https:\/\/www.garciafaura.com\/fr\/?s={search_term_string}"},"query-input":{"@type":"PropertyValueSpecification","valueRequired":true,"valueName":"search_term_string"}}],"inLanguage":"fr-FR"},{"@type":"Organization","@id":"https:\/\/www.garciafaura.com\/fr\/#organization","name":"GARCIA FAURA","url":"https:\/\/www.garciafaura.com\/fr\/","logo":{"@type":"ImageObject","inLanguage":"fr-FR","@id":"https:\/\/www.garciafaura.com\/fr\/#\/schema\/logo\/image\/","url":"https:\/\/www.garciafaura.com\/wp-content\/uploads\/2018\/09\/Garcia-Faura.png","contentUrl":"https:\/\/www.garciafaura.com\/wp-content\/uploads\/2018\/09\/Garcia-Faura.png","width":512,"height":512,"caption":"GARCIA FAURA"},"image":{"@id":"https:\/\/www.garciafaura.com\/fr\/#\/schema\/logo\/image\/"},"sameAs":["https:\/\/www.youtube.com\/user\/GARCIAFAURA"]},{"@type":"Person","@id":"https:\/\/www.garciafaura.com\/fr\/#\/schema\/person\/b4b75e69b33fac3446071909bec106b0","name":"David Achell","image":{"@type":"ImageObject","inLanguage":"fr-FR","@id":"https:\/\/www.garciafaura.com\/fr\/#\/schema\/person\/image\/","url":"https:\/\/secure.gravatar.com\/avatar\/03900210afc1f61bce737bcb4a79c02e2c997f171e3eca839b5a4cbe03846c90?s=96&d=blank&r=g","contentUrl":"https:\/\/secure.gravatar.com\/avatar\/03900210afc1f61bce737bcb4a79c02e2c997f171e3eca839b5a4cbe03846c90?s=96&d=blank&r=g","caption":"David Achell"}}]}},"_links":{"self":[{"href":"https:\/\/www.garciafaura.com\/fr\/wp-json\/wp\/v2\/posts\/25286","targetHints":{"allow":["GET"]}}],"collection":[{"href":"https:\/\/www.garciafaura.com\/fr\/wp-json\/wp\/v2\/posts"}],"about":[{"href":"https:\/\/www.garciafaura.com\/fr\/wp-json\/wp\/v2\/types\/post"}],"author":[{"embeddable":true,"href":"https:\/\/www.garciafaura.com\/fr\/wp-json\/wp\/v2\/users\/3"}],"replies":[{"embeddable":true,"href":"https:\/\/www.garciafaura.com\/fr\/wp-json\/wp\/v2\/comments?post=25286"}],"version-history":[{"count":5,"href":"https:\/\/www.garciafaura.com\/fr\/wp-json\/wp\/v2\/posts\/25286\/revisions"}],"predecessor-version":[{"id":25301,"href":"https:\/\/www.garciafaura.com\/fr\/wp-json\/wp\/v2\/posts\/25286\/revisions\/25301"}],"wp:featuredmedia":[{"embeddable":true,"href":"https:\/\/www.garciafaura.com\/fr\/wp-json\/wp\/v2\/media\/25282"}],"wp:attachment":[{"href":"https:\/\/www.garciafaura.com\/fr\/wp-json\/wp\/v2\/media?parent=25286"}],"wp:term":[{"taxonomy":"category","embeddable":true,"href":"https:\/\/www.garciafaura.com\/fr\/wp-json\/wp\/v2\/categories?post=25286"},{"taxonomy":"post_tag","embeddable":true,"href":"https:\/\/www.garciafaura.com\/fr\/wp-json\/wp\/v2\/tags?post=25286"},{"taxonomy":"post_series","embeddable":true,"href":"https:\/\/www.garciafaura.com\/fr\/wp-json\/wp\/v2\/post_series?post=25286"}],"curies":[{"name":"wp","href":"https:\/\/api.w.org\/{rel}","templated":true}]}}