{"id":25105,"date":"2020-05-25T15:22:01","date_gmt":"2020-05-25T13:22:01","guid":{"rendered":"https:\/\/www.garciafaura.com\/?p=25105"},"modified":"2020-05-29T13:51:52","modified_gmt":"2020-05-29T11:51:52","slug":"garcia-faura-fabrique-la-facade-modulaire-du-batiment-malesherbes","status":"publish","type":"post","link":"https:\/\/www.garciafaura.com\/fr\/garcia-faura-fabrique-la-facade-modulaire-du-batiment-malesherbes\/","title":{"rendered":"GARCIA FAURA fabrique la fa\u00e7ade modulaire du b\u00e2timent Malesherbes"},"content":{"rendered":"<p style=\"text-align: justify;\"><span style=\"font-family: arial, helvetica, sans-serif;\">L&rsquo;un des projets les plus complexes sur le plan technique auquel <strong>GARCIA FAURA<\/strong> doit faire face cette ann\u00e9e 2020 est actuellement en phase de production et d&rsquo;installation. Il s&rsquo;agit de la r\u00e9habilitation de 2 500 m\u00e8tres carr\u00e9s de fa\u00e7ades d&rsquo;un immeuble situ\u00e9 au centre de Paris, plus pr\u00e9cis\u00e9ment sur le boulevard Malesherbes.<\/span><\/p>\n<p style=\"text-align: justify;\"><span style=\"font-family: arial, helvetica, sans-serif;\">En raison des conditions techniques du projet et de la r\u00e9glementation fran\u00e7aise, la fa\u00e7ade du b\u00e2timent doit pouvoir absorber les mouvements structurels jusqu&rsquo;\u00e0 5 mm. Pour se conformer aux exigences. <strong>GARCIA FAURA<\/strong> a d\u00e9velopp\u00e9 un type de fa\u00e7ade modulaire avec un syst\u00e8me tr\u00e8s rare qui n&rsquo;existe pas en Espagne et qui a \u00e9t\u00e9 tr\u00e8s peu utilis\u00e9 en France.<\/span><\/p>\n<p style=\"text-align: justify;\"><span style=\"font-family: arial, helvetica, sans-serif;\">Certains modules ont des dimensions de 3,6 m\u00e8tres de hauteur et 2,5 m\u00e8tres de largeur, ce qui repr\u00e9sente un d\u00e9fi pour <strong>GARCIA FAURA<\/strong>, de la production en usine au transport ou \u00e0 l&rsquo;installation sur site.<\/span><\/p>\n<p style=\"text-align: justify;\"><span style=\"font-family: arial, helvetica, sans-serif;\">Il n&rsquo;est pas rare qu&rsquo;un b\u00e2timent relativement petit comme celui-ci utilise des fa\u00e7ades modulaires, surtout lorsqu&rsquo;il s&rsquo;agit de modules non r\u00e9p\u00e9titifs. Un fait qui donne encore plus de caract\u00e8re et d&rsquo;unicit\u00e9 au projet. De plus, selon la superficie du b\u00e2timent, deux types de modules ont \u00e9t\u00e9 plac\u00e9s: avec du verre structurel fix\u00e9 aux profil\u00e9s en aluminium et avec du verre fix\u00e9 avec des tapis p\u00e9rim\u00e9triques en aluminium \u00e0 l&rsquo;ext\u00e9rieur.<\/span><\/p>\n<p style=\"text-align: justify;\"><strong><span style=\"font-family: arial, helvetica, sans-serif;\">Charni\u00e8res sp\u00e9ciales<\/span><\/strong><\/p>\n<p style=\"text-align: justify;\"><span style=\"font-family: arial, helvetica, sans-serif;\">De plus, <strong>GARCIA FAURA<\/strong> a d\u00fb d\u00e9velopper des charni\u00e8res sp\u00e9ciales pour pouvoir installer des fen\u00eatres \u00e0 ouverture anglaise, un type pour lequel il n&rsquo;y a pas de joueurs qui d\u00e9veloppent ce type d&rsquo;accessoire pour fa\u00e7ades modulaires.<\/span><\/p>\n<p style=\"text-align: justify;\"><span style=\"font-family: arial, helvetica, sans-serif;\">Ces nouvelles charni\u00e8res, cach\u00e9es et renforc\u00e9es, permettent de supporter l&rsquo;\u00e9norme poids du vantail de la fen\u00eatre, qui s&rsquo;adapte parfaitement aux profils du rideau mural de fa\u00e7ade.<\/span><\/p>\n<p style=\"text-align: justify;\"><span style=\"font-family: arial, helvetica, sans-serif;\">Pour valider techniquement la solution et qu&rsquo;elle soit conforme \u00e0 la r\u00e8glementation fran\u00e7aise exigeante, nous avons r\u00e9alis\u00e9 les tests pertinents pour valider ce type d&rsquo;ouverture dans le montage de fa\u00e7ade. Une caract\u00e9ristique qui le rend compl\u00e8tement unique.<\/span><\/p>\n<p style=\"text-align: justify;\"><strong><span style=\"font-family: arial, helvetica, sans-serif;\">Int\u00e9gration de balcons<\/span><\/strong><\/p>\n<p style=\"text-align: justify;\"><span style=\"font-family: arial, helvetica, sans-serif;\">Il faut \u00e9galement consid\u00e9rer que, dans certaines zones du b\u00e2timent, il y a des balcons qui ont d\u00fb \u00eatre int\u00e9gr\u00e9s en d\u00e9veloppant un syst\u00e8me de fixation cach\u00e9 et qui, thermiquement, n&rsquo;affecte pas le bon comportement de la fa\u00e7ade. Pour cette raison, des portes \u00e0 ouverture ext\u00e9rieure ont \u00e9t\u00e9 d\u00e9velopp\u00e9es au sein de la m\u00eame fa\u00e7ade, avec une hauteur de pr\u00e8s de trois m\u00e8tres.<\/span><\/p>\n<p style=\"text-align: justify;\"><span style=\"font-family: arial, helvetica, sans-serif;\">De plus, pour des raisons esth\u00e9tiques, de nouvelles matrices ont \u00e9t\u00e9 d\u00e9velopp\u00e9es, des profils d&rsquo;extrusion qui, au moyen d&rsquo;un syst\u00e8me viss\u00e9, s&rsquo;int\u00e8grent dans la fa\u00e7ade afin d&rsquo;imiter les poutres m\u00e9talliques qui traversent les zones opaques de la fa\u00e7ade.<\/span><\/p>\n<p style=\"text-align: justify;\"><span style=\"font-family: arial, helvetica, sans-serif;\">Enfin, il convient de noter que la fa\u00e7ade incorpore des cadres qui entourent le contour des zones vitr\u00e9es des modules, comme s&rsquo;il s&rsquo;agissait d&rsquo;une peau ext\u00e9rieure. Les cadres sont en t\u00f4le pli\u00e9e et soud\u00e9e en une seule pi\u00e8ce qui sont ins\u00e9r\u00e9s dans les modules avec des pi\u00e8ces de fixation qui font sortir le cadre du plan de la face ext\u00e9rieure de la fa\u00e7ade. Une solution qui a \u00e9galement \u00e9t\u00e9 d\u00e9velopp\u00e9e par <strong>GARCIA FAURA<\/strong> sp\u00e9cifiquement pour ce projet.<\/span><\/p>\n","protected":false},"excerpt":{"rendered":"<p>L&rsquo;un des projets les plus complexes sur le plan technique auquel GARCIA FAURA doit faire face cette ann\u00e9e 2020 est actuellement en phase de production et d&rsquo;installation. Il s&rsquo;agit de la r\u00e9habilitation de 2 500 m\u00e8tres carr\u00e9s de fa\u00e7ades d&rsquo;un&hellip;<\/p>\n","protected":false},"author":3,"featured_media":25117,"comment_status":"closed","ping_status":"open","sticky":false,"template":"","format":"gallery","meta":{"footnotes":""},"categories":[2],"tags":[],"post_series":[],"class_list":["post-25105","post","type-post","status-publish","format-gallery","has-post-thumbnail","hentry","category-actualite","post_format-post-format-gallery","entry","has-media"],"yoast_head":"<!-- This site is optimized with the Yoast SEO plugin v26.7 - https:\/\/yoast.com\/wordpress\/plugins\/seo\/ -->\n<title>GARCIA FAURA fabrique la fa\u00e7ade modulaire du b\u00e2timent Malesherbes - GARCIA FAURA<\/title>\n<meta name=\"description\" content=\"Arquitectura en Alumini, Inox, Ferro i Vidre\" \/>\n<meta name=\"robots\" content=\"index, follow, max-snippet:-1, max-image-preview:large, max-video-preview:-1\" \/>\n<link rel=\"canonical\" href=\"https:\/\/www.garciafaura.com\/fr\/garcia-faura-fabrique-la-facade-modulaire-du-batiment-malesherbes\/\" \/>\n<meta property=\"og:locale\" content=\"fr_FR\" \/>\n<meta property=\"og:type\" content=\"article\" \/>\n<meta property=\"og:title\" content=\"GARCIA FAURA fabrique la fa\u00e7ade modulaire du b\u00e2timent Malesherbes - GARCIA FAURA\" \/>\n<meta property=\"og:description\" content=\"Arquitectura en Alumini, Inox, Ferro i Vidre\" \/>\n<meta property=\"og:url\" content=\"https:\/\/www.garciafaura.com\/fr\/garcia-faura-fabrique-la-facade-modulaire-du-batiment-malesherbes\/\" \/>\n<meta property=\"og:site_name\" content=\"GARCIA FAURA\" \/>\n<meta property=\"article:published_time\" content=\"2020-05-25T13:22:01+00:00\" \/>\n<meta property=\"article:modified_time\" content=\"2020-05-29T11:51:52+00:00\" \/>\n<meta property=\"og:image\" content=\"https:\/\/www.garciafaura.com\/wp-content\/uploads\/2020\/05\/Malesherbes-01-1024x683.jpg\" \/>\n\t<meta property=\"og:image:width\" content=\"1024\" \/>\n\t<meta property=\"og:image:height\" content=\"683\" \/>\n\t<meta property=\"og:image:type\" content=\"image\/jpeg\" \/>\n<meta name=\"author\" content=\"David Achell\" \/>\n<meta name=\"twitter:card\" content=\"summary_large_image\" \/>\n<meta name=\"twitter:label1\" content=\"\u00c9crit par\" \/>\n\t<meta name=\"twitter:data1\" content=\"David Achell\" \/>\n\t<meta name=\"twitter:label2\" content=\"Dur\u00e9e de lecture estim\u00e9e\" \/>\n\t<meta name=\"twitter:data2\" content=\"3 minutes\" \/>\n<script type=\"application\/ld+json\" class=\"yoast-schema-graph\">{\"@context\":\"https:\/\/schema.org\",\"@graph\":[{\"@type\":\"Article\",\"@id\":\"https:\/\/www.garciafaura.com\/fr\/garcia-faura-fabrique-la-facade-modulaire-du-batiment-malesherbes\/#article\",\"isPartOf\":{\"@id\":\"https:\/\/www.garciafaura.com\/fr\/garcia-faura-fabrique-la-facade-modulaire-du-batiment-malesherbes\/\"},\"author\":{\"name\":\"David Achell\",\"@id\":\"https:\/\/www.garciafaura.com\/fr\/#\/schema\/person\/b4b75e69b33fac3446071909bec106b0\"},\"headline\":\"GARCIA FAURA fabrique la fa\u00e7ade modulaire du b\u00e2timent Malesherbes\",\"datePublished\":\"2020-05-25T13:22:01+00:00\",\"dateModified\":\"2020-05-29T11:51:52+00:00\",\"mainEntityOfPage\":{\"@id\":\"https:\/\/www.garciafaura.com\/fr\/garcia-faura-fabrique-la-facade-modulaire-du-batiment-malesherbes\/\"},\"wordCount\":610,\"publisher\":{\"@id\":\"https:\/\/www.garciafaura.com\/fr\/#organization\"},\"image\":{\"@id\":\"https:\/\/www.garciafaura.com\/fr\/garcia-faura-fabrique-la-facade-modulaire-du-batiment-malesherbes\/#primaryimage\"},\"thumbnailUrl\":\"https:\/\/www.garciafaura.com\/wp-content\/uploads\/2020\/05\/Malesherbes-01.jpg\",\"articleSection\":[\"Actualit\u00e9\"],\"inLanguage\":\"fr-FR\"},{\"@type\":\"WebPage\",\"@id\":\"https:\/\/www.garciafaura.com\/fr\/garcia-faura-fabrique-la-facade-modulaire-du-batiment-malesherbes\/\",\"url\":\"https:\/\/www.garciafaura.com\/fr\/garcia-faura-fabrique-la-facade-modulaire-du-batiment-malesherbes\/\",\"name\":\"GARCIA FAURA fabrique la fa\u00e7ade modulaire du b\u00e2timent Malesherbes - GARCIA FAURA\",\"isPartOf\":{\"@id\":\"https:\/\/www.garciafaura.com\/fr\/#website\"},\"primaryImageOfPage\":{\"@id\":\"https:\/\/www.garciafaura.com\/fr\/garcia-faura-fabrique-la-facade-modulaire-du-batiment-malesherbes\/#primaryimage\"},\"image\":{\"@id\":\"https:\/\/www.garciafaura.com\/fr\/garcia-faura-fabrique-la-facade-modulaire-du-batiment-malesherbes\/#primaryimage\"},\"thumbnailUrl\":\"https:\/\/www.garciafaura.com\/wp-content\/uploads\/2020\/05\/Malesherbes-01.jpg\",\"datePublished\":\"2020-05-25T13:22:01+00:00\",\"dateModified\":\"2020-05-29T11:51:52+00:00\",\"description\":\"Arquitectura en Alumini, Inox, Ferro i Vidre\",\"breadcrumb\":{\"@id\":\"https:\/\/www.garciafaura.com\/fr\/garcia-faura-fabrique-la-facade-modulaire-du-batiment-malesherbes\/#breadcrumb\"},\"inLanguage\":\"fr-FR\",\"potentialAction\":[{\"@type\":\"ReadAction\",\"target\":[\"https:\/\/www.garciafaura.com\/fr\/garcia-faura-fabrique-la-facade-modulaire-du-batiment-malesherbes\/\"]}]},{\"@type\":\"ImageObject\",\"inLanguage\":\"fr-FR\",\"@id\":\"https:\/\/www.garciafaura.com\/fr\/garcia-faura-fabrique-la-facade-modulaire-du-batiment-malesherbes\/#primaryimage\",\"url\":\"https:\/\/www.garciafaura.com\/wp-content\/uploads\/2020\/05\/Malesherbes-01.jpg\",\"contentUrl\":\"https:\/\/www.garciafaura.com\/wp-content\/uploads\/2020\/05\/Malesherbes-01.jpg\",\"width\":6000,\"height\":4000},{\"@type\":\"BreadcrumbList\",\"@id\":\"https:\/\/www.garciafaura.com\/fr\/garcia-faura-fabrique-la-facade-modulaire-du-batiment-malesherbes\/#breadcrumb\",\"itemListElement\":[{\"@type\":\"ListItem\",\"position\":1,\"name\":\"Inici\",\"item\":\"https:\/\/www.garciafaura.com\/fr\/\"},{\"@type\":\"ListItem\",\"position\":2,\"name\":\"GARCIA FAURA fabrique la fa\u00e7ade modulaire du b\u00e2timent Malesherbes\"}]},{\"@type\":\"WebSite\",\"@id\":\"https:\/\/www.garciafaura.com\/fr\/#website\",\"url\":\"https:\/\/www.garciafaura.com\/fr\/\",\"name\":\"GARCIA FAURA\",\"description\":\"Arquitectura en Alumini, Inox, Ferro i Vidre\",\"publisher\":{\"@id\":\"https:\/\/www.garciafaura.com\/fr\/#organization\"},\"potentialAction\":[{\"@type\":\"SearchAction\",\"target\":{\"@type\":\"EntryPoint\",\"urlTemplate\":\"https:\/\/www.garciafaura.com\/fr\/?s={search_term_string}\"},\"query-input\":{\"@type\":\"PropertyValueSpecification\",\"valueRequired\":true,\"valueName\":\"search_term_string\"}}],\"inLanguage\":\"fr-FR\"},{\"@type\":\"Organization\",\"@id\":\"https:\/\/www.garciafaura.com\/fr\/#organization\",\"name\":\"GARCIA FAURA\",\"url\":\"https:\/\/www.garciafaura.com\/fr\/\",\"logo\":{\"@type\":\"ImageObject\",\"inLanguage\":\"fr-FR\",\"@id\":\"https:\/\/www.garciafaura.com\/fr\/#\/schema\/logo\/image\/\",\"url\":\"https:\/\/www.garciafaura.com\/wp-content\/uploads\/2018\/09\/Garcia-Faura.png\",\"contentUrl\":\"https:\/\/www.garciafaura.com\/wp-content\/uploads\/2018\/09\/Garcia-Faura.png\",\"width\":512,\"height\":512,\"caption\":\"GARCIA FAURA\"},\"image\":{\"@id\":\"https:\/\/www.garciafaura.com\/fr\/#\/schema\/logo\/image\/\"},\"sameAs\":[\"https:\/\/www.youtube.com\/user\/GARCIAFAURA\"]},{\"@type\":\"Person\",\"@id\":\"https:\/\/www.garciafaura.com\/fr\/#\/schema\/person\/b4b75e69b33fac3446071909bec106b0\",\"name\":\"David Achell\",\"image\":{\"@type\":\"ImageObject\",\"inLanguage\":\"fr-FR\",\"@id\":\"https:\/\/www.garciafaura.com\/fr\/#\/schema\/person\/image\/\",\"url\":\"https:\/\/secure.gravatar.com\/avatar\/03900210afc1f61bce737bcb4a79c02e2c997f171e3eca839b5a4cbe03846c90?s=96&d=blank&r=g\",\"contentUrl\":\"https:\/\/secure.gravatar.com\/avatar\/03900210afc1f61bce737bcb4a79c02e2c997f171e3eca839b5a4cbe03846c90?s=96&d=blank&r=g\",\"caption\":\"David Achell\"}}]}<\/script>\n<!-- \/ Yoast SEO plugin. -->","yoast_head_json":{"title":"GARCIA FAURA fabrique la fa\u00e7ade modulaire du b\u00e2timent Malesherbes - GARCIA FAURA","description":"Arquitectura en Alumini, Inox, Ferro i Vidre","robots":{"index":"index","follow":"follow","max-snippet":"max-snippet:-1","max-image-preview":"max-image-preview:large","max-video-preview":"max-video-preview:-1"},"canonical":"https:\/\/www.garciafaura.com\/fr\/garcia-faura-fabrique-la-facade-modulaire-du-batiment-malesherbes\/","og_locale":"fr_FR","og_type":"article","og_title":"GARCIA FAURA fabrique la fa\u00e7ade modulaire du b\u00e2timent Malesherbes - GARCIA FAURA","og_description":"Arquitectura en Alumini, Inox, Ferro i Vidre","og_url":"https:\/\/www.garciafaura.com\/fr\/garcia-faura-fabrique-la-facade-modulaire-du-batiment-malesherbes\/","og_site_name":"GARCIA FAURA","article_published_time":"2020-05-25T13:22:01+00:00","article_modified_time":"2020-05-29T11:51:52+00:00","og_image":[{"width":1024,"height":683,"url":"https:\/\/www.garciafaura.com\/wp-content\/uploads\/2020\/05\/Malesherbes-01-1024x683.jpg","type":"image\/jpeg"}],"author":"David Achell","twitter_card":"summary_large_image","twitter_misc":{"\u00c9crit par":"David Achell","Dur\u00e9e de lecture estim\u00e9e":"3 minutes"},"schema":{"@context":"https:\/\/schema.org","@graph":[{"@type":"Article","@id":"https:\/\/www.garciafaura.com\/fr\/garcia-faura-fabrique-la-facade-modulaire-du-batiment-malesherbes\/#article","isPartOf":{"@id":"https:\/\/www.garciafaura.com\/fr\/garcia-faura-fabrique-la-facade-modulaire-du-batiment-malesherbes\/"},"author":{"name":"David Achell","@id":"https:\/\/www.garciafaura.com\/fr\/#\/schema\/person\/b4b75e69b33fac3446071909bec106b0"},"headline":"GARCIA FAURA fabrique la fa\u00e7ade modulaire du b\u00e2timent Malesherbes","datePublished":"2020-05-25T13:22:01+00:00","dateModified":"2020-05-29T11:51:52+00:00","mainEntityOfPage":{"@id":"https:\/\/www.garciafaura.com\/fr\/garcia-faura-fabrique-la-facade-modulaire-du-batiment-malesherbes\/"},"wordCount":610,"publisher":{"@id":"https:\/\/www.garciafaura.com\/fr\/#organization"},"image":{"@id":"https:\/\/www.garciafaura.com\/fr\/garcia-faura-fabrique-la-facade-modulaire-du-batiment-malesherbes\/#primaryimage"},"thumbnailUrl":"https:\/\/www.garciafaura.com\/wp-content\/uploads\/2020\/05\/Malesherbes-01.jpg","articleSection":["Actualit\u00e9"],"inLanguage":"fr-FR"},{"@type":"WebPage","@id":"https:\/\/www.garciafaura.com\/fr\/garcia-faura-fabrique-la-facade-modulaire-du-batiment-malesherbes\/","url":"https:\/\/www.garciafaura.com\/fr\/garcia-faura-fabrique-la-facade-modulaire-du-batiment-malesherbes\/","name":"GARCIA FAURA fabrique la fa\u00e7ade modulaire du b\u00e2timent Malesherbes - GARCIA FAURA","isPartOf":{"@id":"https:\/\/www.garciafaura.com\/fr\/#website"},"primaryImageOfPage":{"@id":"https:\/\/www.garciafaura.com\/fr\/garcia-faura-fabrique-la-facade-modulaire-du-batiment-malesherbes\/#primaryimage"},"image":{"@id":"https:\/\/www.garciafaura.com\/fr\/garcia-faura-fabrique-la-facade-modulaire-du-batiment-malesherbes\/#primaryimage"},"thumbnailUrl":"https:\/\/www.garciafaura.com\/wp-content\/uploads\/2020\/05\/Malesherbes-01.jpg","datePublished":"2020-05-25T13:22:01+00:00","dateModified":"2020-05-29T11:51:52+00:00","description":"Arquitectura en Alumini, Inox, Ferro i Vidre","breadcrumb":{"@id":"https:\/\/www.garciafaura.com\/fr\/garcia-faura-fabrique-la-facade-modulaire-du-batiment-malesherbes\/#breadcrumb"},"inLanguage":"fr-FR","potentialAction":[{"@type":"ReadAction","target":["https:\/\/www.garciafaura.com\/fr\/garcia-faura-fabrique-la-facade-modulaire-du-batiment-malesherbes\/"]}]},{"@type":"ImageObject","inLanguage":"fr-FR","@id":"https:\/\/www.garciafaura.com\/fr\/garcia-faura-fabrique-la-facade-modulaire-du-batiment-malesherbes\/#primaryimage","url":"https:\/\/www.garciafaura.com\/wp-content\/uploads\/2020\/05\/Malesherbes-01.jpg","contentUrl":"https:\/\/www.garciafaura.com\/wp-content\/uploads\/2020\/05\/Malesherbes-01.jpg","width":6000,"height":4000},{"@type":"BreadcrumbList","@id":"https:\/\/www.garciafaura.com\/fr\/garcia-faura-fabrique-la-facade-modulaire-du-batiment-malesherbes\/#breadcrumb","itemListElement":[{"@type":"ListItem","position":1,"name":"Inici","item":"https:\/\/www.garciafaura.com\/fr\/"},{"@type":"ListItem","position":2,"name":"GARCIA FAURA fabrique la fa\u00e7ade modulaire du b\u00e2timent Malesherbes"}]},{"@type":"WebSite","@id":"https:\/\/www.garciafaura.com\/fr\/#website","url":"https:\/\/www.garciafaura.com\/fr\/","name":"GARCIA FAURA","description":"Arquitectura en Alumini, Inox, Ferro i Vidre","publisher":{"@id":"https:\/\/www.garciafaura.com\/fr\/#organization"},"potentialAction":[{"@type":"SearchAction","target":{"@type":"EntryPoint","urlTemplate":"https:\/\/www.garciafaura.com\/fr\/?s={search_term_string}"},"query-input":{"@type":"PropertyValueSpecification","valueRequired":true,"valueName":"search_term_string"}}],"inLanguage":"fr-FR"},{"@type":"Organization","@id":"https:\/\/www.garciafaura.com\/fr\/#organization","name":"GARCIA FAURA","url":"https:\/\/www.garciafaura.com\/fr\/","logo":{"@type":"ImageObject","inLanguage":"fr-FR","@id":"https:\/\/www.garciafaura.com\/fr\/#\/schema\/logo\/image\/","url":"https:\/\/www.garciafaura.com\/wp-content\/uploads\/2018\/09\/Garcia-Faura.png","contentUrl":"https:\/\/www.garciafaura.com\/wp-content\/uploads\/2018\/09\/Garcia-Faura.png","width":512,"height":512,"caption":"GARCIA FAURA"},"image":{"@id":"https:\/\/www.garciafaura.com\/fr\/#\/schema\/logo\/image\/"},"sameAs":["https:\/\/www.youtube.com\/user\/GARCIAFAURA"]},{"@type":"Person","@id":"https:\/\/www.garciafaura.com\/fr\/#\/schema\/person\/b4b75e69b33fac3446071909bec106b0","name":"David Achell","image":{"@type":"ImageObject","inLanguage":"fr-FR","@id":"https:\/\/www.garciafaura.com\/fr\/#\/schema\/person\/image\/","url":"https:\/\/secure.gravatar.com\/avatar\/03900210afc1f61bce737bcb4a79c02e2c997f171e3eca839b5a4cbe03846c90?s=96&d=blank&r=g","contentUrl":"https:\/\/secure.gravatar.com\/avatar\/03900210afc1f61bce737bcb4a79c02e2c997f171e3eca839b5a4cbe03846c90?s=96&d=blank&r=g","caption":"David Achell"}}]}},"_links":{"self":[{"href":"https:\/\/www.garciafaura.com\/fr\/wp-json\/wp\/v2\/posts\/25105","targetHints":{"allow":["GET"]}}],"collection":[{"href":"https:\/\/www.garciafaura.com\/fr\/wp-json\/wp\/v2\/posts"}],"about":[{"href":"https:\/\/www.garciafaura.com\/fr\/wp-json\/wp\/v2\/types\/post"}],"author":[{"embeddable":true,"href":"https:\/\/www.garciafaura.com\/fr\/wp-json\/wp\/v2\/users\/3"}],"replies":[{"embeddable":true,"href":"https:\/\/www.garciafaura.com\/fr\/wp-json\/wp\/v2\/comments?post=25105"}],"version-history":[{"count":1,"href":"https:\/\/www.garciafaura.com\/fr\/wp-json\/wp\/v2\/posts\/25105\/revisions"}],"predecessor-version":[{"id":25106,"href":"https:\/\/www.garciafaura.com\/fr\/wp-json\/wp\/v2\/posts\/25105\/revisions\/25106"}],"wp:featuredmedia":[{"embeddable":true,"href":"https:\/\/www.garciafaura.com\/fr\/wp-json\/wp\/v2\/media\/25117"}],"wp:attachment":[{"href":"https:\/\/www.garciafaura.com\/fr\/wp-json\/wp\/v2\/media?parent=25105"}],"wp:term":[{"taxonomy":"category","embeddable":true,"href":"https:\/\/www.garciafaura.com\/fr\/wp-json\/wp\/v2\/categories?post=25105"},{"taxonomy":"post_tag","embeddable":true,"href":"https:\/\/www.garciafaura.com\/fr\/wp-json\/wp\/v2\/tags?post=25105"},{"taxonomy":"post_series","embeddable":true,"href":"https:\/\/www.garciafaura.com\/fr\/wp-json\/wp\/v2\/post_series?post=25105"}],"curies":[{"name":"wp","href":"https:\/\/api.w.org\/{rel}","templated":true}]}}