{"id":25089,"date":"2020-05-12T20:40:44","date_gmt":"2020-05-12T18:40:44","guid":{"rendered":"https:\/\/www.garciafaura.com\/garcia-faura-securite-prevention-et-service-en-temps-de-coronavirus\/"},"modified":"2020-05-12T20:40:44","modified_gmt":"2020-05-12T18:40:44","slug":"garcia-faura-securite-prevention-et-service-en-temps-de-coronavirus","status":"publish","type":"post","link":"https:\/\/www.garciafaura.com\/fr\/garcia-faura-securite-prevention-et-service-en-temps-de-coronavirus\/","title":{"rendered":"GARCIA FAURA: s\u00e9curit\u00e9, pr\u00e9vention et service en temps de coronavirus"},"content":{"rendered":"<p style=\"text-align: justify;\">\n            <strong>L&rsquo;entreprise maintient son activit\u00e9 professionnelle, en prenant toutes les mesures de pr\u00e9caution, tant envers ses clients que parmi son personnel. Dans la phase de d\u00e9sescalade en cours, le secteur d&rsquo;activit\u00e9 Construction reste actif, tandis que les divisions R\u00e9sidentiel et Apr\u00e8s-vente ne fonctionnent que dans les cas autoris\u00e9s par l&rsquo;\u00e9tat d&rsquo;alarme.<\/strong>\n          <\/p>\n<p style=\"text-align: justify;\">Deux mois apr\u00e8s avoir d\u00e9clar\u00e9 l&rsquo;\u00e9tat d&rsquo;alarme, GARCIA FAURA maintient ses op\u00e9rations \u00e0 la performance maximale permise par les circonstances actuelles. Avec le maximum de mesures internes de pr\u00e9vention, les ateliers de l&rsquo;entreprise retrouvent le rythme de travail apr\u00e8s la p\u00e9riode de fermeture forc\u00e9e d\u00e9cr\u00e9t\u00e9e il y a des semaines.<\/p>\n<p style=\"text-align: justify;\">Au niveau Installation, nous travaillons en coordination avec les diff\u00e9rentes entreprises de construction pour adapter les rythmes de travail aux mesures d\u00e9cr\u00e9t\u00e9es dans chaque projet, tant au niveau national qu&rsquo;international.<\/p>\n<p style=\"text-align: justify;\">Le personnel de l&rsquo;Office combine le travail au si\u00e8ge avec le t\u00e9l\u00e9travail, garantissant un maximum d&rsquo;op\u00e9rations dans le cadre de mesures de pr\u00e9caution qui garantissent le respect des r\u00e9glementations \u00e9dict\u00e9es en mati\u00e8re de distanciation sociale et d&rsquo;\u00e9quipements de protection individuelle.<\/p>\n<p style=\"text-align: justify;\">L&rsquo;objectif de l&rsquo;entreprise est de rendre la pr\u00e9servation de la sant\u00e9 de ses travailleurs compatible avec l&rsquo;attention et le service \u00e0 ses clients. Au fur et \u00e0 mesure que de nouvelles phases de d\u00e9sescalade entrent, l&rsquo;entreprise s&rsquo;attend \u00e0 \u00eatre en mesure de retrouver la normalit\u00e9 maximale de l&rsquo;ensemble des zones de travail et des divisions de l&rsquo;entreprise.<\/p>\n","protected":false},"excerpt":{"rendered":"<p>L&rsquo;entreprise maintient son activit\u00e9 professionnelle, en prenant toutes les mesures de pr\u00e9caution, tant envers ses clients que parmi son personnel. Dans la phase de d\u00e9sescalade en cours, le secteur d&rsquo;activit\u00e9 Construction reste actif, tandis que les divisions R\u00e9sidentiel et Apr\u00e8s-vente&hellip;<\/p>\n","protected":false},"author":3,"featured_media":25082,"comment_status":"closed","ping_status":"open","sticky":false,"template":"","format":"standard","meta":{"footnotes":""},"categories":[2],"tags":[],"post_series":[],"class_list":["post-25089","post","type-post","status-publish","format-standard","has-post-thumbnail","hentry","category-actualite","entry","has-media"],"yoast_head":"<!-- This site is optimized with the Yoast SEO plugin v26.7 - https:\/\/yoast.com\/wordpress\/plugins\/seo\/ -->\n<title>GARCIA FAURA: s\u00e9curit\u00e9, pr\u00e9vention et service en temps de coronavirus - GARCIA FAURA<\/title>\n<meta name=\"description\" content=\"Arquitectura en Alumini, Inox, Ferro i Vidre\" \/>\n<meta name=\"robots\" content=\"index, follow, max-snippet:-1, max-image-preview:large, max-video-preview:-1\" \/>\n<link rel=\"canonical\" href=\"https:\/\/www.garciafaura.com\/fr\/garcia-faura-securite-prevention-et-service-en-temps-de-coronavirus\/\" \/>\n<meta property=\"og:locale\" content=\"fr_FR\" \/>\n<meta property=\"og:type\" content=\"article\" \/>\n<meta property=\"og:title\" content=\"GARCIA FAURA: s\u00e9curit\u00e9, pr\u00e9vention et service en temps de coronavirus - GARCIA FAURA\" \/>\n<meta property=\"og:description\" content=\"Arquitectura en Alumini, Inox, Ferro i Vidre\" \/>\n<meta property=\"og:url\" content=\"https:\/\/www.garciafaura.com\/fr\/garcia-faura-securite-prevention-et-service-en-temps-de-coronavirus\/\" \/>\n<meta property=\"og:site_name\" content=\"GARCIA FAURA\" \/>\n<meta property=\"article:published_time\" content=\"2020-05-12T18:40:44+00:00\" \/>\n<meta property=\"og:image\" content=\"https:\/\/www.garciafaura.com\/wp-content\/uploads\/2020\/05\/20200316_091236.jpg\" \/>\n\t<meta property=\"og:image:width\" content=\"2560\" \/>\n\t<meta property=\"og:image:height\" content=\"1440\" \/>\n\t<meta property=\"og:image:type\" content=\"image\/jpeg\" \/>\n<meta name=\"author\" content=\"David Achell\" \/>\n<meta name=\"twitter:card\" content=\"summary_large_image\" \/>\n<meta name=\"twitter:label1\" content=\"\u00c9crit par\" \/>\n\t<meta name=\"twitter:data1\" content=\"David Achell\" \/>\n\t<meta name=\"twitter:label2\" content=\"Dur\u00e9e de lecture estim\u00e9e\" \/>\n\t<meta name=\"twitter:data2\" content=\"1 minute\" \/>\n<script type=\"application\/ld+json\" class=\"yoast-schema-graph\">{\"@context\":\"https:\/\/schema.org\",\"@graph\":[{\"@type\":\"Article\",\"@id\":\"https:\/\/www.garciafaura.com\/fr\/garcia-faura-securite-prevention-et-service-en-temps-de-coronavirus\/#article\",\"isPartOf\":{\"@id\":\"https:\/\/www.garciafaura.com\/fr\/garcia-faura-securite-prevention-et-service-en-temps-de-coronavirus\/\"},\"author\":{\"name\":\"David Achell\",\"@id\":\"https:\/\/www.garciafaura.com\/fr\/#\/schema\/person\/b4b75e69b33fac3446071909bec106b0\"},\"headline\":\"GARCIA FAURA: s\u00e9curit\u00e9, pr\u00e9vention et service en temps de coronavirus\",\"datePublished\":\"2020-05-12T18:40:44+00:00\",\"mainEntityOfPage\":{\"@id\":\"https:\/\/www.garciafaura.com\/fr\/garcia-faura-securite-prevention-et-service-en-temps-de-coronavirus\/\"},\"wordCount\":282,\"publisher\":{\"@id\":\"https:\/\/www.garciafaura.com\/fr\/#organization\"},\"image\":{\"@id\":\"https:\/\/www.garciafaura.com\/fr\/garcia-faura-securite-prevention-et-service-en-temps-de-coronavirus\/#primaryimage\"},\"thumbnailUrl\":\"https:\/\/www.garciafaura.com\/wp-content\/uploads\/2020\/05\/20200316_091236.jpg\",\"articleSection\":[\"Actualit\u00e9\"],\"inLanguage\":\"fr-FR\"},{\"@type\":\"WebPage\",\"@id\":\"https:\/\/www.garciafaura.com\/fr\/garcia-faura-securite-prevention-et-service-en-temps-de-coronavirus\/\",\"url\":\"https:\/\/www.garciafaura.com\/fr\/garcia-faura-securite-prevention-et-service-en-temps-de-coronavirus\/\",\"name\":\"GARCIA FAURA: s\u00e9curit\u00e9, pr\u00e9vention et service en temps de coronavirus - GARCIA FAURA\",\"isPartOf\":{\"@id\":\"https:\/\/www.garciafaura.com\/fr\/#website\"},\"primaryImageOfPage\":{\"@id\":\"https:\/\/www.garciafaura.com\/fr\/garcia-faura-securite-prevention-et-service-en-temps-de-coronavirus\/#primaryimage\"},\"image\":{\"@id\":\"https:\/\/www.garciafaura.com\/fr\/garcia-faura-securite-prevention-et-service-en-temps-de-coronavirus\/#primaryimage\"},\"thumbnailUrl\":\"https:\/\/www.garciafaura.com\/wp-content\/uploads\/2020\/05\/20200316_091236.jpg\",\"datePublished\":\"2020-05-12T18:40:44+00:00\",\"description\":\"Arquitectura en Alumini, Inox, Ferro i Vidre\",\"breadcrumb\":{\"@id\":\"https:\/\/www.garciafaura.com\/fr\/garcia-faura-securite-prevention-et-service-en-temps-de-coronavirus\/#breadcrumb\"},\"inLanguage\":\"fr-FR\",\"potentialAction\":[{\"@type\":\"ReadAction\",\"target\":[\"https:\/\/www.garciafaura.com\/fr\/garcia-faura-securite-prevention-et-service-en-temps-de-coronavirus\/\"]}]},{\"@type\":\"ImageObject\",\"inLanguage\":\"fr-FR\",\"@id\":\"https:\/\/www.garciafaura.com\/fr\/garcia-faura-securite-prevention-et-service-en-temps-de-coronavirus\/#primaryimage\",\"url\":\"https:\/\/www.garciafaura.com\/wp-content\/uploads\/2020\/05\/20200316_091236.jpg\",\"contentUrl\":\"https:\/\/www.garciafaura.com\/wp-content\/uploads\/2020\/05\/20200316_091236.jpg\",\"width\":2560,\"height\":1440},{\"@type\":\"BreadcrumbList\",\"@id\":\"https:\/\/www.garciafaura.com\/fr\/garcia-faura-securite-prevention-et-service-en-temps-de-coronavirus\/#breadcrumb\",\"itemListElement\":[{\"@type\":\"ListItem\",\"position\":1,\"name\":\"Inici\",\"item\":\"https:\/\/www.garciafaura.com\/fr\/\"},{\"@type\":\"ListItem\",\"position\":2,\"name\":\"GARCIA FAURA: s\u00e9curit\u00e9, pr\u00e9vention et service en temps de coronavirus\"}]},{\"@type\":\"WebSite\",\"@id\":\"https:\/\/www.garciafaura.com\/fr\/#website\",\"url\":\"https:\/\/www.garciafaura.com\/fr\/\",\"name\":\"GARCIA FAURA\",\"description\":\"Arquitectura en Alumini, Inox, Ferro i Vidre\",\"publisher\":{\"@id\":\"https:\/\/www.garciafaura.com\/fr\/#organization\"},\"potentialAction\":[{\"@type\":\"SearchAction\",\"target\":{\"@type\":\"EntryPoint\",\"urlTemplate\":\"https:\/\/www.garciafaura.com\/fr\/?s={search_term_string}\"},\"query-input\":{\"@type\":\"PropertyValueSpecification\",\"valueRequired\":true,\"valueName\":\"search_term_string\"}}],\"inLanguage\":\"fr-FR\"},{\"@type\":\"Organization\",\"@id\":\"https:\/\/www.garciafaura.com\/fr\/#organization\",\"name\":\"GARCIA FAURA\",\"url\":\"https:\/\/www.garciafaura.com\/fr\/\",\"logo\":{\"@type\":\"ImageObject\",\"inLanguage\":\"fr-FR\",\"@id\":\"https:\/\/www.garciafaura.com\/fr\/#\/schema\/logo\/image\/\",\"url\":\"https:\/\/www.garciafaura.com\/wp-content\/uploads\/2018\/09\/Garcia-Faura.png\",\"contentUrl\":\"https:\/\/www.garciafaura.com\/wp-content\/uploads\/2018\/09\/Garcia-Faura.png\",\"width\":512,\"height\":512,\"caption\":\"GARCIA FAURA\"},\"image\":{\"@id\":\"https:\/\/www.garciafaura.com\/fr\/#\/schema\/logo\/image\/\"},\"sameAs\":[\"https:\/\/www.youtube.com\/user\/GARCIAFAURA\"]},{\"@type\":\"Person\",\"@id\":\"https:\/\/www.garciafaura.com\/fr\/#\/schema\/person\/b4b75e69b33fac3446071909bec106b0\",\"name\":\"David Achell\",\"image\":{\"@type\":\"ImageObject\",\"inLanguage\":\"fr-FR\",\"@id\":\"https:\/\/www.garciafaura.com\/fr\/#\/schema\/person\/image\/\",\"url\":\"https:\/\/secure.gravatar.com\/avatar\/03900210afc1f61bce737bcb4a79c02e2c997f171e3eca839b5a4cbe03846c90?s=96&d=blank&r=g\",\"contentUrl\":\"https:\/\/secure.gravatar.com\/avatar\/03900210afc1f61bce737bcb4a79c02e2c997f171e3eca839b5a4cbe03846c90?s=96&d=blank&r=g\",\"caption\":\"David Achell\"}}]}<\/script>\n<!-- \/ Yoast SEO plugin. -->","yoast_head_json":{"title":"GARCIA FAURA: s\u00e9curit\u00e9, pr\u00e9vention et service en temps de coronavirus - GARCIA FAURA","description":"Arquitectura en Alumini, Inox, Ferro i Vidre","robots":{"index":"index","follow":"follow","max-snippet":"max-snippet:-1","max-image-preview":"max-image-preview:large","max-video-preview":"max-video-preview:-1"},"canonical":"https:\/\/www.garciafaura.com\/fr\/garcia-faura-securite-prevention-et-service-en-temps-de-coronavirus\/","og_locale":"fr_FR","og_type":"article","og_title":"GARCIA FAURA: s\u00e9curit\u00e9, pr\u00e9vention et service en temps de coronavirus - GARCIA FAURA","og_description":"Arquitectura en Alumini, Inox, Ferro i Vidre","og_url":"https:\/\/www.garciafaura.com\/fr\/garcia-faura-securite-prevention-et-service-en-temps-de-coronavirus\/","og_site_name":"GARCIA FAURA","article_published_time":"2020-05-12T18:40:44+00:00","og_image":[{"width":2560,"height":1440,"url":"https:\/\/www.garciafaura.com\/wp-content\/uploads\/2020\/05\/20200316_091236.jpg","type":"image\/jpeg"}],"author":"David Achell","twitter_card":"summary_large_image","twitter_misc":{"\u00c9crit par":"David Achell","Dur\u00e9e de lecture estim\u00e9e":"1 minute"},"schema":{"@context":"https:\/\/schema.org","@graph":[{"@type":"Article","@id":"https:\/\/www.garciafaura.com\/fr\/garcia-faura-securite-prevention-et-service-en-temps-de-coronavirus\/#article","isPartOf":{"@id":"https:\/\/www.garciafaura.com\/fr\/garcia-faura-securite-prevention-et-service-en-temps-de-coronavirus\/"},"author":{"name":"David Achell","@id":"https:\/\/www.garciafaura.com\/fr\/#\/schema\/person\/b4b75e69b33fac3446071909bec106b0"},"headline":"GARCIA FAURA: s\u00e9curit\u00e9, pr\u00e9vention et service en temps de coronavirus","datePublished":"2020-05-12T18:40:44+00:00","mainEntityOfPage":{"@id":"https:\/\/www.garciafaura.com\/fr\/garcia-faura-securite-prevention-et-service-en-temps-de-coronavirus\/"},"wordCount":282,"publisher":{"@id":"https:\/\/www.garciafaura.com\/fr\/#organization"},"image":{"@id":"https:\/\/www.garciafaura.com\/fr\/garcia-faura-securite-prevention-et-service-en-temps-de-coronavirus\/#primaryimage"},"thumbnailUrl":"https:\/\/www.garciafaura.com\/wp-content\/uploads\/2020\/05\/20200316_091236.jpg","articleSection":["Actualit\u00e9"],"inLanguage":"fr-FR"},{"@type":"WebPage","@id":"https:\/\/www.garciafaura.com\/fr\/garcia-faura-securite-prevention-et-service-en-temps-de-coronavirus\/","url":"https:\/\/www.garciafaura.com\/fr\/garcia-faura-securite-prevention-et-service-en-temps-de-coronavirus\/","name":"GARCIA FAURA: s\u00e9curit\u00e9, pr\u00e9vention et service en temps de coronavirus - GARCIA FAURA","isPartOf":{"@id":"https:\/\/www.garciafaura.com\/fr\/#website"},"primaryImageOfPage":{"@id":"https:\/\/www.garciafaura.com\/fr\/garcia-faura-securite-prevention-et-service-en-temps-de-coronavirus\/#primaryimage"},"image":{"@id":"https:\/\/www.garciafaura.com\/fr\/garcia-faura-securite-prevention-et-service-en-temps-de-coronavirus\/#primaryimage"},"thumbnailUrl":"https:\/\/www.garciafaura.com\/wp-content\/uploads\/2020\/05\/20200316_091236.jpg","datePublished":"2020-05-12T18:40:44+00:00","description":"Arquitectura en Alumini, Inox, Ferro i Vidre","breadcrumb":{"@id":"https:\/\/www.garciafaura.com\/fr\/garcia-faura-securite-prevention-et-service-en-temps-de-coronavirus\/#breadcrumb"},"inLanguage":"fr-FR","potentialAction":[{"@type":"ReadAction","target":["https:\/\/www.garciafaura.com\/fr\/garcia-faura-securite-prevention-et-service-en-temps-de-coronavirus\/"]}]},{"@type":"ImageObject","inLanguage":"fr-FR","@id":"https:\/\/www.garciafaura.com\/fr\/garcia-faura-securite-prevention-et-service-en-temps-de-coronavirus\/#primaryimage","url":"https:\/\/www.garciafaura.com\/wp-content\/uploads\/2020\/05\/20200316_091236.jpg","contentUrl":"https:\/\/www.garciafaura.com\/wp-content\/uploads\/2020\/05\/20200316_091236.jpg","width":2560,"height":1440},{"@type":"BreadcrumbList","@id":"https:\/\/www.garciafaura.com\/fr\/garcia-faura-securite-prevention-et-service-en-temps-de-coronavirus\/#breadcrumb","itemListElement":[{"@type":"ListItem","position":1,"name":"Inici","item":"https:\/\/www.garciafaura.com\/fr\/"},{"@type":"ListItem","position":2,"name":"GARCIA FAURA: s\u00e9curit\u00e9, pr\u00e9vention et service en temps de coronavirus"}]},{"@type":"WebSite","@id":"https:\/\/www.garciafaura.com\/fr\/#website","url":"https:\/\/www.garciafaura.com\/fr\/","name":"GARCIA FAURA","description":"Arquitectura en Alumini, Inox, Ferro i Vidre","publisher":{"@id":"https:\/\/www.garciafaura.com\/fr\/#organization"},"potentialAction":[{"@type":"SearchAction","target":{"@type":"EntryPoint","urlTemplate":"https:\/\/www.garciafaura.com\/fr\/?s={search_term_string}"},"query-input":{"@type":"PropertyValueSpecification","valueRequired":true,"valueName":"search_term_string"}}],"inLanguage":"fr-FR"},{"@type":"Organization","@id":"https:\/\/www.garciafaura.com\/fr\/#organization","name":"GARCIA FAURA","url":"https:\/\/www.garciafaura.com\/fr\/","logo":{"@type":"ImageObject","inLanguage":"fr-FR","@id":"https:\/\/www.garciafaura.com\/fr\/#\/schema\/logo\/image\/","url":"https:\/\/www.garciafaura.com\/wp-content\/uploads\/2018\/09\/Garcia-Faura.png","contentUrl":"https:\/\/www.garciafaura.com\/wp-content\/uploads\/2018\/09\/Garcia-Faura.png","width":512,"height":512,"caption":"GARCIA FAURA"},"image":{"@id":"https:\/\/www.garciafaura.com\/fr\/#\/schema\/logo\/image\/"},"sameAs":["https:\/\/www.youtube.com\/user\/GARCIAFAURA"]},{"@type":"Person","@id":"https:\/\/www.garciafaura.com\/fr\/#\/schema\/person\/b4b75e69b33fac3446071909bec106b0","name":"David Achell","image":{"@type":"ImageObject","inLanguage":"fr-FR","@id":"https:\/\/www.garciafaura.com\/fr\/#\/schema\/person\/image\/","url":"https:\/\/secure.gravatar.com\/avatar\/03900210afc1f61bce737bcb4a79c02e2c997f171e3eca839b5a4cbe03846c90?s=96&d=blank&r=g","contentUrl":"https:\/\/secure.gravatar.com\/avatar\/03900210afc1f61bce737bcb4a79c02e2c997f171e3eca839b5a4cbe03846c90?s=96&d=blank&r=g","caption":"David Achell"}}]}},"_links":{"self":[{"href":"https:\/\/www.garciafaura.com\/fr\/wp-json\/wp\/v2\/posts\/25089","targetHints":{"allow":["GET"]}}],"collection":[{"href":"https:\/\/www.garciafaura.com\/fr\/wp-json\/wp\/v2\/posts"}],"about":[{"href":"https:\/\/www.garciafaura.com\/fr\/wp-json\/wp\/v2\/types\/post"}],"author":[{"embeddable":true,"href":"https:\/\/www.garciafaura.com\/fr\/wp-json\/wp\/v2\/users\/3"}],"replies":[{"embeddable":true,"href":"https:\/\/www.garciafaura.com\/fr\/wp-json\/wp\/v2\/comments?post=25089"}],"version-history":[{"count":0,"href":"https:\/\/www.garciafaura.com\/fr\/wp-json\/wp\/v2\/posts\/25089\/revisions"}],"wp:featuredmedia":[{"embeddable":true,"href":"https:\/\/www.garciafaura.com\/fr\/wp-json\/wp\/v2\/media\/25082"}],"wp:attachment":[{"href":"https:\/\/www.garciafaura.com\/fr\/wp-json\/wp\/v2\/media?parent=25089"}],"wp:term":[{"taxonomy":"category","embeddable":true,"href":"https:\/\/www.garciafaura.com\/fr\/wp-json\/wp\/v2\/categories?post=25089"},{"taxonomy":"post_tag","embeddable":true,"href":"https:\/\/www.garciafaura.com\/fr\/wp-json\/wp\/v2\/tags?post=25089"},{"taxonomy":"post_series","embeddable":true,"href":"https:\/\/www.garciafaura.com\/fr\/wp-json\/wp\/v2\/post_series?post=25089"}],"curies":[{"name":"wp","href":"https:\/\/api.w.org\/{rel}","templated":true}]}}