{"id":25029,"date":"2020-03-09T14:00:45","date_gmt":"2020-03-09T12:00:45","guid":{"rendered":"https:\/\/www.garciafaura.com\/?p=25029"},"modified":"2020-03-09T11:00:40","modified_gmt":"2020-03-09T09:00:40","slug":"garcia-faura-reafirma-el-seu-compromis-amb-la-igualtat-de-genere-i-contra-la-discriminacio","status":"publish","type":"post","link":"https:\/\/www.garciafaura.com\/fr\/garcia-faura-reafirma-el-seu-compromis-amb-la-igualtat-de-genere-i-contra-la-discriminacio\/","title":{"rendered":"GARCIA FAURA r\u00e9affirme son engagement en faveur de l&rsquo;\u00e9galit\u00e9 des sexes et de la discrimination"},"content":{"rendered":"<p style=\"text-align: justify;\">Co\u00efncidant avec la <strong>Journ\u00e9e internationale de la femme<\/strong>, la soci\u00e9t\u00e9 a propos\u00e9 vendredi dernier une <strong>journ\u00e9e de formation<\/strong> \u00e0 son personnel afin de continuer \u00e0 faire avancer les objectifs de son <strong>plan pour l&rsquo;\u00e9galit\u00e9<\/strong>. Un programme d&rsquo;action qui vise \u00e0 continuer \u00e0 miser sur une entreprise \u00e9quitable, tol\u00e9rante \u00e0 la diff\u00e9rence et respectueuse de tous.<\/p>\n<p style=\"text-align: justify;\">C&rsquo;est pour cette raison que <strong>GARCIA FAURA<\/strong> dispose d&rsquo;un protocole de pr\u00e9vention et d&rsquo;action en cas de harc\u00e8lement sexuel, pour des raisons de genre ou psychologiques. Il s&rsquo;agit d&rsquo;un principe strat\u00e9gique de l&rsquo;entreprise envisag\u00e9 dans la politique d&rsquo;entreprise et de ressources humaines et qui suppose l&rsquo;\u00e9galit\u00e9 des sexes dans chacune de ses politiques et pratiques.<\/p>\n<p style=\"text-align: justify;\">En outre, il favorise \u00e9galement les conditions de travail n\u00e9cessaires pour \u00e9viter les situations de harc\u00e8lement sexuel ou sexuel, en r\u00e9pondant aux \u00e9ventuelles all\u00e9gations ou r\u00e9clamations qui surviennent \u00e0 cet \u00e9gard et en encourageant l&rsquo;utilisation d&rsquo;un langage non sexiste dans les communications de l&rsquo;entreprise.<\/p>\n<p style=\"text-align: justify;\">Toutes ces mesures, envisag\u00e9es dans le <strong>Plan d\u2019\u00e9galit\u00e9<\/strong>, sont gard\u00e9es par une commission d\u2019\u00e9galit\u00e9 des chances form\u00e9e par quatre travailleurs et des travailleurs de diff\u00e9rents secteurs de l\u2019entreprise.<\/p>\n","protected":false},"excerpt":{"rendered":"<p>Co\u00efncidant avec la Journ\u00e9e internationale de la femme, la soci\u00e9t\u00e9 a propos\u00e9 vendredi dernier une journ\u00e9e de formation \u00e0 son personnel afin de continuer \u00e0 faire avancer les objectifs de son plan pour l&rsquo;\u00e9galit\u00e9. Un programme d&rsquo;action qui vise \u00e0&hellip;<\/p>\n","protected":false},"author":3,"featured_media":25039,"comment_status":"closed","ping_status":"open","sticky":false,"template":"","format":"standard","meta":{"footnotes":""},"categories":[2],"tags":[],"post_series":[],"class_list":["post-25029","post","type-post","status-publish","format-standard","has-post-thumbnail","hentry","category-actualite","entry","has-media"],"yoast_head":"<!-- This site is optimized with the Yoast SEO plugin v26.7 - https:\/\/yoast.com\/wordpress\/plugins\/seo\/ -->\n<title>GARCIA FAURA r\u00e9affirme son engagement en faveur de l&#039;\u00e9galit\u00e9 des sexes et de la discrimination - GARCIA FAURA<\/title>\n<meta name=\"description\" content=\"Arquitectura en Alumini, Inox, Ferro i Vidre\" \/>\n<meta name=\"robots\" content=\"index, follow, max-snippet:-1, max-image-preview:large, max-video-preview:-1\" \/>\n<link rel=\"canonical\" href=\"https:\/\/www.garciafaura.com\/fr\/garcia-faura-reafirma-el-seu-compromis-amb-la-igualtat-de-genere-i-contra-la-discriminacio\/\" \/>\n<meta property=\"og:locale\" content=\"fr_FR\" \/>\n<meta property=\"og:type\" content=\"article\" \/>\n<meta property=\"og:title\" content=\"GARCIA FAURA r\u00e9affirme son engagement en faveur de l&#039;\u00e9galit\u00e9 des sexes et de la discrimination - GARCIA FAURA\" \/>\n<meta property=\"og:description\" content=\"Arquitectura en Alumini, Inox, Ferro i Vidre\" \/>\n<meta property=\"og:url\" content=\"https:\/\/www.garciafaura.com\/fr\/garcia-faura-reafirma-el-seu-compromis-amb-la-igualtat-de-genere-i-contra-la-discriminacio\/\" \/>\n<meta property=\"og:site_name\" content=\"GARCIA FAURA\" \/>\n<meta property=\"article:published_time\" content=\"2020-03-09T12:00:45+00:00\" \/>\n<meta property=\"og:image\" content=\"https:\/\/www.garciafaura.com\/wp-content\/uploads\/2020\/03\/IgualtatGF.jpg\" \/>\n\t<meta property=\"og:image:width\" content=\"1200\" \/>\n\t<meta property=\"og:image:height\" content=\"628\" \/>\n\t<meta property=\"og:image:type\" content=\"image\/jpeg\" \/>\n<meta name=\"author\" content=\"David Achell\" \/>\n<meta name=\"twitter:card\" content=\"summary_large_image\" \/>\n<meta name=\"twitter:label1\" content=\"\u00c9crit par\" \/>\n\t<meta name=\"twitter:data1\" content=\"David Achell\" \/>\n\t<meta name=\"twitter:label2\" content=\"Dur\u00e9e de lecture estim\u00e9e\" \/>\n\t<meta name=\"twitter:data2\" content=\"1 minute\" \/>\n<script type=\"application\/ld+json\" class=\"yoast-schema-graph\">{\"@context\":\"https:\/\/schema.org\",\"@graph\":[{\"@type\":\"Article\",\"@id\":\"https:\/\/www.garciafaura.com\/fr\/garcia-faura-reafirma-el-seu-compromis-amb-la-igualtat-de-genere-i-contra-la-discriminacio\/#article\",\"isPartOf\":{\"@id\":\"https:\/\/www.garciafaura.com\/fr\/garcia-faura-reafirma-el-seu-compromis-amb-la-igualtat-de-genere-i-contra-la-discriminacio\/\"},\"author\":{\"name\":\"David Achell\",\"@id\":\"https:\/\/www.garciafaura.com\/fr\/#\/schema\/person\/b4b75e69b33fac3446071909bec106b0\"},\"headline\":\"GARCIA FAURA r\u00e9affirme son engagement en faveur de l&rsquo;\u00e9galit\u00e9 des sexes et de la discrimination\",\"datePublished\":\"2020-03-09T12:00:45+00:00\",\"mainEntityOfPage\":{\"@id\":\"https:\/\/www.garciafaura.com\/fr\/garcia-faura-reafirma-el-seu-compromis-amb-la-igualtat-de-genere-i-contra-la-discriminacio\/\"},\"wordCount\":227,\"publisher\":{\"@id\":\"https:\/\/www.garciafaura.com\/fr\/#organization\"},\"image\":{\"@id\":\"https:\/\/www.garciafaura.com\/fr\/garcia-faura-reafirma-el-seu-compromis-amb-la-igualtat-de-genere-i-contra-la-discriminacio\/#primaryimage\"},\"thumbnailUrl\":\"https:\/\/www.garciafaura.com\/wp-content\/uploads\/2020\/03\/IgualtatGF.jpg\",\"articleSection\":[\"Actualit\u00e9\"],\"inLanguage\":\"fr-FR\"},{\"@type\":\"WebPage\",\"@id\":\"https:\/\/www.garciafaura.com\/fr\/garcia-faura-reafirma-el-seu-compromis-amb-la-igualtat-de-genere-i-contra-la-discriminacio\/\",\"url\":\"https:\/\/www.garciafaura.com\/fr\/garcia-faura-reafirma-el-seu-compromis-amb-la-igualtat-de-genere-i-contra-la-discriminacio\/\",\"name\":\"GARCIA FAURA r\u00e9affirme son engagement en faveur de l'\u00e9galit\u00e9 des sexes et de la discrimination - GARCIA FAURA\",\"isPartOf\":{\"@id\":\"https:\/\/www.garciafaura.com\/fr\/#website\"},\"primaryImageOfPage\":{\"@id\":\"https:\/\/www.garciafaura.com\/fr\/garcia-faura-reafirma-el-seu-compromis-amb-la-igualtat-de-genere-i-contra-la-discriminacio\/#primaryimage\"},\"image\":{\"@id\":\"https:\/\/www.garciafaura.com\/fr\/garcia-faura-reafirma-el-seu-compromis-amb-la-igualtat-de-genere-i-contra-la-discriminacio\/#primaryimage\"},\"thumbnailUrl\":\"https:\/\/www.garciafaura.com\/wp-content\/uploads\/2020\/03\/IgualtatGF.jpg\",\"datePublished\":\"2020-03-09T12:00:45+00:00\",\"description\":\"Arquitectura en Alumini, Inox, Ferro i Vidre\",\"breadcrumb\":{\"@id\":\"https:\/\/www.garciafaura.com\/fr\/garcia-faura-reafirma-el-seu-compromis-amb-la-igualtat-de-genere-i-contra-la-discriminacio\/#breadcrumb\"},\"inLanguage\":\"fr-FR\",\"potentialAction\":[{\"@type\":\"ReadAction\",\"target\":[\"https:\/\/www.garciafaura.com\/fr\/garcia-faura-reafirma-el-seu-compromis-amb-la-igualtat-de-genere-i-contra-la-discriminacio\/\"]}]},{\"@type\":\"ImageObject\",\"inLanguage\":\"fr-FR\",\"@id\":\"https:\/\/www.garciafaura.com\/fr\/garcia-faura-reafirma-el-seu-compromis-amb-la-igualtat-de-genere-i-contra-la-discriminacio\/#primaryimage\",\"url\":\"https:\/\/www.garciafaura.com\/wp-content\/uploads\/2020\/03\/IgualtatGF.jpg\",\"contentUrl\":\"https:\/\/www.garciafaura.com\/wp-content\/uploads\/2020\/03\/IgualtatGF.jpg\",\"width\":1200,\"height\":628,\"caption\":\"Igualtat\"},{\"@type\":\"BreadcrumbList\",\"@id\":\"https:\/\/www.garciafaura.com\/fr\/garcia-faura-reafirma-el-seu-compromis-amb-la-igualtat-de-genere-i-contra-la-discriminacio\/#breadcrumb\",\"itemListElement\":[{\"@type\":\"ListItem\",\"position\":1,\"name\":\"Inici\",\"item\":\"https:\/\/www.garciafaura.com\/fr\/\"},{\"@type\":\"ListItem\",\"position\":2,\"name\":\"GARCIA FAURA r\u00e9affirme son engagement en faveur de l&rsquo;\u00e9galit\u00e9 des sexes et de la discrimination\"}]},{\"@type\":\"WebSite\",\"@id\":\"https:\/\/www.garciafaura.com\/fr\/#website\",\"url\":\"https:\/\/www.garciafaura.com\/fr\/\",\"name\":\"GARCIA FAURA\",\"description\":\"Arquitectura en Alumini, Inox, Ferro i Vidre\",\"publisher\":{\"@id\":\"https:\/\/www.garciafaura.com\/fr\/#organization\"},\"potentialAction\":[{\"@type\":\"SearchAction\",\"target\":{\"@type\":\"EntryPoint\",\"urlTemplate\":\"https:\/\/www.garciafaura.com\/fr\/?s={search_term_string}\"},\"query-input\":{\"@type\":\"PropertyValueSpecification\",\"valueRequired\":true,\"valueName\":\"search_term_string\"}}],\"inLanguage\":\"fr-FR\"},{\"@type\":\"Organization\",\"@id\":\"https:\/\/www.garciafaura.com\/fr\/#organization\",\"name\":\"GARCIA FAURA\",\"url\":\"https:\/\/www.garciafaura.com\/fr\/\",\"logo\":{\"@type\":\"ImageObject\",\"inLanguage\":\"fr-FR\",\"@id\":\"https:\/\/www.garciafaura.com\/fr\/#\/schema\/logo\/image\/\",\"url\":\"https:\/\/www.garciafaura.com\/wp-content\/uploads\/2018\/09\/Garcia-Faura.png\",\"contentUrl\":\"https:\/\/www.garciafaura.com\/wp-content\/uploads\/2018\/09\/Garcia-Faura.png\",\"width\":512,\"height\":512,\"caption\":\"GARCIA FAURA\"},\"image\":{\"@id\":\"https:\/\/www.garciafaura.com\/fr\/#\/schema\/logo\/image\/\"},\"sameAs\":[\"https:\/\/www.youtube.com\/user\/GARCIAFAURA\"]},{\"@type\":\"Person\",\"@id\":\"https:\/\/www.garciafaura.com\/fr\/#\/schema\/person\/b4b75e69b33fac3446071909bec106b0\",\"name\":\"David Achell\",\"image\":{\"@type\":\"ImageObject\",\"inLanguage\":\"fr-FR\",\"@id\":\"https:\/\/www.garciafaura.com\/fr\/#\/schema\/person\/image\/\",\"url\":\"https:\/\/secure.gravatar.com\/avatar\/03900210afc1f61bce737bcb4a79c02e2c997f171e3eca839b5a4cbe03846c90?s=96&d=blank&r=g\",\"contentUrl\":\"https:\/\/secure.gravatar.com\/avatar\/03900210afc1f61bce737bcb4a79c02e2c997f171e3eca839b5a4cbe03846c90?s=96&d=blank&r=g\",\"caption\":\"David Achell\"}}]}<\/script>\n<!-- \/ Yoast SEO plugin. -->","yoast_head_json":{"title":"GARCIA FAURA r\u00e9affirme son engagement en faveur de l'\u00e9galit\u00e9 des sexes et de la discrimination - GARCIA FAURA","description":"Arquitectura en Alumini, Inox, Ferro i Vidre","robots":{"index":"index","follow":"follow","max-snippet":"max-snippet:-1","max-image-preview":"max-image-preview:large","max-video-preview":"max-video-preview:-1"},"canonical":"https:\/\/www.garciafaura.com\/fr\/garcia-faura-reafirma-el-seu-compromis-amb-la-igualtat-de-genere-i-contra-la-discriminacio\/","og_locale":"fr_FR","og_type":"article","og_title":"GARCIA FAURA r\u00e9affirme son engagement en faveur de l'\u00e9galit\u00e9 des sexes et de la discrimination - GARCIA FAURA","og_description":"Arquitectura en Alumini, Inox, Ferro i Vidre","og_url":"https:\/\/www.garciafaura.com\/fr\/garcia-faura-reafirma-el-seu-compromis-amb-la-igualtat-de-genere-i-contra-la-discriminacio\/","og_site_name":"GARCIA FAURA","article_published_time":"2020-03-09T12:00:45+00:00","og_image":[{"width":1200,"height":628,"url":"https:\/\/www.garciafaura.com\/wp-content\/uploads\/2020\/03\/IgualtatGF.jpg","type":"image\/jpeg"}],"author":"David Achell","twitter_card":"summary_large_image","twitter_misc":{"\u00c9crit par":"David Achell","Dur\u00e9e de lecture estim\u00e9e":"1 minute"},"schema":{"@context":"https:\/\/schema.org","@graph":[{"@type":"Article","@id":"https:\/\/www.garciafaura.com\/fr\/garcia-faura-reafirma-el-seu-compromis-amb-la-igualtat-de-genere-i-contra-la-discriminacio\/#article","isPartOf":{"@id":"https:\/\/www.garciafaura.com\/fr\/garcia-faura-reafirma-el-seu-compromis-amb-la-igualtat-de-genere-i-contra-la-discriminacio\/"},"author":{"name":"David Achell","@id":"https:\/\/www.garciafaura.com\/fr\/#\/schema\/person\/b4b75e69b33fac3446071909bec106b0"},"headline":"GARCIA FAURA r\u00e9affirme son engagement en faveur de l&rsquo;\u00e9galit\u00e9 des sexes et de la discrimination","datePublished":"2020-03-09T12:00:45+00:00","mainEntityOfPage":{"@id":"https:\/\/www.garciafaura.com\/fr\/garcia-faura-reafirma-el-seu-compromis-amb-la-igualtat-de-genere-i-contra-la-discriminacio\/"},"wordCount":227,"publisher":{"@id":"https:\/\/www.garciafaura.com\/fr\/#organization"},"image":{"@id":"https:\/\/www.garciafaura.com\/fr\/garcia-faura-reafirma-el-seu-compromis-amb-la-igualtat-de-genere-i-contra-la-discriminacio\/#primaryimage"},"thumbnailUrl":"https:\/\/www.garciafaura.com\/wp-content\/uploads\/2020\/03\/IgualtatGF.jpg","articleSection":["Actualit\u00e9"],"inLanguage":"fr-FR"},{"@type":"WebPage","@id":"https:\/\/www.garciafaura.com\/fr\/garcia-faura-reafirma-el-seu-compromis-amb-la-igualtat-de-genere-i-contra-la-discriminacio\/","url":"https:\/\/www.garciafaura.com\/fr\/garcia-faura-reafirma-el-seu-compromis-amb-la-igualtat-de-genere-i-contra-la-discriminacio\/","name":"GARCIA FAURA r\u00e9affirme son engagement en faveur de l'\u00e9galit\u00e9 des sexes et de la discrimination - GARCIA FAURA","isPartOf":{"@id":"https:\/\/www.garciafaura.com\/fr\/#website"},"primaryImageOfPage":{"@id":"https:\/\/www.garciafaura.com\/fr\/garcia-faura-reafirma-el-seu-compromis-amb-la-igualtat-de-genere-i-contra-la-discriminacio\/#primaryimage"},"image":{"@id":"https:\/\/www.garciafaura.com\/fr\/garcia-faura-reafirma-el-seu-compromis-amb-la-igualtat-de-genere-i-contra-la-discriminacio\/#primaryimage"},"thumbnailUrl":"https:\/\/www.garciafaura.com\/wp-content\/uploads\/2020\/03\/IgualtatGF.jpg","datePublished":"2020-03-09T12:00:45+00:00","description":"Arquitectura en Alumini, Inox, Ferro i Vidre","breadcrumb":{"@id":"https:\/\/www.garciafaura.com\/fr\/garcia-faura-reafirma-el-seu-compromis-amb-la-igualtat-de-genere-i-contra-la-discriminacio\/#breadcrumb"},"inLanguage":"fr-FR","potentialAction":[{"@type":"ReadAction","target":["https:\/\/www.garciafaura.com\/fr\/garcia-faura-reafirma-el-seu-compromis-amb-la-igualtat-de-genere-i-contra-la-discriminacio\/"]}]},{"@type":"ImageObject","inLanguage":"fr-FR","@id":"https:\/\/www.garciafaura.com\/fr\/garcia-faura-reafirma-el-seu-compromis-amb-la-igualtat-de-genere-i-contra-la-discriminacio\/#primaryimage","url":"https:\/\/www.garciafaura.com\/wp-content\/uploads\/2020\/03\/IgualtatGF.jpg","contentUrl":"https:\/\/www.garciafaura.com\/wp-content\/uploads\/2020\/03\/IgualtatGF.jpg","width":1200,"height":628,"caption":"Igualtat"},{"@type":"BreadcrumbList","@id":"https:\/\/www.garciafaura.com\/fr\/garcia-faura-reafirma-el-seu-compromis-amb-la-igualtat-de-genere-i-contra-la-discriminacio\/#breadcrumb","itemListElement":[{"@type":"ListItem","position":1,"name":"Inici","item":"https:\/\/www.garciafaura.com\/fr\/"},{"@type":"ListItem","position":2,"name":"GARCIA FAURA r\u00e9affirme son engagement en faveur de l&rsquo;\u00e9galit\u00e9 des sexes et de la discrimination"}]},{"@type":"WebSite","@id":"https:\/\/www.garciafaura.com\/fr\/#website","url":"https:\/\/www.garciafaura.com\/fr\/","name":"GARCIA FAURA","description":"Arquitectura en Alumini, Inox, Ferro i Vidre","publisher":{"@id":"https:\/\/www.garciafaura.com\/fr\/#organization"},"potentialAction":[{"@type":"SearchAction","target":{"@type":"EntryPoint","urlTemplate":"https:\/\/www.garciafaura.com\/fr\/?s={search_term_string}"},"query-input":{"@type":"PropertyValueSpecification","valueRequired":true,"valueName":"search_term_string"}}],"inLanguage":"fr-FR"},{"@type":"Organization","@id":"https:\/\/www.garciafaura.com\/fr\/#organization","name":"GARCIA FAURA","url":"https:\/\/www.garciafaura.com\/fr\/","logo":{"@type":"ImageObject","inLanguage":"fr-FR","@id":"https:\/\/www.garciafaura.com\/fr\/#\/schema\/logo\/image\/","url":"https:\/\/www.garciafaura.com\/wp-content\/uploads\/2018\/09\/Garcia-Faura.png","contentUrl":"https:\/\/www.garciafaura.com\/wp-content\/uploads\/2018\/09\/Garcia-Faura.png","width":512,"height":512,"caption":"GARCIA FAURA"},"image":{"@id":"https:\/\/www.garciafaura.com\/fr\/#\/schema\/logo\/image\/"},"sameAs":["https:\/\/www.youtube.com\/user\/GARCIAFAURA"]},{"@type":"Person","@id":"https:\/\/www.garciafaura.com\/fr\/#\/schema\/person\/b4b75e69b33fac3446071909bec106b0","name":"David Achell","image":{"@type":"ImageObject","inLanguage":"fr-FR","@id":"https:\/\/www.garciafaura.com\/fr\/#\/schema\/person\/image\/","url":"https:\/\/secure.gravatar.com\/avatar\/03900210afc1f61bce737bcb4a79c02e2c997f171e3eca839b5a4cbe03846c90?s=96&d=blank&r=g","contentUrl":"https:\/\/secure.gravatar.com\/avatar\/03900210afc1f61bce737bcb4a79c02e2c997f171e3eca839b5a4cbe03846c90?s=96&d=blank&r=g","caption":"David Achell"}}]}},"_links":{"self":[{"href":"https:\/\/www.garciafaura.com\/fr\/wp-json\/wp\/v2\/posts\/25029","targetHints":{"allow":["GET"]}}],"collection":[{"href":"https:\/\/www.garciafaura.com\/fr\/wp-json\/wp\/v2\/posts"}],"about":[{"href":"https:\/\/www.garciafaura.com\/fr\/wp-json\/wp\/v2\/types\/post"}],"author":[{"embeddable":true,"href":"https:\/\/www.garciafaura.com\/fr\/wp-json\/wp\/v2\/users\/3"}],"replies":[{"embeddable":true,"href":"https:\/\/www.garciafaura.com\/fr\/wp-json\/wp\/v2\/comments?post=25029"}],"version-history":[{"count":2,"href":"https:\/\/www.garciafaura.com\/fr\/wp-json\/wp\/v2\/posts\/25029\/revisions"}],"predecessor-version":[{"id":25036,"href":"https:\/\/www.garciafaura.com\/fr\/wp-json\/wp\/v2\/posts\/25029\/revisions\/25036"}],"wp:featuredmedia":[{"embeddable":true,"href":"https:\/\/www.garciafaura.com\/fr\/wp-json\/wp\/v2\/media\/25039"}],"wp:attachment":[{"href":"https:\/\/www.garciafaura.com\/fr\/wp-json\/wp\/v2\/media?parent=25029"}],"wp:term":[{"taxonomy":"category","embeddable":true,"href":"https:\/\/www.garciafaura.com\/fr\/wp-json\/wp\/v2\/categories?post=25029"},{"taxonomy":"post_tag","embeddable":true,"href":"https:\/\/www.garciafaura.com\/fr\/wp-json\/wp\/v2\/tags?post=25029"},{"taxonomy":"post_series","embeddable":true,"href":"https:\/\/www.garciafaura.com\/fr\/wp-json\/wp\/v2\/post_series?post=25029"}],"curies":[{"name":"wp","href":"https:\/\/api.w.org\/{rel}","templated":true}]}}