{"id":24990,"date":"2020-02-14T12:56:57","date_gmt":"2020-02-14T10:56:57","guid":{"rendered":"https:\/\/www.garciafaura.com\/garcia-faura-interve-en-diversos-projectes-parisencs\/"},"modified":"2020-02-14T14:44:52","modified_gmt":"2020-02-14T12:44:52","slug":"garcia-faura-interve-en-diversos-projectes-parisencs","status":"publish","type":"post","link":"https:\/\/www.garciafaura.com\/fr\/garcia-faura-interve-en-diversos-projectes-parisencs\/","title":{"rendered":"GARCIA FAURA participe \u00e0 diff\u00e9rents projets \u00e0 Paris"},"content":{"rendered":"<p style=\"text-align: justify;\"><strong>GARCIA FAURA<\/strong> m\u00e8ne une s\u00e9rie d&rsquo;interventions en <strong>France<\/strong>, principalement des <strong>r\u00e9habilitations<\/strong> et dans la capitale,\u00a0<strong>Paris<\/strong>. Le plus ambitieux est le <a href=\"https:\/\/www.garciafaura.com\/fr\/archipel-le-projet-plus-grand-de-garcia-faura-en-france\/\" target=\"_blank\" rel=\"noopener\"><strong>complexe Archipel<\/strong><\/a>, dans la ville de Nanterre, \u00e0 la p\u00e9riph\u00e9rie de Paris. Il s&rsquo;agit de la construction de cinq b\u00e2timents destin\u00e9s aux bureaux. L&rsquo;entreprise fabrique des fa\u00e7ades de menuiserie en aluminium, double peau avec verre et t\u00f4le perfor\u00e9e.<\/p>\n<p style=\"text-align: justify;\">Dans ce projet, <strong>GARCIA FAURA<\/strong> d\u00e9veloppe \u00e9galement les passerelles de maintenance, r\u00e9alis\u00e9es avec structure en fer, mur-rideau en b\u00e2ton d&rsquo;aluminium avec volets, mur-rideau sur profil\u00e9s en bois et rev\u00eatements en panneaux composites. Le projet devrait \u00eatre achev\u00e9 en juillet.<\/p>\n<p style=\"text-align: justify;\">Les autres projets que <strong>GARCIA FAURA<\/strong> d\u00e9veloppe \u00e0 Paris sont des r\u00e9habilitations. Comme l&rsquo;immeuble situ\u00e9 au num\u00e9ro 123 du <a href=\"https:\/\/www.garciafaura.com\/fr\/garcia-faura-se-consolide-en-france\/\" target=\"_blank\" rel=\"noopener\"><strong>boulevard Grenelle<\/strong><\/a>\u00a0(photo). Il s&rsquo;agit d&rsquo;un autre immeuble de bureaux o\u00f9 l&rsquo;entreprise a effectu\u00e9 2 200 m\u00e8tres carr\u00e9s de fermetures de feuilles cach\u00e9es et de rupture de pont thermique.<\/p>\n<p style=\"text-align: justify;\">Dans ce travail, <strong>GARCIA FAURA<\/strong> a install\u00e9 1 100 m\u00e8tres carr\u00e9s de mur-rideau haute performance avec du verre s\u00e9rigraphi\u00e9 sur la face ext\u00e9rieure. Le travail, qui est sur le point de se terminer, a entra\u00een\u00e9 une certaine complication dans les moyens auxiliaires que la soci\u00e9t\u00e9 a d\u00fb utiliser, car ils ont d\u00fb installer simultan\u00e9ment diff\u00e9rentes fa\u00e7ades de petit format.<\/p>\n<p style=\"text-align: justify;\">Enfin, il convient de mentionner d&rsquo;autres r\u00e9habilitations o\u00f9 <strong>GARCIA FAURA<\/strong> est impliqu\u00e9e dans la capitale fran\u00e7aise, comme le num\u00e9ro 21 du <a href=\"https:\/\/www.garciafaura.com\/fr\/portfolio-item\/rehabilitation-malesherbes\/\" target=\"_blank\" rel=\"noopener\"><strong>boulevard Malesherbes<\/strong><\/a> et un autre au 17 du <a href=\"https:\/\/www.garciafaura.com\/fr\/portfolio-item\/projet-morland\/\" target=\"_blank\" rel=\"noopener\"><strong>boulevard Morland<\/strong><\/a>. De plus, il convient \u00e9galement de mentionner le d\u00e9veloppement de la fa\u00e7ade et des enceintes d&rsquo;un immeuble commercial situ\u00e9 au 33 de la <a href=\"https:\/\/www.garciafaura.com\/fr\/portfolio-item\/projet-n8a-paris\/\" target=\"_blank\" rel=\"noopener\"><strong>rue des Batelliers<\/strong><\/a>.<\/p>\n","protected":false},"excerpt":{"rendered":"<p>GARCIA FAURA m\u00e8ne une s\u00e9rie d&rsquo;interventions en France, principalement des r\u00e9habilitations et dans la capitale,\u00a0Paris. Le plus ambitieux est le complexe Archipel, dans la ville de Nanterre, \u00e0 la p\u00e9riph\u00e9rie de Paris. Il s&rsquo;agit de la construction de cinq b\u00e2timents&hellip;<\/p>\n","protected":false},"author":3,"featured_media":25013,"comment_status":"closed","ping_status":"open","sticky":false,"template":"","format":"standard","meta":{"footnotes":""},"categories":[2],"tags":[],"post_series":[],"class_list":["post-24990","post","type-post","status-publish","format-standard","has-post-thumbnail","hentry","category-actualite","entry","has-media"],"yoast_head":"<!-- This site is optimized with the Yoast SEO plugin v26.7 - https:\/\/yoast.com\/wordpress\/plugins\/seo\/ -->\n<title>GARCIA FAURA participe \u00e0 diff\u00e9rents projets \u00e0 Paris - GARCIA FAURA<\/title>\n<meta name=\"description\" content=\"Arquitectura en Alumini, Inox, Ferro i Vidre\" \/>\n<meta name=\"robots\" content=\"index, follow, max-snippet:-1, max-image-preview:large, max-video-preview:-1\" \/>\n<link rel=\"canonical\" href=\"https:\/\/www.garciafaura.com\/fr\/garcia-faura-interve-en-diversos-projectes-parisencs\/\" \/>\n<meta property=\"og:locale\" content=\"fr_FR\" \/>\n<meta property=\"og:type\" content=\"article\" \/>\n<meta property=\"og:title\" content=\"GARCIA FAURA participe \u00e0 diff\u00e9rents projets \u00e0 Paris - GARCIA FAURA\" \/>\n<meta property=\"og:description\" content=\"Arquitectura en Alumini, Inox, Ferro i Vidre\" \/>\n<meta property=\"og:url\" content=\"https:\/\/www.garciafaura.com\/fr\/garcia-faura-interve-en-diversos-projectes-parisencs\/\" \/>\n<meta property=\"og:site_name\" content=\"GARCIA FAURA\" \/>\n<meta property=\"article:published_time\" content=\"2020-02-14T10:56:57+00:00\" \/>\n<meta property=\"article:modified_time\" content=\"2020-02-14T12:44:52+00:00\" \/>\n<meta property=\"og:image\" content=\"https:\/\/www.garciafaura.com\/wp-content\/uploads\/2020\/02\/En-construccio-Grenelle-1024x626.jpg\" \/>\n\t<meta property=\"og:image:width\" content=\"1024\" \/>\n\t<meta property=\"og:image:height\" content=\"626\" \/>\n\t<meta property=\"og:image:type\" content=\"image\/jpeg\" \/>\n<meta name=\"author\" content=\"David Achell\" \/>\n<meta name=\"twitter:card\" content=\"summary_large_image\" \/>\n<meta name=\"twitter:label1\" content=\"\u00c9crit par\" \/>\n\t<meta name=\"twitter:data1\" content=\"David Achell\" \/>\n\t<meta name=\"twitter:label2\" content=\"Dur\u00e9e de lecture estim\u00e9e\" \/>\n\t<meta name=\"twitter:data2\" content=\"1 minute\" \/>\n<script type=\"application\/ld+json\" class=\"yoast-schema-graph\">{\"@context\":\"https:\/\/schema.org\",\"@graph\":[{\"@type\":\"Article\",\"@id\":\"https:\/\/www.garciafaura.com\/fr\/garcia-faura-interve-en-diversos-projectes-parisencs\/#article\",\"isPartOf\":{\"@id\":\"https:\/\/www.garciafaura.com\/fr\/garcia-faura-interve-en-diversos-projectes-parisencs\/\"},\"author\":{\"name\":\"David Achell\",\"@id\":\"https:\/\/www.garciafaura.com\/fr\/#\/schema\/person\/b4b75e69b33fac3446071909bec106b0\"},\"headline\":\"GARCIA FAURA participe \u00e0 diff\u00e9rents projets \u00e0 Paris\",\"datePublished\":\"2020-02-14T10:56:57+00:00\",\"dateModified\":\"2020-02-14T12:44:52+00:00\",\"mainEntityOfPage\":{\"@id\":\"https:\/\/www.garciafaura.com\/fr\/garcia-faura-interve-en-diversos-projectes-parisencs\/\"},\"wordCount\":306,\"publisher\":{\"@id\":\"https:\/\/www.garciafaura.com\/fr\/#organization\"},\"image\":{\"@id\":\"https:\/\/www.garciafaura.com\/fr\/garcia-faura-interve-en-diversos-projectes-parisencs\/#primaryimage\"},\"thumbnailUrl\":\"https:\/\/www.garciafaura.com\/wp-content\/uploads\/2020\/02\/En-construccio-Grenelle.jpg\",\"articleSection\":[\"Actualit\u00e9\"],\"inLanguage\":\"fr-FR\"},{\"@type\":\"WebPage\",\"@id\":\"https:\/\/www.garciafaura.com\/fr\/garcia-faura-interve-en-diversos-projectes-parisencs\/\",\"url\":\"https:\/\/www.garciafaura.com\/fr\/garcia-faura-interve-en-diversos-projectes-parisencs\/\",\"name\":\"GARCIA FAURA participe \u00e0 diff\u00e9rents projets \u00e0 Paris - GARCIA FAURA\",\"isPartOf\":{\"@id\":\"https:\/\/www.garciafaura.com\/fr\/#website\"},\"primaryImageOfPage\":{\"@id\":\"https:\/\/www.garciafaura.com\/fr\/garcia-faura-interve-en-diversos-projectes-parisencs\/#primaryimage\"},\"image\":{\"@id\":\"https:\/\/www.garciafaura.com\/fr\/garcia-faura-interve-en-diversos-projectes-parisencs\/#primaryimage\"},\"thumbnailUrl\":\"https:\/\/www.garciafaura.com\/wp-content\/uploads\/2020\/02\/En-construccio-Grenelle.jpg\",\"datePublished\":\"2020-02-14T10:56:57+00:00\",\"dateModified\":\"2020-02-14T12:44:52+00:00\",\"description\":\"Arquitectura en Alumini, Inox, Ferro i Vidre\",\"breadcrumb\":{\"@id\":\"https:\/\/www.garciafaura.com\/fr\/garcia-faura-interve-en-diversos-projectes-parisencs\/#breadcrumb\"},\"inLanguage\":\"fr-FR\",\"potentialAction\":[{\"@type\":\"ReadAction\",\"target\":[\"https:\/\/www.garciafaura.com\/fr\/garcia-faura-interve-en-diversos-projectes-parisencs\/\"]}]},{\"@type\":\"ImageObject\",\"inLanguage\":\"fr-FR\",\"@id\":\"https:\/\/www.garciafaura.com\/fr\/garcia-faura-interve-en-diversos-projectes-parisencs\/#primaryimage\",\"url\":\"https:\/\/www.garciafaura.com\/wp-content\/uploads\/2020\/02\/En-construccio-Grenelle.jpg\",\"contentUrl\":\"https:\/\/www.garciafaura.com\/wp-content\/uploads\/2020\/02\/En-construccio-Grenelle.jpg\",\"width\":4016,\"height\":2455,\"caption\":\"Boulevard Grenelle\"},{\"@type\":\"BreadcrumbList\",\"@id\":\"https:\/\/www.garciafaura.com\/fr\/garcia-faura-interve-en-diversos-projectes-parisencs\/#breadcrumb\",\"itemListElement\":[{\"@type\":\"ListItem\",\"position\":1,\"name\":\"Inici\",\"item\":\"https:\/\/www.garciafaura.com\/fr\/\"},{\"@type\":\"ListItem\",\"position\":2,\"name\":\"GARCIA FAURA participe \u00e0 diff\u00e9rents projets \u00e0 Paris\"}]},{\"@type\":\"WebSite\",\"@id\":\"https:\/\/www.garciafaura.com\/fr\/#website\",\"url\":\"https:\/\/www.garciafaura.com\/fr\/\",\"name\":\"GARCIA FAURA\",\"description\":\"Arquitectura en Alumini, Inox, Ferro i Vidre\",\"publisher\":{\"@id\":\"https:\/\/www.garciafaura.com\/fr\/#organization\"},\"potentialAction\":[{\"@type\":\"SearchAction\",\"target\":{\"@type\":\"EntryPoint\",\"urlTemplate\":\"https:\/\/www.garciafaura.com\/fr\/?s={search_term_string}\"},\"query-input\":{\"@type\":\"PropertyValueSpecification\",\"valueRequired\":true,\"valueName\":\"search_term_string\"}}],\"inLanguage\":\"fr-FR\"},{\"@type\":\"Organization\",\"@id\":\"https:\/\/www.garciafaura.com\/fr\/#organization\",\"name\":\"GARCIA FAURA\",\"url\":\"https:\/\/www.garciafaura.com\/fr\/\",\"logo\":{\"@type\":\"ImageObject\",\"inLanguage\":\"fr-FR\",\"@id\":\"https:\/\/www.garciafaura.com\/fr\/#\/schema\/logo\/image\/\",\"url\":\"https:\/\/www.garciafaura.com\/wp-content\/uploads\/2018\/09\/Garcia-Faura.png\",\"contentUrl\":\"https:\/\/www.garciafaura.com\/wp-content\/uploads\/2018\/09\/Garcia-Faura.png\",\"width\":512,\"height\":512,\"caption\":\"GARCIA FAURA\"},\"image\":{\"@id\":\"https:\/\/www.garciafaura.com\/fr\/#\/schema\/logo\/image\/\"},\"sameAs\":[\"https:\/\/www.youtube.com\/user\/GARCIAFAURA\"]},{\"@type\":\"Person\",\"@id\":\"https:\/\/www.garciafaura.com\/fr\/#\/schema\/person\/b4b75e69b33fac3446071909bec106b0\",\"name\":\"David Achell\",\"image\":{\"@type\":\"ImageObject\",\"inLanguage\":\"fr-FR\",\"@id\":\"https:\/\/www.garciafaura.com\/fr\/#\/schema\/person\/image\/\",\"url\":\"https:\/\/secure.gravatar.com\/avatar\/03900210afc1f61bce737bcb4a79c02e2c997f171e3eca839b5a4cbe03846c90?s=96&d=blank&r=g\",\"contentUrl\":\"https:\/\/secure.gravatar.com\/avatar\/03900210afc1f61bce737bcb4a79c02e2c997f171e3eca839b5a4cbe03846c90?s=96&d=blank&r=g\",\"caption\":\"David Achell\"}}]}<\/script>\n<!-- \/ Yoast SEO plugin. -->","yoast_head_json":{"title":"GARCIA FAURA participe \u00e0 diff\u00e9rents projets \u00e0 Paris - GARCIA FAURA","description":"Arquitectura en Alumini, Inox, Ferro i Vidre","robots":{"index":"index","follow":"follow","max-snippet":"max-snippet:-1","max-image-preview":"max-image-preview:large","max-video-preview":"max-video-preview:-1"},"canonical":"https:\/\/www.garciafaura.com\/fr\/garcia-faura-interve-en-diversos-projectes-parisencs\/","og_locale":"fr_FR","og_type":"article","og_title":"GARCIA FAURA participe \u00e0 diff\u00e9rents projets \u00e0 Paris - GARCIA FAURA","og_description":"Arquitectura en Alumini, Inox, Ferro i Vidre","og_url":"https:\/\/www.garciafaura.com\/fr\/garcia-faura-interve-en-diversos-projectes-parisencs\/","og_site_name":"GARCIA FAURA","article_published_time":"2020-02-14T10:56:57+00:00","article_modified_time":"2020-02-14T12:44:52+00:00","og_image":[{"width":1024,"height":626,"url":"https:\/\/www.garciafaura.com\/wp-content\/uploads\/2020\/02\/En-construccio-Grenelle-1024x626.jpg","type":"image\/jpeg"}],"author":"David Achell","twitter_card":"summary_large_image","twitter_misc":{"\u00c9crit par":"David Achell","Dur\u00e9e de lecture estim\u00e9e":"1 minute"},"schema":{"@context":"https:\/\/schema.org","@graph":[{"@type":"Article","@id":"https:\/\/www.garciafaura.com\/fr\/garcia-faura-interve-en-diversos-projectes-parisencs\/#article","isPartOf":{"@id":"https:\/\/www.garciafaura.com\/fr\/garcia-faura-interve-en-diversos-projectes-parisencs\/"},"author":{"name":"David Achell","@id":"https:\/\/www.garciafaura.com\/fr\/#\/schema\/person\/b4b75e69b33fac3446071909bec106b0"},"headline":"GARCIA FAURA participe \u00e0 diff\u00e9rents projets \u00e0 Paris","datePublished":"2020-02-14T10:56:57+00:00","dateModified":"2020-02-14T12:44:52+00:00","mainEntityOfPage":{"@id":"https:\/\/www.garciafaura.com\/fr\/garcia-faura-interve-en-diversos-projectes-parisencs\/"},"wordCount":306,"publisher":{"@id":"https:\/\/www.garciafaura.com\/fr\/#organization"},"image":{"@id":"https:\/\/www.garciafaura.com\/fr\/garcia-faura-interve-en-diversos-projectes-parisencs\/#primaryimage"},"thumbnailUrl":"https:\/\/www.garciafaura.com\/wp-content\/uploads\/2020\/02\/En-construccio-Grenelle.jpg","articleSection":["Actualit\u00e9"],"inLanguage":"fr-FR"},{"@type":"WebPage","@id":"https:\/\/www.garciafaura.com\/fr\/garcia-faura-interve-en-diversos-projectes-parisencs\/","url":"https:\/\/www.garciafaura.com\/fr\/garcia-faura-interve-en-diversos-projectes-parisencs\/","name":"GARCIA FAURA participe \u00e0 diff\u00e9rents projets \u00e0 Paris - GARCIA FAURA","isPartOf":{"@id":"https:\/\/www.garciafaura.com\/fr\/#website"},"primaryImageOfPage":{"@id":"https:\/\/www.garciafaura.com\/fr\/garcia-faura-interve-en-diversos-projectes-parisencs\/#primaryimage"},"image":{"@id":"https:\/\/www.garciafaura.com\/fr\/garcia-faura-interve-en-diversos-projectes-parisencs\/#primaryimage"},"thumbnailUrl":"https:\/\/www.garciafaura.com\/wp-content\/uploads\/2020\/02\/En-construccio-Grenelle.jpg","datePublished":"2020-02-14T10:56:57+00:00","dateModified":"2020-02-14T12:44:52+00:00","description":"Arquitectura en Alumini, Inox, Ferro i Vidre","breadcrumb":{"@id":"https:\/\/www.garciafaura.com\/fr\/garcia-faura-interve-en-diversos-projectes-parisencs\/#breadcrumb"},"inLanguage":"fr-FR","potentialAction":[{"@type":"ReadAction","target":["https:\/\/www.garciafaura.com\/fr\/garcia-faura-interve-en-diversos-projectes-parisencs\/"]}]},{"@type":"ImageObject","inLanguage":"fr-FR","@id":"https:\/\/www.garciafaura.com\/fr\/garcia-faura-interve-en-diversos-projectes-parisencs\/#primaryimage","url":"https:\/\/www.garciafaura.com\/wp-content\/uploads\/2020\/02\/En-construccio-Grenelle.jpg","contentUrl":"https:\/\/www.garciafaura.com\/wp-content\/uploads\/2020\/02\/En-construccio-Grenelle.jpg","width":4016,"height":2455,"caption":"Boulevard Grenelle"},{"@type":"BreadcrumbList","@id":"https:\/\/www.garciafaura.com\/fr\/garcia-faura-interve-en-diversos-projectes-parisencs\/#breadcrumb","itemListElement":[{"@type":"ListItem","position":1,"name":"Inici","item":"https:\/\/www.garciafaura.com\/fr\/"},{"@type":"ListItem","position":2,"name":"GARCIA FAURA participe \u00e0 diff\u00e9rents projets \u00e0 Paris"}]},{"@type":"WebSite","@id":"https:\/\/www.garciafaura.com\/fr\/#website","url":"https:\/\/www.garciafaura.com\/fr\/","name":"GARCIA FAURA","description":"Arquitectura en Alumini, Inox, Ferro i Vidre","publisher":{"@id":"https:\/\/www.garciafaura.com\/fr\/#organization"},"potentialAction":[{"@type":"SearchAction","target":{"@type":"EntryPoint","urlTemplate":"https:\/\/www.garciafaura.com\/fr\/?s={search_term_string}"},"query-input":{"@type":"PropertyValueSpecification","valueRequired":true,"valueName":"search_term_string"}}],"inLanguage":"fr-FR"},{"@type":"Organization","@id":"https:\/\/www.garciafaura.com\/fr\/#organization","name":"GARCIA FAURA","url":"https:\/\/www.garciafaura.com\/fr\/","logo":{"@type":"ImageObject","inLanguage":"fr-FR","@id":"https:\/\/www.garciafaura.com\/fr\/#\/schema\/logo\/image\/","url":"https:\/\/www.garciafaura.com\/wp-content\/uploads\/2018\/09\/Garcia-Faura.png","contentUrl":"https:\/\/www.garciafaura.com\/wp-content\/uploads\/2018\/09\/Garcia-Faura.png","width":512,"height":512,"caption":"GARCIA FAURA"},"image":{"@id":"https:\/\/www.garciafaura.com\/fr\/#\/schema\/logo\/image\/"},"sameAs":["https:\/\/www.youtube.com\/user\/GARCIAFAURA"]},{"@type":"Person","@id":"https:\/\/www.garciafaura.com\/fr\/#\/schema\/person\/b4b75e69b33fac3446071909bec106b0","name":"David Achell","image":{"@type":"ImageObject","inLanguage":"fr-FR","@id":"https:\/\/www.garciafaura.com\/fr\/#\/schema\/person\/image\/","url":"https:\/\/secure.gravatar.com\/avatar\/03900210afc1f61bce737bcb4a79c02e2c997f171e3eca839b5a4cbe03846c90?s=96&d=blank&r=g","contentUrl":"https:\/\/secure.gravatar.com\/avatar\/03900210afc1f61bce737bcb4a79c02e2c997f171e3eca839b5a4cbe03846c90?s=96&d=blank&r=g","caption":"David Achell"}}]}},"_links":{"self":[{"href":"https:\/\/www.garciafaura.com\/fr\/wp-json\/wp\/v2\/posts\/24990","targetHints":{"allow":["GET"]}}],"collection":[{"href":"https:\/\/www.garciafaura.com\/fr\/wp-json\/wp\/v2\/posts"}],"about":[{"href":"https:\/\/www.garciafaura.com\/fr\/wp-json\/wp\/v2\/types\/post"}],"author":[{"embeddable":true,"href":"https:\/\/www.garciafaura.com\/fr\/wp-json\/wp\/v2\/users\/3"}],"replies":[{"embeddable":true,"href":"https:\/\/www.garciafaura.com\/fr\/wp-json\/wp\/v2\/comments?post=24990"}],"version-history":[{"count":6,"href":"https:\/\/www.garciafaura.com\/fr\/wp-json\/wp\/v2\/posts\/24990\/revisions"}],"predecessor-version":[{"id":25019,"href":"https:\/\/www.garciafaura.com\/fr\/wp-json\/wp\/v2\/posts\/24990\/revisions\/25019"}],"wp:featuredmedia":[{"embeddable":true,"href":"https:\/\/www.garciafaura.com\/fr\/wp-json\/wp\/v2\/media\/25013"}],"wp:attachment":[{"href":"https:\/\/www.garciafaura.com\/fr\/wp-json\/wp\/v2\/media?parent=24990"}],"wp:term":[{"taxonomy":"category","embeddable":true,"href":"https:\/\/www.garciafaura.com\/fr\/wp-json\/wp\/v2\/categories?post=24990"},{"taxonomy":"post_tag","embeddable":true,"href":"https:\/\/www.garciafaura.com\/fr\/wp-json\/wp\/v2\/tags?post=24990"},{"taxonomy":"post_series","embeddable":true,"href":"https:\/\/www.garciafaura.com\/fr\/wp-json\/wp\/v2\/post_series?post=24990"}],"curies":[{"name":"wp","href":"https:\/\/api.w.org\/{rel}","templated":true}]}}