{"id":24982,"date":"2020-01-27T11:34:53","date_gmt":"2020-01-27T09:34:53","guid":{"rendered":"https:\/\/www.garciafaura.com\/nouveau-centre-dusinage-cnc-pour-latelier-daluminium-garcia-faura\/"},"modified":"2022-11-28T16:34:31","modified_gmt":"2022-11-28T14:34:31","slug":"nouveau-centre-dusinage-cnc-pour-latelier-daluminium-garcia-faura","status":"publish","type":"post","link":"https:\/\/www.garciafaura.com\/fr\/nouveau-centre-dusinage-cnc-pour-latelier-daluminium-garcia-faura\/","title":{"rendered":"Nouveau centre d&rsquo;usinage CNC pour l&rsquo;atelier d&rsquo;aluminium GARCIA FAURA"},"content":{"rendered":"<p>Le programme d&rsquo;investissement <strong>GARCIA FAURA<\/strong> ne s&rsquo;arr\u00eate pas. Depuis janvier dernier, l&rsquo;entreprise dispose d&rsquo;un nouveau centre d&rsquo;usinage CNC qui s&rsquo;ajoute aux 3 qui \u00e9taient d\u00e9j\u00e0 op\u00e9rationnels jusqu&rsquo;\u00e0 pr\u00e9sent. Il s&rsquo;agit d&rsquo;un nouveau centre \u00e0 5 axes command\u00e9s con\u00e7u pour l\u2019usinage de barres en aluminium, acier et PVC jusqu&rsquo;\u00e0 7 m\u00e8tres de long, bien qu&rsquo;il puisse \u00e9galement travailler divis\u00e9 en deux zones d\u2019usinage autonomes en mode pendulaire.<\/p>\n<p>De plus, il dispose par ailleurs d\u2019une table d\u2019usinage mobile qui facilite l\u2019op\u00e9ration de chargement \/ d\u00e9chargement de la pi\u00e8ce et augmente consid\u00e9rablement la section usinable. Le nouveau centre, fabriqu\u00e9 par <a href=\"https:\/\/www.emmegi.com\/es\/home\" target=\"_blank\" rel=\"noopener\">Emmegi<\/a>, dispose des \u00e9l\u00e9ments de s\u00e9curit\u00e9 les plus avanc\u00e9s, avec des protections en verre haut de gamme et une interface chromatique lumineuse qui agit comme un avertissement suppl\u00e9mentaire de ses diff\u00e9rents \u00e9tats.<\/p>\n<p>Ces derniers temps, la soci\u00e9t\u00e9 a fait un investissement important dans les machines et la technologie pour faire progresser l&rsquo;innovation de la soci\u00e9t\u00e9 et continue de rester une r\u00e9f\u00e9rence dans le secteur dans le domaine de la fabrication de fa\u00e7ades modulaires et de fermetures en aluminium haute performance.<\/p>\n<p>Avec cette acquisition, <strong>GARCIA FAURA<\/strong> augmente encore la capacit\u00e9 de production de son atelier aluminium, tout en \u00e9largissant la vari\u00e9t\u00e9 des produits qu&rsquo;elle peut proposer \u00e0 ses clients. L&rsquo;investissement fait partie du plan de modernisation de l&rsquo;usine de fabrication de fa\u00e7ades, murs-rideaux et fermetures <strong>GARCIA FAURA.<\/strong> Un projet financ\u00e9 par le Ministerio de Ind\u00fastria, Comercio y Turismo dans le cadre du\u00a0<a href=\"https:\/\/www.mincotur.gob.es\/PortalAyudas\/RCI\/Paginas\/Index.aspx\" target=\"_blank\" rel=\"noopener\">Programme de r\u00e9industrialisation et de promotion de la comp\u00e9titivit\u00e9 industrielle<\/a>.<\/p>\n<p><img loading=\"lazy\" decoding=\"async\" class=\"aligncenter size-full wp-image-31090\" src=\"https:\/\/www.garciafaura.com\/wp-content\/uploads\/2020\/06\/LogoMinisterio.png\" alt=\"\" width=\"800\" height=\"153\" srcset=\"https:\/\/www.garciafaura.com\/wp-content\/uploads\/2020\/06\/LogoMinisterio.png 800w, https:\/\/www.garciafaura.com\/wp-content\/uploads\/2020\/06\/LogoMinisterio-300x57.png 300w, https:\/\/www.garciafaura.com\/wp-content\/uploads\/2020\/06\/LogoMinisterio-768x147.png 768w\" sizes=\"auto, (max-width: 800px) 100vw, 800px\" \/><\/p>\n","protected":false},"excerpt":{"rendered":"<p>Le programme d&rsquo;investissement GARCIA FAURA ne s&rsquo;arr\u00eate pas. Depuis janvier dernier, l&rsquo;entreprise dispose d&rsquo;un nouveau centre d&rsquo;usinage CNC qui s&rsquo;ajoute aux 3 qui \u00e9taient d\u00e9j\u00e0 op\u00e9rationnels jusqu&rsquo;\u00e0 pr\u00e9sent. Il s&rsquo;agit d&rsquo;un nouveau centre \u00e0 5 axes command\u00e9s con\u00e7u pour l\u2019usinage&hellip;<\/p>\n","protected":false},"author":3,"featured_media":24977,"comment_status":"closed","ping_status":"open","sticky":false,"template":"","format":"standard","meta":{"footnotes":""},"categories":[2],"tags":[],"post_series":[],"class_list":["post-24982","post","type-post","status-publish","format-standard","has-post-thumbnail","hentry","category-actualite","entry","has-media"],"yoast_head":"<!-- This site is optimized with the Yoast SEO plugin v26.7 - https:\/\/yoast.com\/wordpress\/plugins\/seo\/ -->\n<title>Nouveau centre d&#039;usinage CNC pour l&#039;atelier d&#039;aluminium GARCIA FAURA - GARCIA FAURA<\/title>\n<meta name=\"description\" content=\"Arquitectura en Alumini, Inox, Ferro i Vidre\" \/>\n<meta name=\"robots\" content=\"index, follow, max-snippet:-1, max-image-preview:large, max-video-preview:-1\" \/>\n<link rel=\"canonical\" href=\"https:\/\/www.garciafaura.com\/fr\/nouveau-centre-dusinage-cnc-pour-latelier-daluminium-garcia-faura\/\" \/>\n<meta property=\"og:locale\" content=\"fr_FR\" \/>\n<meta property=\"og:type\" content=\"article\" \/>\n<meta property=\"og:title\" content=\"Nouveau centre d&#039;usinage CNC pour l&#039;atelier d&#039;aluminium GARCIA FAURA - GARCIA FAURA\" \/>\n<meta property=\"og:description\" content=\"Arquitectura en Alumini, Inox, Ferro i Vidre\" \/>\n<meta property=\"og:url\" content=\"https:\/\/www.garciafaura.com\/fr\/nouveau-centre-dusinage-cnc-pour-latelier-daluminium-garcia-faura\/\" \/>\n<meta property=\"og:site_name\" content=\"GARCIA FAURA\" \/>\n<meta property=\"article:published_time\" content=\"2020-01-27T09:34:53+00:00\" \/>\n<meta property=\"article:modified_time\" content=\"2022-11-28T14:34:31+00:00\" \/>\n<meta property=\"og:image\" content=\"https:\/\/www.garciafaura.com\/wp-content\/uploads\/2020\/01\/20200113_104458.jpg\" \/>\n\t<meta property=\"og:image:width\" content=\"2560\" \/>\n\t<meta property=\"og:image:height\" content=\"1440\" \/>\n\t<meta property=\"og:image:type\" content=\"image\/jpeg\" \/>\n<meta name=\"author\" content=\"David Achell\" \/>\n<meta name=\"twitter:card\" content=\"summary_large_image\" \/>\n<meta name=\"twitter:label1\" content=\"\u00c9crit par\" \/>\n\t<meta name=\"twitter:data1\" content=\"David Achell\" \/>\n\t<meta name=\"twitter:label2\" content=\"Dur\u00e9e de lecture estim\u00e9e\" \/>\n\t<meta name=\"twitter:data2\" content=\"2 minutes\" \/>\n<script type=\"application\/ld+json\" class=\"yoast-schema-graph\">{\"@context\":\"https:\/\/schema.org\",\"@graph\":[{\"@type\":\"Article\",\"@id\":\"https:\/\/www.garciafaura.com\/fr\/nouveau-centre-dusinage-cnc-pour-latelier-daluminium-garcia-faura\/#article\",\"isPartOf\":{\"@id\":\"https:\/\/www.garciafaura.com\/fr\/nouveau-centre-dusinage-cnc-pour-latelier-daluminium-garcia-faura\/\"},\"author\":{\"name\":\"David Achell\",\"@id\":\"https:\/\/www.garciafaura.com\/fr\/#\/schema\/person\/b4b75e69b33fac3446071909bec106b0\"},\"headline\":\"Nouveau centre d&rsquo;usinage CNC pour l&rsquo;atelier d&rsquo;aluminium GARCIA FAURA\",\"datePublished\":\"2020-01-27T09:34:53+00:00\",\"dateModified\":\"2022-11-28T14:34:31+00:00\",\"mainEntityOfPage\":{\"@id\":\"https:\/\/www.garciafaura.com\/fr\/nouveau-centre-dusinage-cnc-pour-latelier-daluminium-garcia-faura\/\"},\"wordCount\":298,\"publisher\":{\"@id\":\"https:\/\/www.garciafaura.com\/fr\/#organization\"},\"image\":{\"@id\":\"https:\/\/www.garciafaura.com\/fr\/nouveau-centre-dusinage-cnc-pour-latelier-daluminium-garcia-faura\/#primaryimage\"},\"thumbnailUrl\":\"https:\/\/www.garciafaura.com\/wp-content\/uploads\/2020\/01\/20200113_104458.jpg\",\"articleSection\":[\"Actualit\u00e9\"],\"inLanguage\":\"fr-FR\"},{\"@type\":\"WebPage\",\"@id\":\"https:\/\/www.garciafaura.com\/fr\/nouveau-centre-dusinage-cnc-pour-latelier-daluminium-garcia-faura\/\",\"url\":\"https:\/\/www.garciafaura.com\/fr\/nouveau-centre-dusinage-cnc-pour-latelier-daluminium-garcia-faura\/\",\"name\":\"Nouveau centre d'usinage CNC pour l'atelier d'aluminium GARCIA FAURA - GARCIA FAURA\",\"isPartOf\":{\"@id\":\"https:\/\/www.garciafaura.com\/fr\/#website\"},\"primaryImageOfPage\":{\"@id\":\"https:\/\/www.garciafaura.com\/fr\/nouveau-centre-dusinage-cnc-pour-latelier-daluminium-garcia-faura\/#primaryimage\"},\"image\":{\"@id\":\"https:\/\/www.garciafaura.com\/fr\/nouveau-centre-dusinage-cnc-pour-latelier-daluminium-garcia-faura\/#primaryimage\"},\"thumbnailUrl\":\"https:\/\/www.garciafaura.com\/wp-content\/uploads\/2020\/01\/20200113_104458.jpg\",\"datePublished\":\"2020-01-27T09:34:53+00:00\",\"dateModified\":\"2022-11-28T14:34:31+00:00\",\"description\":\"Arquitectura en Alumini, Inox, Ferro i Vidre\",\"breadcrumb\":{\"@id\":\"https:\/\/www.garciafaura.com\/fr\/nouveau-centre-dusinage-cnc-pour-latelier-daluminium-garcia-faura\/#breadcrumb\"},\"inLanguage\":\"fr-FR\",\"potentialAction\":[{\"@type\":\"ReadAction\",\"target\":[\"https:\/\/www.garciafaura.com\/fr\/nouveau-centre-dusinage-cnc-pour-latelier-daluminium-garcia-faura\/\"]}]},{\"@type\":\"ImageObject\",\"inLanguage\":\"fr-FR\",\"@id\":\"https:\/\/www.garciafaura.com\/fr\/nouveau-centre-dusinage-cnc-pour-latelier-daluminium-garcia-faura\/#primaryimage\",\"url\":\"https:\/\/www.garciafaura.com\/wp-content\/uploads\/2020\/01\/20200113_104458.jpg\",\"contentUrl\":\"https:\/\/www.garciafaura.com\/wp-content\/uploads\/2020\/01\/20200113_104458.jpg\",\"width\":2560,\"height\":1440},{\"@type\":\"BreadcrumbList\",\"@id\":\"https:\/\/www.garciafaura.com\/fr\/nouveau-centre-dusinage-cnc-pour-latelier-daluminium-garcia-faura\/#breadcrumb\",\"itemListElement\":[{\"@type\":\"ListItem\",\"position\":1,\"name\":\"Inici\",\"item\":\"https:\/\/www.garciafaura.com\/fr\/\"},{\"@type\":\"ListItem\",\"position\":2,\"name\":\"Nouveau centre d&#8217;usinage CNC pour l&#8217;atelier d&#8217;aluminium GARCIA FAURA\"}]},{\"@type\":\"WebSite\",\"@id\":\"https:\/\/www.garciafaura.com\/fr\/#website\",\"url\":\"https:\/\/www.garciafaura.com\/fr\/\",\"name\":\"GARCIA FAURA\",\"description\":\"Arquitectura en Alumini, Inox, Ferro i Vidre\",\"publisher\":{\"@id\":\"https:\/\/www.garciafaura.com\/fr\/#organization\"},\"potentialAction\":[{\"@type\":\"SearchAction\",\"target\":{\"@type\":\"EntryPoint\",\"urlTemplate\":\"https:\/\/www.garciafaura.com\/fr\/?s={search_term_string}\"},\"query-input\":{\"@type\":\"PropertyValueSpecification\",\"valueRequired\":true,\"valueName\":\"search_term_string\"}}],\"inLanguage\":\"fr-FR\"},{\"@type\":\"Organization\",\"@id\":\"https:\/\/www.garciafaura.com\/fr\/#organization\",\"name\":\"GARCIA FAURA\",\"url\":\"https:\/\/www.garciafaura.com\/fr\/\",\"logo\":{\"@type\":\"ImageObject\",\"inLanguage\":\"fr-FR\",\"@id\":\"https:\/\/www.garciafaura.com\/fr\/#\/schema\/logo\/image\/\",\"url\":\"https:\/\/www.garciafaura.com\/wp-content\/uploads\/2018\/09\/Garcia-Faura.png\",\"contentUrl\":\"https:\/\/www.garciafaura.com\/wp-content\/uploads\/2018\/09\/Garcia-Faura.png\",\"width\":512,\"height\":512,\"caption\":\"GARCIA FAURA\"},\"image\":{\"@id\":\"https:\/\/www.garciafaura.com\/fr\/#\/schema\/logo\/image\/\"},\"sameAs\":[\"https:\/\/www.youtube.com\/user\/GARCIAFAURA\"]},{\"@type\":\"Person\",\"@id\":\"https:\/\/www.garciafaura.com\/fr\/#\/schema\/person\/b4b75e69b33fac3446071909bec106b0\",\"name\":\"David Achell\",\"image\":{\"@type\":\"ImageObject\",\"inLanguage\":\"fr-FR\",\"@id\":\"https:\/\/www.garciafaura.com\/fr\/#\/schema\/person\/image\/\",\"url\":\"https:\/\/secure.gravatar.com\/avatar\/03900210afc1f61bce737bcb4a79c02e2c997f171e3eca839b5a4cbe03846c90?s=96&d=blank&r=g\",\"contentUrl\":\"https:\/\/secure.gravatar.com\/avatar\/03900210afc1f61bce737bcb4a79c02e2c997f171e3eca839b5a4cbe03846c90?s=96&d=blank&r=g\",\"caption\":\"David Achell\"}}]}<\/script>\n<!-- \/ Yoast SEO plugin. -->","yoast_head_json":{"title":"Nouveau centre d'usinage CNC pour l'atelier d'aluminium GARCIA FAURA - GARCIA FAURA","description":"Arquitectura en Alumini, Inox, Ferro i Vidre","robots":{"index":"index","follow":"follow","max-snippet":"max-snippet:-1","max-image-preview":"max-image-preview:large","max-video-preview":"max-video-preview:-1"},"canonical":"https:\/\/www.garciafaura.com\/fr\/nouveau-centre-dusinage-cnc-pour-latelier-daluminium-garcia-faura\/","og_locale":"fr_FR","og_type":"article","og_title":"Nouveau centre d'usinage CNC pour l'atelier d'aluminium GARCIA FAURA - GARCIA FAURA","og_description":"Arquitectura en Alumini, Inox, Ferro i Vidre","og_url":"https:\/\/www.garciafaura.com\/fr\/nouveau-centre-dusinage-cnc-pour-latelier-daluminium-garcia-faura\/","og_site_name":"GARCIA FAURA","article_published_time":"2020-01-27T09:34:53+00:00","article_modified_time":"2022-11-28T14:34:31+00:00","og_image":[{"width":2560,"height":1440,"url":"https:\/\/www.garciafaura.com\/wp-content\/uploads\/2020\/01\/20200113_104458.jpg","type":"image\/jpeg"}],"author":"David Achell","twitter_card":"summary_large_image","twitter_misc":{"\u00c9crit par":"David Achell","Dur\u00e9e de lecture estim\u00e9e":"2 minutes"},"schema":{"@context":"https:\/\/schema.org","@graph":[{"@type":"Article","@id":"https:\/\/www.garciafaura.com\/fr\/nouveau-centre-dusinage-cnc-pour-latelier-daluminium-garcia-faura\/#article","isPartOf":{"@id":"https:\/\/www.garciafaura.com\/fr\/nouveau-centre-dusinage-cnc-pour-latelier-daluminium-garcia-faura\/"},"author":{"name":"David Achell","@id":"https:\/\/www.garciafaura.com\/fr\/#\/schema\/person\/b4b75e69b33fac3446071909bec106b0"},"headline":"Nouveau centre d&rsquo;usinage CNC pour l&rsquo;atelier d&rsquo;aluminium GARCIA FAURA","datePublished":"2020-01-27T09:34:53+00:00","dateModified":"2022-11-28T14:34:31+00:00","mainEntityOfPage":{"@id":"https:\/\/www.garciafaura.com\/fr\/nouveau-centre-dusinage-cnc-pour-latelier-daluminium-garcia-faura\/"},"wordCount":298,"publisher":{"@id":"https:\/\/www.garciafaura.com\/fr\/#organization"},"image":{"@id":"https:\/\/www.garciafaura.com\/fr\/nouveau-centre-dusinage-cnc-pour-latelier-daluminium-garcia-faura\/#primaryimage"},"thumbnailUrl":"https:\/\/www.garciafaura.com\/wp-content\/uploads\/2020\/01\/20200113_104458.jpg","articleSection":["Actualit\u00e9"],"inLanguage":"fr-FR"},{"@type":"WebPage","@id":"https:\/\/www.garciafaura.com\/fr\/nouveau-centre-dusinage-cnc-pour-latelier-daluminium-garcia-faura\/","url":"https:\/\/www.garciafaura.com\/fr\/nouveau-centre-dusinage-cnc-pour-latelier-daluminium-garcia-faura\/","name":"Nouveau centre d'usinage CNC pour l'atelier d'aluminium GARCIA FAURA - GARCIA FAURA","isPartOf":{"@id":"https:\/\/www.garciafaura.com\/fr\/#website"},"primaryImageOfPage":{"@id":"https:\/\/www.garciafaura.com\/fr\/nouveau-centre-dusinage-cnc-pour-latelier-daluminium-garcia-faura\/#primaryimage"},"image":{"@id":"https:\/\/www.garciafaura.com\/fr\/nouveau-centre-dusinage-cnc-pour-latelier-daluminium-garcia-faura\/#primaryimage"},"thumbnailUrl":"https:\/\/www.garciafaura.com\/wp-content\/uploads\/2020\/01\/20200113_104458.jpg","datePublished":"2020-01-27T09:34:53+00:00","dateModified":"2022-11-28T14:34:31+00:00","description":"Arquitectura en Alumini, Inox, Ferro i Vidre","breadcrumb":{"@id":"https:\/\/www.garciafaura.com\/fr\/nouveau-centre-dusinage-cnc-pour-latelier-daluminium-garcia-faura\/#breadcrumb"},"inLanguage":"fr-FR","potentialAction":[{"@type":"ReadAction","target":["https:\/\/www.garciafaura.com\/fr\/nouveau-centre-dusinage-cnc-pour-latelier-daluminium-garcia-faura\/"]}]},{"@type":"ImageObject","inLanguage":"fr-FR","@id":"https:\/\/www.garciafaura.com\/fr\/nouveau-centre-dusinage-cnc-pour-latelier-daluminium-garcia-faura\/#primaryimage","url":"https:\/\/www.garciafaura.com\/wp-content\/uploads\/2020\/01\/20200113_104458.jpg","contentUrl":"https:\/\/www.garciafaura.com\/wp-content\/uploads\/2020\/01\/20200113_104458.jpg","width":2560,"height":1440},{"@type":"BreadcrumbList","@id":"https:\/\/www.garciafaura.com\/fr\/nouveau-centre-dusinage-cnc-pour-latelier-daluminium-garcia-faura\/#breadcrumb","itemListElement":[{"@type":"ListItem","position":1,"name":"Inici","item":"https:\/\/www.garciafaura.com\/fr\/"},{"@type":"ListItem","position":2,"name":"Nouveau centre d&#8217;usinage CNC pour l&#8217;atelier d&#8217;aluminium GARCIA FAURA"}]},{"@type":"WebSite","@id":"https:\/\/www.garciafaura.com\/fr\/#website","url":"https:\/\/www.garciafaura.com\/fr\/","name":"GARCIA FAURA","description":"Arquitectura en Alumini, Inox, Ferro i Vidre","publisher":{"@id":"https:\/\/www.garciafaura.com\/fr\/#organization"},"potentialAction":[{"@type":"SearchAction","target":{"@type":"EntryPoint","urlTemplate":"https:\/\/www.garciafaura.com\/fr\/?s={search_term_string}"},"query-input":{"@type":"PropertyValueSpecification","valueRequired":true,"valueName":"search_term_string"}}],"inLanguage":"fr-FR"},{"@type":"Organization","@id":"https:\/\/www.garciafaura.com\/fr\/#organization","name":"GARCIA FAURA","url":"https:\/\/www.garciafaura.com\/fr\/","logo":{"@type":"ImageObject","inLanguage":"fr-FR","@id":"https:\/\/www.garciafaura.com\/fr\/#\/schema\/logo\/image\/","url":"https:\/\/www.garciafaura.com\/wp-content\/uploads\/2018\/09\/Garcia-Faura.png","contentUrl":"https:\/\/www.garciafaura.com\/wp-content\/uploads\/2018\/09\/Garcia-Faura.png","width":512,"height":512,"caption":"GARCIA FAURA"},"image":{"@id":"https:\/\/www.garciafaura.com\/fr\/#\/schema\/logo\/image\/"},"sameAs":["https:\/\/www.youtube.com\/user\/GARCIAFAURA"]},{"@type":"Person","@id":"https:\/\/www.garciafaura.com\/fr\/#\/schema\/person\/b4b75e69b33fac3446071909bec106b0","name":"David Achell","image":{"@type":"ImageObject","inLanguage":"fr-FR","@id":"https:\/\/www.garciafaura.com\/fr\/#\/schema\/person\/image\/","url":"https:\/\/secure.gravatar.com\/avatar\/03900210afc1f61bce737bcb4a79c02e2c997f171e3eca839b5a4cbe03846c90?s=96&d=blank&r=g","contentUrl":"https:\/\/secure.gravatar.com\/avatar\/03900210afc1f61bce737bcb4a79c02e2c997f171e3eca839b5a4cbe03846c90?s=96&d=blank&r=g","caption":"David Achell"}}]}},"_links":{"self":[{"href":"https:\/\/www.garciafaura.com\/fr\/wp-json\/wp\/v2\/posts\/24982","targetHints":{"allow":["GET"]}}],"collection":[{"href":"https:\/\/www.garciafaura.com\/fr\/wp-json\/wp\/v2\/posts"}],"about":[{"href":"https:\/\/www.garciafaura.com\/fr\/wp-json\/wp\/v2\/types\/post"}],"author":[{"embeddable":true,"href":"https:\/\/www.garciafaura.com\/fr\/wp-json\/wp\/v2\/users\/3"}],"replies":[{"embeddable":true,"href":"https:\/\/www.garciafaura.com\/fr\/wp-json\/wp\/v2\/comments?post=24982"}],"version-history":[{"count":2,"href":"https:\/\/www.garciafaura.com\/fr\/wp-json\/wp\/v2\/posts\/24982\/revisions"}],"predecessor-version":[{"id":31129,"href":"https:\/\/www.garciafaura.com\/fr\/wp-json\/wp\/v2\/posts\/24982\/revisions\/31129"}],"wp:featuredmedia":[{"embeddable":true,"href":"https:\/\/www.garciafaura.com\/fr\/wp-json\/wp\/v2\/media\/24977"}],"wp:attachment":[{"href":"https:\/\/www.garciafaura.com\/fr\/wp-json\/wp\/v2\/media?parent=24982"}],"wp:term":[{"taxonomy":"category","embeddable":true,"href":"https:\/\/www.garciafaura.com\/fr\/wp-json\/wp\/v2\/categories?post=24982"},{"taxonomy":"post_tag","embeddable":true,"href":"https:\/\/www.garciafaura.com\/fr\/wp-json\/wp\/v2\/tags?post=24982"},{"taxonomy":"post_series","embeddable":true,"href":"https:\/\/www.garciafaura.com\/fr\/wp-json\/wp\/v2\/post_series?post=24982"}],"curies":[{"name":"wp","href":"https:\/\/api.w.org\/{rel}","templated":true}]}}