{"id":24720,"date":"2020-01-08T16:17:42","date_gmt":"2020-01-08T14:17:42","guid":{"rendered":"https:\/\/www.garciafaura.com\/garcia-faura-deixara-la-seva-empremta-a-la-nova-seu-madrilenya-de-liese\/"},"modified":"2020-01-08T16:45:33","modified_gmt":"2020-01-08T14:45:33","slug":"garcia-faura-deixara-la-seva-empremta-a-la-nova-seu-madrilenya-de-liese","status":"publish","type":"post","link":"https:\/\/www.garciafaura.com\/fr\/garcia-faura-deixara-la-seva-empremta-a-la-nova-seu-madrilenya-de-liese\/","title":{"rendered":"GARCIA FAURA laissera sa marque au nouveau si\u00e8ge de l&rsquo;IESE \u00e0 Madrid"},"content":{"rendered":"<p style=\"text-align: justify;\"><strong>GARCIA FAURA<\/strong>\u00a0participe \u00e0 la construction du nouveau <a href=\"https:\/\/www.iese.edu\/es\/conoce-iese\/campus\/madrid\/\" target=\"_blank\" rel=\"noopener\"><strong>campus IESE \u00e0 Madrid<\/strong><\/a> d\u00e9veloppant, fabriquant et installant les \u00e9l\u00e9ments de fa\u00e7ade et les fermetures en aluminium et verre.<\/p>\n<p style=\"text-align: justify;\">Le nouveau si\u00e8ge dans la capitale espagnole de l&rsquo;\u00e9cole de commerce de l&rsquo;<strong>Universit\u00e9 de Navarre<\/strong> (qui devrait ouvrir \u00e0 l&rsquo;automne) aura une superficie de 16 000 m\u00e8tres carr\u00e9s, qui s&rsquo;\u00e9l\u00e8vera \u00e0 c\u00f4t\u00e9 du si\u00e8ge actuel.<\/p>\n<p style=\"text-align: justify;\">Le\u00a0<a href=\"https:\/\/www.youtube.com\/watch?v=yTNm7DlZFMI\" target=\"_blank\" rel=\"noopener\"><strong>nouveau centre<\/strong><\/a>, qui augmentera de 50% l&rsquo;activit\u00e9 d&rsquo;enseignement et de recherche de l&rsquo;<strong>IESE<\/strong>, comprendra quatre salles de classe \u00e9quip\u00e9es des meilleures technologies multim\u00e9dias, des salles de conf\u00e9rence et de r\u00e9union, deux salles \u00e0 manger, une biblioth\u00e8que, un parking de 300 places et un auditorium pour 500 personnes.<\/p>\n<p style=\"text-align: justify;\"><strong>GARCIA FAURA<\/strong> r\u00e9alisera 1700 m\u00e8tres carr\u00e9s de murs-rideaux et 1500 m\u00e8tres carr\u00e9s de double peau dans les b\u00e2timents d&rsquo;enseignement et de l&rsquo;auditorium, ainsi que 1500 m\u00e8tres carr\u00e9s de murs int\u00e9rieurs et ext\u00e9rieurs de haute performance acoustique et technique.<\/p>\n<p style=\"text-align: justify;\">Les travaux de l&rsquo;entreprise seront compl\u00e9t\u00e9s par l&rsquo;installation des autres \u00e9l\u00e9ments qui constitueront l&rsquo;ext\u00e9rieur du b\u00e2timent, comme les garde-corps, les panneaux et les toitures m\u00e9talliques.<\/p>\n","protected":false},"excerpt":{"rendered":"<p>GARCIA FAURA\u00a0participe \u00e0 la construction du nouveau campus IESE \u00e0 Madrid d\u00e9veloppant, fabriquant et installant les \u00e9l\u00e9ments de fa\u00e7ade et les fermetures en aluminium et verre. Le nouveau si\u00e8ge dans la capitale espagnole de l&rsquo;\u00e9cole de commerce de l&rsquo;Universit\u00e9 de&hellip;<\/p>\n","protected":false},"author":3,"featured_media":24637,"comment_status":"closed","ping_status":"open","sticky":false,"template":"","format":"standard","meta":{"footnotes":""},"categories":[2],"tags":[],"post_series":[],"class_list":["post-24720","post","type-post","status-publish","format-standard","has-post-thumbnail","hentry","category-actualite","entry","has-media"],"yoast_head":"<!-- This site is optimized with the Yoast SEO plugin v26.7 - https:\/\/yoast.com\/wordpress\/plugins\/seo\/ -->\n<title>GARCIA FAURA laissera sa marque au nouveau si\u00e8ge de l&#039;IESE \u00e0 Madrid - GARCIA FAURA<\/title>\n<meta name=\"description\" content=\"Arquitectura en Alumini, Inox, Ferro i Vidre\" \/>\n<meta name=\"robots\" content=\"index, follow, max-snippet:-1, max-image-preview:large, max-video-preview:-1\" \/>\n<link rel=\"canonical\" href=\"https:\/\/www.garciafaura.com\/fr\/garcia-faura-deixara-la-seva-empremta-a-la-nova-seu-madrilenya-de-liese\/\" \/>\n<meta property=\"og:locale\" content=\"fr_FR\" \/>\n<meta property=\"og:type\" content=\"article\" \/>\n<meta property=\"og:title\" content=\"GARCIA FAURA laissera sa marque au nouveau si\u00e8ge de l&#039;IESE \u00e0 Madrid - GARCIA FAURA\" \/>\n<meta property=\"og:description\" content=\"Arquitectura en Alumini, Inox, Ferro i Vidre\" \/>\n<meta property=\"og:url\" content=\"https:\/\/www.garciafaura.com\/fr\/garcia-faura-deixara-la-seva-empremta-a-la-nova-seu-madrilenya-de-liese\/\" \/>\n<meta property=\"og:site_name\" content=\"GARCIA FAURA\" \/>\n<meta property=\"article:published_time\" content=\"2020-01-08T14:17:42+00:00\" \/>\n<meta property=\"article:modified_time\" content=\"2020-01-08T14:45:33+00:00\" \/>\n<meta property=\"og:image\" content=\"https:\/\/www.garciafaura.com\/wp-content\/uploads\/2020\/01\/IESEMadrid-02.jpg\" \/>\n\t<meta property=\"og:image:width\" content=\"1200\" \/>\n\t<meta property=\"og:image:height\" content=\"850\" \/>\n\t<meta property=\"og:image:type\" content=\"image\/jpeg\" \/>\n<meta name=\"author\" content=\"David Achell\" \/>\n<meta name=\"twitter:card\" content=\"summary_large_image\" \/>\n<meta name=\"twitter:label1\" content=\"\u00c9crit par\" \/>\n\t<meta name=\"twitter:data1\" content=\"David Achell\" \/>\n\t<meta name=\"twitter:label2\" content=\"Dur\u00e9e de lecture estim\u00e9e\" \/>\n\t<meta name=\"twitter:data2\" content=\"1 minute\" \/>\n<script type=\"application\/ld+json\" class=\"yoast-schema-graph\">{\"@context\":\"https:\/\/schema.org\",\"@graph\":[{\"@type\":\"Article\",\"@id\":\"https:\/\/www.garciafaura.com\/fr\/garcia-faura-deixara-la-seva-empremta-a-la-nova-seu-madrilenya-de-liese\/#article\",\"isPartOf\":{\"@id\":\"https:\/\/www.garciafaura.com\/fr\/garcia-faura-deixara-la-seva-empremta-a-la-nova-seu-madrilenya-de-liese\/\"},\"author\":{\"name\":\"David Achell\",\"@id\":\"https:\/\/www.garciafaura.com\/fr\/#\/schema\/person\/b4b75e69b33fac3446071909bec106b0\"},\"headline\":\"GARCIA FAURA laissera sa marque au nouveau si\u00e8ge de l&rsquo;IESE \u00e0 Madrid\",\"datePublished\":\"2020-01-08T14:17:42+00:00\",\"dateModified\":\"2020-01-08T14:45:33+00:00\",\"mainEntityOfPage\":{\"@id\":\"https:\/\/www.garciafaura.com\/fr\/garcia-faura-deixara-la-seva-empremta-a-la-nova-seu-madrilenya-de-liese\/\"},\"wordCount\":215,\"publisher\":{\"@id\":\"https:\/\/www.garciafaura.com\/fr\/#organization\"},\"image\":{\"@id\":\"https:\/\/www.garciafaura.com\/fr\/garcia-faura-deixara-la-seva-empremta-a-la-nova-seu-madrilenya-de-liese\/#primaryimage\"},\"thumbnailUrl\":\"https:\/\/www.garciafaura.com\/wp-content\/uploads\/2020\/01\/IESEMadrid-02.jpg\",\"articleSection\":[\"Actualit\u00e9\"],\"inLanguage\":\"fr-FR\"},{\"@type\":\"WebPage\",\"@id\":\"https:\/\/www.garciafaura.com\/fr\/garcia-faura-deixara-la-seva-empremta-a-la-nova-seu-madrilenya-de-liese\/\",\"url\":\"https:\/\/www.garciafaura.com\/fr\/garcia-faura-deixara-la-seva-empremta-a-la-nova-seu-madrilenya-de-liese\/\",\"name\":\"GARCIA FAURA laissera sa marque au nouveau si\u00e8ge de l'IESE \u00e0 Madrid - GARCIA FAURA\",\"isPartOf\":{\"@id\":\"https:\/\/www.garciafaura.com\/fr\/#website\"},\"primaryImageOfPage\":{\"@id\":\"https:\/\/www.garciafaura.com\/fr\/garcia-faura-deixara-la-seva-empremta-a-la-nova-seu-madrilenya-de-liese\/#primaryimage\"},\"image\":{\"@id\":\"https:\/\/www.garciafaura.com\/fr\/garcia-faura-deixara-la-seva-empremta-a-la-nova-seu-madrilenya-de-liese\/#primaryimage\"},\"thumbnailUrl\":\"https:\/\/www.garciafaura.com\/wp-content\/uploads\/2020\/01\/IESEMadrid-02.jpg\",\"datePublished\":\"2020-01-08T14:17:42+00:00\",\"dateModified\":\"2020-01-08T14:45:33+00:00\",\"description\":\"Arquitectura en Alumini, Inox, Ferro i Vidre\",\"breadcrumb\":{\"@id\":\"https:\/\/www.garciafaura.com\/fr\/garcia-faura-deixara-la-seva-empremta-a-la-nova-seu-madrilenya-de-liese\/#breadcrumb\"},\"inLanguage\":\"fr-FR\",\"potentialAction\":[{\"@type\":\"ReadAction\",\"target\":[\"https:\/\/www.garciafaura.com\/fr\/garcia-faura-deixara-la-seva-empremta-a-la-nova-seu-madrilenya-de-liese\/\"]}]},{\"@type\":\"ImageObject\",\"inLanguage\":\"fr-FR\",\"@id\":\"https:\/\/www.garciafaura.com\/fr\/garcia-faura-deixara-la-seva-empremta-a-la-nova-seu-madrilenya-de-liese\/#primaryimage\",\"url\":\"https:\/\/www.garciafaura.com\/wp-content\/uploads\/2020\/01\/IESEMadrid-02.jpg\",\"contentUrl\":\"https:\/\/www.garciafaura.com\/wp-content\/uploads\/2020\/01\/IESEMadrid-02.jpg\",\"width\":1200,\"height\":850,\"caption\":\"Fa\u00e7ades, murs-rideaux et double peau pour le nouveau b\u00e2timent d'enseignement que l'IESE projette dans la capitale espagnole.\"},{\"@type\":\"BreadcrumbList\",\"@id\":\"https:\/\/www.garciafaura.com\/fr\/garcia-faura-deixara-la-seva-empremta-a-la-nova-seu-madrilenya-de-liese\/#breadcrumb\",\"itemListElement\":[{\"@type\":\"ListItem\",\"position\":1,\"name\":\"Inici\",\"item\":\"https:\/\/www.garciafaura.com\/fr\/\"},{\"@type\":\"ListItem\",\"position\":2,\"name\":\"GARCIA FAURA laissera sa marque au nouveau si\u00e8ge de l&rsquo;IESE \u00e0 Madrid\"}]},{\"@type\":\"WebSite\",\"@id\":\"https:\/\/www.garciafaura.com\/fr\/#website\",\"url\":\"https:\/\/www.garciafaura.com\/fr\/\",\"name\":\"GARCIA FAURA\",\"description\":\"Arquitectura en Alumini, Inox, Ferro i Vidre\",\"publisher\":{\"@id\":\"https:\/\/www.garciafaura.com\/fr\/#organization\"},\"potentialAction\":[{\"@type\":\"SearchAction\",\"target\":{\"@type\":\"EntryPoint\",\"urlTemplate\":\"https:\/\/www.garciafaura.com\/fr\/?s={search_term_string}\"},\"query-input\":{\"@type\":\"PropertyValueSpecification\",\"valueRequired\":true,\"valueName\":\"search_term_string\"}}],\"inLanguage\":\"fr-FR\"},{\"@type\":\"Organization\",\"@id\":\"https:\/\/www.garciafaura.com\/fr\/#organization\",\"name\":\"GARCIA FAURA\",\"url\":\"https:\/\/www.garciafaura.com\/fr\/\",\"logo\":{\"@type\":\"ImageObject\",\"inLanguage\":\"fr-FR\",\"@id\":\"https:\/\/www.garciafaura.com\/fr\/#\/schema\/logo\/image\/\",\"url\":\"https:\/\/www.garciafaura.com\/wp-content\/uploads\/2018\/09\/Garcia-Faura.png\",\"contentUrl\":\"https:\/\/www.garciafaura.com\/wp-content\/uploads\/2018\/09\/Garcia-Faura.png\",\"width\":512,\"height\":512,\"caption\":\"GARCIA FAURA\"},\"image\":{\"@id\":\"https:\/\/www.garciafaura.com\/fr\/#\/schema\/logo\/image\/\"},\"sameAs\":[\"https:\/\/www.youtube.com\/user\/GARCIAFAURA\"]},{\"@type\":\"Person\",\"@id\":\"https:\/\/www.garciafaura.com\/fr\/#\/schema\/person\/b4b75e69b33fac3446071909bec106b0\",\"name\":\"David Achell\",\"image\":{\"@type\":\"ImageObject\",\"inLanguage\":\"fr-FR\",\"@id\":\"https:\/\/www.garciafaura.com\/fr\/#\/schema\/person\/image\/\",\"url\":\"https:\/\/secure.gravatar.com\/avatar\/03900210afc1f61bce737bcb4a79c02e2c997f171e3eca839b5a4cbe03846c90?s=96&d=blank&r=g\",\"contentUrl\":\"https:\/\/secure.gravatar.com\/avatar\/03900210afc1f61bce737bcb4a79c02e2c997f171e3eca839b5a4cbe03846c90?s=96&d=blank&r=g\",\"caption\":\"David Achell\"}}]}<\/script>\n<!-- \/ Yoast SEO plugin. -->","yoast_head_json":{"title":"GARCIA FAURA laissera sa marque au nouveau si\u00e8ge de l'IESE \u00e0 Madrid - GARCIA FAURA","description":"Arquitectura en Alumini, Inox, Ferro i Vidre","robots":{"index":"index","follow":"follow","max-snippet":"max-snippet:-1","max-image-preview":"max-image-preview:large","max-video-preview":"max-video-preview:-1"},"canonical":"https:\/\/www.garciafaura.com\/fr\/garcia-faura-deixara-la-seva-empremta-a-la-nova-seu-madrilenya-de-liese\/","og_locale":"fr_FR","og_type":"article","og_title":"GARCIA FAURA laissera sa marque au nouveau si\u00e8ge de l'IESE \u00e0 Madrid - GARCIA FAURA","og_description":"Arquitectura en Alumini, Inox, Ferro i Vidre","og_url":"https:\/\/www.garciafaura.com\/fr\/garcia-faura-deixara-la-seva-empremta-a-la-nova-seu-madrilenya-de-liese\/","og_site_name":"GARCIA FAURA","article_published_time":"2020-01-08T14:17:42+00:00","article_modified_time":"2020-01-08T14:45:33+00:00","og_image":[{"width":1200,"height":850,"url":"https:\/\/www.garciafaura.com\/wp-content\/uploads\/2020\/01\/IESEMadrid-02.jpg","type":"image\/jpeg"}],"author":"David Achell","twitter_card":"summary_large_image","twitter_misc":{"\u00c9crit par":"David Achell","Dur\u00e9e de lecture estim\u00e9e":"1 minute"},"schema":{"@context":"https:\/\/schema.org","@graph":[{"@type":"Article","@id":"https:\/\/www.garciafaura.com\/fr\/garcia-faura-deixara-la-seva-empremta-a-la-nova-seu-madrilenya-de-liese\/#article","isPartOf":{"@id":"https:\/\/www.garciafaura.com\/fr\/garcia-faura-deixara-la-seva-empremta-a-la-nova-seu-madrilenya-de-liese\/"},"author":{"name":"David Achell","@id":"https:\/\/www.garciafaura.com\/fr\/#\/schema\/person\/b4b75e69b33fac3446071909bec106b0"},"headline":"GARCIA FAURA laissera sa marque au nouveau si\u00e8ge de l&rsquo;IESE \u00e0 Madrid","datePublished":"2020-01-08T14:17:42+00:00","dateModified":"2020-01-08T14:45:33+00:00","mainEntityOfPage":{"@id":"https:\/\/www.garciafaura.com\/fr\/garcia-faura-deixara-la-seva-empremta-a-la-nova-seu-madrilenya-de-liese\/"},"wordCount":215,"publisher":{"@id":"https:\/\/www.garciafaura.com\/fr\/#organization"},"image":{"@id":"https:\/\/www.garciafaura.com\/fr\/garcia-faura-deixara-la-seva-empremta-a-la-nova-seu-madrilenya-de-liese\/#primaryimage"},"thumbnailUrl":"https:\/\/www.garciafaura.com\/wp-content\/uploads\/2020\/01\/IESEMadrid-02.jpg","articleSection":["Actualit\u00e9"],"inLanguage":"fr-FR"},{"@type":"WebPage","@id":"https:\/\/www.garciafaura.com\/fr\/garcia-faura-deixara-la-seva-empremta-a-la-nova-seu-madrilenya-de-liese\/","url":"https:\/\/www.garciafaura.com\/fr\/garcia-faura-deixara-la-seva-empremta-a-la-nova-seu-madrilenya-de-liese\/","name":"GARCIA FAURA laissera sa marque au nouveau si\u00e8ge de l'IESE \u00e0 Madrid - GARCIA FAURA","isPartOf":{"@id":"https:\/\/www.garciafaura.com\/fr\/#website"},"primaryImageOfPage":{"@id":"https:\/\/www.garciafaura.com\/fr\/garcia-faura-deixara-la-seva-empremta-a-la-nova-seu-madrilenya-de-liese\/#primaryimage"},"image":{"@id":"https:\/\/www.garciafaura.com\/fr\/garcia-faura-deixara-la-seva-empremta-a-la-nova-seu-madrilenya-de-liese\/#primaryimage"},"thumbnailUrl":"https:\/\/www.garciafaura.com\/wp-content\/uploads\/2020\/01\/IESEMadrid-02.jpg","datePublished":"2020-01-08T14:17:42+00:00","dateModified":"2020-01-08T14:45:33+00:00","description":"Arquitectura en Alumini, Inox, Ferro i Vidre","breadcrumb":{"@id":"https:\/\/www.garciafaura.com\/fr\/garcia-faura-deixara-la-seva-empremta-a-la-nova-seu-madrilenya-de-liese\/#breadcrumb"},"inLanguage":"fr-FR","potentialAction":[{"@type":"ReadAction","target":["https:\/\/www.garciafaura.com\/fr\/garcia-faura-deixara-la-seva-empremta-a-la-nova-seu-madrilenya-de-liese\/"]}]},{"@type":"ImageObject","inLanguage":"fr-FR","@id":"https:\/\/www.garciafaura.com\/fr\/garcia-faura-deixara-la-seva-empremta-a-la-nova-seu-madrilenya-de-liese\/#primaryimage","url":"https:\/\/www.garciafaura.com\/wp-content\/uploads\/2020\/01\/IESEMadrid-02.jpg","contentUrl":"https:\/\/www.garciafaura.com\/wp-content\/uploads\/2020\/01\/IESEMadrid-02.jpg","width":1200,"height":850,"caption":"Fa\u00e7ades, murs-rideaux et double peau pour le nouveau b\u00e2timent d'enseignement que l'IESE projette dans la capitale espagnole."},{"@type":"BreadcrumbList","@id":"https:\/\/www.garciafaura.com\/fr\/garcia-faura-deixara-la-seva-empremta-a-la-nova-seu-madrilenya-de-liese\/#breadcrumb","itemListElement":[{"@type":"ListItem","position":1,"name":"Inici","item":"https:\/\/www.garciafaura.com\/fr\/"},{"@type":"ListItem","position":2,"name":"GARCIA FAURA laissera sa marque au nouveau si\u00e8ge de l&rsquo;IESE \u00e0 Madrid"}]},{"@type":"WebSite","@id":"https:\/\/www.garciafaura.com\/fr\/#website","url":"https:\/\/www.garciafaura.com\/fr\/","name":"GARCIA FAURA","description":"Arquitectura en Alumini, Inox, Ferro i Vidre","publisher":{"@id":"https:\/\/www.garciafaura.com\/fr\/#organization"},"potentialAction":[{"@type":"SearchAction","target":{"@type":"EntryPoint","urlTemplate":"https:\/\/www.garciafaura.com\/fr\/?s={search_term_string}"},"query-input":{"@type":"PropertyValueSpecification","valueRequired":true,"valueName":"search_term_string"}}],"inLanguage":"fr-FR"},{"@type":"Organization","@id":"https:\/\/www.garciafaura.com\/fr\/#organization","name":"GARCIA FAURA","url":"https:\/\/www.garciafaura.com\/fr\/","logo":{"@type":"ImageObject","inLanguage":"fr-FR","@id":"https:\/\/www.garciafaura.com\/fr\/#\/schema\/logo\/image\/","url":"https:\/\/www.garciafaura.com\/wp-content\/uploads\/2018\/09\/Garcia-Faura.png","contentUrl":"https:\/\/www.garciafaura.com\/wp-content\/uploads\/2018\/09\/Garcia-Faura.png","width":512,"height":512,"caption":"GARCIA FAURA"},"image":{"@id":"https:\/\/www.garciafaura.com\/fr\/#\/schema\/logo\/image\/"},"sameAs":["https:\/\/www.youtube.com\/user\/GARCIAFAURA"]},{"@type":"Person","@id":"https:\/\/www.garciafaura.com\/fr\/#\/schema\/person\/b4b75e69b33fac3446071909bec106b0","name":"David Achell","image":{"@type":"ImageObject","inLanguage":"fr-FR","@id":"https:\/\/www.garciafaura.com\/fr\/#\/schema\/person\/image\/","url":"https:\/\/secure.gravatar.com\/avatar\/03900210afc1f61bce737bcb4a79c02e2c997f171e3eca839b5a4cbe03846c90?s=96&d=blank&r=g","contentUrl":"https:\/\/secure.gravatar.com\/avatar\/03900210afc1f61bce737bcb4a79c02e2c997f171e3eca839b5a4cbe03846c90?s=96&d=blank&r=g","caption":"David Achell"}}]}},"_links":{"self":[{"href":"https:\/\/www.garciafaura.com\/fr\/wp-json\/wp\/v2\/posts\/24720","targetHints":{"allow":["GET"]}}],"collection":[{"href":"https:\/\/www.garciafaura.com\/fr\/wp-json\/wp\/v2\/posts"}],"about":[{"href":"https:\/\/www.garciafaura.com\/fr\/wp-json\/wp\/v2\/types\/post"}],"author":[{"embeddable":true,"href":"https:\/\/www.garciafaura.com\/fr\/wp-json\/wp\/v2\/users\/3"}],"replies":[{"embeddable":true,"href":"https:\/\/www.garciafaura.com\/fr\/wp-json\/wp\/v2\/comments?post=24720"}],"version-history":[{"count":3,"href":"https:\/\/www.garciafaura.com\/fr\/wp-json\/wp\/v2\/posts\/24720\/revisions"}],"predecessor-version":[{"id":24726,"href":"https:\/\/www.garciafaura.com\/fr\/wp-json\/wp\/v2\/posts\/24720\/revisions\/24726"}],"wp:featuredmedia":[{"embeddable":true,"href":"https:\/\/www.garciafaura.com\/fr\/wp-json\/wp\/v2\/media\/24637"}],"wp:attachment":[{"href":"https:\/\/www.garciafaura.com\/fr\/wp-json\/wp\/v2\/media?parent=24720"}],"wp:term":[{"taxonomy":"category","embeddable":true,"href":"https:\/\/www.garciafaura.com\/fr\/wp-json\/wp\/v2\/categories?post=24720"},{"taxonomy":"post_tag","embeddable":true,"href":"https:\/\/www.garciafaura.com\/fr\/wp-json\/wp\/v2\/tags?post=24720"},{"taxonomy":"post_series","embeddable":true,"href":"https:\/\/www.garciafaura.com\/fr\/wp-json\/wp\/v2\/post_series?post=24720"}],"curies":[{"name":"wp","href":"https:\/\/api.w.org\/{rel}","templated":true}]}}