{"id":24544,"date":"2019-12-16T14:22:06","date_gmt":"2019-12-16T12:22:06","guid":{"rendered":"https:\/\/www.garciafaura.com\/garcia-faura-comercialitza-el-primer-sistema-dalumini-reciclat-certificat-del-mercat\/"},"modified":"2019-12-16T14:44:38","modified_gmt":"2019-12-16T12:44:38","slug":"garcia-faura-comercialitza-el-primer-sistema-dalumini-reciclat-certificat-del-mercat","status":"publish","type":"post","link":"https:\/\/www.garciafaura.com\/fr\/garcia-faura-comercialitza-el-primer-sistema-dalumini-reciclat-certificat-del-mercat\/","title":{"rendered":"GARCIA FAURA vend le premier syst\u00e8me en aluminium recycl\u00e9 certifi\u00e9 sur le march\u00e9"},"content":{"rendered":"<p style=\"text-align: justify;\">Dans le feu du r\u00e9cent sommet sur le climat \u00e0 Madrid et avec l&rsquo;intention d&rsquo;ajouter de nouvelles initiatives pour la durabilit\u00e9 dans notre secteur, <strong>GARCIA FAURA<\/strong> a convenu avec la multinationale <a href=\"https:\/\/www.hydro.com\/fr-FR\/produits-et-services\/aluminium-a-faible-teneur-en-carbone\/circal\/\" target=\"_blank\" rel=\"noopener\"><strong>Hydro<\/strong><\/a> de commercialiser une nouvelle gamme d&rsquo;<strong>aluminium recycl\u00e9<\/strong>. Il s&rsquo;agit du syst\u00e8me <strong>Hydro CIRCAL 75r<\/strong>, disponible dans les syst\u00e8mes de murs et fa\u00e7ades des marques <a href=\"https:\/\/www.technal.com\/fr\/fr\/accueil-professionnels\/\" target=\"_blank\" rel=\"noopener\"><strong>Technal<\/strong><\/a> et <a href=\"https:\/\/www.wicona.com\/fr\/fr\/\" target=\"_blank\" rel=\"noopener\"><strong>Wicona<\/strong><\/a>.<\/p>\n<p style=\"text-align: justify;\">Il s&rsquo;agit d&rsquo;un mat\u00e9riau compos\u00e9 d&rsquo;au moins 75% d&rsquo;<strong>aluminium recycl\u00e9<\/strong> issu de la post-consommation; c&rsquo;est-\u00e0-dire qu&rsquo;elle provient des fa\u00e7ades et fen\u00eatres d\u00e9mantel\u00e9es des b\u00e2timents en cours de d\u00e9molition.<\/p>\n<p style=\"text-align: justify;\">La refonte de ce mat\u00e9riau utilise seulement 5% de l&rsquo;\u00e9nergie requise pour l&rsquo;<strong>aluminium<\/strong> primaire et g\u00e9n\u00e8re l&#8217;empreinte carbone la plus faible du monde (CO2). C&rsquo;est-\u00e0-dire que pour chaque kilo d&rsquo;<strong>aluminium Hydro CIRCAL 75r<\/strong>, une empreinte de moins de 2,3 kg par CO2 est garantie. \u00c0 l&rsquo;heure actuelle, l&#8217;empreinte carbone en Europe est de 8,6 kg de CO2 par kg d&rsquo;<strong>aluminium<\/strong>.<\/p>\n<p style=\"text-align: justify;\">De cette fa\u00e7on, le processus d&rsquo;obtention de cet <strong>aluminium recycl\u00e9<\/strong> est dix fois plus pur que les syst\u00e8mes conventionnels, avec des \u00e9missions de CO2 bien inf\u00e9rieures \u00e0 celles habituelles, 40% de moins par rapport aux \u00e9missions g\u00e9n\u00e9r\u00e9es en production en <strong>aluminium<\/strong> conventionnel et de m\u00eame qualit\u00e9.<\/p>\n<p style=\"text-align: justify;\">L&rsquo;avenir de la construction et de notre plan\u00e8te passe par la r\u00e9utilisation des ressources et des mat\u00e9riaux, notamment ceux qui peuvent \u00eatre r\u00e9utilis\u00e9s de mani\u00e8re durable, comme dans le cas de l&rsquo;<strong>aluminium<\/strong>. Ainsi, <strong>GARCIA FAURA<\/strong> met tout en \u0153uvre pour rendre notre environnement plus habitable et plus respectueux de l&rsquo;environnement, gr\u00e2ce \u00e0 l&rsquo;engagement de marques comme <strong>Technal<\/strong> et <strong>Wicona<\/strong>, et aux services de d\u00e9veloppement et d&rsquo;innovation de la multinationale <strong>Hydro<\/strong>.<\/p>\n","protected":false},"excerpt":{"rendered":"<p>Dans le feu du r\u00e9cent sommet sur le climat \u00e0 Madrid et avec l&rsquo;intention d&rsquo;ajouter de nouvelles initiatives pour la durabilit\u00e9 dans notre secteur, GARCIA FAURA a convenu avec la multinationale Hydro de commercialiser une nouvelle gamme d&rsquo;aluminium recycl\u00e9. Il&hellip;<\/p>\n","protected":false},"author":3,"featured_media":24526,"comment_status":"closed","ping_status":"open","sticky":false,"template":"","format":"gallery","meta":{"footnotes":""},"categories":[2],"tags":[],"post_series":[],"class_list":["post-24544","post","type-post","status-publish","format-gallery","has-post-thumbnail","hentry","category-actualite","post_format-post-format-gallery","entry","has-media"],"yoast_head":"<!-- This site is optimized with the Yoast SEO plugin v26.7 - https:\/\/yoast.com\/wordpress\/plugins\/seo\/ -->\n<title>GARCIA FAURA vend le premier syst\u00e8me en aluminium recycl\u00e9 certifi\u00e9 sur le march\u00e9 - GARCIA FAURA<\/title>\n<meta name=\"description\" content=\"Arquitectura en Alumini, Inox, Ferro i Vidre\" \/>\n<meta name=\"robots\" content=\"index, follow, max-snippet:-1, max-image-preview:large, max-video-preview:-1\" \/>\n<link rel=\"canonical\" href=\"https:\/\/www.garciafaura.com\/fr\/garcia-faura-comercialitza-el-primer-sistema-dalumini-reciclat-certificat-del-mercat\/\" \/>\n<meta property=\"og:locale\" content=\"fr_FR\" \/>\n<meta property=\"og:type\" content=\"article\" \/>\n<meta property=\"og:title\" content=\"GARCIA FAURA vend le premier syst\u00e8me en aluminium recycl\u00e9 certifi\u00e9 sur le march\u00e9 - GARCIA FAURA\" \/>\n<meta property=\"og:description\" content=\"Arquitectura en Alumini, Inox, Ferro i Vidre\" \/>\n<meta property=\"og:url\" content=\"https:\/\/www.garciafaura.com\/fr\/garcia-faura-comercialitza-el-primer-sistema-dalumini-reciclat-certificat-del-mercat\/\" \/>\n<meta property=\"og:site_name\" content=\"GARCIA FAURA\" \/>\n<meta property=\"article:published_time\" content=\"2019-12-16T12:22:06+00:00\" \/>\n<meta property=\"article:modified_time\" content=\"2019-12-16T12:44:38+00:00\" \/>\n<meta property=\"og:image\" content=\"https:\/\/www.garciafaura.com\/wp-content\/uploads\/2019\/12\/Hydro-Circal-75r-02-1024x683.jpg\" \/>\n\t<meta property=\"og:image:width\" content=\"1024\" \/>\n\t<meta property=\"og:image:height\" content=\"683\" \/>\n\t<meta property=\"og:image:type\" content=\"image\/jpeg\" \/>\n<meta name=\"author\" content=\"David Achell\" \/>\n<meta name=\"twitter:card\" content=\"summary_large_image\" \/>\n<meta name=\"twitter:label1\" content=\"\u00c9crit par\" \/>\n\t<meta name=\"twitter:data1\" content=\"David Achell\" \/>\n\t<meta name=\"twitter:label2\" content=\"Dur\u00e9e de lecture estim\u00e9e\" \/>\n\t<meta name=\"twitter:data2\" content=\"1 minute\" \/>\n<script type=\"application\/ld+json\" class=\"yoast-schema-graph\">{\"@context\":\"https:\/\/schema.org\",\"@graph\":[{\"@type\":\"Article\",\"@id\":\"https:\/\/www.garciafaura.com\/fr\/garcia-faura-comercialitza-el-primer-sistema-dalumini-reciclat-certificat-del-mercat\/#article\",\"isPartOf\":{\"@id\":\"https:\/\/www.garciafaura.com\/fr\/garcia-faura-comercialitza-el-primer-sistema-dalumini-reciclat-certificat-del-mercat\/\"},\"author\":{\"name\":\"David Achell\",\"@id\":\"https:\/\/www.garciafaura.com\/fr\/#\/schema\/person\/b4b75e69b33fac3446071909bec106b0\"},\"headline\":\"GARCIA FAURA vend le premier syst\u00e8me en aluminium recycl\u00e9 certifi\u00e9 sur le march\u00e9\",\"datePublished\":\"2019-12-16T12:22:06+00:00\",\"dateModified\":\"2019-12-16T12:44:38+00:00\",\"mainEntityOfPage\":{\"@id\":\"https:\/\/www.garciafaura.com\/fr\/garcia-faura-comercialitza-el-primer-sistema-dalumini-reciclat-certificat-del-mercat\/\"},\"wordCount\":323,\"publisher\":{\"@id\":\"https:\/\/www.garciafaura.com\/fr\/#organization\"},\"image\":{\"@id\":\"https:\/\/www.garciafaura.com\/fr\/garcia-faura-comercialitza-el-primer-sistema-dalumini-reciclat-certificat-del-mercat\/#primaryimage\"},\"thumbnailUrl\":\"https:\/\/www.garciafaura.com\/wp-content\/uploads\/2019\/12\/Hydro-Circal-75r-02.jpg\",\"articleSection\":[\"Actualit\u00e9\"],\"inLanguage\":\"fr-FR\"},{\"@type\":\"WebPage\",\"@id\":\"https:\/\/www.garciafaura.com\/fr\/garcia-faura-comercialitza-el-primer-sistema-dalumini-reciclat-certificat-del-mercat\/\",\"url\":\"https:\/\/www.garciafaura.com\/fr\/garcia-faura-comercialitza-el-primer-sistema-dalumini-reciclat-certificat-del-mercat\/\",\"name\":\"GARCIA FAURA vend le premier syst\u00e8me en aluminium recycl\u00e9 certifi\u00e9 sur le march\u00e9 - GARCIA FAURA\",\"isPartOf\":{\"@id\":\"https:\/\/www.garciafaura.com\/fr\/#website\"},\"primaryImageOfPage\":{\"@id\":\"https:\/\/www.garciafaura.com\/fr\/garcia-faura-comercialitza-el-primer-sistema-dalumini-reciclat-certificat-del-mercat\/#primaryimage\"},\"image\":{\"@id\":\"https:\/\/www.garciafaura.com\/fr\/garcia-faura-comercialitza-el-primer-sistema-dalumini-reciclat-certificat-del-mercat\/#primaryimage\"},\"thumbnailUrl\":\"https:\/\/www.garciafaura.com\/wp-content\/uploads\/2019\/12\/Hydro-Circal-75r-02.jpg\",\"datePublished\":\"2019-12-16T12:22:06+00:00\",\"dateModified\":\"2019-12-16T12:44:38+00:00\",\"description\":\"Arquitectura en Alumini, Inox, Ferro i Vidre\",\"breadcrumb\":{\"@id\":\"https:\/\/www.garciafaura.com\/fr\/garcia-faura-comercialitza-el-primer-sistema-dalumini-reciclat-certificat-del-mercat\/#breadcrumb\"},\"inLanguage\":\"fr-FR\",\"potentialAction\":[{\"@type\":\"ReadAction\",\"target\":[\"https:\/\/www.garciafaura.com\/fr\/garcia-faura-comercialitza-el-primer-sistema-dalumini-reciclat-certificat-del-mercat\/\"]}]},{\"@type\":\"ImageObject\",\"inLanguage\":\"fr-FR\",\"@id\":\"https:\/\/www.garciafaura.com\/fr\/garcia-faura-comercialitza-el-primer-sistema-dalumini-reciclat-certificat-del-mercat\/#primaryimage\",\"url\":\"https:\/\/www.garciafaura.com\/wp-content\/uploads\/2019\/12\/Hydro-Circal-75r-02.jpg\",\"contentUrl\":\"https:\/\/www.garciafaura.com\/wp-content\/uploads\/2019\/12\/Hydro-Circal-75r-02.jpg\",\"width\":6789,\"height\":4531},{\"@type\":\"BreadcrumbList\",\"@id\":\"https:\/\/www.garciafaura.com\/fr\/garcia-faura-comercialitza-el-primer-sistema-dalumini-reciclat-certificat-del-mercat\/#breadcrumb\",\"itemListElement\":[{\"@type\":\"ListItem\",\"position\":1,\"name\":\"Inici\",\"item\":\"https:\/\/www.garciafaura.com\/fr\/\"},{\"@type\":\"ListItem\",\"position\":2,\"name\":\"GARCIA FAURA vend le premier syst\u00e8me en aluminium recycl\u00e9 certifi\u00e9 sur le march\u00e9\"}]},{\"@type\":\"WebSite\",\"@id\":\"https:\/\/www.garciafaura.com\/fr\/#website\",\"url\":\"https:\/\/www.garciafaura.com\/fr\/\",\"name\":\"GARCIA FAURA\",\"description\":\"Arquitectura en Alumini, Inox, Ferro i Vidre\",\"publisher\":{\"@id\":\"https:\/\/www.garciafaura.com\/fr\/#organization\"},\"potentialAction\":[{\"@type\":\"SearchAction\",\"target\":{\"@type\":\"EntryPoint\",\"urlTemplate\":\"https:\/\/www.garciafaura.com\/fr\/?s={search_term_string}\"},\"query-input\":{\"@type\":\"PropertyValueSpecification\",\"valueRequired\":true,\"valueName\":\"search_term_string\"}}],\"inLanguage\":\"fr-FR\"},{\"@type\":\"Organization\",\"@id\":\"https:\/\/www.garciafaura.com\/fr\/#organization\",\"name\":\"GARCIA FAURA\",\"url\":\"https:\/\/www.garciafaura.com\/fr\/\",\"logo\":{\"@type\":\"ImageObject\",\"inLanguage\":\"fr-FR\",\"@id\":\"https:\/\/www.garciafaura.com\/fr\/#\/schema\/logo\/image\/\",\"url\":\"https:\/\/www.garciafaura.com\/wp-content\/uploads\/2018\/09\/Garcia-Faura.png\",\"contentUrl\":\"https:\/\/www.garciafaura.com\/wp-content\/uploads\/2018\/09\/Garcia-Faura.png\",\"width\":512,\"height\":512,\"caption\":\"GARCIA FAURA\"},\"image\":{\"@id\":\"https:\/\/www.garciafaura.com\/fr\/#\/schema\/logo\/image\/\"},\"sameAs\":[\"https:\/\/www.youtube.com\/user\/GARCIAFAURA\"]},{\"@type\":\"Person\",\"@id\":\"https:\/\/www.garciafaura.com\/fr\/#\/schema\/person\/b4b75e69b33fac3446071909bec106b0\",\"name\":\"David Achell\",\"image\":{\"@type\":\"ImageObject\",\"inLanguage\":\"fr-FR\",\"@id\":\"https:\/\/www.garciafaura.com\/fr\/#\/schema\/person\/image\/\",\"url\":\"https:\/\/secure.gravatar.com\/avatar\/03900210afc1f61bce737bcb4a79c02e2c997f171e3eca839b5a4cbe03846c90?s=96&d=blank&r=g\",\"contentUrl\":\"https:\/\/secure.gravatar.com\/avatar\/03900210afc1f61bce737bcb4a79c02e2c997f171e3eca839b5a4cbe03846c90?s=96&d=blank&r=g\",\"caption\":\"David Achell\"}}]}<\/script>\n<!-- \/ Yoast SEO plugin. -->","yoast_head_json":{"title":"GARCIA FAURA vend le premier syst\u00e8me en aluminium recycl\u00e9 certifi\u00e9 sur le march\u00e9 - GARCIA FAURA","description":"Arquitectura en Alumini, Inox, Ferro i Vidre","robots":{"index":"index","follow":"follow","max-snippet":"max-snippet:-1","max-image-preview":"max-image-preview:large","max-video-preview":"max-video-preview:-1"},"canonical":"https:\/\/www.garciafaura.com\/fr\/garcia-faura-comercialitza-el-primer-sistema-dalumini-reciclat-certificat-del-mercat\/","og_locale":"fr_FR","og_type":"article","og_title":"GARCIA FAURA vend le premier syst\u00e8me en aluminium recycl\u00e9 certifi\u00e9 sur le march\u00e9 - GARCIA FAURA","og_description":"Arquitectura en Alumini, Inox, Ferro i Vidre","og_url":"https:\/\/www.garciafaura.com\/fr\/garcia-faura-comercialitza-el-primer-sistema-dalumini-reciclat-certificat-del-mercat\/","og_site_name":"GARCIA FAURA","article_published_time":"2019-12-16T12:22:06+00:00","article_modified_time":"2019-12-16T12:44:38+00:00","og_image":[{"width":1024,"height":683,"url":"https:\/\/www.garciafaura.com\/wp-content\/uploads\/2019\/12\/Hydro-Circal-75r-02-1024x683.jpg","type":"image\/jpeg"}],"author":"David Achell","twitter_card":"summary_large_image","twitter_misc":{"\u00c9crit par":"David Achell","Dur\u00e9e de lecture estim\u00e9e":"1 minute"},"schema":{"@context":"https:\/\/schema.org","@graph":[{"@type":"Article","@id":"https:\/\/www.garciafaura.com\/fr\/garcia-faura-comercialitza-el-primer-sistema-dalumini-reciclat-certificat-del-mercat\/#article","isPartOf":{"@id":"https:\/\/www.garciafaura.com\/fr\/garcia-faura-comercialitza-el-primer-sistema-dalumini-reciclat-certificat-del-mercat\/"},"author":{"name":"David Achell","@id":"https:\/\/www.garciafaura.com\/fr\/#\/schema\/person\/b4b75e69b33fac3446071909bec106b0"},"headline":"GARCIA FAURA vend le premier syst\u00e8me en aluminium recycl\u00e9 certifi\u00e9 sur le march\u00e9","datePublished":"2019-12-16T12:22:06+00:00","dateModified":"2019-12-16T12:44:38+00:00","mainEntityOfPage":{"@id":"https:\/\/www.garciafaura.com\/fr\/garcia-faura-comercialitza-el-primer-sistema-dalumini-reciclat-certificat-del-mercat\/"},"wordCount":323,"publisher":{"@id":"https:\/\/www.garciafaura.com\/fr\/#organization"},"image":{"@id":"https:\/\/www.garciafaura.com\/fr\/garcia-faura-comercialitza-el-primer-sistema-dalumini-reciclat-certificat-del-mercat\/#primaryimage"},"thumbnailUrl":"https:\/\/www.garciafaura.com\/wp-content\/uploads\/2019\/12\/Hydro-Circal-75r-02.jpg","articleSection":["Actualit\u00e9"],"inLanguage":"fr-FR"},{"@type":"WebPage","@id":"https:\/\/www.garciafaura.com\/fr\/garcia-faura-comercialitza-el-primer-sistema-dalumini-reciclat-certificat-del-mercat\/","url":"https:\/\/www.garciafaura.com\/fr\/garcia-faura-comercialitza-el-primer-sistema-dalumini-reciclat-certificat-del-mercat\/","name":"GARCIA FAURA vend le premier syst\u00e8me en aluminium recycl\u00e9 certifi\u00e9 sur le march\u00e9 - GARCIA FAURA","isPartOf":{"@id":"https:\/\/www.garciafaura.com\/fr\/#website"},"primaryImageOfPage":{"@id":"https:\/\/www.garciafaura.com\/fr\/garcia-faura-comercialitza-el-primer-sistema-dalumini-reciclat-certificat-del-mercat\/#primaryimage"},"image":{"@id":"https:\/\/www.garciafaura.com\/fr\/garcia-faura-comercialitza-el-primer-sistema-dalumini-reciclat-certificat-del-mercat\/#primaryimage"},"thumbnailUrl":"https:\/\/www.garciafaura.com\/wp-content\/uploads\/2019\/12\/Hydro-Circal-75r-02.jpg","datePublished":"2019-12-16T12:22:06+00:00","dateModified":"2019-12-16T12:44:38+00:00","description":"Arquitectura en Alumini, Inox, Ferro i Vidre","breadcrumb":{"@id":"https:\/\/www.garciafaura.com\/fr\/garcia-faura-comercialitza-el-primer-sistema-dalumini-reciclat-certificat-del-mercat\/#breadcrumb"},"inLanguage":"fr-FR","potentialAction":[{"@type":"ReadAction","target":["https:\/\/www.garciafaura.com\/fr\/garcia-faura-comercialitza-el-primer-sistema-dalumini-reciclat-certificat-del-mercat\/"]}]},{"@type":"ImageObject","inLanguage":"fr-FR","@id":"https:\/\/www.garciafaura.com\/fr\/garcia-faura-comercialitza-el-primer-sistema-dalumini-reciclat-certificat-del-mercat\/#primaryimage","url":"https:\/\/www.garciafaura.com\/wp-content\/uploads\/2019\/12\/Hydro-Circal-75r-02.jpg","contentUrl":"https:\/\/www.garciafaura.com\/wp-content\/uploads\/2019\/12\/Hydro-Circal-75r-02.jpg","width":6789,"height":4531},{"@type":"BreadcrumbList","@id":"https:\/\/www.garciafaura.com\/fr\/garcia-faura-comercialitza-el-primer-sistema-dalumini-reciclat-certificat-del-mercat\/#breadcrumb","itemListElement":[{"@type":"ListItem","position":1,"name":"Inici","item":"https:\/\/www.garciafaura.com\/fr\/"},{"@type":"ListItem","position":2,"name":"GARCIA FAURA vend le premier syst\u00e8me en aluminium recycl\u00e9 certifi\u00e9 sur le march\u00e9"}]},{"@type":"WebSite","@id":"https:\/\/www.garciafaura.com\/fr\/#website","url":"https:\/\/www.garciafaura.com\/fr\/","name":"GARCIA FAURA","description":"Arquitectura en Alumini, Inox, Ferro i Vidre","publisher":{"@id":"https:\/\/www.garciafaura.com\/fr\/#organization"},"potentialAction":[{"@type":"SearchAction","target":{"@type":"EntryPoint","urlTemplate":"https:\/\/www.garciafaura.com\/fr\/?s={search_term_string}"},"query-input":{"@type":"PropertyValueSpecification","valueRequired":true,"valueName":"search_term_string"}}],"inLanguage":"fr-FR"},{"@type":"Organization","@id":"https:\/\/www.garciafaura.com\/fr\/#organization","name":"GARCIA FAURA","url":"https:\/\/www.garciafaura.com\/fr\/","logo":{"@type":"ImageObject","inLanguage":"fr-FR","@id":"https:\/\/www.garciafaura.com\/fr\/#\/schema\/logo\/image\/","url":"https:\/\/www.garciafaura.com\/wp-content\/uploads\/2018\/09\/Garcia-Faura.png","contentUrl":"https:\/\/www.garciafaura.com\/wp-content\/uploads\/2018\/09\/Garcia-Faura.png","width":512,"height":512,"caption":"GARCIA FAURA"},"image":{"@id":"https:\/\/www.garciafaura.com\/fr\/#\/schema\/logo\/image\/"},"sameAs":["https:\/\/www.youtube.com\/user\/GARCIAFAURA"]},{"@type":"Person","@id":"https:\/\/www.garciafaura.com\/fr\/#\/schema\/person\/b4b75e69b33fac3446071909bec106b0","name":"David Achell","image":{"@type":"ImageObject","inLanguage":"fr-FR","@id":"https:\/\/www.garciafaura.com\/fr\/#\/schema\/person\/image\/","url":"https:\/\/secure.gravatar.com\/avatar\/03900210afc1f61bce737bcb4a79c02e2c997f171e3eca839b5a4cbe03846c90?s=96&d=blank&r=g","contentUrl":"https:\/\/secure.gravatar.com\/avatar\/03900210afc1f61bce737bcb4a79c02e2c997f171e3eca839b5a4cbe03846c90?s=96&d=blank&r=g","caption":"David Achell"}}]}},"_links":{"self":[{"href":"https:\/\/www.garciafaura.com\/fr\/wp-json\/wp\/v2\/posts\/24544","targetHints":{"allow":["GET"]}}],"collection":[{"href":"https:\/\/www.garciafaura.com\/fr\/wp-json\/wp\/v2\/posts"}],"about":[{"href":"https:\/\/www.garciafaura.com\/fr\/wp-json\/wp\/v2\/types\/post"}],"author":[{"embeddable":true,"href":"https:\/\/www.garciafaura.com\/fr\/wp-json\/wp\/v2\/users\/3"}],"replies":[{"embeddable":true,"href":"https:\/\/www.garciafaura.com\/fr\/wp-json\/wp\/v2\/comments?post=24544"}],"version-history":[{"count":2,"href":"https:\/\/www.garciafaura.com\/fr\/wp-json\/wp\/v2\/posts\/24544\/revisions"}],"predecessor-version":[{"id":24546,"href":"https:\/\/www.garciafaura.com\/fr\/wp-json\/wp\/v2\/posts\/24544\/revisions\/24546"}],"wp:featuredmedia":[{"embeddable":true,"href":"https:\/\/www.garciafaura.com\/fr\/wp-json\/wp\/v2\/media\/24526"}],"wp:attachment":[{"href":"https:\/\/www.garciafaura.com\/fr\/wp-json\/wp\/v2\/media?parent=24544"}],"wp:term":[{"taxonomy":"category","embeddable":true,"href":"https:\/\/www.garciafaura.com\/fr\/wp-json\/wp\/v2\/categories?post=24544"},{"taxonomy":"post_tag","embeddable":true,"href":"https:\/\/www.garciafaura.com\/fr\/wp-json\/wp\/v2\/tags?post=24544"},{"taxonomy":"post_series","embeddable":true,"href":"https:\/\/www.garciafaura.com\/fr\/wp-json\/wp\/v2\/post_series?post=24544"}],"curies":[{"name":"wp","href":"https:\/\/api.w.org\/{rel}","templated":true}]}}