{"id":24513,"date":"2019-11-26T22:14:48","date_gmt":"2019-11-26T20:14:48","guid":{"rendered":"https:\/\/www.garciafaura.com\/centre-sportif-turo-de-la-peira-prix-mapei-2019-pour-larchitecture-de-developpement-durable\/"},"modified":"2019-11-26T22:17:25","modified_gmt":"2019-11-26T20:17:25","slug":"centre-sportif-turo-de-la-peira-prix-mapei-2019-pour-larchitecture-de-developpement-durable","status":"publish","type":"post","link":"https:\/\/www.garciafaura.com\/fr\/centre-sportif-turo-de-la-peira-prix-mapei-2019-pour-larchitecture-de-developpement-durable\/","title":{"rendered":"Centre sportif Tur\u00f3 de la Peira, prix Mapei 2019 pour l&rsquo;architecture de d\u00e9veloppement durable"},"content":{"rendered":"<p><a href=\"https:\/\/www.garciafaura.com\/fr\/portfolio-item\/centre-sportif-turo-de-la-peira\/\" target=\"_blank\" rel=\"noopener\">Le projet<\/a>, avec la participation de <strong>GARCIA FAURA<\/strong>, a remport\u00e9 le premier prix de ces prix qui reconnaissent la contribution de projets constructifs au mod\u00e8le d&rsquo;architecture durable. Selon le jury, le b\u00e2timent \u00ab\u00a0<em>simplifie la complexit\u00e9 de la durabilit\u00e9 gr\u00e2ce \u00e0 un projet dans lequel chaque \u00e9l\u00e9ment contribue \u00e0 r\u00e9soudre chacune des difficult\u00e9s li\u00e9es aux strat\u00e9gies de base telles que l&rsquo;\u00e9clairage naturel, qui g\u00e9n\u00e8re des espaces de haute qualit\u00e9<\/em>\u00ab\u00a0.<\/p>\n<p>Justement, le travail de <strong>GARCIA FAURA<\/strong> dans ce projet a consist\u00e9 \u00e0 d\u00e9velopper, \u00e0 fabriquer et \u00e0 installer les \u00e9l\u00e9ments de fa\u00e7ade, indispensables pour doter le b\u00e2timent de cet \u00e9clairage naturel montr\u00e9 par le jury.<\/p>\n<p>Le projet est l&rsquo;\u0153uvre des architectes Ana Noguera et Javier Fern\u00e1ndez. Il se distingue par sa contribution \u00e0 l&rsquo;am\u00e9lioration de l&rsquo;espace o\u00f9 il se trouve, transformant en une opportunit\u00e9 pour le projet les aspects n\u00e9gatifs de la r\u00e9alit\u00e9 existante et en transformant le b\u00e2timent en un objet de paysage unique.<\/p>\n<p dir=\"ltr\">Les \u00e9quipements sportifs, situ\u00e9s dans le quartier Tur\u00f3 de la Peira \u00e0 Barcelone, ont \u00e9t\u00e9 con\u00e7us selon des crit\u00e8res de durabilit\u00e9 complets. La structure du b\u00e2timent est en bois pour favoriser sa l\u00e9g\u00e8ret\u00e9 et l&rsquo;ad\u00e9quation de l&rsquo;environnement de la piscine couverte. De son ext\u00e9rieur, on distingue le jardin vertical, qui sert de protection solaire et d\u2019\u00e9l\u00e9ment de promotion de la biodiversit\u00e9.<\/p>\n","protected":false},"excerpt":{"rendered":"<p>Le projet, avec la participation de GARCIA FAURA, a remport\u00e9 le premier prix de ces prix qui reconnaissent la contribution de projets constructifs au mod\u00e8le d&rsquo;architecture durable. Selon le jury, le b\u00e2timent \u00ab\u00a0simplifie la complexit\u00e9 de la durabilit\u00e9 gr\u00e2ce \u00e0&hellip;<\/p>\n","protected":false},"author":3,"featured_media":22819,"comment_status":"closed","ping_status":"open","sticky":false,"template":"","format":"standard","meta":{"footnotes":""},"categories":[2],"tags":[],"post_series":[],"class_list":["post-24513","post","type-post","status-publish","format-standard","has-post-thumbnail","hentry","category-actualite","entry","has-media"],"yoast_head":"<!-- This site is optimized with the Yoast SEO plugin v26.7 - https:\/\/yoast.com\/wordpress\/plugins\/seo\/ -->\n<title>Centre sportif Tur\u00f3 de la Peira, prix Mapei 2019 pour l&#039;architecture de d\u00e9veloppement durable - GARCIA FAURA<\/title>\n<meta name=\"description\" content=\"Arquitectura en Alumini, Inox, Ferro i Vidre\" \/>\n<meta name=\"robots\" content=\"index, follow, max-snippet:-1, max-image-preview:large, max-video-preview:-1\" \/>\n<link rel=\"canonical\" href=\"https:\/\/www.garciafaura.com\/fr\/centre-sportif-turo-de-la-peira-prix-mapei-2019-pour-larchitecture-de-developpement-durable\/\" \/>\n<meta property=\"og:locale\" content=\"fr_FR\" \/>\n<meta property=\"og:type\" content=\"article\" \/>\n<meta property=\"og:title\" content=\"Centre sportif Tur\u00f3 de la Peira, prix Mapei 2019 pour l&#039;architecture de d\u00e9veloppement durable - GARCIA FAURA\" \/>\n<meta property=\"og:description\" content=\"Arquitectura en Alumini, Inox, Ferro i Vidre\" \/>\n<meta property=\"og:url\" content=\"https:\/\/www.garciafaura.com\/fr\/centre-sportif-turo-de-la-peira-prix-mapei-2019-pour-larchitecture-de-developpement-durable\/\" \/>\n<meta property=\"og:site_name\" content=\"GARCIA FAURA\" \/>\n<meta property=\"article:published_time\" content=\"2019-11-26T20:14:48+00:00\" \/>\n<meta property=\"article:modified_time\" content=\"2019-11-26T20:17:25+00:00\" \/>\n<meta property=\"og:image\" content=\"https:\/\/www.garciafaura.com\/wp-content\/uploads\/2019\/09\/Poliesportiu-Turo-Peira-01.jpg\" \/>\n\t<meta property=\"og:image:width\" content=\"1200\" \/>\n\t<meta property=\"og:image:height\" content=\"628\" \/>\n\t<meta property=\"og:image:type\" content=\"image\/jpeg\" \/>\n<meta name=\"author\" content=\"David Achell\" \/>\n<meta name=\"twitter:card\" content=\"summary_large_image\" \/>\n<meta name=\"twitter:label1\" content=\"\u00c9crit par\" \/>\n\t<meta name=\"twitter:data1\" content=\"David Achell\" \/>\n\t<meta name=\"twitter:label2\" content=\"Dur\u00e9e de lecture estim\u00e9e\" \/>\n\t<meta name=\"twitter:data2\" content=\"1 minute\" \/>\n<script type=\"application\/ld+json\" class=\"yoast-schema-graph\">{\"@context\":\"https:\/\/schema.org\",\"@graph\":[{\"@type\":\"Article\",\"@id\":\"https:\/\/www.garciafaura.com\/fr\/centre-sportif-turo-de-la-peira-prix-mapei-2019-pour-larchitecture-de-developpement-durable\/#article\",\"isPartOf\":{\"@id\":\"https:\/\/www.garciafaura.com\/fr\/centre-sportif-turo-de-la-peira-prix-mapei-2019-pour-larchitecture-de-developpement-durable\/\"},\"author\":{\"name\":\"David Achell\",\"@id\":\"https:\/\/www.garciafaura.com\/fr\/#\/schema\/person\/b4b75e69b33fac3446071909bec106b0\"},\"headline\":\"Centre sportif Tur\u00f3 de la Peira, prix Mapei 2019 pour l&rsquo;architecture de d\u00e9veloppement durable\",\"datePublished\":\"2019-11-26T20:14:48+00:00\",\"dateModified\":\"2019-11-26T20:17:25+00:00\",\"mainEntityOfPage\":{\"@id\":\"https:\/\/www.garciafaura.com\/fr\/centre-sportif-turo-de-la-peira-prix-mapei-2019-pour-larchitecture-de-developpement-durable\/\"},\"wordCount\":258,\"publisher\":{\"@id\":\"https:\/\/www.garciafaura.com\/fr\/#organization\"},\"image\":{\"@id\":\"https:\/\/www.garciafaura.com\/fr\/centre-sportif-turo-de-la-peira-prix-mapei-2019-pour-larchitecture-de-developpement-durable\/#primaryimage\"},\"thumbnailUrl\":\"https:\/\/www.garciafaura.com\/wp-content\/uploads\/2019\/09\/Poliesportiu-Turo-Peira-01.jpg\",\"articleSection\":[\"Actualit\u00e9\"],\"inLanguage\":\"fr-FR\"},{\"@type\":\"WebPage\",\"@id\":\"https:\/\/www.garciafaura.com\/fr\/centre-sportif-turo-de-la-peira-prix-mapei-2019-pour-larchitecture-de-developpement-durable\/\",\"url\":\"https:\/\/www.garciafaura.com\/fr\/centre-sportif-turo-de-la-peira-prix-mapei-2019-pour-larchitecture-de-developpement-durable\/\",\"name\":\"Centre sportif Tur\u00f3 de la Peira, prix Mapei 2019 pour l'architecture de d\u00e9veloppement durable - GARCIA FAURA\",\"isPartOf\":{\"@id\":\"https:\/\/www.garciafaura.com\/fr\/#website\"},\"primaryImageOfPage\":{\"@id\":\"https:\/\/www.garciafaura.com\/fr\/centre-sportif-turo-de-la-peira-prix-mapei-2019-pour-larchitecture-de-developpement-durable\/#primaryimage\"},\"image\":{\"@id\":\"https:\/\/www.garciafaura.com\/fr\/centre-sportif-turo-de-la-peira-prix-mapei-2019-pour-larchitecture-de-developpement-durable\/#primaryimage\"},\"thumbnailUrl\":\"https:\/\/www.garciafaura.com\/wp-content\/uploads\/2019\/09\/Poliesportiu-Turo-Peira-01.jpg\",\"datePublished\":\"2019-11-26T20:14:48+00:00\",\"dateModified\":\"2019-11-26T20:17:25+00:00\",\"description\":\"Arquitectura en Alumini, Inox, Ferro i Vidre\",\"breadcrumb\":{\"@id\":\"https:\/\/www.garciafaura.com\/fr\/centre-sportif-turo-de-la-peira-prix-mapei-2019-pour-larchitecture-de-developpement-durable\/#breadcrumb\"},\"inLanguage\":\"fr-FR\",\"potentialAction\":[{\"@type\":\"ReadAction\",\"target\":[\"https:\/\/www.garciafaura.com\/fr\/centre-sportif-turo-de-la-peira-prix-mapei-2019-pour-larchitecture-de-developpement-durable\/\"]}]},{\"@type\":\"ImageObject\",\"inLanguage\":\"fr-FR\",\"@id\":\"https:\/\/www.garciafaura.com\/fr\/centre-sportif-turo-de-la-peira-prix-mapei-2019-pour-larchitecture-de-developpement-durable\/#primaryimage\",\"url\":\"https:\/\/www.garciafaura.com\/wp-content\/uploads\/2019\/09\/Poliesportiu-Turo-Peira-01.jpg\",\"contentUrl\":\"https:\/\/www.garciafaura.com\/wp-content\/uploads\/2019\/09\/Poliesportiu-Turo-Peira-01.jpg\",\"width\":1200,\"height\":628,\"caption\":\"D\u00e9veloppement de fa\u00e7ades et de fermetures m\u00e9talliques pour ce nouvel \u00e9quipement sportif de Barcelone, qui int\u00e8gre de nombreux \u00e9l\u00e9ments qui favorisent leur efficacit\u00e9 \u00e9nerg\u00e9tique\"},{\"@type\":\"BreadcrumbList\",\"@id\":\"https:\/\/www.garciafaura.com\/fr\/centre-sportif-turo-de-la-peira-prix-mapei-2019-pour-larchitecture-de-developpement-durable\/#breadcrumb\",\"itemListElement\":[{\"@type\":\"ListItem\",\"position\":1,\"name\":\"Inici\",\"item\":\"https:\/\/www.garciafaura.com\/fr\/\"},{\"@type\":\"ListItem\",\"position\":2,\"name\":\"Centre sportif Tur\u00f3 de la Peira, prix Mapei 2019 pour l&rsquo;architecture de d\u00e9veloppement durable\"}]},{\"@type\":\"WebSite\",\"@id\":\"https:\/\/www.garciafaura.com\/fr\/#website\",\"url\":\"https:\/\/www.garciafaura.com\/fr\/\",\"name\":\"GARCIA FAURA\",\"description\":\"Arquitectura en Alumini, Inox, Ferro i Vidre\",\"publisher\":{\"@id\":\"https:\/\/www.garciafaura.com\/fr\/#organization\"},\"potentialAction\":[{\"@type\":\"SearchAction\",\"target\":{\"@type\":\"EntryPoint\",\"urlTemplate\":\"https:\/\/www.garciafaura.com\/fr\/?s={search_term_string}\"},\"query-input\":{\"@type\":\"PropertyValueSpecification\",\"valueRequired\":true,\"valueName\":\"search_term_string\"}}],\"inLanguage\":\"fr-FR\"},{\"@type\":\"Organization\",\"@id\":\"https:\/\/www.garciafaura.com\/fr\/#organization\",\"name\":\"GARCIA FAURA\",\"url\":\"https:\/\/www.garciafaura.com\/fr\/\",\"logo\":{\"@type\":\"ImageObject\",\"inLanguage\":\"fr-FR\",\"@id\":\"https:\/\/www.garciafaura.com\/fr\/#\/schema\/logo\/image\/\",\"url\":\"https:\/\/www.garciafaura.com\/wp-content\/uploads\/2018\/09\/Garcia-Faura.png\",\"contentUrl\":\"https:\/\/www.garciafaura.com\/wp-content\/uploads\/2018\/09\/Garcia-Faura.png\",\"width\":512,\"height\":512,\"caption\":\"GARCIA FAURA\"},\"image\":{\"@id\":\"https:\/\/www.garciafaura.com\/fr\/#\/schema\/logo\/image\/\"},\"sameAs\":[\"https:\/\/www.youtube.com\/user\/GARCIAFAURA\"]},{\"@type\":\"Person\",\"@id\":\"https:\/\/www.garciafaura.com\/fr\/#\/schema\/person\/b4b75e69b33fac3446071909bec106b0\",\"name\":\"David Achell\",\"image\":{\"@type\":\"ImageObject\",\"inLanguage\":\"fr-FR\",\"@id\":\"https:\/\/www.garciafaura.com\/fr\/#\/schema\/person\/image\/\",\"url\":\"https:\/\/secure.gravatar.com\/avatar\/03900210afc1f61bce737bcb4a79c02e2c997f171e3eca839b5a4cbe03846c90?s=96&d=blank&r=g\",\"contentUrl\":\"https:\/\/secure.gravatar.com\/avatar\/03900210afc1f61bce737bcb4a79c02e2c997f171e3eca839b5a4cbe03846c90?s=96&d=blank&r=g\",\"caption\":\"David Achell\"}}]}<\/script>\n<!-- \/ Yoast SEO plugin. -->","yoast_head_json":{"title":"Centre sportif Tur\u00f3 de la Peira, prix Mapei 2019 pour l'architecture de d\u00e9veloppement durable - GARCIA FAURA","description":"Arquitectura en Alumini, Inox, Ferro i Vidre","robots":{"index":"index","follow":"follow","max-snippet":"max-snippet:-1","max-image-preview":"max-image-preview:large","max-video-preview":"max-video-preview:-1"},"canonical":"https:\/\/www.garciafaura.com\/fr\/centre-sportif-turo-de-la-peira-prix-mapei-2019-pour-larchitecture-de-developpement-durable\/","og_locale":"fr_FR","og_type":"article","og_title":"Centre sportif Tur\u00f3 de la Peira, prix Mapei 2019 pour l'architecture de d\u00e9veloppement durable - GARCIA FAURA","og_description":"Arquitectura en Alumini, Inox, Ferro i Vidre","og_url":"https:\/\/www.garciafaura.com\/fr\/centre-sportif-turo-de-la-peira-prix-mapei-2019-pour-larchitecture-de-developpement-durable\/","og_site_name":"GARCIA FAURA","article_published_time":"2019-11-26T20:14:48+00:00","article_modified_time":"2019-11-26T20:17:25+00:00","og_image":[{"width":1200,"height":628,"url":"https:\/\/www.garciafaura.com\/wp-content\/uploads\/2019\/09\/Poliesportiu-Turo-Peira-01.jpg","type":"image\/jpeg"}],"author":"David Achell","twitter_card":"summary_large_image","twitter_misc":{"\u00c9crit par":"David Achell","Dur\u00e9e de lecture estim\u00e9e":"1 minute"},"schema":{"@context":"https:\/\/schema.org","@graph":[{"@type":"Article","@id":"https:\/\/www.garciafaura.com\/fr\/centre-sportif-turo-de-la-peira-prix-mapei-2019-pour-larchitecture-de-developpement-durable\/#article","isPartOf":{"@id":"https:\/\/www.garciafaura.com\/fr\/centre-sportif-turo-de-la-peira-prix-mapei-2019-pour-larchitecture-de-developpement-durable\/"},"author":{"name":"David Achell","@id":"https:\/\/www.garciafaura.com\/fr\/#\/schema\/person\/b4b75e69b33fac3446071909bec106b0"},"headline":"Centre sportif Tur\u00f3 de la Peira, prix Mapei 2019 pour l&rsquo;architecture de d\u00e9veloppement durable","datePublished":"2019-11-26T20:14:48+00:00","dateModified":"2019-11-26T20:17:25+00:00","mainEntityOfPage":{"@id":"https:\/\/www.garciafaura.com\/fr\/centre-sportif-turo-de-la-peira-prix-mapei-2019-pour-larchitecture-de-developpement-durable\/"},"wordCount":258,"publisher":{"@id":"https:\/\/www.garciafaura.com\/fr\/#organization"},"image":{"@id":"https:\/\/www.garciafaura.com\/fr\/centre-sportif-turo-de-la-peira-prix-mapei-2019-pour-larchitecture-de-developpement-durable\/#primaryimage"},"thumbnailUrl":"https:\/\/www.garciafaura.com\/wp-content\/uploads\/2019\/09\/Poliesportiu-Turo-Peira-01.jpg","articleSection":["Actualit\u00e9"],"inLanguage":"fr-FR"},{"@type":"WebPage","@id":"https:\/\/www.garciafaura.com\/fr\/centre-sportif-turo-de-la-peira-prix-mapei-2019-pour-larchitecture-de-developpement-durable\/","url":"https:\/\/www.garciafaura.com\/fr\/centre-sportif-turo-de-la-peira-prix-mapei-2019-pour-larchitecture-de-developpement-durable\/","name":"Centre sportif Tur\u00f3 de la Peira, prix Mapei 2019 pour l'architecture de d\u00e9veloppement durable - GARCIA FAURA","isPartOf":{"@id":"https:\/\/www.garciafaura.com\/fr\/#website"},"primaryImageOfPage":{"@id":"https:\/\/www.garciafaura.com\/fr\/centre-sportif-turo-de-la-peira-prix-mapei-2019-pour-larchitecture-de-developpement-durable\/#primaryimage"},"image":{"@id":"https:\/\/www.garciafaura.com\/fr\/centre-sportif-turo-de-la-peira-prix-mapei-2019-pour-larchitecture-de-developpement-durable\/#primaryimage"},"thumbnailUrl":"https:\/\/www.garciafaura.com\/wp-content\/uploads\/2019\/09\/Poliesportiu-Turo-Peira-01.jpg","datePublished":"2019-11-26T20:14:48+00:00","dateModified":"2019-11-26T20:17:25+00:00","description":"Arquitectura en Alumini, Inox, Ferro i Vidre","breadcrumb":{"@id":"https:\/\/www.garciafaura.com\/fr\/centre-sportif-turo-de-la-peira-prix-mapei-2019-pour-larchitecture-de-developpement-durable\/#breadcrumb"},"inLanguage":"fr-FR","potentialAction":[{"@type":"ReadAction","target":["https:\/\/www.garciafaura.com\/fr\/centre-sportif-turo-de-la-peira-prix-mapei-2019-pour-larchitecture-de-developpement-durable\/"]}]},{"@type":"ImageObject","inLanguage":"fr-FR","@id":"https:\/\/www.garciafaura.com\/fr\/centre-sportif-turo-de-la-peira-prix-mapei-2019-pour-larchitecture-de-developpement-durable\/#primaryimage","url":"https:\/\/www.garciafaura.com\/wp-content\/uploads\/2019\/09\/Poliesportiu-Turo-Peira-01.jpg","contentUrl":"https:\/\/www.garciafaura.com\/wp-content\/uploads\/2019\/09\/Poliesportiu-Turo-Peira-01.jpg","width":1200,"height":628,"caption":"D\u00e9veloppement de fa\u00e7ades et de fermetures m\u00e9talliques pour ce nouvel \u00e9quipement sportif de Barcelone, qui int\u00e8gre de nombreux \u00e9l\u00e9ments qui favorisent leur efficacit\u00e9 \u00e9nerg\u00e9tique"},{"@type":"BreadcrumbList","@id":"https:\/\/www.garciafaura.com\/fr\/centre-sportif-turo-de-la-peira-prix-mapei-2019-pour-larchitecture-de-developpement-durable\/#breadcrumb","itemListElement":[{"@type":"ListItem","position":1,"name":"Inici","item":"https:\/\/www.garciafaura.com\/fr\/"},{"@type":"ListItem","position":2,"name":"Centre sportif Tur\u00f3 de la Peira, prix Mapei 2019 pour l&rsquo;architecture de d\u00e9veloppement durable"}]},{"@type":"WebSite","@id":"https:\/\/www.garciafaura.com\/fr\/#website","url":"https:\/\/www.garciafaura.com\/fr\/","name":"GARCIA FAURA","description":"Arquitectura en Alumini, Inox, Ferro i Vidre","publisher":{"@id":"https:\/\/www.garciafaura.com\/fr\/#organization"},"potentialAction":[{"@type":"SearchAction","target":{"@type":"EntryPoint","urlTemplate":"https:\/\/www.garciafaura.com\/fr\/?s={search_term_string}"},"query-input":{"@type":"PropertyValueSpecification","valueRequired":true,"valueName":"search_term_string"}}],"inLanguage":"fr-FR"},{"@type":"Organization","@id":"https:\/\/www.garciafaura.com\/fr\/#organization","name":"GARCIA FAURA","url":"https:\/\/www.garciafaura.com\/fr\/","logo":{"@type":"ImageObject","inLanguage":"fr-FR","@id":"https:\/\/www.garciafaura.com\/fr\/#\/schema\/logo\/image\/","url":"https:\/\/www.garciafaura.com\/wp-content\/uploads\/2018\/09\/Garcia-Faura.png","contentUrl":"https:\/\/www.garciafaura.com\/wp-content\/uploads\/2018\/09\/Garcia-Faura.png","width":512,"height":512,"caption":"GARCIA FAURA"},"image":{"@id":"https:\/\/www.garciafaura.com\/fr\/#\/schema\/logo\/image\/"},"sameAs":["https:\/\/www.youtube.com\/user\/GARCIAFAURA"]},{"@type":"Person","@id":"https:\/\/www.garciafaura.com\/fr\/#\/schema\/person\/b4b75e69b33fac3446071909bec106b0","name":"David Achell","image":{"@type":"ImageObject","inLanguage":"fr-FR","@id":"https:\/\/www.garciafaura.com\/fr\/#\/schema\/person\/image\/","url":"https:\/\/secure.gravatar.com\/avatar\/03900210afc1f61bce737bcb4a79c02e2c997f171e3eca839b5a4cbe03846c90?s=96&d=blank&r=g","contentUrl":"https:\/\/secure.gravatar.com\/avatar\/03900210afc1f61bce737bcb4a79c02e2c997f171e3eca839b5a4cbe03846c90?s=96&d=blank&r=g","caption":"David Achell"}}]}},"_links":{"self":[{"href":"https:\/\/www.garciafaura.com\/fr\/wp-json\/wp\/v2\/posts\/24513","targetHints":{"allow":["GET"]}}],"collection":[{"href":"https:\/\/www.garciafaura.com\/fr\/wp-json\/wp\/v2\/posts"}],"about":[{"href":"https:\/\/www.garciafaura.com\/fr\/wp-json\/wp\/v2\/types\/post"}],"author":[{"embeddable":true,"href":"https:\/\/www.garciafaura.com\/fr\/wp-json\/wp\/v2\/users\/3"}],"replies":[{"embeddable":true,"href":"https:\/\/www.garciafaura.com\/fr\/wp-json\/wp\/v2\/comments?post=24513"}],"version-history":[{"count":1,"href":"https:\/\/www.garciafaura.com\/fr\/wp-json\/wp\/v2\/posts\/24513\/revisions"}],"predecessor-version":[{"id":24517,"href":"https:\/\/www.garciafaura.com\/fr\/wp-json\/wp\/v2\/posts\/24513\/revisions\/24517"}],"wp:featuredmedia":[{"embeddable":true,"href":"https:\/\/www.garciafaura.com\/fr\/wp-json\/wp\/v2\/media\/22819"}],"wp:attachment":[{"href":"https:\/\/www.garciafaura.com\/fr\/wp-json\/wp\/v2\/media?parent=24513"}],"wp:term":[{"taxonomy":"category","embeddable":true,"href":"https:\/\/www.garciafaura.com\/fr\/wp-json\/wp\/v2\/categories?post=24513"},{"taxonomy":"post_tag","embeddable":true,"href":"https:\/\/www.garciafaura.com\/fr\/wp-json\/wp\/v2\/tags?post=24513"},{"taxonomy":"post_series","embeddable":true,"href":"https:\/\/www.garciafaura.com\/fr\/wp-json\/wp\/v2\/post_series?post=24513"}],"curies":[{"name":"wp","href":"https:\/\/api.w.org\/{rel}","templated":true}]}}