{"id":24497,"date":"2019-11-13T13:07:08","date_gmt":"2019-11-13T11:07:08","guid":{"rendered":"https:\/\/www.garciafaura.com\/garcia-faura-reforca-la-seva-presencia-a-la-ciutat-de-luxemburg\/"},"modified":"2019-11-13T13:20:56","modified_gmt":"2019-11-13T11:20:56","slug":"garcia-faura-reforca-la-seva-presencia-a-la-ciutat-de-luxemburg","status":"publish","type":"post","link":"https:\/\/www.garciafaura.com\/fr\/garcia-faura-reforca-la-seva-presencia-a-la-ciutat-de-luxemburg\/","title":{"rendered":"GARCIA FAURA renforce sa pr\u00e9sence \u00e0 la ville de Luxembourg"},"content":{"rendered":"<p style=\"text-align: justify;\"><strong>GARCIA FAURA<\/strong> renforce sa pr\u00e9sence \u00e0 Luxembourg. Apr\u00e8s avoir particip\u00e9 \u00e0 la <strong><a href=\"https:\/\/www.garciafaura.com\/fr\/garcia-faura-etend-sa-projection-internationale\/\" target=\"_blank\" rel=\"noopener\">construction d\u2019un immeuble de bureaux et d\u2019un h\u00f4tel dans le prestigieux quartier du Kirchberg<\/a><\/strong>, la soci\u00e9t\u00e9 laissera maintenant sa marque dans le nouveau si\u00e8ge de la banque italienne <a href=\"https:\/\/www.intesasanpaolobankluxembourg.lu\/\" target=\"_blank\" rel=\"noopener\"><strong>Intesa Sanpaolo<\/strong><\/a>, situ\u00e9e dans le nouveau quartier de la Cloche d&rsquo;Or au sud de la ville.<\/p>\n<p style=\"text-align: justify;\">Le b\u00e2timent comprendra huit \u00e9tages de 10.518 m\u00e8tres carr\u00e9s et trois sous-sols de 85 places de stationnement. La propri\u00e9t\u00e9 disposera \u00e9galement d&rsquo;un auditorium de 200 places, sur lequel se trouvera une terrasse de restaurant pour le personnel, d&rsquo;une capacit\u00e9 de 150 personnes.<\/p>\n<p style=\"text-align: justify;\"><strong>GARCIA FAURA<\/strong> d\u00e9veloppera, fabriquera et installera les fermetures du rez-de-chauss\u00e9e et un mur-rideau d&rsquo;environ 445 m\u00e8tres carr\u00e9s avec un syst\u00e8me constructif garantissant une entr\u00e9e maximale de la lumi\u00e8re naturelle. Int\u00e9gr\u00e9 \u00e0 ce mur-rideau, il installera \u00e9galement 12 portes offrant des niveaux \u00e9lev\u00e9s d\u2019isolation thermique, d\u2019\u00e9tanch\u00e9it\u00e9 \u00e0 l\u2019air et \u00e0 l\u2019eau.<\/p>\n<p style=\"text-align: justify;\">Les travaux seront compl\u00e9t\u00e9s par la fabrication et l&rsquo;installation de l&rsquo;assemblage de porte automatique, le d\u00e9veloppement de 300 m\u00e8tres carr\u00e9s de tours en m\u00e9tal avec une feuille d&rsquo;aluminium pour les piliers du rez-de-chauss\u00e9e et de 235 m\u00e8tres carr\u00e9s de mur rideau pour les <em>loggies<\/em> des plantes sup\u00e9rieures.<\/p>\n","protected":false},"excerpt":{"rendered":"<p>GARCIA FAURA renforce sa pr\u00e9sence \u00e0 Luxembourg. Apr\u00e8s avoir particip\u00e9 \u00e0 la construction d\u2019un immeuble de bureaux et d\u2019un h\u00f4tel dans le prestigieux quartier du Kirchberg, la soci\u00e9t\u00e9 laissera maintenant sa marque dans le nouveau si\u00e8ge de la banque italienne&hellip;<\/p>\n","protected":false},"author":3,"featured_media":24012,"comment_status":"closed","ping_status":"open","sticky":false,"template":"","format":"standard","meta":{"footnotes":""},"categories":[2],"tags":[],"post_series":[],"class_list":["post-24497","post","type-post","status-publish","format-standard","has-post-thumbnail","hentry","category-actualite","entry","has-media"],"yoast_head":"<!-- This site is optimized with the Yoast SEO plugin v26.7 - https:\/\/yoast.com\/wordpress\/plugins\/seo\/ -->\n<title>GARCIA FAURA renforce sa pr\u00e9sence \u00e0 la ville de Luxembourg - GARCIA FAURA<\/title>\n<meta name=\"description\" content=\"Arquitectura en Alumini, Inox, Ferro i Vidre\" \/>\n<meta name=\"robots\" content=\"index, follow, max-snippet:-1, max-image-preview:large, max-video-preview:-1\" \/>\n<link rel=\"canonical\" href=\"https:\/\/www.garciafaura.com\/fr\/garcia-faura-reforca-la-seva-presencia-a-la-ciutat-de-luxemburg\/\" \/>\n<meta property=\"og:locale\" content=\"fr_FR\" \/>\n<meta property=\"og:type\" content=\"article\" \/>\n<meta property=\"og:title\" content=\"GARCIA FAURA renforce sa pr\u00e9sence \u00e0 la ville de Luxembourg - GARCIA FAURA\" \/>\n<meta property=\"og:description\" content=\"Arquitectura en Alumini, Inox, Ferro i Vidre\" \/>\n<meta property=\"og:url\" content=\"https:\/\/www.garciafaura.com\/fr\/garcia-faura-reforca-la-seva-presencia-a-la-ciutat-de-luxemburg\/\" \/>\n<meta property=\"og:site_name\" content=\"GARCIA FAURA\" \/>\n<meta property=\"article:published_time\" content=\"2019-11-13T11:07:08+00:00\" \/>\n<meta property=\"article:modified_time\" content=\"2019-11-13T11:20:56+00:00\" \/>\n<meta property=\"og:image\" content=\"https:\/\/www.garciafaura.com\/wp-content\/uploads\/2019\/10\/BancoSanPaolo.jpg\" \/>\n\t<meta property=\"og:image:width\" content=\"1200\" \/>\n\t<meta property=\"og:image:height\" content=\"628\" \/>\n\t<meta property=\"og:image:type\" content=\"image\/jpeg\" \/>\n<meta name=\"author\" content=\"David Achell\" \/>\n<meta name=\"twitter:card\" content=\"summary_large_image\" \/>\n<meta name=\"twitter:label1\" content=\"\u00c9crit par\" \/>\n\t<meta name=\"twitter:data1\" content=\"David Achell\" \/>\n\t<meta name=\"twitter:label2\" content=\"Dur\u00e9e de lecture estim\u00e9e\" \/>\n\t<meta name=\"twitter:data2\" content=\"1 minute\" \/>\n<script type=\"application\/ld+json\" class=\"yoast-schema-graph\">{\"@context\":\"https:\/\/schema.org\",\"@graph\":[{\"@type\":\"Article\",\"@id\":\"https:\/\/www.garciafaura.com\/fr\/garcia-faura-reforca-la-seva-presencia-a-la-ciutat-de-luxemburg\/#article\",\"isPartOf\":{\"@id\":\"https:\/\/www.garciafaura.com\/fr\/garcia-faura-reforca-la-seva-presencia-a-la-ciutat-de-luxemburg\/\"},\"author\":{\"name\":\"David Achell\",\"@id\":\"https:\/\/www.garciafaura.com\/fr\/#\/schema\/person\/b4b75e69b33fac3446071909bec106b0\"},\"headline\":\"GARCIA FAURA renforce sa pr\u00e9sence \u00e0 la ville de Luxembourg\",\"datePublished\":\"2019-11-13T11:07:08+00:00\",\"dateModified\":\"2019-11-13T11:20:56+00:00\",\"mainEntityOfPage\":{\"@id\":\"https:\/\/www.garciafaura.com\/fr\/garcia-faura-reforca-la-seva-presencia-a-la-ciutat-de-luxemburg\/\"},\"wordCount\":235,\"publisher\":{\"@id\":\"https:\/\/www.garciafaura.com\/fr\/#organization\"},\"image\":{\"@id\":\"https:\/\/www.garciafaura.com\/fr\/garcia-faura-reforca-la-seva-presencia-a-la-ciutat-de-luxemburg\/#primaryimage\"},\"thumbnailUrl\":\"https:\/\/www.garciafaura.com\/wp-content\/uploads\/2019\/10\/BancoSanPaolo.jpg\",\"articleSection\":[\"Actualit\u00e9\"],\"inLanguage\":\"fr-FR\"},{\"@type\":\"WebPage\",\"@id\":\"https:\/\/www.garciafaura.com\/fr\/garcia-faura-reforca-la-seva-presencia-a-la-ciutat-de-luxemburg\/\",\"url\":\"https:\/\/www.garciafaura.com\/fr\/garcia-faura-reforca-la-seva-presencia-a-la-ciutat-de-luxemburg\/\",\"name\":\"GARCIA FAURA renforce sa pr\u00e9sence \u00e0 la ville de Luxembourg - GARCIA FAURA\",\"isPartOf\":{\"@id\":\"https:\/\/www.garciafaura.com\/fr\/#website\"},\"primaryImageOfPage\":{\"@id\":\"https:\/\/www.garciafaura.com\/fr\/garcia-faura-reforca-la-seva-presencia-a-la-ciutat-de-luxemburg\/#primaryimage\"},\"image\":{\"@id\":\"https:\/\/www.garciafaura.com\/fr\/garcia-faura-reforca-la-seva-presencia-a-la-ciutat-de-luxemburg\/#primaryimage\"},\"thumbnailUrl\":\"https:\/\/www.garciafaura.com\/wp-content\/uploads\/2019\/10\/BancoSanPaolo.jpg\",\"datePublished\":\"2019-11-13T11:07:08+00:00\",\"dateModified\":\"2019-11-13T11:20:56+00:00\",\"description\":\"Arquitectura en Alumini, Inox, Ferro i Vidre\",\"breadcrumb\":{\"@id\":\"https:\/\/www.garciafaura.com\/fr\/garcia-faura-reforca-la-seva-presencia-a-la-ciutat-de-luxemburg\/#breadcrumb\"},\"inLanguage\":\"fr-FR\",\"potentialAction\":[{\"@type\":\"ReadAction\",\"target\":[\"https:\/\/www.garciafaura.com\/fr\/garcia-faura-reforca-la-seva-presencia-a-la-ciutat-de-luxemburg\/\"]}]},{\"@type\":\"ImageObject\",\"inLanguage\":\"fr-FR\",\"@id\":\"https:\/\/www.garciafaura.com\/fr\/garcia-faura-reforca-la-seva-presencia-a-la-ciutat-de-luxemburg\/#primaryimage\",\"url\":\"https:\/\/www.garciafaura.com\/wp-content\/uploads\/2019\/10\/BancoSanPaolo.jpg\",\"contentUrl\":\"https:\/\/www.garciafaura.com\/wp-content\/uploads\/2019\/10\/BancoSanPaolo.jpg\",\"width\":1200,\"height\":628},{\"@type\":\"BreadcrumbList\",\"@id\":\"https:\/\/www.garciafaura.com\/fr\/garcia-faura-reforca-la-seva-presencia-a-la-ciutat-de-luxemburg\/#breadcrumb\",\"itemListElement\":[{\"@type\":\"ListItem\",\"position\":1,\"name\":\"Inici\",\"item\":\"https:\/\/www.garciafaura.com\/fr\/\"},{\"@type\":\"ListItem\",\"position\":2,\"name\":\"GARCIA FAURA renforce sa pr\u00e9sence \u00e0 la ville de Luxembourg\"}]},{\"@type\":\"WebSite\",\"@id\":\"https:\/\/www.garciafaura.com\/fr\/#website\",\"url\":\"https:\/\/www.garciafaura.com\/fr\/\",\"name\":\"GARCIA FAURA\",\"description\":\"Arquitectura en Alumini, Inox, Ferro i Vidre\",\"publisher\":{\"@id\":\"https:\/\/www.garciafaura.com\/fr\/#organization\"},\"potentialAction\":[{\"@type\":\"SearchAction\",\"target\":{\"@type\":\"EntryPoint\",\"urlTemplate\":\"https:\/\/www.garciafaura.com\/fr\/?s={search_term_string}\"},\"query-input\":{\"@type\":\"PropertyValueSpecification\",\"valueRequired\":true,\"valueName\":\"search_term_string\"}}],\"inLanguage\":\"fr-FR\"},{\"@type\":\"Organization\",\"@id\":\"https:\/\/www.garciafaura.com\/fr\/#organization\",\"name\":\"GARCIA FAURA\",\"url\":\"https:\/\/www.garciafaura.com\/fr\/\",\"logo\":{\"@type\":\"ImageObject\",\"inLanguage\":\"fr-FR\",\"@id\":\"https:\/\/www.garciafaura.com\/fr\/#\/schema\/logo\/image\/\",\"url\":\"https:\/\/www.garciafaura.com\/wp-content\/uploads\/2018\/09\/Garcia-Faura.png\",\"contentUrl\":\"https:\/\/www.garciafaura.com\/wp-content\/uploads\/2018\/09\/Garcia-Faura.png\",\"width\":512,\"height\":512,\"caption\":\"GARCIA FAURA\"},\"image\":{\"@id\":\"https:\/\/www.garciafaura.com\/fr\/#\/schema\/logo\/image\/\"},\"sameAs\":[\"https:\/\/www.youtube.com\/user\/GARCIAFAURA\"]},{\"@type\":\"Person\",\"@id\":\"https:\/\/www.garciafaura.com\/fr\/#\/schema\/person\/b4b75e69b33fac3446071909bec106b0\",\"name\":\"David Achell\",\"image\":{\"@type\":\"ImageObject\",\"inLanguage\":\"fr-FR\",\"@id\":\"https:\/\/www.garciafaura.com\/fr\/#\/schema\/person\/image\/\",\"url\":\"https:\/\/secure.gravatar.com\/avatar\/03900210afc1f61bce737bcb4a79c02e2c997f171e3eca839b5a4cbe03846c90?s=96&d=blank&r=g\",\"contentUrl\":\"https:\/\/secure.gravatar.com\/avatar\/03900210afc1f61bce737bcb4a79c02e2c997f171e3eca839b5a4cbe03846c90?s=96&d=blank&r=g\",\"caption\":\"David Achell\"}}]}<\/script>\n<!-- \/ Yoast SEO plugin. -->","yoast_head_json":{"title":"GARCIA FAURA renforce sa pr\u00e9sence \u00e0 la ville de Luxembourg - GARCIA FAURA","description":"Arquitectura en Alumini, Inox, Ferro i Vidre","robots":{"index":"index","follow":"follow","max-snippet":"max-snippet:-1","max-image-preview":"max-image-preview:large","max-video-preview":"max-video-preview:-1"},"canonical":"https:\/\/www.garciafaura.com\/fr\/garcia-faura-reforca-la-seva-presencia-a-la-ciutat-de-luxemburg\/","og_locale":"fr_FR","og_type":"article","og_title":"GARCIA FAURA renforce sa pr\u00e9sence \u00e0 la ville de Luxembourg - GARCIA FAURA","og_description":"Arquitectura en Alumini, Inox, Ferro i Vidre","og_url":"https:\/\/www.garciafaura.com\/fr\/garcia-faura-reforca-la-seva-presencia-a-la-ciutat-de-luxemburg\/","og_site_name":"GARCIA FAURA","article_published_time":"2019-11-13T11:07:08+00:00","article_modified_time":"2019-11-13T11:20:56+00:00","og_image":[{"width":1200,"height":628,"url":"https:\/\/www.garciafaura.com\/wp-content\/uploads\/2019\/10\/BancoSanPaolo.jpg","type":"image\/jpeg"}],"author":"David Achell","twitter_card":"summary_large_image","twitter_misc":{"\u00c9crit par":"David Achell","Dur\u00e9e de lecture estim\u00e9e":"1 minute"},"schema":{"@context":"https:\/\/schema.org","@graph":[{"@type":"Article","@id":"https:\/\/www.garciafaura.com\/fr\/garcia-faura-reforca-la-seva-presencia-a-la-ciutat-de-luxemburg\/#article","isPartOf":{"@id":"https:\/\/www.garciafaura.com\/fr\/garcia-faura-reforca-la-seva-presencia-a-la-ciutat-de-luxemburg\/"},"author":{"name":"David Achell","@id":"https:\/\/www.garciafaura.com\/fr\/#\/schema\/person\/b4b75e69b33fac3446071909bec106b0"},"headline":"GARCIA FAURA renforce sa pr\u00e9sence \u00e0 la ville de Luxembourg","datePublished":"2019-11-13T11:07:08+00:00","dateModified":"2019-11-13T11:20:56+00:00","mainEntityOfPage":{"@id":"https:\/\/www.garciafaura.com\/fr\/garcia-faura-reforca-la-seva-presencia-a-la-ciutat-de-luxemburg\/"},"wordCount":235,"publisher":{"@id":"https:\/\/www.garciafaura.com\/fr\/#organization"},"image":{"@id":"https:\/\/www.garciafaura.com\/fr\/garcia-faura-reforca-la-seva-presencia-a-la-ciutat-de-luxemburg\/#primaryimage"},"thumbnailUrl":"https:\/\/www.garciafaura.com\/wp-content\/uploads\/2019\/10\/BancoSanPaolo.jpg","articleSection":["Actualit\u00e9"],"inLanguage":"fr-FR"},{"@type":"WebPage","@id":"https:\/\/www.garciafaura.com\/fr\/garcia-faura-reforca-la-seva-presencia-a-la-ciutat-de-luxemburg\/","url":"https:\/\/www.garciafaura.com\/fr\/garcia-faura-reforca-la-seva-presencia-a-la-ciutat-de-luxemburg\/","name":"GARCIA FAURA renforce sa pr\u00e9sence \u00e0 la ville de Luxembourg - GARCIA FAURA","isPartOf":{"@id":"https:\/\/www.garciafaura.com\/fr\/#website"},"primaryImageOfPage":{"@id":"https:\/\/www.garciafaura.com\/fr\/garcia-faura-reforca-la-seva-presencia-a-la-ciutat-de-luxemburg\/#primaryimage"},"image":{"@id":"https:\/\/www.garciafaura.com\/fr\/garcia-faura-reforca-la-seva-presencia-a-la-ciutat-de-luxemburg\/#primaryimage"},"thumbnailUrl":"https:\/\/www.garciafaura.com\/wp-content\/uploads\/2019\/10\/BancoSanPaolo.jpg","datePublished":"2019-11-13T11:07:08+00:00","dateModified":"2019-11-13T11:20:56+00:00","description":"Arquitectura en Alumini, Inox, Ferro i Vidre","breadcrumb":{"@id":"https:\/\/www.garciafaura.com\/fr\/garcia-faura-reforca-la-seva-presencia-a-la-ciutat-de-luxemburg\/#breadcrumb"},"inLanguage":"fr-FR","potentialAction":[{"@type":"ReadAction","target":["https:\/\/www.garciafaura.com\/fr\/garcia-faura-reforca-la-seva-presencia-a-la-ciutat-de-luxemburg\/"]}]},{"@type":"ImageObject","inLanguage":"fr-FR","@id":"https:\/\/www.garciafaura.com\/fr\/garcia-faura-reforca-la-seva-presencia-a-la-ciutat-de-luxemburg\/#primaryimage","url":"https:\/\/www.garciafaura.com\/wp-content\/uploads\/2019\/10\/BancoSanPaolo.jpg","contentUrl":"https:\/\/www.garciafaura.com\/wp-content\/uploads\/2019\/10\/BancoSanPaolo.jpg","width":1200,"height":628},{"@type":"BreadcrumbList","@id":"https:\/\/www.garciafaura.com\/fr\/garcia-faura-reforca-la-seva-presencia-a-la-ciutat-de-luxemburg\/#breadcrumb","itemListElement":[{"@type":"ListItem","position":1,"name":"Inici","item":"https:\/\/www.garciafaura.com\/fr\/"},{"@type":"ListItem","position":2,"name":"GARCIA FAURA renforce sa pr\u00e9sence \u00e0 la ville de Luxembourg"}]},{"@type":"WebSite","@id":"https:\/\/www.garciafaura.com\/fr\/#website","url":"https:\/\/www.garciafaura.com\/fr\/","name":"GARCIA FAURA","description":"Arquitectura en Alumini, Inox, Ferro i Vidre","publisher":{"@id":"https:\/\/www.garciafaura.com\/fr\/#organization"},"potentialAction":[{"@type":"SearchAction","target":{"@type":"EntryPoint","urlTemplate":"https:\/\/www.garciafaura.com\/fr\/?s={search_term_string}"},"query-input":{"@type":"PropertyValueSpecification","valueRequired":true,"valueName":"search_term_string"}}],"inLanguage":"fr-FR"},{"@type":"Organization","@id":"https:\/\/www.garciafaura.com\/fr\/#organization","name":"GARCIA FAURA","url":"https:\/\/www.garciafaura.com\/fr\/","logo":{"@type":"ImageObject","inLanguage":"fr-FR","@id":"https:\/\/www.garciafaura.com\/fr\/#\/schema\/logo\/image\/","url":"https:\/\/www.garciafaura.com\/wp-content\/uploads\/2018\/09\/Garcia-Faura.png","contentUrl":"https:\/\/www.garciafaura.com\/wp-content\/uploads\/2018\/09\/Garcia-Faura.png","width":512,"height":512,"caption":"GARCIA FAURA"},"image":{"@id":"https:\/\/www.garciafaura.com\/fr\/#\/schema\/logo\/image\/"},"sameAs":["https:\/\/www.youtube.com\/user\/GARCIAFAURA"]},{"@type":"Person","@id":"https:\/\/www.garciafaura.com\/fr\/#\/schema\/person\/b4b75e69b33fac3446071909bec106b0","name":"David Achell","image":{"@type":"ImageObject","inLanguage":"fr-FR","@id":"https:\/\/www.garciafaura.com\/fr\/#\/schema\/person\/image\/","url":"https:\/\/secure.gravatar.com\/avatar\/03900210afc1f61bce737bcb4a79c02e2c997f171e3eca839b5a4cbe03846c90?s=96&d=blank&r=g","contentUrl":"https:\/\/secure.gravatar.com\/avatar\/03900210afc1f61bce737bcb4a79c02e2c997f171e3eca839b5a4cbe03846c90?s=96&d=blank&r=g","caption":"David Achell"}}]}},"_links":{"self":[{"href":"https:\/\/www.garciafaura.com\/fr\/wp-json\/wp\/v2\/posts\/24497","targetHints":{"allow":["GET"]}}],"collection":[{"href":"https:\/\/www.garciafaura.com\/fr\/wp-json\/wp\/v2\/posts"}],"about":[{"href":"https:\/\/www.garciafaura.com\/fr\/wp-json\/wp\/v2\/types\/post"}],"author":[{"embeddable":true,"href":"https:\/\/www.garciafaura.com\/fr\/wp-json\/wp\/v2\/users\/3"}],"replies":[{"embeddable":true,"href":"https:\/\/www.garciafaura.com\/fr\/wp-json\/wp\/v2\/comments?post=24497"}],"version-history":[{"count":2,"href":"https:\/\/www.garciafaura.com\/fr\/wp-json\/wp\/v2\/posts\/24497\/revisions"}],"predecessor-version":[{"id":24499,"href":"https:\/\/www.garciafaura.com\/fr\/wp-json\/wp\/v2\/posts\/24497\/revisions\/24499"}],"wp:featuredmedia":[{"embeddable":true,"href":"https:\/\/www.garciafaura.com\/fr\/wp-json\/wp\/v2\/media\/24012"}],"wp:attachment":[{"href":"https:\/\/www.garciafaura.com\/fr\/wp-json\/wp\/v2\/media?parent=24497"}],"wp:term":[{"taxonomy":"category","embeddable":true,"href":"https:\/\/www.garciafaura.com\/fr\/wp-json\/wp\/v2\/categories?post=24497"},{"taxonomy":"post_tag","embeddable":true,"href":"https:\/\/www.garciafaura.com\/fr\/wp-json\/wp\/v2\/tags?post=24497"},{"taxonomy":"post_series","embeddable":true,"href":"https:\/\/www.garciafaura.com\/fr\/wp-json\/wp\/v2\/post_series?post=24497"}],"curies":[{"name":"wp","href":"https:\/\/api.w.org\/{rel}","templated":true}]}}