{"id":23587,"date":"2019-09-17T16:00:00","date_gmt":"2019-09-17T14:00:00","guid":{"rendered":"https:\/\/www.garciafaura.com\/garcia-faura-launches-the-project-at-work-by-bike\/"},"modified":"2019-09-17T15:56:04","modified_gmt":"2019-09-17T13:56:04","slug":"garcia-faura-launches-the-project-at-work-by-bike","status":"publish","type":"post","link":"https:\/\/www.garciafaura.com\/fr\/garcia-faura-launches-the-project-at-work-by-bike\/","title":{"rendered":"GARCIA FAURA lance le projet &lsquo;Au travail, \u00e0 v\u00e9lo&rsquo;"},"content":{"rendered":"<p style=\"text-align: justify;\">Dans le cadre de la Semaine europ\u00e9enne de la mobilit\u00e9 durable et s\u00fbre, qui se tient du 16 au 22 septembre, la soci\u00e9t\u00e9 <strong>GARCIA FAURA<\/strong> lance son projet <em>Au travail, \u00e0 v\u00e9lo<\/em>. Cette initiative fait partie du plan d&rsquo;action mis en \u0153uvre par l&rsquo;entreprise dans le domaine des politiques environnementales et de d\u00e9veloppement durable.<\/p>\n<p style=\"text-align: justify;\">Le projet <em>Au travail, \u00e0 v\u00e9lo<\/em>\u00a0devient un engagement clair pour promouvoir la mobilit\u00e9 durable entre les travailleurs de l&rsquo;entreprise. Cela a \u00e9t\u00e9 possible gr\u00e2ce \u00e0 un projet financ\u00e9 par la r\u00e9gion m\u00e9tropolitaine de Barcelone (AMB), dans le cadre du programme Biciempresa. <strong>GARCIA FAURA<\/strong> a b\u00e9n\u00e9fici\u00e9 de ce programme d\u2019aide au travers duquel l\u2019organisme m\u00e9tropolitain a transf\u00e9r\u00e9 \u00e0 la soci\u00e9t\u00e9 2 v\u00e9los \u00e9lectriques et 3 v\u00e9los pliants.<\/p>\n<p style=\"text-align: justify;\">La soci\u00e9t\u00e9, par contre, met ces v\u00e9los \u00e0 la disposition de son personnel dans le but de remplacer ses trajets quotidiens par un v\u00e9hicule priv\u00e9 pour le cycliste, ou la combinaison du v\u00e9lo et des transports en commun.<\/p>\n<p style=\"text-align: justify;\">Au cours de l&rsquo;\u00e9t\u00e9, <strong>GARCIA FAURA<\/strong> a fait campagne pour diffuser l&rsquo;action aupr\u00e8s de son personnel afin que les travailleurs souhaitant remplacer leur voiture par la bicyclette puissent soumettre leur candidature. Les 5 personnes qui finiront par appr\u00e9cier ce v\u00e9lo d\u2019une mani\u00e8re donn\u00e9e r\u00e9sident entre 2 et 30 kilom\u00e8tres de leur lieu de travail. Selon les cas, ils seront utilis\u00e9s comme moyen de transport unique ou combin\u00e9s avec le train et le bus. Son utilisation permettra \u00e0 cinq v\u00e9hicules de moins par jour de circuler sur nos routes, contribuant ainsi \u00e0 un d\u00e9placement plus durable et plus sain.<\/p>\n<p style=\"text-align: justify;\">Et les avantages du cyclisme sont non seulement environnementaux, mais ont \u00e9galement un impact positif sur la sant\u00e9 des travailleurs. Se d\u00e9placer \u00e0 v\u00e9lo renforce les articulations et les muscles, augmente la capacit\u00e9 a\u00e9robique et repr\u00e9sente un excellent exercice cardiovasculaire.<\/p>\n","protected":false},"excerpt":{"rendered":"<p>Dans le cadre de la Semaine europ\u00e9enne de la mobilit\u00e9 durable et s\u00fbre, qui se tient du 16 au 22 septembre, la soci\u00e9t\u00e9 GARCIA FAURA lance son projet Au travail, \u00e0 v\u00e9lo. Cette initiative fait partie du plan d&rsquo;action mis&hellip;<\/p>\n","protected":false},"author":3,"featured_media":23598,"comment_status":"closed","ping_status":"open","sticky":false,"template":"","format":"gallery","meta":{"footnotes":""},"categories":[2],"tags":[],"post_series":[],"class_list":["post-23587","post","type-post","status-publish","format-gallery","has-post-thumbnail","hentry","category-actualite","post_format-post-format-gallery","entry","has-media"],"yoast_head":"<!-- This site is optimized with the Yoast SEO plugin v26.7 - https:\/\/yoast.com\/wordpress\/plugins\/seo\/ -->\n<title>GARCIA FAURA lance le projet &#039;Au travail, \u00e0 v\u00e9lo&#039; - GARCIA FAURA<\/title>\n<meta name=\"description\" content=\"Arquitectura en Alumini, Inox, Ferro i Vidre\" \/>\n<meta name=\"robots\" content=\"index, follow, max-snippet:-1, max-image-preview:large, max-video-preview:-1\" \/>\n<link rel=\"canonical\" href=\"https:\/\/www.garciafaura.com\/fr\/garcia-faura-launches-the-project-at-work-by-bike\/\" \/>\n<meta property=\"og:locale\" content=\"fr_FR\" \/>\n<meta property=\"og:type\" content=\"article\" \/>\n<meta property=\"og:title\" content=\"GARCIA FAURA lance le projet &#039;Au travail, \u00e0 v\u00e9lo&#039; - GARCIA FAURA\" \/>\n<meta property=\"og:description\" content=\"Arquitectura en Alumini, Inox, Ferro i Vidre\" \/>\n<meta property=\"og:url\" content=\"https:\/\/www.garciafaura.com\/fr\/garcia-faura-launches-the-project-at-work-by-bike\/\" \/>\n<meta property=\"og:site_name\" content=\"GARCIA FAURA\" \/>\n<meta property=\"article:published_time\" content=\"2019-09-17T14:00:00+00:00\" \/>\n<meta property=\"og:image\" content=\"https:\/\/www.garciafaura.com\/wp-content\/uploads\/2019\/09\/Bicis-electriques-02-1024x683.jpg\" \/>\n\t<meta property=\"og:image:width\" content=\"1024\" \/>\n\t<meta property=\"og:image:height\" content=\"683\" \/>\n\t<meta property=\"og:image:type\" content=\"image\/jpeg\" \/>\n<meta name=\"author\" content=\"David Achell\" \/>\n<meta name=\"twitter:card\" content=\"summary_large_image\" \/>\n<meta name=\"twitter:label1\" content=\"\u00c9crit par\" \/>\n\t<meta name=\"twitter:data1\" content=\"David Achell\" \/>\n\t<meta name=\"twitter:label2\" content=\"Dur\u00e9e de lecture estim\u00e9e\" \/>\n\t<meta name=\"twitter:data2\" content=\"2 minutes\" \/>\n<script type=\"application\/ld+json\" class=\"yoast-schema-graph\">{\"@context\":\"https:\/\/schema.org\",\"@graph\":[{\"@type\":\"Article\",\"@id\":\"https:\/\/www.garciafaura.com\/fr\/garcia-faura-launches-the-project-at-work-by-bike\/#article\",\"isPartOf\":{\"@id\":\"https:\/\/www.garciafaura.com\/fr\/garcia-faura-launches-the-project-at-work-by-bike\/\"},\"author\":{\"name\":\"David Achell\",\"@id\":\"https:\/\/www.garciafaura.com\/fr\/#\/schema\/person\/b4b75e69b33fac3446071909bec106b0\"},\"headline\":\"GARCIA FAURA lance le projet &lsquo;Au travail, \u00e0 v\u00e9lo&rsquo;\",\"datePublished\":\"2019-09-17T14:00:00+00:00\",\"mainEntityOfPage\":{\"@id\":\"https:\/\/www.garciafaura.com\/fr\/garcia-faura-launches-the-project-at-work-by-bike\/\"},\"wordCount\":334,\"publisher\":{\"@id\":\"https:\/\/www.garciafaura.com\/fr\/#organization\"},\"image\":{\"@id\":\"https:\/\/www.garciafaura.com\/fr\/garcia-faura-launches-the-project-at-work-by-bike\/#primaryimage\"},\"thumbnailUrl\":\"https:\/\/www.garciafaura.com\/wp-content\/uploads\/2019\/09\/Bicis-electriques-02.jpg\",\"articleSection\":[\"Actualit\u00e9\"],\"inLanguage\":\"fr-FR\"},{\"@type\":\"WebPage\",\"@id\":\"https:\/\/www.garciafaura.com\/fr\/garcia-faura-launches-the-project-at-work-by-bike\/\",\"url\":\"https:\/\/www.garciafaura.com\/fr\/garcia-faura-launches-the-project-at-work-by-bike\/\",\"name\":\"GARCIA FAURA lance le projet 'Au travail, \u00e0 v\u00e9lo' - GARCIA FAURA\",\"isPartOf\":{\"@id\":\"https:\/\/www.garciafaura.com\/fr\/#website\"},\"primaryImageOfPage\":{\"@id\":\"https:\/\/www.garciafaura.com\/fr\/garcia-faura-launches-the-project-at-work-by-bike\/#primaryimage\"},\"image\":{\"@id\":\"https:\/\/www.garciafaura.com\/fr\/garcia-faura-launches-the-project-at-work-by-bike\/#primaryimage\"},\"thumbnailUrl\":\"https:\/\/www.garciafaura.com\/wp-content\/uploads\/2019\/09\/Bicis-electriques-02.jpg\",\"datePublished\":\"2019-09-17T14:00:00+00:00\",\"description\":\"Arquitectura en Alumini, Inox, Ferro i Vidre\",\"breadcrumb\":{\"@id\":\"https:\/\/www.garciafaura.com\/fr\/garcia-faura-launches-the-project-at-work-by-bike\/#breadcrumb\"},\"inLanguage\":\"fr-FR\",\"potentialAction\":[{\"@type\":\"ReadAction\",\"target\":[\"https:\/\/www.garciafaura.com\/fr\/garcia-faura-launches-the-project-at-work-by-bike\/\"]}]},{\"@type\":\"ImageObject\",\"inLanguage\":\"fr-FR\",\"@id\":\"https:\/\/www.garciafaura.com\/fr\/garcia-faura-launches-the-project-at-work-by-bike\/#primaryimage\",\"url\":\"https:\/\/www.garciafaura.com\/wp-content\/uploads\/2019\/09\/Bicis-electriques-02.jpg\",\"contentUrl\":\"https:\/\/www.garciafaura.com\/wp-content\/uploads\/2019\/09\/Bicis-electriques-02.jpg\",\"width\":5061,\"height\":3374},{\"@type\":\"BreadcrumbList\",\"@id\":\"https:\/\/www.garciafaura.com\/fr\/garcia-faura-launches-the-project-at-work-by-bike\/#breadcrumb\",\"itemListElement\":[{\"@type\":\"ListItem\",\"position\":1,\"name\":\"Inici\",\"item\":\"https:\/\/www.garciafaura.com\/fr\/\"},{\"@type\":\"ListItem\",\"position\":2,\"name\":\"GARCIA FAURA lance le projet &lsquo;Au travail, \u00e0 v\u00e9lo&rsquo;\"}]},{\"@type\":\"WebSite\",\"@id\":\"https:\/\/www.garciafaura.com\/fr\/#website\",\"url\":\"https:\/\/www.garciafaura.com\/fr\/\",\"name\":\"GARCIA FAURA\",\"description\":\"Arquitectura en Alumini, Inox, Ferro i Vidre\",\"publisher\":{\"@id\":\"https:\/\/www.garciafaura.com\/fr\/#organization\"},\"potentialAction\":[{\"@type\":\"SearchAction\",\"target\":{\"@type\":\"EntryPoint\",\"urlTemplate\":\"https:\/\/www.garciafaura.com\/fr\/?s={search_term_string}\"},\"query-input\":{\"@type\":\"PropertyValueSpecification\",\"valueRequired\":true,\"valueName\":\"search_term_string\"}}],\"inLanguage\":\"fr-FR\"},{\"@type\":\"Organization\",\"@id\":\"https:\/\/www.garciafaura.com\/fr\/#organization\",\"name\":\"GARCIA FAURA\",\"url\":\"https:\/\/www.garciafaura.com\/fr\/\",\"logo\":{\"@type\":\"ImageObject\",\"inLanguage\":\"fr-FR\",\"@id\":\"https:\/\/www.garciafaura.com\/fr\/#\/schema\/logo\/image\/\",\"url\":\"https:\/\/www.garciafaura.com\/wp-content\/uploads\/2018\/09\/Garcia-Faura.png\",\"contentUrl\":\"https:\/\/www.garciafaura.com\/wp-content\/uploads\/2018\/09\/Garcia-Faura.png\",\"width\":512,\"height\":512,\"caption\":\"GARCIA FAURA\"},\"image\":{\"@id\":\"https:\/\/www.garciafaura.com\/fr\/#\/schema\/logo\/image\/\"},\"sameAs\":[\"https:\/\/www.youtube.com\/user\/GARCIAFAURA\"]},{\"@type\":\"Person\",\"@id\":\"https:\/\/www.garciafaura.com\/fr\/#\/schema\/person\/b4b75e69b33fac3446071909bec106b0\",\"name\":\"David Achell\",\"image\":{\"@type\":\"ImageObject\",\"inLanguage\":\"fr-FR\",\"@id\":\"https:\/\/www.garciafaura.com\/fr\/#\/schema\/person\/image\/\",\"url\":\"https:\/\/secure.gravatar.com\/avatar\/03900210afc1f61bce737bcb4a79c02e2c997f171e3eca839b5a4cbe03846c90?s=96&d=blank&r=g\",\"contentUrl\":\"https:\/\/secure.gravatar.com\/avatar\/03900210afc1f61bce737bcb4a79c02e2c997f171e3eca839b5a4cbe03846c90?s=96&d=blank&r=g\",\"caption\":\"David Achell\"}}]}<\/script>\n<!-- \/ Yoast SEO plugin. -->","yoast_head_json":{"title":"GARCIA FAURA lance le projet 'Au travail, \u00e0 v\u00e9lo' - GARCIA FAURA","description":"Arquitectura en Alumini, Inox, Ferro i Vidre","robots":{"index":"index","follow":"follow","max-snippet":"max-snippet:-1","max-image-preview":"max-image-preview:large","max-video-preview":"max-video-preview:-1"},"canonical":"https:\/\/www.garciafaura.com\/fr\/garcia-faura-launches-the-project-at-work-by-bike\/","og_locale":"fr_FR","og_type":"article","og_title":"GARCIA FAURA lance le projet 'Au travail, \u00e0 v\u00e9lo' - GARCIA FAURA","og_description":"Arquitectura en Alumini, Inox, Ferro i Vidre","og_url":"https:\/\/www.garciafaura.com\/fr\/garcia-faura-launches-the-project-at-work-by-bike\/","og_site_name":"GARCIA FAURA","article_published_time":"2019-09-17T14:00:00+00:00","og_image":[{"width":1024,"height":683,"url":"https:\/\/www.garciafaura.com\/wp-content\/uploads\/2019\/09\/Bicis-electriques-02-1024x683.jpg","type":"image\/jpeg"}],"author":"David Achell","twitter_card":"summary_large_image","twitter_misc":{"\u00c9crit par":"David Achell","Dur\u00e9e de lecture estim\u00e9e":"2 minutes"},"schema":{"@context":"https:\/\/schema.org","@graph":[{"@type":"Article","@id":"https:\/\/www.garciafaura.com\/fr\/garcia-faura-launches-the-project-at-work-by-bike\/#article","isPartOf":{"@id":"https:\/\/www.garciafaura.com\/fr\/garcia-faura-launches-the-project-at-work-by-bike\/"},"author":{"name":"David Achell","@id":"https:\/\/www.garciafaura.com\/fr\/#\/schema\/person\/b4b75e69b33fac3446071909bec106b0"},"headline":"GARCIA FAURA lance le projet &lsquo;Au travail, \u00e0 v\u00e9lo&rsquo;","datePublished":"2019-09-17T14:00:00+00:00","mainEntityOfPage":{"@id":"https:\/\/www.garciafaura.com\/fr\/garcia-faura-launches-the-project-at-work-by-bike\/"},"wordCount":334,"publisher":{"@id":"https:\/\/www.garciafaura.com\/fr\/#organization"},"image":{"@id":"https:\/\/www.garciafaura.com\/fr\/garcia-faura-launches-the-project-at-work-by-bike\/#primaryimage"},"thumbnailUrl":"https:\/\/www.garciafaura.com\/wp-content\/uploads\/2019\/09\/Bicis-electriques-02.jpg","articleSection":["Actualit\u00e9"],"inLanguage":"fr-FR"},{"@type":"WebPage","@id":"https:\/\/www.garciafaura.com\/fr\/garcia-faura-launches-the-project-at-work-by-bike\/","url":"https:\/\/www.garciafaura.com\/fr\/garcia-faura-launches-the-project-at-work-by-bike\/","name":"GARCIA FAURA lance le projet 'Au travail, \u00e0 v\u00e9lo' - GARCIA FAURA","isPartOf":{"@id":"https:\/\/www.garciafaura.com\/fr\/#website"},"primaryImageOfPage":{"@id":"https:\/\/www.garciafaura.com\/fr\/garcia-faura-launches-the-project-at-work-by-bike\/#primaryimage"},"image":{"@id":"https:\/\/www.garciafaura.com\/fr\/garcia-faura-launches-the-project-at-work-by-bike\/#primaryimage"},"thumbnailUrl":"https:\/\/www.garciafaura.com\/wp-content\/uploads\/2019\/09\/Bicis-electriques-02.jpg","datePublished":"2019-09-17T14:00:00+00:00","description":"Arquitectura en Alumini, Inox, Ferro i Vidre","breadcrumb":{"@id":"https:\/\/www.garciafaura.com\/fr\/garcia-faura-launches-the-project-at-work-by-bike\/#breadcrumb"},"inLanguage":"fr-FR","potentialAction":[{"@type":"ReadAction","target":["https:\/\/www.garciafaura.com\/fr\/garcia-faura-launches-the-project-at-work-by-bike\/"]}]},{"@type":"ImageObject","inLanguage":"fr-FR","@id":"https:\/\/www.garciafaura.com\/fr\/garcia-faura-launches-the-project-at-work-by-bike\/#primaryimage","url":"https:\/\/www.garciafaura.com\/wp-content\/uploads\/2019\/09\/Bicis-electriques-02.jpg","contentUrl":"https:\/\/www.garciafaura.com\/wp-content\/uploads\/2019\/09\/Bicis-electriques-02.jpg","width":5061,"height":3374},{"@type":"BreadcrumbList","@id":"https:\/\/www.garciafaura.com\/fr\/garcia-faura-launches-the-project-at-work-by-bike\/#breadcrumb","itemListElement":[{"@type":"ListItem","position":1,"name":"Inici","item":"https:\/\/www.garciafaura.com\/fr\/"},{"@type":"ListItem","position":2,"name":"GARCIA FAURA lance le projet &lsquo;Au travail, \u00e0 v\u00e9lo&rsquo;"}]},{"@type":"WebSite","@id":"https:\/\/www.garciafaura.com\/fr\/#website","url":"https:\/\/www.garciafaura.com\/fr\/","name":"GARCIA FAURA","description":"Arquitectura en Alumini, Inox, Ferro i Vidre","publisher":{"@id":"https:\/\/www.garciafaura.com\/fr\/#organization"},"potentialAction":[{"@type":"SearchAction","target":{"@type":"EntryPoint","urlTemplate":"https:\/\/www.garciafaura.com\/fr\/?s={search_term_string}"},"query-input":{"@type":"PropertyValueSpecification","valueRequired":true,"valueName":"search_term_string"}}],"inLanguage":"fr-FR"},{"@type":"Organization","@id":"https:\/\/www.garciafaura.com\/fr\/#organization","name":"GARCIA FAURA","url":"https:\/\/www.garciafaura.com\/fr\/","logo":{"@type":"ImageObject","inLanguage":"fr-FR","@id":"https:\/\/www.garciafaura.com\/fr\/#\/schema\/logo\/image\/","url":"https:\/\/www.garciafaura.com\/wp-content\/uploads\/2018\/09\/Garcia-Faura.png","contentUrl":"https:\/\/www.garciafaura.com\/wp-content\/uploads\/2018\/09\/Garcia-Faura.png","width":512,"height":512,"caption":"GARCIA FAURA"},"image":{"@id":"https:\/\/www.garciafaura.com\/fr\/#\/schema\/logo\/image\/"},"sameAs":["https:\/\/www.youtube.com\/user\/GARCIAFAURA"]},{"@type":"Person","@id":"https:\/\/www.garciafaura.com\/fr\/#\/schema\/person\/b4b75e69b33fac3446071909bec106b0","name":"David Achell","image":{"@type":"ImageObject","inLanguage":"fr-FR","@id":"https:\/\/www.garciafaura.com\/fr\/#\/schema\/person\/image\/","url":"https:\/\/secure.gravatar.com\/avatar\/03900210afc1f61bce737bcb4a79c02e2c997f171e3eca839b5a4cbe03846c90?s=96&d=blank&r=g","contentUrl":"https:\/\/secure.gravatar.com\/avatar\/03900210afc1f61bce737bcb4a79c02e2c997f171e3eca839b5a4cbe03846c90?s=96&d=blank&r=g","caption":"David Achell"}}]}},"_links":{"self":[{"href":"https:\/\/www.garciafaura.com\/fr\/wp-json\/wp\/v2\/posts\/23587","targetHints":{"allow":["GET"]}}],"collection":[{"href":"https:\/\/www.garciafaura.com\/fr\/wp-json\/wp\/v2\/posts"}],"about":[{"href":"https:\/\/www.garciafaura.com\/fr\/wp-json\/wp\/v2\/types\/post"}],"author":[{"embeddable":true,"href":"https:\/\/www.garciafaura.com\/fr\/wp-json\/wp\/v2\/users\/3"}],"replies":[{"embeddable":true,"href":"https:\/\/www.garciafaura.com\/fr\/wp-json\/wp\/v2\/comments?post=23587"}],"version-history":[{"count":3,"href":"https:\/\/www.garciafaura.com\/fr\/wp-json\/wp\/v2\/posts\/23587\/revisions"}],"predecessor-version":[{"id":23590,"href":"https:\/\/www.garciafaura.com\/fr\/wp-json\/wp\/v2\/posts\/23587\/revisions\/23590"}],"wp:featuredmedia":[{"embeddable":true,"href":"https:\/\/www.garciafaura.com\/fr\/wp-json\/wp\/v2\/media\/23598"}],"wp:attachment":[{"href":"https:\/\/www.garciafaura.com\/fr\/wp-json\/wp\/v2\/media?parent=23587"}],"wp:term":[{"taxonomy":"category","embeddable":true,"href":"https:\/\/www.garciafaura.com\/fr\/wp-json\/wp\/v2\/categories?post=23587"},{"taxonomy":"post_tag","embeddable":true,"href":"https:\/\/www.garciafaura.com\/fr\/wp-json\/wp\/v2\/tags?post=23587"},{"taxonomy":"post_series","embeddable":true,"href":"https:\/\/www.garciafaura.com\/fr\/wp-json\/wp\/v2\/post_series?post=23587"}],"curies":[{"name":"wp","href":"https:\/\/api.w.org\/{rel}","templated":true}]}}